{"id":57819,"date":"2022-01-28T01:05:50","date_gmt":"2022-01-28T06:05:50","guid":{"rendered":"https:\/\/www.dev.nitu.mx\/?p=57819"},"modified":"2022-01-28T01:30:58","modified_gmt":"2022-01-28T06:30:58","slug":"arranca-audiencia-para-aprobacion-de-estructura-de-aeromexico","status":"publish","type":"post","link":"https:\/\/nitu.mx\/index.php\/2022\/01\/28\/arranca-audiencia-para-aprobacion-de-estructura-de-aeromexico\/","title":{"rendered":"Arranca audiencia para aprobaci\u00f3n de estructura de Aerom\u00e9xico"},"content":{"rendered":"<p>Un tribunal de bancarrotas de los Estados Unidos comenz\u00f3 el jueves a considerar el plan de reorganizaci\u00f3n financiera propuesto por Grupo Aerom\u00e9xico, en una audiencia que probablemente durar\u00e1 varios d\u00edas.<\/p>\n<p>El mismo jueves la compa\u00f1\u00eda lleg\u00f3 a un acuerdo de 40 millones de d\u00f3lares con un grupo de acreedores no garantizados para que retiren su objeci\u00f3n al plan de reestructuraci\u00f3n de la aerol\u00ednea, seg\u00fan dijo el abogado principal de Aerom\u00e9xico. Sin embargo, todav\u00eda hay objeciones por parte de un grupo \u201cad hoc\u201d de acreedores menores, especialmente Invictus Global Management.<\/p>\n<p>Aerom\u00e9xico estar\u00e1 presentando a la jueza de la materia Shelley Chapman su propuesta, que inyectar\u00eda nuevo capital a la compa\u00f1\u00eda y convertir\u00eda a Apollo Global Management, un inversor frecuente en empresas en dificultades, en el mayor accionista<\/p>\n<p>Si finalmente aprueba el acuerdo, Aerom\u00e9xico -una de las tres principales aerol\u00edneas latinoamericanas que se declararon en quiebra durante la pandemia- podr\u00e1 salir de la bancarrota.<\/p>\n<p>El plan, seg\u00fan la compa\u00f1\u00eda mexicana, reducir\u00eda su deuda en mil millones de d\u00f3lares y salvar\u00eda unos 13 mil puestos de trabajo. Pero los acreedores menores argumentan que es excesivamente beneficioso para los actuales accionistas, entre ellos Delta Air Lines y cuatro miembros del consejo de administraci\u00f3n, a costa de ellos.<\/p>\n<p>Delta y los cuatro actores mexicanos est\u00e1n a la espera de mantener algunas acciones en la compa\u00f1\u00eda reorganizada. Delta, que se prev\u00e9 tenga alrededor de 20 por ciento de la compa\u00f1\u00eda despu\u00e9s de la reestructuraci\u00f3n, ha dicho que la aprobaci\u00f3n del plan es fundamental para mantener su relaci\u00f3n a largo plazo con Aerom\u00e9xico. (<a title=\"Aerom\u00e9xico: nueva pr\u00f3rroga para presentar plan de reactivaci\u00f3n tras quiebra\" href=\"https:\/\/www.dev.nitu.mx\/index.php\/2021\/09\/21\/aeromexico-nueva-prorroga-para-presentar-plan-de-reactivacion-tras-quiebra\/\" rel=\"bookmark\">Aerom\u00e9xico: nueva pr\u00f3rroga para presentar plan de reactivaci\u00f3n tras quiebra<\/a>).<\/p>\n<p>Tras conocerse el acuerdo con los acreedores no garantizados, la jueza Chapman afirm\u00f3 que \u201cson muy buenas noticias\u201d.<\/p>\n","protected":false},"excerpt":{"rendered":"<p>Un tribunal de bancarrotas de los Estados Unidos comenz\u00f3 el jueves a considerar el plan de reorganizaci\u00f3n financiera propuesto por Grupo Aerom\u00e9xico, en una audiencia que probablemente durar\u00e1 varios d\u00edas. El mismo jueves la compa\u00f1\u00eda lleg\u00f3 a un acuerdo de 40 millones de d\u00f3lares con un grupo de acreedores no garantizados para que retiren su [&hellip;]<\/p>\n","protected":false},"author":17,"featured_media":32286,"comment_status":"open","ping_status":"open","sticky":false,"template":"","format":"standard","meta":{"footnotes":""},"categories":[29],"tags":[30,23078,100],"yoast_head":"<!-- This site is optimized with the Yoast SEO plugin v22.2 - https:\/\/yoast.com\/wordpress\/plugins\/seo\/ -->\n<title>Arranca audiencia para aprobaci\u00f3n de estructura de Aerom\u00e9xico - Nitu - Noticias de la Industria Turistica<\/title>\n<meta name=\"robots\" content=\"index, follow, max-snippet:-1, max-image-preview:large, max-video-preview:-1\" \/>\n<link rel=\"canonical\" href=\"https:\/\/nitu.mx\/index.php\/2022\/01\/28\/arranca-audiencia-para-aprobacion-de-estructura-de-aeromexico\/\" \/>\n<meta name=\"twitter:card\" content=\"summary_large_image\" \/>\n<meta name=\"twitter:title\" content=\"Arranca audiencia para aprobaci\u00f3n de estructura de Aerom\u00e9xico - Nitu - Noticias de la Industria Turistica\" \/>\n<meta name=\"twitter:description\" content=\"Un tribunal de bancarrotas de los Estados Unidos comenz\u00f3 el jueves a considerar el plan de reorganizaci\u00f3n financiera propuesto por Grupo Aerom\u00e9xico, en una audiencia que probablemente durar\u00e1 varios d\u00edas. El mismo jueves la compa\u00f1\u00eda lleg\u00f3 a un acuerdo de 40 millones de d\u00f3lares con un grupo de acreedores no garantizados para que retiren su [&hellip;]\" \/>\n<meta name=\"twitter:image\" content=\"https:\/\/nitu.mx\/wp-content\/uploads\/2019\/05\/Aeromexico-737-max-tierra.jpg\" \/>\n<meta name=\"twitter:creator\" content=\"@NITUmx\" \/>\n<meta name=\"twitter:site\" content=\"@Arturo_Medina_G\" \/>\n<meta name=\"twitter:label1\" content=\"Escrito por\" \/>\n\t<meta name=\"twitter:data1\" content=\"Redacci\u00f3n\" \/>\n\t<meta name=\"twitter:label2\" content=\"Tiempo de lectura\" \/>\n\t<meta name=\"twitter:data2\" content=\"2 minutos\" \/>\n<script type=\"application\/ld+json\" class=\"yoast-schema-graph\">{\"@context\":\"https:\/\/schema.org\",\"@graph\":[{\"@type\":\"Article\",\"@id\":\"https:\/\/nitu.mx\/index.php\/2022\/01\/28\/arranca-audiencia-para-aprobacion-de-estructura-de-aeromexico\/#article\",\"isPartOf\":{\"@id\":\"https:\/\/nitu.mx\/index.php\/2022\/01\/28\/arranca-audiencia-para-aprobacion-de-estructura-de-aeromexico\/\"},\"author\":{\"name\":\"Redacci\u00f3n\",\"@id\":\"https:\/\/nitu.mx\/#\/schema\/person\/4a28fe9bd65924f7c90623773daf1b0b\"},\"headline\":\"Arranca audiencia para aprobaci\u00f3n de estructura de Aerom\u00e9xico\",\"datePublished\":\"2022-01-28T06:05:50+00:00\",\"dateModified\":\"2022-01-28T06:30:58+00:00\",\"mainEntityOfPage\":{\"@id\":\"https:\/\/nitu.mx\/index.php\/2022\/01\/28\/arranca-audiencia-para-aprobacion-de-estructura-de-aeromexico\/\"},\"wordCount\":325,\"commentCount\":0,\"publisher\":{\"@id\":\"https:\/\/nitu.mx\/#\/schema\/person\/ae7a53426417292d3dd07b45a33e01bc\"},\"image\":{\"@id\":\"https:\/\/nitu.mx\/index.php\/2022\/01\/28\/arranca-audiencia-para-aprobacion-de-estructura-de-aeromexico\/#primaryimage\"},\"thumbnailUrl\":\"https:\/\/nitu.mx\/wp-content\/uploads\/2019\/05\/Aeromexico-737-max-tierra.jpg\",\"keywords\":[\"Aerom\u00e9xico\",\"Apollo Global Management\",\"Estados Unidos\"],\"articleSection\":[\"Aerol\u00edneas\"],\"inLanguage\":\"es-MX\",\"potentialAction\":[{\"@type\":\"CommentAction\",\"name\":\"Comment\",\"target\":[\"https:\/\/nitu.mx\/index.php\/2022\/01\/28\/arranca-audiencia-para-aprobacion-de-estructura-de-aeromexico\/#respond\"]}]},{\"@type\":\"WebPage\",\"@id\":\"https:\/\/nitu.mx\/index.php\/2022\/01\/28\/arranca-audiencia-para-aprobacion-de-estructura-de-aeromexico\/\",\"url\":\"https:\/\/nitu.mx\/index.php\/2022\/01\/28\/arranca-audiencia-para-aprobacion-de-estructura-de-aeromexico\/\",\"name\":\"Arranca audiencia para aprobaci\u00f3n de estructura de Aerom\u00e9xico - Nitu - Noticias de la Industria Turistica\",\"isPartOf\":{\"@id\":\"https:\/\/nitu.mx\/#website\"},\"primaryImageOfPage\":{\"@id\":\"https:\/\/nitu.mx\/index.php\/2022\/01\/28\/arranca-audiencia-para-aprobacion-de-estructura-de-aeromexico\/#primaryimage\"},\"image\":{\"@id\":\"https:\/\/nitu.mx\/index.php\/2022\/01\/28\/arranca-audiencia-para-aprobacion-de-estructura-de-aeromexico\/#primaryimage\"},\"thumbnailUrl\":\"https:\/\/nitu.mx\/wp-content\/uploads\/2019\/05\/Aeromexico-737-max-tierra.jpg\",\"datePublished\":\"2022-01-28T06:05:50+00:00\",\"dateModified\":\"2022-01-28T06:30:58+00:00\",\"breadcrumb\":{\"@id\":\"https:\/\/nitu.mx\/index.php\/2022\/01\/28\/arranca-audiencia-para-aprobacion-de-estructura-de-aeromexico\/#breadcrumb\"},\"inLanguage\":\"es-MX\",\"potentialAction\":[{\"@type\":\"ReadAction\",\"target\":[\"https:\/\/nitu.mx\/index.php\/2022\/01\/28\/arranca-audiencia-para-aprobacion-de-estructura-de-aeromexico\/\"]}]},{\"@type\":\"ImageObject\",\"inLanguage\":\"es-MX\",\"@id\":\"https:\/\/nitu.mx\/index.php\/2022\/01\/28\/arranca-audiencia-para-aprobacion-de-estructura-de-aeromexico\/#primaryimage\",\"url\":\"https:\/\/nitu.mx\/wp-content\/uploads\/2019\/05\/Aeromexico-737-max-tierra.jpg\",\"contentUrl\":\"https:\/\/nitu.mx\/wp-content\/uploads\/2019\/05\/Aeromexico-737-max-tierra.jpg\",\"width\":850,\"height\":480,\"caption\":\"Aeromexico 737 max\"},{\"@type\":\"BreadcrumbList\",\"@id\":\"https:\/\/nitu.mx\/index.php\/2022\/01\/28\/arranca-audiencia-para-aprobacion-de-estructura-de-aeromexico\/#breadcrumb\",\"itemListElement\":[{\"@type\":\"ListItem\",\"position\":1,\"name\":\"Inicio\",\"item\":\"https:\/\/nitu.mx\/\"},{\"@type\":\"ListItem\",\"position\":2,\"name\":\"Arranca audiencia para aprobaci\u00f3n de estructura de Aerom\u00e9xico\"}]},{\"@type\":\"WebSite\",\"@id\":\"https:\/\/nitu.mx\/#website\",\"url\":\"https:\/\/nitu.mx\/\",\"name\":\"Nitu - Noticias de la Industria Turistica\",\"description\":\"Noticias de la Industria Turistica\",\"publisher\":{\"@id\":\"https:\/\/nitu.mx\/#\/schema\/person\/ae7a53426417292d3dd07b45a33e01bc\"},\"alternateName\":\"Noticias de la Industria Turistica\",\"potentialAction\":[{\"@type\":\"SearchAction\",\"target\":{\"@type\":\"EntryPoint\",\"urlTemplate\":\"https:\/\/nitu.mx\/?s={search_term_string}\"},\"query-input\":\"required name=search_term_string\"}],\"inLanguage\":\"es-MX\"},{\"@type\":[\"Person\",\"Organization\"],\"@id\":\"https:\/\/nitu.mx\/#\/schema\/person\/ae7a53426417292d3dd07b45a33e01bc\",\"name\":\"Arturo Medina\",\"image\":{\"@type\":\"ImageObject\",\"inLanguage\":\"es-MX\",\"@id\":\"https:\/\/nitu.mx\/#\/schema\/person\/image\/\",\"url\":\"https:\/\/nitu.mx\/wp-content\/uploads\/2024\/04\/4A315622-1904-4D5C-B022-878CDC840E04-90x90-1.jpeg\",\"contentUrl\":\"https:\/\/nitu.mx\/wp-content\/uploads\/2024\/04\/4A315622-1904-4D5C-B022-878CDC840E04-90x90-1.jpeg\",\"width\":90,\"height\":90,\"caption\":\"Arturo Medina\"},\"logo\":{\"@id\":\"https:\/\/nitu.mx\/#\/schema\/person\/image\/\"},\"description\":\"Director NITU.mx, Egresado de la Escuela de Periodismo Carlos Septi\u00e9n Garc\u00eda. Periodista y analista especializado en turismo desde hace 35 a\u00f1os, radicado en Canc\u00fan Q.Roo. arturo@nitu.mx\",\"sameAs\":[\"https:\/\/nitu.mx\",\"https:\/\/www.facebook.com\/NITUmx\/\",\"medinacancun\",\"https:\/\/twitter.com\/@Arturo_Medina_G\"]},{\"@type\":\"Person\",\"@id\":\"https:\/\/nitu.mx\/#\/schema\/person\/4a28fe9bd65924f7c90623773daf1b0b\",\"name\":\"Redacci\u00f3n\",\"image\":{\"@type\":\"ImageObject\",\"inLanguage\":\"es-MX\",\"@id\":\"https:\/\/nitu.mx\/#\/schema\/person\/image\/\",\"url\":\"https:\/\/secure.gravatar.com\/avatar\/5dd011c8ccfc5cd7e4c81e42252aab38?s=96&d=mm&r=g\",\"contentUrl\":\"https:\/\/secure.gravatar.com\/avatar\/5dd011c8ccfc5cd7e4c81e42252aab38?s=96&d=mm&r=g\",\"caption\":\"Redacci\u00f3n\"},\"url\":\"https:\/\/nitu.mx\/index.php\/author\/redaccion\/\"}]}<\/script>\n<!-- \/ Yoast SEO plugin. -->","yoast_head_json":{"title":"Arranca audiencia para aprobaci\u00f3n de estructura de Aerom\u00e9xico - Nitu - Noticias de la Industria Turistica","robots":{"index":"index","follow":"follow","max-snippet":"max-snippet:-1","max-image-preview":"max-image-preview:large","max-video-preview":"max-video-preview:-1"},"canonical":"https:\/\/nitu.mx\/index.php\/2022\/01\/28\/arranca-audiencia-para-aprobacion-de-estructura-de-aeromexico\/","twitter_card":"summary_large_image","twitter_title":"Arranca audiencia para aprobaci\u00f3n de estructura de Aerom\u00e9xico - Nitu - Noticias de la Industria Turistica","twitter_description":"Un tribunal de bancarrotas de los Estados Unidos comenz\u00f3 el jueves a considerar el plan de reorganizaci\u00f3n financiera propuesto por Grupo Aerom\u00e9xico, en una audiencia que probablemente durar\u00e1 varios d\u00edas. El mismo jueves la compa\u00f1\u00eda lleg\u00f3 a un acuerdo de 40 millones de d\u00f3lares con un grupo de acreedores no garantizados para que retiren su [&hellip;]","twitter_image":"https:\/\/nitu.mx\/wp-content\/uploads\/2019\/05\/Aeromexico-737-max-tierra.jpg","twitter_creator":"@NITUmx","twitter_site":"@Arturo_Medina_G","twitter_misc":{"Escrito por":"Redacci\u00f3n","Tiempo de lectura":"2 minutos"},"schema":{"@context":"https:\/\/schema.org","@graph":[{"@type":"Article","@id":"https:\/\/nitu.mx\/index.php\/2022\/01\/28\/arranca-audiencia-para-aprobacion-de-estructura-de-aeromexico\/#article","isPartOf":{"@id":"https:\/\/nitu.mx\/index.php\/2022\/01\/28\/arranca-audiencia-para-aprobacion-de-estructura-de-aeromexico\/"},"author":{"name":"Redacci\u00f3n","@id":"https:\/\/nitu.mx\/#\/schema\/person\/4a28fe9bd65924f7c90623773daf1b0b"},"headline":"Arranca audiencia para aprobaci\u00f3n de estructura de Aerom\u00e9xico","datePublished":"2022-01-28T06:05:50+00:00","dateModified":"2022-01-28T06:30:58+00:00","mainEntityOfPage":{"@id":"https:\/\/nitu.mx\/index.php\/2022\/01\/28\/arranca-audiencia-para-aprobacion-de-estructura-de-aeromexico\/"},"wordCount":325,"commentCount":0,"publisher":{"@id":"https:\/\/nitu.mx\/#\/schema\/person\/ae7a53426417292d3dd07b45a33e01bc"},"image":{"@id":"https:\/\/nitu.mx\/index.php\/2022\/01\/28\/arranca-audiencia-para-aprobacion-de-estructura-de-aeromexico\/#primaryimage"},"thumbnailUrl":"https:\/\/nitu.mx\/wp-content\/uploads\/2019\/05\/Aeromexico-737-max-tierra.jpg","keywords":["Aerom\u00e9xico","Apollo Global Management","Estados Unidos"],"articleSection":["Aerol\u00edneas"],"inLanguage":"es-MX","potentialAction":[{"@type":"CommentAction","name":"Comment","target":["https:\/\/nitu.mx\/index.php\/2022\/01\/28\/arranca-audiencia-para-aprobacion-de-estructura-de-aeromexico\/#respond"]}]},{"@type":"WebPage","@id":"https:\/\/nitu.mx\/index.php\/2022\/01\/28\/arranca-audiencia-para-aprobacion-de-estructura-de-aeromexico\/","url":"https:\/\/nitu.mx\/index.php\/2022\/01\/28\/arranca-audiencia-para-aprobacion-de-estructura-de-aeromexico\/","name":"Arranca audiencia para aprobaci\u00f3n de estructura de Aerom\u00e9xico - Nitu - Noticias de la Industria Turistica","isPartOf":{"@id":"https:\/\/nitu.mx\/#website"},"primaryImageOfPage":{"@id":"https:\/\/nitu.mx\/index.php\/2022\/01\/28\/arranca-audiencia-para-aprobacion-de-estructura-de-aeromexico\/#primaryimage"},"image":{"@id":"https:\/\/nitu.mx\/index.php\/2022\/01\/28\/arranca-audiencia-para-aprobacion-de-estructura-de-aeromexico\/#primaryimage"},"thumbnailUrl":"https:\/\/nitu.mx\/wp-content\/uploads\/2019\/05\/Aeromexico-737-max-tierra.jpg","datePublished":"2022-01-28T06:05:50+00:00","dateModified":"2022-01-28T06:30:58+00:00","breadcrumb":{"@id":"https:\/\/nitu.mx\/index.php\/2022\/01\/28\/arranca-audiencia-para-aprobacion-de-estructura-de-aeromexico\/#breadcrumb"},"inLanguage":"es-MX","potentialAction":[{"@type":"ReadAction","target":["https:\/\/nitu.mx\/index.php\/2022\/01\/28\/arranca-audiencia-para-aprobacion-de-estructura-de-aeromexico\/"]}]},{"@type":"ImageObject","inLanguage":"es-MX","@id":"https:\/\/nitu.mx\/index.php\/2022\/01\/28\/arranca-audiencia-para-aprobacion-de-estructura-de-aeromexico\/#primaryimage","url":"https:\/\/nitu.mx\/wp-content\/uploads\/2019\/05\/Aeromexico-737-max-tierra.jpg","contentUrl":"https:\/\/nitu.mx\/wp-content\/uploads\/2019\/05\/Aeromexico-737-max-tierra.jpg","width":850,"height":480,"caption":"Aeromexico 737 max"},{"@type":"BreadcrumbList","@id":"https:\/\/nitu.mx\/index.php\/2022\/01\/28\/arranca-audiencia-para-aprobacion-de-estructura-de-aeromexico\/#breadcrumb","itemListElement":[{"@type":"ListItem","position":1,"name":"Inicio","item":"https:\/\/nitu.mx\/"},{"@type":"ListItem","position":2,"name":"Arranca audiencia para aprobaci\u00f3n de estructura de Aerom\u00e9xico"}]},{"@type":"WebSite","@id":"https:\/\/nitu.mx\/#website","url":"https:\/\/nitu.mx\/","name":"Nitu - Noticias de la Industria Turistica","description":"Noticias de la Industria Turistica","publisher":{"@id":"https:\/\/nitu.mx\/#\/schema\/person\/ae7a53426417292d3dd07b45a33e01bc"},"alternateName":"Noticias de la Industria Turistica","potentialAction":[{"@type":"SearchAction","target":{"@type":"EntryPoint","urlTemplate":"https:\/\/nitu.mx\/?s={search_term_string}"},"query-input":"required name=search_term_string"}],"inLanguage":"es-MX"},{"@type":["Person","Organization"],"@id":"https:\/\/nitu.mx\/#\/schema\/person\/ae7a53426417292d3dd07b45a33e01bc","name":"Arturo Medina","image":{"@type":"ImageObject","inLanguage":"es-MX","@id":"https:\/\/nitu.mx\/#\/schema\/person\/image\/","url":"https:\/\/nitu.mx\/wp-content\/uploads\/2024\/04\/4A315622-1904-4D5C-B022-878CDC840E04-90x90-1.jpeg","contentUrl":"https:\/\/nitu.mx\/wp-content\/uploads\/2024\/04\/4A315622-1904-4D5C-B022-878CDC840E04-90x90-1.jpeg","width":90,"height":90,"caption":"Arturo Medina"},"logo":{"@id":"https:\/\/nitu.mx\/#\/schema\/person\/image\/"},"description":"Director NITU.mx, Egresado de la Escuela de Periodismo Carlos Septi\u00e9n Garc\u00eda. Periodista y analista especializado en turismo desde hace 35 a\u00f1os, radicado en Canc\u00fan Q.Roo. arturo@nitu.mx","sameAs":["https:\/\/nitu.mx","https:\/\/www.facebook.com\/NITUmx\/","medinacancun","https:\/\/twitter.com\/@Arturo_Medina_G"]},{"@type":"Person","@id":"https:\/\/nitu.mx\/#\/schema\/person\/4a28fe9bd65924f7c90623773daf1b0b","name":"Redacci\u00f3n","image":{"@type":"ImageObject","inLanguage":"es-MX","@id":"https:\/\/nitu.mx\/#\/schema\/person\/image\/","url":"https:\/\/secure.gravatar.com\/avatar\/5dd011c8ccfc5cd7e4c81e42252aab38?s=96&d=mm&r=g","contentUrl":"https:\/\/secure.gravatar.com\/avatar\/5dd011c8ccfc5cd7e4c81e42252aab38?s=96&d=mm&r=g","caption":"Redacci\u00f3n"},"url":"https:\/\/nitu.mx\/index.php\/author\/redaccion\/"}]}},"views":508,"_links":{"self":[{"href":"https:\/\/nitu.mx\/index.php\/wp-json\/wp\/v2\/posts\/57819"}],"collection":[{"href":"https:\/\/nitu.mx\/index.php\/wp-json\/wp\/v2\/posts"}],"about":[{"href":"https:\/\/nitu.mx\/index.php\/wp-json\/wp\/v2\/types\/post"}],"author":[{"embeddable":true,"href":"https:\/\/nitu.mx\/index.php\/wp-json\/wp\/v2\/users\/17"}],"replies":[{"embeddable":true,"href":"https:\/\/nitu.mx\/index.php\/wp-json\/wp\/v2\/comments?post=57819"}],"version-history":[{"count":2,"href":"https:\/\/nitu.mx\/index.php\/wp-json\/wp\/v2\/posts\/57819\/revisions"}],"predecessor-version":[{"id":57821,"href":"https:\/\/nitu.mx\/index.php\/wp-json\/wp\/v2\/posts\/57819\/revisions\/57821"}],"wp:featuredmedia":[{"embeddable":true,"href":"https:\/\/nitu.mx\/index.php\/wp-json\/wp\/v2\/media\/32286"}],"wp:attachment":[{"href":"https:\/\/nitu.mx\/index.php\/wp-json\/wp\/v2\/media?parent=57819"}],"wp:term":[{"taxonomy":"category","embeddable":true,"href":"https:\/\/nitu.mx\/index.php\/wp-json\/wp\/v2\/categories?post=57819"},{"taxonomy":"post_tag","embeddable":true,"href":"https:\/\/nitu.mx\/index.php\/wp-json\/wp\/v2\/tags?post=57819"}],"curies":[{"name":"wp","href":"https:\/\/api.w.org\/{rel}","templated":true}]}}