{"id":57796,"date":"2022-01-27T00:22:07","date_gmt":"2022-01-27T05:22:07","guid":{"rendered":"https:\/\/www.dev.nitu.mx\/?p=57796"},"modified":"2022-01-27T01:23:40","modified_gmt":"2022-01-27T06:23:40","slug":"caribe-mexicano-superara-70-de-ocupacion-en-fin-de-semana-largo","status":"publish","type":"post","link":"https:\/\/nitu.mx\/index.php\/2022\/01\/27\/caribe-mexicano-superara-70-de-ocupacion-en-fin-de-semana-largo\/","title":{"rendered":"Caribe mexicano superar\u00e1 70% de ocupaci\u00f3n en fin de semana largo"},"content":{"rendered":"<p>A unos d\u00edas del primer fin de semana largo del a\u00f1o, el secretario de Turismo federal, Miguel Torruco Marqu\u00e9s present\u00f3 las estimaciones de derrama econ\u00f3mica y ocupaci\u00f3n hotelera para los principales destinos de M\u00e9xico.<\/p>\n<p>As\u00ed, se estima que Canc\u00fan, Tulum y la Riviera Maya en el Caribe mexicano tengan una ocupaci\u00f3n hotelera superior al 70 por ciento durante el puente vacacional que abarca del viernes 4 al lunes 7 de febrero.<\/p>\n<p>De acuerdo con Sectur a nivel nacional se podri\u0301a alcanzar una ocupacio\u0301n hotelera promedio de 49.8 por ciento, lo que representari\u0301a 26.7 puntos porcentuales ma\u0301s, comparado con el mismo fin de semana de 2021, en el cual se registro\u0301 23.1 por ciento de ocupacio\u0301n durante los cuatro di\u0301as.<\/p>\n<p>El titular de Sectur destac\u00f3 que la derrama econo\u0301mica por concepto de hospedaje se estima sera\u0301 de 3 mil 209 millones de pesos, que junto con otros servicios alcanzara\u0301 un consumo turi\u0301stico de 35 mil 111 millones de pesos.<\/p>\n<p>De los turistas estimados que usara\u0301n servicios de hospedaje, 881 mil sera\u0301n nacionales y 332 mil extranjeros, equivalentes al 72.6 y 27.4 por ciento, respectivamente.<\/p>\n<p>\u201cAdicionalmente, durante este Fin de Semana Largo un millo\u0301n 355 mil turistas dome\u0301sticos se alojara\u0301n en otra forma de hospedaje, como es el caso de casas de familiares y amigos\u201d, mencion\u00f3 Torruco.<\/p>\n","protected":false},"excerpt":{"rendered":"<p>A unos d\u00edas del primer fin de semana largo del a\u00f1o, el secretario de Turismo federal, Miguel Torruco Marqu\u00e9s present\u00f3 las estimaciones de derrama econ\u00f3mica y ocupaci\u00f3n hotelera para los principales destinos de M\u00e9xico. As\u00ed, se estima que Canc\u00fan, Tulum y la Riviera Maya en el Caribe mexicano tengan una ocupaci\u00f3n hotelera superior al 70 [&hellip;]<\/p>\n","protected":false},"author":17,"featured_media":49030,"comment_status":"open","ping_status":"open","sticky":false,"template":"","format":"standard","meta":{"footnotes":""},"categories":[18475],"tags":[83,13146,910,93],"yoast_head":"<!-- This site is optimized with the Yoast SEO plugin v22.2 - https:\/\/yoast.com\/wordpress\/plugins\/seo\/ -->\n<title>Caribe mexicano superar\u00e1 70% de ocupaci\u00f3n en fin de semana largo - Nitu - Noticias de la Industria Turistica<\/title>\n<meta name=\"robots\" content=\"index, follow, max-snippet:-1, max-image-preview:large, max-video-preview:-1\" \/>\n<link rel=\"canonical\" href=\"https:\/\/nitu.mx\/index.php\/2022\/01\/27\/caribe-mexicano-superara-70-de-ocupacion-en-fin-de-semana-largo\/\" \/>\n<meta name=\"twitter:card\" content=\"summary_large_image\" \/>\n<meta name=\"twitter:title\" content=\"Caribe mexicano superar\u00e1 70% de ocupaci\u00f3n en fin de semana largo - Nitu - Noticias de la Industria Turistica\" \/>\n<meta name=\"twitter:description\" content=\"A unos d\u00edas del primer fin de semana largo del a\u00f1o, el secretario de Turismo federal, Miguel Torruco Marqu\u00e9s present\u00f3 las estimaciones de derrama econ\u00f3mica y ocupaci\u00f3n hotelera para los principales destinos de M\u00e9xico. As\u00ed, se estima que Canc\u00fan, Tulum y la Riviera Maya en el Caribe mexicano tengan una ocupaci\u00f3n hotelera superior al 70 [&hellip;]\" \/>\n<meta name=\"twitter:image\" content=\"https:\/\/nitu.mx\/wp-content\/uploads\/2020\/12\/Caribe-mexicano-cancu\u0301n.jpg\" \/>\n<meta name=\"twitter:creator\" content=\"@NITUmx\" \/>\n<meta name=\"twitter:site\" content=\"@Arturo_Medina_G\" \/>\n<meta name=\"twitter:label1\" content=\"Escrito por\" \/>\n\t<meta name=\"twitter:data1\" content=\"Redacci\u00f3n\" \/>\n\t<meta name=\"twitter:label2\" content=\"Tiempo de lectura\" \/>\n\t<meta name=\"twitter:data2\" content=\"1 minuto\" \/>\n<script type=\"application\/ld+json\" class=\"yoast-schema-graph\">{\"@context\":\"https:\/\/schema.org\",\"@graph\":[{\"@type\":\"Article\",\"@id\":\"https:\/\/nitu.mx\/index.php\/2022\/01\/27\/caribe-mexicano-superara-70-de-ocupacion-en-fin-de-semana-largo\/#article\",\"isPartOf\":{\"@id\":\"https:\/\/nitu.mx\/index.php\/2022\/01\/27\/caribe-mexicano-superara-70-de-ocupacion-en-fin-de-semana-largo\/\"},\"author\":{\"name\":\"Redacci\u00f3n\",\"@id\":\"https:\/\/nitu.mx\/#\/schema\/person\/4a28fe9bd65924f7c90623773daf1b0b\"},\"headline\":\"Caribe mexicano superar\u00e1 70% de ocupaci\u00f3n en fin de semana largo\",\"datePublished\":\"2022-01-27T05:22:07+00:00\",\"dateModified\":\"2022-01-27T06:23:40+00:00\",\"mainEntityOfPage\":{\"@id\":\"https:\/\/nitu.mx\/index.php\/2022\/01\/27\/caribe-mexicano-superara-70-de-ocupacion-en-fin-de-semana-largo\/\"},\"wordCount\":231,\"commentCount\":0,\"publisher\":{\"@id\":\"https:\/\/nitu.mx\/#\/schema\/person\/ae7a53426417292d3dd07b45a33e01bc\"},\"image\":{\"@id\":\"https:\/\/nitu.mx\/index.php\/2022\/01\/27\/caribe-mexicano-superara-70-de-ocupacion-en-fin-de-semana-largo\/#primaryimage\"},\"thumbnailUrl\":\"https:\/\/nitu.mx\/wp-content\/uploads\/2020\/12\/Caribe-mexicano-cancu\u0301n.jpg\",\"keywords\":[\"Caribe mexicano\",\"Fin de semana largo\",\"Miguel Torruco\",\"Sectur\"],\"articleSection\":[\"Caribe Mexicano\"],\"inLanguage\":\"es-MX\",\"potentialAction\":[{\"@type\":\"CommentAction\",\"name\":\"Comment\",\"target\":[\"https:\/\/nitu.mx\/index.php\/2022\/01\/27\/caribe-mexicano-superara-70-de-ocupacion-en-fin-de-semana-largo\/#respond\"]}]},{\"@type\":\"WebPage\",\"@id\":\"https:\/\/nitu.mx\/index.php\/2022\/01\/27\/caribe-mexicano-superara-70-de-ocupacion-en-fin-de-semana-largo\/\",\"url\":\"https:\/\/nitu.mx\/index.php\/2022\/01\/27\/caribe-mexicano-superara-70-de-ocupacion-en-fin-de-semana-largo\/\",\"name\":\"Caribe mexicano superar\u00e1 70% de ocupaci\u00f3n en fin de semana largo - Nitu - Noticias de la Industria Turistica\",\"isPartOf\":{\"@id\":\"https:\/\/nitu.mx\/#website\"},\"primaryImageOfPage\":{\"@id\":\"https:\/\/nitu.mx\/index.php\/2022\/01\/27\/caribe-mexicano-superara-70-de-ocupacion-en-fin-de-semana-largo\/#primaryimage\"},\"image\":{\"@id\":\"https:\/\/nitu.mx\/index.php\/2022\/01\/27\/caribe-mexicano-superara-70-de-ocupacion-en-fin-de-semana-largo\/#primaryimage\"},\"thumbnailUrl\":\"https:\/\/nitu.mx\/wp-content\/uploads\/2020\/12\/Caribe-mexicano-cancu\u0301n.jpg\",\"datePublished\":\"2022-01-27T05:22:07+00:00\",\"dateModified\":\"2022-01-27T06:23:40+00:00\",\"breadcrumb\":{\"@id\":\"https:\/\/nitu.mx\/index.php\/2022\/01\/27\/caribe-mexicano-superara-70-de-ocupacion-en-fin-de-semana-largo\/#breadcrumb\"},\"inLanguage\":\"es-MX\",\"potentialAction\":[{\"@type\":\"ReadAction\",\"target\":[\"https:\/\/nitu.mx\/index.php\/2022\/01\/27\/caribe-mexicano-superara-70-de-ocupacion-en-fin-de-semana-largo\/\"]}]},{\"@type\":\"ImageObject\",\"inLanguage\":\"es-MX\",\"@id\":\"https:\/\/nitu.mx\/index.php\/2022\/01\/27\/caribe-mexicano-superara-70-de-ocupacion-en-fin-de-semana-largo\/#primaryimage\",\"url\":\"https:\/\/nitu.mx\/wp-content\/uploads\/2020\/12\/Caribe-mexicano-cancu\u0301n.jpg\",\"contentUrl\":\"https:\/\/nitu.mx\/wp-content\/uploads\/2020\/12\/Caribe-mexicano-cancu\u0301n.jpg\",\"width\":1200,\"height\":675,\"caption\":\"Quintana Roo Acotur Caribe mexicano, Canc\u00fan\"},{\"@type\":\"BreadcrumbList\",\"@id\":\"https:\/\/nitu.mx\/index.php\/2022\/01\/27\/caribe-mexicano-superara-70-de-ocupacion-en-fin-de-semana-largo\/#breadcrumb\",\"itemListElement\":[{\"@type\":\"ListItem\",\"position\":1,\"name\":\"Inicio\",\"item\":\"https:\/\/nitu.mx\/\"},{\"@type\":\"ListItem\",\"position\":2,\"name\":\"Caribe mexicano superar\u00e1 70% de ocupaci\u00f3n en fin de semana largo\"}]},{\"@type\":\"WebSite\",\"@id\":\"https:\/\/nitu.mx\/#website\",\"url\":\"https:\/\/nitu.mx\/\",\"name\":\"Nitu - Noticias de la Industria Turistica\",\"description\":\"Noticias de la Industria Turistica\",\"publisher\":{\"@id\":\"https:\/\/nitu.mx\/#\/schema\/person\/ae7a53426417292d3dd07b45a33e01bc\"},\"alternateName\":\"Noticias de la Industria Turistica\",\"potentialAction\":[{\"@type\":\"SearchAction\",\"target\":{\"@type\":\"EntryPoint\",\"urlTemplate\":\"https:\/\/nitu.mx\/?s={search_term_string}\"},\"query-input\":\"required name=search_term_string\"}],\"inLanguage\":\"es-MX\"},{\"@type\":[\"Person\",\"Organization\"],\"@id\":\"https:\/\/nitu.mx\/#\/schema\/person\/ae7a53426417292d3dd07b45a33e01bc\",\"name\":\"Arturo Medina\",\"image\":{\"@type\":\"ImageObject\",\"inLanguage\":\"es-MX\",\"@id\":\"https:\/\/nitu.mx\/#\/schema\/person\/image\/\",\"url\":\"https:\/\/nitu.mx\/wp-content\/uploads\/2024\/04\/4A315622-1904-4D5C-B022-878CDC840E04-90x90-1.jpeg\",\"contentUrl\":\"https:\/\/nitu.mx\/wp-content\/uploads\/2024\/04\/4A315622-1904-4D5C-B022-878CDC840E04-90x90-1.jpeg\",\"width\":90,\"height\":90,\"caption\":\"Arturo Medina\"},\"logo\":{\"@id\":\"https:\/\/nitu.mx\/#\/schema\/person\/image\/\"},\"description\":\"Director NITU.mx, Egresado de la Escuela de Periodismo Carlos Septi\u00e9n Garc\u00eda. Periodista y analista especializado en turismo desde hace 35 a\u00f1os, radicado en Canc\u00fan Q.Roo. arturo@nitu.mx\",\"sameAs\":[\"https:\/\/nitu.mx\",\"https:\/\/www.facebook.com\/NITUmx\/\",\"medinacancun\",\"https:\/\/twitter.com\/@Arturo_Medina_G\"]},{\"@type\":\"Person\",\"@id\":\"https:\/\/nitu.mx\/#\/schema\/person\/4a28fe9bd65924f7c90623773daf1b0b\",\"name\":\"Redacci\u00f3n\",\"image\":{\"@type\":\"ImageObject\",\"inLanguage\":\"es-MX\",\"@id\":\"https:\/\/nitu.mx\/#\/schema\/person\/image\/\",\"url\":\"https:\/\/secure.gravatar.com\/avatar\/5dd011c8ccfc5cd7e4c81e42252aab38?s=96&d=mm&r=g\",\"contentUrl\":\"https:\/\/secure.gravatar.com\/avatar\/5dd011c8ccfc5cd7e4c81e42252aab38?s=96&d=mm&r=g\",\"caption\":\"Redacci\u00f3n\"},\"url\":\"https:\/\/nitu.mx\/index.php\/author\/redaccion\/\"}]}<\/script>\n<!-- \/ Yoast SEO plugin. -->","yoast_head_json":{"title":"Caribe mexicano superar\u00e1 70% de ocupaci\u00f3n en fin de semana largo - Nitu - Noticias de la Industria Turistica","robots":{"index":"index","follow":"follow","max-snippet":"max-snippet:-1","max-image-preview":"max-image-preview:large","max-video-preview":"max-video-preview:-1"},"canonical":"https:\/\/nitu.mx\/index.php\/2022\/01\/27\/caribe-mexicano-superara-70-de-ocupacion-en-fin-de-semana-largo\/","twitter_card":"summary_large_image","twitter_title":"Caribe mexicano superar\u00e1 70% de ocupaci\u00f3n en fin de semana largo - Nitu - Noticias de la Industria Turistica","twitter_description":"A unos d\u00edas del primer fin de semana largo del a\u00f1o, el secretario de Turismo federal, Miguel Torruco Marqu\u00e9s present\u00f3 las estimaciones de derrama econ\u00f3mica y ocupaci\u00f3n hotelera para los principales destinos de M\u00e9xico. As\u00ed, se estima que Canc\u00fan, Tulum y la Riviera Maya en el Caribe mexicano tengan una ocupaci\u00f3n hotelera superior al 70 [&hellip;]","twitter_image":"https:\/\/nitu.mx\/wp-content\/uploads\/2020\/12\/Caribe-mexicano-cancu\u0301n.jpg","twitter_creator":"@NITUmx","twitter_site":"@Arturo_Medina_G","twitter_misc":{"Escrito por":"Redacci\u00f3n","Tiempo de lectura":"1 minuto"},"schema":{"@context":"https:\/\/schema.org","@graph":[{"@type":"Article","@id":"https:\/\/nitu.mx\/index.php\/2022\/01\/27\/caribe-mexicano-superara-70-de-ocupacion-en-fin-de-semana-largo\/#article","isPartOf":{"@id":"https:\/\/nitu.mx\/index.php\/2022\/01\/27\/caribe-mexicano-superara-70-de-ocupacion-en-fin-de-semana-largo\/"},"author":{"name":"Redacci\u00f3n","@id":"https:\/\/nitu.mx\/#\/schema\/person\/4a28fe9bd65924f7c90623773daf1b0b"},"headline":"Caribe mexicano superar\u00e1 70% de ocupaci\u00f3n en fin de semana largo","datePublished":"2022-01-27T05:22:07+00:00","dateModified":"2022-01-27T06:23:40+00:00","mainEntityOfPage":{"@id":"https:\/\/nitu.mx\/index.php\/2022\/01\/27\/caribe-mexicano-superara-70-de-ocupacion-en-fin-de-semana-largo\/"},"wordCount":231,"commentCount":0,"publisher":{"@id":"https:\/\/nitu.mx\/#\/schema\/person\/ae7a53426417292d3dd07b45a33e01bc"},"image":{"@id":"https:\/\/nitu.mx\/index.php\/2022\/01\/27\/caribe-mexicano-superara-70-de-ocupacion-en-fin-de-semana-largo\/#primaryimage"},"thumbnailUrl":"https:\/\/nitu.mx\/wp-content\/uploads\/2020\/12\/Caribe-mexicano-cancu\u0301n.jpg","keywords":["Caribe mexicano","Fin de semana largo","Miguel Torruco","Sectur"],"articleSection":["Caribe Mexicano"],"inLanguage":"es-MX","potentialAction":[{"@type":"CommentAction","name":"Comment","target":["https:\/\/nitu.mx\/index.php\/2022\/01\/27\/caribe-mexicano-superara-70-de-ocupacion-en-fin-de-semana-largo\/#respond"]}]},{"@type":"WebPage","@id":"https:\/\/nitu.mx\/index.php\/2022\/01\/27\/caribe-mexicano-superara-70-de-ocupacion-en-fin-de-semana-largo\/","url":"https:\/\/nitu.mx\/index.php\/2022\/01\/27\/caribe-mexicano-superara-70-de-ocupacion-en-fin-de-semana-largo\/","name":"Caribe mexicano superar\u00e1 70% de ocupaci\u00f3n en fin de semana largo - Nitu - Noticias de la Industria Turistica","isPartOf":{"@id":"https:\/\/nitu.mx\/#website"},"primaryImageOfPage":{"@id":"https:\/\/nitu.mx\/index.php\/2022\/01\/27\/caribe-mexicano-superara-70-de-ocupacion-en-fin-de-semana-largo\/#primaryimage"},"image":{"@id":"https:\/\/nitu.mx\/index.php\/2022\/01\/27\/caribe-mexicano-superara-70-de-ocupacion-en-fin-de-semana-largo\/#primaryimage"},"thumbnailUrl":"https:\/\/nitu.mx\/wp-content\/uploads\/2020\/12\/Caribe-mexicano-cancu\u0301n.jpg","datePublished":"2022-01-27T05:22:07+00:00","dateModified":"2022-01-27T06:23:40+00:00","breadcrumb":{"@id":"https:\/\/nitu.mx\/index.php\/2022\/01\/27\/caribe-mexicano-superara-70-de-ocupacion-en-fin-de-semana-largo\/#breadcrumb"},"inLanguage":"es-MX","potentialAction":[{"@type":"ReadAction","target":["https:\/\/nitu.mx\/index.php\/2022\/01\/27\/caribe-mexicano-superara-70-de-ocupacion-en-fin-de-semana-largo\/"]}]},{"@type":"ImageObject","inLanguage":"es-MX","@id":"https:\/\/nitu.mx\/index.php\/2022\/01\/27\/caribe-mexicano-superara-70-de-ocupacion-en-fin-de-semana-largo\/#primaryimage","url":"https:\/\/nitu.mx\/wp-content\/uploads\/2020\/12\/Caribe-mexicano-cancu\u0301n.jpg","contentUrl":"https:\/\/nitu.mx\/wp-content\/uploads\/2020\/12\/Caribe-mexicano-cancu\u0301n.jpg","width":1200,"height":675,"caption":"Quintana Roo Acotur Caribe mexicano, Canc\u00fan"},{"@type":"BreadcrumbList","@id":"https:\/\/nitu.mx\/index.php\/2022\/01\/27\/caribe-mexicano-superara-70-de-ocupacion-en-fin-de-semana-largo\/#breadcrumb","itemListElement":[{"@type":"ListItem","position":1,"name":"Inicio","item":"https:\/\/nitu.mx\/"},{"@type":"ListItem","position":2,"name":"Caribe mexicano superar\u00e1 70% de ocupaci\u00f3n en fin de semana largo"}]},{"@type":"WebSite","@id":"https:\/\/nitu.mx\/#website","url":"https:\/\/nitu.mx\/","name":"Nitu - Noticias de la Industria Turistica","description":"Noticias de la Industria Turistica","publisher":{"@id":"https:\/\/nitu.mx\/#\/schema\/person\/ae7a53426417292d3dd07b45a33e01bc"},"alternateName":"Noticias de la Industria Turistica","potentialAction":[{"@type":"SearchAction","target":{"@type":"EntryPoint","urlTemplate":"https:\/\/nitu.mx\/?s={search_term_string}"},"query-input":"required name=search_term_string"}],"inLanguage":"es-MX"},{"@type":["Person","Organization"],"@id":"https:\/\/nitu.mx\/#\/schema\/person\/ae7a53426417292d3dd07b45a33e01bc","name":"Arturo Medina","image":{"@type":"ImageObject","inLanguage":"es-MX","@id":"https:\/\/nitu.mx\/#\/schema\/person\/image\/","url":"https:\/\/nitu.mx\/wp-content\/uploads\/2024\/04\/4A315622-1904-4D5C-B022-878CDC840E04-90x90-1.jpeg","contentUrl":"https:\/\/nitu.mx\/wp-content\/uploads\/2024\/04\/4A315622-1904-4D5C-B022-878CDC840E04-90x90-1.jpeg","width":90,"height":90,"caption":"Arturo Medina"},"logo":{"@id":"https:\/\/nitu.mx\/#\/schema\/person\/image\/"},"description":"Director NITU.mx, Egresado de la Escuela de Periodismo Carlos Septi\u00e9n Garc\u00eda. Periodista y analista especializado en turismo desde hace 35 a\u00f1os, radicado en Canc\u00fan Q.Roo. arturo@nitu.mx","sameAs":["https:\/\/nitu.mx","https:\/\/www.facebook.com\/NITUmx\/","medinacancun","https:\/\/twitter.com\/@Arturo_Medina_G"]},{"@type":"Person","@id":"https:\/\/nitu.mx\/#\/schema\/person\/4a28fe9bd65924f7c90623773daf1b0b","name":"Redacci\u00f3n","image":{"@type":"ImageObject","inLanguage":"es-MX","@id":"https:\/\/nitu.mx\/#\/schema\/person\/image\/","url":"https:\/\/secure.gravatar.com\/avatar\/5dd011c8ccfc5cd7e4c81e42252aab38?s=96&d=mm&r=g","contentUrl":"https:\/\/secure.gravatar.com\/avatar\/5dd011c8ccfc5cd7e4c81e42252aab38?s=96&d=mm&r=g","caption":"Redacci\u00f3n"},"url":"https:\/\/nitu.mx\/index.php\/author\/redaccion\/"}]}},"views":223,"_links":{"self":[{"href":"https:\/\/nitu.mx\/index.php\/wp-json\/wp\/v2\/posts\/57796"}],"collection":[{"href":"https:\/\/nitu.mx\/index.php\/wp-json\/wp\/v2\/posts"}],"about":[{"href":"https:\/\/nitu.mx\/index.php\/wp-json\/wp\/v2\/types\/post"}],"author":[{"embeddable":true,"href":"https:\/\/nitu.mx\/index.php\/wp-json\/wp\/v2\/users\/17"}],"replies":[{"embeddable":true,"href":"https:\/\/nitu.mx\/index.php\/wp-json\/wp\/v2\/comments?post=57796"}],"version-history":[{"count":2,"href":"https:\/\/nitu.mx\/index.php\/wp-json\/wp\/v2\/posts\/57796\/revisions"}],"predecessor-version":[{"id":57802,"href":"https:\/\/nitu.mx\/index.php\/wp-json\/wp\/v2\/posts\/57796\/revisions\/57802"}],"wp:featuredmedia":[{"embeddable":true,"href":"https:\/\/nitu.mx\/index.php\/wp-json\/wp\/v2\/media\/49030"}],"wp:attachment":[{"href":"https:\/\/nitu.mx\/index.php\/wp-json\/wp\/v2\/media?parent=57796"}],"wp:term":[{"taxonomy":"category","embeddable":true,"href":"https:\/\/nitu.mx\/index.php\/wp-json\/wp\/v2\/categories?post=57796"},{"taxonomy":"post_tag","embeddable":true,"href":"https:\/\/nitu.mx\/index.php\/wp-json\/wp\/v2\/tags?post=57796"}],"curies":[{"name":"wp","href":"https:\/\/api.w.org\/{rel}","templated":true}]}}