{"id":57748,"date":"2022-01-24T16:30:47","date_gmt":"2022-01-24T21:30:47","guid":{"rendered":"https:\/\/www.dev.nitu.mx\/?p=57748"},"modified":"2022-01-25T01:10:06","modified_gmt":"2022-01-25T06:10:06","slug":"tag-airlines-contempla-ruta-de-guatemala-a-huatulco","status":"publish","type":"post","link":"https:\/\/nitu.mx\/index.php\/2022\/01\/24\/tag-airlines-contempla-ruta-de-guatemala-a-huatulco\/","title":{"rendered":"TAG Airlines contempla ruta de Guatemala a Huatulco"},"content":{"rendered":"<p>La aerol\u00ednea guatemalteca, TAG Airlines, tiene un fuerte inter\u00e9s por ampliar su presencia en el estado de Oaxaca pues ya eval\u00faa la posibilidad de operar la ruta Guatemala-Huatulco para seguir su expansi\u00f3n en el sureste de M\u00e9xico.<\/p>\n<p>El director general de la l\u00ednea a\u00e9rea, Julio Gamero, se reuni\u00f3 con el gobernador y secretario de Turismo de Oaxaca, Alejandro Murat y Juan Carlos Rivera Castellanos, en el marco de FITUR en Madrid, en donde conversaron sobre este y otros temas de conectividad.<\/p>\n<p>Gamero reiter\u00f3 que ser\u00e1 en el primer trimestre del a\u00f1o cuando TAG Airlines inicie la ruta Guatemala-Oaxaca, como parte de la confianza de las autoridades estatales para llegar a una de las ciudades coloniales y culturales m\u00e1s importantes de M\u00e9xico y la regi\u00f3n sur.<\/p>\n<p>Al se\u00f1alar que 2022 ser\u00e1 un a\u00f1o de grandes retos y oportunidades para la aviaci\u00f3n y el turismo internacional, el CEO de la aerol\u00ednea resalt\u00f3 que\u00a0TAG Airlines \u201ctiene el firme compromiso de fortalecer la conectividad a\u00e9rea,\u00a0el impulso al desarrollo de la industria de la aviaci\u00f3n y los viajes, que son dos motores importantes para el crecimiento econ\u00f3mico\u201d.<\/p>\n<p>Con la ruta a Huatulco, el pa\u00eds centroamericano quedar\u00eda conectado a uno de los destinos tur\u00edsticos estrat\u00e9gicos del pa\u00eds, lo que contribuir\u00e1 a aumentar la llegada de turistas internacionales, coment\u00f3 el gobernador Murat.<\/p>\n<p>En esa misma l\u00ednea, el titular de Turismo de Oaxaca dijo que el fortalecimiento de la conectividad a\u00e9rea contribuir\u00e1 a detonar la actividad tur\u00edstica y el desarrollo de la entidad, que ofrece a los viajeros grandes atractivos culturales y arqueol\u00f3gicos, gastronom\u00eda \u00fanica, la hist\u00f3rica ciudad de Oaxaca y la belleza de las playas del Pac\u00edfico mexicano.<\/p>\n<p>TAG Airlines inici\u00f3 operaciones en M\u00e9xico en 2021, y actualmente tiene las rutas Canc\u00fan-Guatemala, Canc\u00fan-Flores y Guatemala-Tapachula,\u00a0que reportan una ocupaci\u00f3n superior a 90 por ciento. Pr\u00f3ximamente iniciar\u00e1 la ruta Guatemala-M\u00e9rida, y en unos meses estar\u00e1 la de Oaxaca.\u00a0<a title=\"TAG Airlines alista su nueva ruta Guatemala-Oaxaca\" href=\"https:\/\/www.dev.nitu.mx\/index.php\/2022\/01\/05\/tag-airlines-alista-su-nueva-ruta-guatemala-oaxaca\/\" rel=\"bookmark\">(TAG Airlines alista su nueva ruta Guatemala-Oaxaca<\/a>).<\/p>\n<p>Para el vecino pa\u00eds del sur, las rutas permiten captar tambi\u00e9n parte del turismo internacional que llega a los destinos de M\u00e9xico, especialmente Canc\u00fan, y aprovechar el potencial del Mundo Maya para armar paquetes m\u00e1s atractivos y completos para los viajeros de M\u00e9xico, Guatemala e internacionales.<\/p>\n","protected":false},"excerpt":{"rendered":"<p>La aerol\u00ednea guatemalteca, TAG Airlines, tiene un fuerte inter\u00e9s por ampliar su presencia en el estado de Oaxaca pues ya eval\u00faa la posibilidad de operar la ruta Guatemala-Huatulco para seguir su expansi\u00f3n en el sureste de M\u00e9xico. El director general de la l\u00ednea a\u00e9rea, Julio Gamero, se reuni\u00f3 con el gobernador y secretario de Turismo [&hellip;]<\/p>\n","protected":false},"author":17,"featured_media":57751,"comment_status":"open","ping_status":"open","sticky":false,"template":"","format":"standard","meta":{"footnotes":""},"categories":[29],"tags":[5092,1638,116,3329,7100,906,6750],"yoast_head":"<!-- This site is optimized with the Yoast SEO plugin v22.2 - https:\/\/yoast.com\/wordpress\/plugins\/seo\/ -->\n<title>TAG Airlines contempla ruta de Guatemala a Huatulco - Nitu - Noticias de la Industria Turistica<\/title>\n<meta name=\"robots\" content=\"index, follow, max-snippet:-1, max-image-preview:large, max-video-preview:-1\" \/>\n<link rel=\"canonical\" href=\"https:\/\/nitu.mx\/index.php\/2022\/01\/24\/tag-airlines-contempla-ruta-de-guatemala-a-huatulco\/\" \/>\n<meta name=\"twitter:card\" content=\"summary_large_image\" \/>\n<meta name=\"twitter:title\" content=\"TAG Airlines contempla ruta de Guatemala a Huatulco - Nitu - Noticias de la Industria Turistica\" \/>\n<meta name=\"twitter:description\" content=\"La aerol\u00ednea guatemalteca, TAG Airlines, tiene un fuerte inter\u00e9s por ampliar su presencia en el estado de Oaxaca pues ya eval\u00faa la posibilidad de operar la ruta Guatemala-Huatulco para seguir su expansi\u00f3n en el sureste de M\u00e9xico. El director general de la l\u00ednea a\u00e9rea, Julio Gamero, se reuni\u00f3 con el gobernador y secretario de Turismo [&hellip;]\" \/>\n<meta name=\"twitter:image\" content=\"https:\/\/nitu.mx\/wp-content\/uploads\/2022\/01\/TAG-Airlines-ruta-Guatemala-Huatulco.jpg\" \/>\n<meta name=\"twitter:creator\" content=\"@NITUmx\" \/>\n<meta name=\"twitter:site\" content=\"@Arturo_Medina_G\" \/>\n<meta name=\"twitter:label1\" content=\"Escrito por\" \/>\n\t<meta name=\"twitter:data1\" content=\"Redacci\u00f3n\" \/>\n\t<meta name=\"twitter:label2\" content=\"Tiempo de lectura\" \/>\n\t<meta name=\"twitter:data2\" content=\"2 minutos\" \/>\n<script type=\"application\/ld+json\" class=\"yoast-schema-graph\">{\"@context\":\"https:\/\/schema.org\",\"@graph\":[{\"@type\":\"Article\",\"@id\":\"https:\/\/nitu.mx\/index.php\/2022\/01\/24\/tag-airlines-contempla-ruta-de-guatemala-a-huatulco\/#article\",\"isPartOf\":{\"@id\":\"https:\/\/nitu.mx\/index.php\/2022\/01\/24\/tag-airlines-contempla-ruta-de-guatemala-a-huatulco\/\"},\"author\":{\"name\":\"Redacci\u00f3n\",\"@id\":\"https:\/\/nitu.mx\/#\/schema\/person\/4a28fe9bd65924f7c90623773daf1b0b\"},\"headline\":\"TAG Airlines contempla ruta de Guatemala a Huatulco\",\"datePublished\":\"2022-01-24T21:30:47+00:00\",\"dateModified\":\"2022-01-25T06:10:06+00:00\",\"mainEntityOfPage\":{\"@id\":\"https:\/\/nitu.mx\/index.php\/2022\/01\/24\/tag-airlines-contempla-ruta-de-guatemala-a-huatulco\/\"},\"wordCount\":412,\"commentCount\":0,\"publisher\":{\"@id\":\"https:\/\/nitu.mx\/#\/schema\/person\/ae7a53426417292d3dd07b45a33e01bc\"},\"image\":{\"@id\":\"https:\/\/nitu.mx\/index.php\/2022\/01\/24\/tag-airlines-contempla-ruta-de-guatemala-a-huatulco\/#primaryimage\"},\"thumbnailUrl\":\"https:\/\/nitu.mx\/wp-content\/uploads\/2022\/01\/TAG-Airlines-ruta-Guatemala-Huatulco.jpg\",\"keywords\":[\"Alejandro Murat\",\"Guatemala\",\"Huatulco\",\"Juan Carlos Rivera Castellanos\",\"Julio Gamero\",\"Oaxaca\",\"TAG Airlines\"],\"articleSection\":[\"Aerol\u00edneas\"],\"inLanguage\":\"es-MX\",\"potentialAction\":[{\"@type\":\"CommentAction\",\"name\":\"Comment\",\"target\":[\"https:\/\/nitu.mx\/index.php\/2022\/01\/24\/tag-airlines-contempla-ruta-de-guatemala-a-huatulco\/#respond\"]}]},{\"@type\":\"WebPage\",\"@id\":\"https:\/\/nitu.mx\/index.php\/2022\/01\/24\/tag-airlines-contempla-ruta-de-guatemala-a-huatulco\/\",\"url\":\"https:\/\/nitu.mx\/index.php\/2022\/01\/24\/tag-airlines-contempla-ruta-de-guatemala-a-huatulco\/\",\"name\":\"TAG Airlines contempla ruta de Guatemala a Huatulco - Nitu - Noticias de la Industria Turistica\",\"isPartOf\":{\"@id\":\"https:\/\/nitu.mx\/#website\"},\"primaryImageOfPage\":{\"@id\":\"https:\/\/nitu.mx\/index.php\/2022\/01\/24\/tag-airlines-contempla-ruta-de-guatemala-a-huatulco\/#primaryimage\"},\"image\":{\"@id\":\"https:\/\/nitu.mx\/index.php\/2022\/01\/24\/tag-airlines-contempla-ruta-de-guatemala-a-huatulco\/#primaryimage\"},\"thumbnailUrl\":\"https:\/\/nitu.mx\/wp-content\/uploads\/2022\/01\/TAG-Airlines-ruta-Guatemala-Huatulco.jpg\",\"datePublished\":\"2022-01-24T21:30:47+00:00\",\"dateModified\":\"2022-01-25T06:10:06+00:00\",\"breadcrumb\":{\"@id\":\"https:\/\/nitu.mx\/index.php\/2022\/01\/24\/tag-airlines-contempla-ruta-de-guatemala-a-huatulco\/#breadcrumb\"},\"inLanguage\":\"es-MX\",\"potentialAction\":[{\"@type\":\"ReadAction\",\"target\":[\"https:\/\/nitu.mx\/index.php\/2022\/01\/24\/tag-airlines-contempla-ruta-de-guatemala-a-huatulco\/\"]}]},{\"@type\":\"ImageObject\",\"inLanguage\":\"es-MX\",\"@id\":\"https:\/\/nitu.mx\/index.php\/2022\/01\/24\/tag-airlines-contempla-ruta-de-guatemala-a-huatulco\/#primaryimage\",\"url\":\"https:\/\/nitu.mx\/wp-content\/uploads\/2022\/01\/TAG-Airlines-ruta-Guatemala-Huatulco.jpg\",\"contentUrl\":\"https:\/\/nitu.mx\/wp-content\/uploads\/2022\/01\/TAG-Airlines-ruta-Guatemala-Huatulco.jpg\",\"width\":1200,\"height\":675,\"caption\":\"TAG Airlines\"},{\"@type\":\"BreadcrumbList\",\"@id\":\"https:\/\/nitu.mx\/index.php\/2022\/01\/24\/tag-airlines-contempla-ruta-de-guatemala-a-huatulco\/#breadcrumb\",\"itemListElement\":[{\"@type\":\"ListItem\",\"position\":1,\"name\":\"Inicio\",\"item\":\"https:\/\/nitu.mx\/\"},{\"@type\":\"ListItem\",\"position\":2,\"name\":\"TAG Airlines contempla ruta de Guatemala a Huatulco\"}]},{\"@type\":\"WebSite\",\"@id\":\"https:\/\/nitu.mx\/#website\",\"url\":\"https:\/\/nitu.mx\/\",\"name\":\"Nitu - Noticias de la Industria Turistica\",\"description\":\"Noticias de la Industria Turistica\",\"publisher\":{\"@id\":\"https:\/\/nitu.mx\/#\/schema\/person\/ae7a53426417292d3dd07b45a33e01bc\"},\"alternateName\":\"Noticias de la Industria Turistica\",\"potentialAction\":[{\"@type\":\"SearchAction\",\"target\":{\"@type\":\"EntryPoint\",\"urlTemplate\":\"https:\/\/nitu.mx\/?s={search_term_string}\"},\"query-input\":\"required name=search_term_string\"}],\"inLanguage\":\"es-MX\"},{\"@type\":[\"Person\",\"Organization\"],\"@id\":\"https:\/\/nitu.mx\/#\/schema\/person\/ae7a53426417292d3dd07b45a33e01bc\",\"name\":\"Arturo Medina\",\"image\":{\"@type\":\"ImageObject\",\"inLanguage\":\"es-MX\",\"@id\":\"https:\/\/nitu.mx\/#\/schema\/person\/image\/\",\"url\":\"https:\/\/nitu.mx\/wp-content\/uploads\/2024\/04\/4A315622-1904-4D5C-B022-878CDC840E04-90x90-1.jpeg\",\"contentUrl\":\"https:\/\/nitu.mx\/wp-content\/uploads\/2024\/04\/4A315622-1904-4D5C-B022-878CDC840E04-90x90-1.jpeg\",\"width\":90,\"height\":90,\"caption\":\"Arturo Medina\"},\"logo\":{\"@id\":\"https:\/\/nitu.mx\/#\/schema\/person\/image\/\"},\"description\":\"Director NITU.mx, Egresado de la Escuela de Periodismo Carlos Septi\u00e9n Garc\u00eda. Periodista y analista especializado en turismo desde hace 35 a\u00f1os, radicado en Canc\u00fan Q.Roo. arturo@nitu.mx\",\"sameAs\":[\"https:\/\/nitu.mx\",\"https:\/\/www.facebook.com\/NITUmx\/\",\"medinacancun\",\"https:\/\/twitter.com\/@Arturo_Medina_G\"]},{\"@type\":\"Person\",\"@id\":\"https:\/\/nitu.mx\/#\/schema\/person\/4a28fe9bd65924f7c90623773daf1b0b\",\"name\":\"Redacci\u00f3n\",\"image\":{\"@type\":\"ImageObject\",\"inLanguage\":\"es-MX\",\"@id\":\"https:\/\/nitu.mx\/#\/schema\/person\/image\/\",\"url\":\"https:\/\/secure.gravatar.com\/avatar\/5dd011c8ccfc5cd7e4c81e42252aab38?s=96&d=mm&r=g\",\"contentUrl\":\"https:\/\/secure.gravatar.com\/avatar\/5dd011c8ccfc5cd7e4c81e42252aab38?s=96&d=mm&r=g\",\"caption\":\"Redacci\u00f3n\"},\"url\":\"https:\/\/nitu.mx\/index.php\/author\/redaccion\/\"}]}<\/script>\n<!-- \/ Yoast SEO plugin. -->","yoast_head_json":{"title":"TAG Airlines contempla ruta de Guatemala a Huatulco - Nitu - Noticias de la Industria Turistica","robots":{"index":"index","follow":"follow","max-snippet":"max-snippet:-1","max-image-preview":"max-image-preview:large","max-video-preview":"max-video-preview:-1"},"canonical":"https:\/\/nitu.mx\/index.php\/2022\/01\/24\/tag-airlines-contempla-ruta-de-guatemala-a-huatulco\/","twitter_card":"summary_large_image","twitter_title":"TAG Airlines contempla ruta de Guatemala a Huatulco - Nitu - Noticias de la Industria Turistica","twitter_description":"La aerol\u00ednea guatemalteca, TAG Airlines, tiene un fuerte inter\u00e9s por ampliar su presencia en el estado de Oaxaca pues ya eval\u00faa la posibilidad de operar la ruta Guatemala-Huatulco para seguir su expansi\u00f3n en el sureste de M\u00e9xico. El director general de la l\u00ednea a\u00e9rea, Julio Gamero, se reuni\u00f3 con el gobernador y secretario de Turismo [&hellip;]","twitter_image":"https:\/\/nitu.mx\/wp-content\/uploads\/2022\/01\/TAG-Airlines-ruta-Guatemala-Huatulco.jpg","twitter_creator":"@NITUmx","twitter_site":"@Arturo_Medina_G","twitter_misc":{"Escrito por":"Redacci\u00f3n","Tiempo de lectura":"2 minutos"},"schema":{"@context":"https:\/\/schema.org","@graph":[{"@type":"Article","@id":"https:\/\/nitu.mx\/index.php\/2022\/01\/24\/tag-airlines-contempla-ruta-de-guatemala-a-huatulco\/#article","isPartOf":{"@id":"https:\/\/nitu.mx\/index.php\/2022\/01\/24\/tag-airlines-contempla-ruta-de-guatemala-a-huatulco\/"},"author":{"name":"Redacci\u00f3n","@id":"https:\/\/nitu.mx\/#\/schema\/person\/4a28fe9bd65924f7c90623773daf1b0b"},"headline":"TAG Airlines contempla ruta de Guatemala a Huatulco","datePublished":"2022-01-24T21:30:47+00:00","dateModified":"2022-01-25T06:10:06+00:00","mainEntityOfPage":{"@id":"https:\/\/nitu.mx\/index.php\/2022\/01\/24\/tag-airlines-contempla-ruta-de-guatemala-a-huatulco\/"},"wordCount":412,"commentCount":0,"publisher":{"@id":"https:\/\/nitu.mx\/#\/schema\/person\/ae7a53426417292d3dd07b45a33e01bc"},"image":{"@id":"https:\/\/nitu.mx\/index.php\/2022\/01\/24\/tag-airlines-contempla-ruta-de-guatemala-a-huatulco\/#primaryimage"},"thumbnailUrl":"https:\/\/nitu.mx\/wp-content\/uploads\/2022\/01\/TAG-Airlines-ruta-Guatemala-Huatulco.jpg","keywords":["Alejandro Murat","Guatemala","Huatulco","Juan Carlos Rivera Castellanos","Julio Gamero","Oaxaca","TAG Airlines"],"articleSection":["Aerol\u00edneas"],"inLanguage":"es-MX","potentialAction":[{"@type":"CommentAction","name":"Comment","target":["https:\/\/nitu.mx\/index.php\/2022\/01\/24\/tag-airlines-contempla-ruta-de-guatemala-a-huatulco\/#respond"]}]},{"@type":"WebPage","@id":"https:\/\/nitu.mx\/index.php\/2022\/01\/24\/tag-airlines-contempla-ruta-de-guatemala-a-huatulco\/","url":"https:\/\/nitu.mx\/index.php\/2022\/01\/24\/tag-airlines-contempla-ruta-de-guatemala-a-huatulco\/","name":"TAG Airlines contempla ruta de Guatemala a Huatulco - Nitu - Noticias de la Industria Turistica","isPartOf":{"@id":"https:\/\/nitu.mx\/#website"},"primaryImageOfPage":{"@id":"https:\/\/nitu.mx\/index.php\/2022\/01\/24\/tag-airlines-contempla-ruta-de-guatemala-a-huatulco\/#primaryimage"},"image":{"@id":"https:\/\/nitu.mx\/index.php\/2022\/01\/24\/tag-airlines-contempla-ruta-de-guatemala-a-huatulco\/#primaryimage"},"thumbnailUrl":"https:\/\/nitu.mx\/wp-content\/uploads\/2022\/01\/TAG-Airlines-ruta-Guatemala-Huatulco.jpg","datePublished":"2022-01-24T21:30:47+00:00","dateModified":"2022-01-25T06:10:06+00:00","breadcrumb":{"@id":"https:\/\/nitu.mx\/index.php\/2022\/01\/24\/tag-airlines-contempla-ruta-de-guatemala-a-huatulco\/#breadcrumb"},"inLanguage":"es-MX","potentialAction":[{"@type":"ReadAction","target":["https:\/\/nitu.mx\/index.php\/2022\/01\/24\/tag-airlines-contempla-ruta-de-guatemala-a-huatulco\/"]}]},{"@type":"ImageObject","inLanguage":"es-MX","@id":"https:\/\/nitu.mx\/index.php\/2022\/01\/24\/tag-airlines-contempla-ruta-de-guatemala-a-huatulco\/#primaryimage","url":"https:\/\/nitu.mx\/wp-content\/uploads\/2022\/01\/TAG-Airlines-ruta-Guatemala-Huatulco.jpg","contentUrl":"https:\/\/nitu.mx\/wp-content\/uploads\/2022\/01\/TAG-Airlines-ruta-Guatemala-Huatulco.jpg","width":1200,"height":675,"caption":"TAG Airlines"},{"@type":"BreadcrumbList","@id":"https:\/\/nitu.mx\/index.php\/2022\/01\/24\/tag-airlines-contempla-ruta-de-guatemala-a-huatulco\/#breadcrumb","itemListElement":[{"@type":"ListItem","position":1,"name":"Inicio","item":"https:\/\/nitu.mx\/"},{"@type":"ListItem","position":2,"name":"TAG Airlines contempla ruta de Guatemala a Huatulco"}]},{"@type":"WebSite","@id":"https:\/\/nitu.mx\/#website","url":"https:\/\/nitu.mx\/","name":"Nitu - Noticias de la Industria Turistica","description":"Noticias de la Industria Turistica","publisher":{"@id":"https:\/\/nitu.mx\/#\/schema\/person\/ae7a53426417292d3dd07b45a33e01bc"},"alternateName":"Noticias de la Industria Turistica","potentialAction":[{"@type":"SearchAction","target":{"@type":"EntryPoint","urlTemplate":"https:\/\/nitu.mx\/?s={search_term_string}"},"query-input":"required name=search_term_string"}],"inLanguage":"es-MX"},{"@type":["Person","Organization"],"@id":"https:\/\/nitu.mx\/#\/schema\/person\/ae7a53426417292d3dd07b45a33e01bc","name":"Arturo Medina","image":{"@type":"ImageObject","inLanguage":"es-MX","@id":"https:\/\/nitu.mx\/#\/schema\/person\/image\/","url":"https:\/\/nitu.mx\/wp-content\/uploads\/2024\/04\/4A315622-1904-4D5C-B022-878CDC840E04-90x90-1.jpeg","contentUrl":"https:\/\/nitu.mx\/wp-content\/uploads\/2024\/04\/4A315622-1904-4D5C-B022-878CDC840E04-90x90-1.jpeg","width":90,"height":90,"caption":"Arturo Medina"},"logo":{"@id":"https:\/\/nitu.mx\/#\/schema\/person\/image\/"},"description":"Director NITU.mx, Egresado de la Escuela de Periodismo Carlos Septi\u00e9n Garc\u00eda. Periodista y analista especializado en turismo desde hace 35 a\u00f1os, radicado en Canc\u00fan Q.Roo. arturo@nitu.mx","sameAs":["https:\/\/nitu.mx","https:\/\/www.facebook.com\/NITUmx\/","medinacancun","https:\/\/twitter.com\/@Arturo_Medina_G"]},{"@type":"Person","@id":"https:\/\/nitu.mx\/#\/schema\/person\/4a28fe9bd65924f7c90623773daf1b0b","name":"Redacci\u00f3n","image":{"@type":"ImageObject","inLanguage":"es-MX","@id":"https:\/\/nitu.mx\/#\/schema\/person\/image\/","url":"https:\/\/secure.gravatar.com\/avatar\/5dd011c8ccfc5cd7e4c81e42252aab38?s=96&d=mm&r=g","contentUrl":"https:\/\/secure.gravatar.com\/avatar\/5dd011c8ccfc5cd7e4c81e42252aab38?s=96&d=mm&r=g","caption":"Redacci\u00f3n"},"url":"https:\/\/nitu.mx\/index.php\/author\/redaccion\/"}]}},"views":1072,"_links":{"self":[{"href":"https:\/\/nitu.mx\/index.php\/wp-json\/wp\/v2\/posts\/57748"}],"collection":[{"href":"https:\/\/nitu.mx\/index.php\/wp-json\/wp\/v2\/posts"}],"about":[{"href":"https:\/\/nitu.mx\/index.php\/wp-json\/wp\/v2\/types\/post"}],"author":[{"embeddable":true,"href":"https:\/\/nitu.mx\/index.php\/wp-json\/wp\/v2\/users\/17"}],"replies":[{"embeddable":true,"href":"https:\/\/nitu.mx\/index.php\/wp-json\/wp\/v2\/comments?post=57748"}],"version-history":[{"count":3,"href":"https:\/\/nitu.mx\/index.php\/wp-json\/wp\/v2\/posts\/57748\/revisions"}],"predecessor-version":[{"id":57752,"href":"https:\/\/nitu.mx\/index.php\/wp-json\/wp\/v2\/posts\/57748\/revisions\/57752"}],"wp:featuredmedia":[{"embeddable":true,"href":"https:\/\/nitu.mx\/index.php\/wp-json\/wp\/v2\/media\/57751"}],"wp:attachment":[{"href":"https:\/\/nitu.mx\/index.php\/wp-json\/wp\/v2\/media?parent=57748"}],"wp:term":[{"taxonomy":"category","embeddable":true,"href":"https:\/\/nitu.mx\/index.php\/wp-json\/wp\/v2\/categories?post=57748"},{"taxonomy":"post_tag","embeddable":true,"href":"https:\/\/nitu.mx\/index.php\/wp-json\/wp\/v2\/tags?post=57748"}],"curies":[{"name":"wp","href":"https:\/\/api.w.org\/{rel}","templated":true}]}}