{"id":57703,"date":"2022-01-20T22:20:04","date_gmt":"2022-01-21T03:20:04","guid":{"rendered":"https:\/\/www.dev.nitu.mx\/?p=57703"},"modified":"2022-01-21T01:32:46","modified_gmt":"2022-01-21T06:32:46","slug":"mantiene-espana-activas-5-aerolineas-con-viajes-directos-a-cancun","status":"publish","type":"post","link":"https:\/\/nitu.mx\/index.php\/2022\/01\/20\/mantiene-espana-activas-5-aerolineas-con-viajes-directos-a-cancun\/","title":{"rendered":"Mantiene Espa\u00f1a activas 5 aerol\u00edneas con viajes directos a Canc\u00fan"},"content":{"rendered":"<p>De acuerdo con las pl\u00e1ticas que se han establecido con aerol\u00edneas y touroperdores en el marco del segundo d\u00eda de actividades de FITUR, la expectativa de llegar al menos al mismo nivel de visitantes espa\u00f1oles que en 2019 para el Caribe Mexicano se mantiene, Dario Flota Ocampo, director del Consejo de Promoci\u00f3n Tur\u00edstica de Quintana Roo se mostr\u00f3 confiado de alcanzar la cifra de 180 mil visitantes.<\/p>\n<p>Durante esta jornada de actividades de promoci\u00f3n tambi\u00e9n se han atendido entrevistas con medios especializados y reuniones con aerol\u00edneas con el objetivo de aumentar la conectividad a\u00e9rea del Caribe Mexicano con Espa\u00f1a, que tiene vuelos desde Barcelona con la aerol\u00ednea LEVEL y desde Madrid con Aerom\u00e9xico, Air Europa, Iberojet y World2Fly.<\/p>\n<p>La participaci\u00f3n del Caribe Mexicano dentro de la Feria Internacional de Turismo de Espa\u00f1a, FITUR, mantiene una apretada agenda de citas de trabajo en la que el Consejo de Promoci\u00f3n Tur\u00edstica de Quintana Roo ha atendido cerca de 35 reuniones por d\u00eda.<\/p>\n<p>Por su parte la Secretar\u00eda de Turismo, ha mantenido agenda con directivos de empresas del sector dentro de los que figuran Iberojet, Inverotel, C-Trip Europa, Sunwing Group, entre otros.<\/p>\n<p>En este segundo d\u00eda de actividades en FITUR, Bernardo Cueto, secretario de Turismo de Quintana Roo y Andr\u00e9s Aguilar, subsecretario de Promoci\u00f3n y Operaci\u00f3n Tur\u00edstica, sostuvieron una productiva reuni\u00f3n de trabajo con los representantes de las asociaciones de hoteles de Riviera Maya, Canc\u00fan, Puerto Morelos e Isla Mujeres, y Tulum con el fin de mejorar la comunicaci\u00f3n y el trabajo en equipo y de esta manera continuar fortaleciendo la relaci\u00f3n entre el sector p\u00fablico y privado.<\/p>\n<p>As\u00ed mismo, se sostuvo una reuni\u00f3n con Ion Vilcu, director de Miembros Afiliados de la Organizaci\u00f3n Mundial de Turismo (OMT), dando continuidad a la agenda 2030 de la ONU y a la relevancia del Plan Maestro de Turismo Sustentable Quintana Roo 2030; pol\u00edtica p\u00fablica por la cual el gobierno de Quintana Roo fue felicitado. (<a title=\"Desde Quintana Roo Carlos Joaqu\u00edn reitera el compromiso para la promoci\u00f3n del Caribe Mexicano\" href=\"https:\/\/www.dev.nitu.mx\/index.php\/2022\/01\/20\/desde-quintana-roo-carlos-joaquin-reitera-el-compromiso-para-la-promocion-del-caribe-mexicano\/\" rel=\"bookmark\">Desde Quintana Roo Carlos Joaqu\u00edn reitera el compromiso para la promoci\u00f3n del Caribe Mexicano<\/a>).<\/p>\n<p>\u201cDesde la Secretar\u00eda de Turismo seguiremos encausando acciones que refuercen el trabajo que dan continuidad al impulso que el gobernador Carlos Joaqu\u00edn ha dado dentro del estado. Continuaremos trabajando para que la reactivaci\u00f3n tur\u00edstica se desarrolle de manera responsable y segura, logrando un turismo m\u00e1s justo y sustentable, en beneficio de turistas, visitantes y habitantes de nuestro estado\u201d, coment\u00f3 Bernardo Cueto, secretario de Turismo de Quintana Roo.<\/p>\n","protected":false},"excerpt":{"rendered":"<p>De acuerdo con las pl\u00e1ticas que se han establecido con aerol\u00edneas y touroperdores en el marco del segundo d\u00eda de actividades de FITUR, la expectativa de llegar al menos al mismo nivel de visitantes espa\u00f1oles que en 2019 para el Caribe Mexicano se mantiene, Dario Flota Ocampo, director del Consejo de Promoci\u00f3n Tur\u00edstica de Quintana [&hellip;]<\/p>\n","protected":false},"author":17,"featured_media":57705,"comment_status":"open","ping_status":"open","sticky":false,"template":"","format":"standard","meta":{"footnotes":""},"categories":[18475],"tags":[43,83,1812,1213,2703],"yoast_head":"<!-- This site is optimized with the Yoast SEO plugin v22.2 - https:\/\/yoast.com\/wordpress\/plugins\/seo\/ -->\n<title>Mantiene Espa\u00f1a activas 5 aerol\u00edneas con viajes directos a Canc\u00fan - Nitu - Noticias de la Industria Turistica<\/title>\n<meta name=\"robots\" content=\"index, follow, max-snippet:-1, max-image-preview:large, max-video-preview:-1\" \/>\n<link rel=\"canonical\" href=\"https:\/\/nitu.mx\/index.php\/2022\/01\/20\/mantiene-espana-activas-5-aerolineas-con-viajes-directos-a-cancun\/\" \/>\n<meta name=\"twitter:card\" content=\"summary_large_image\" \/>\n<meta name=\"twitter:title\" content=\"Mantiene Espa\u00f1a activas 5 aerol\u00edneas con viajes directos a Canc\u00fan - Nitu - Noticias de la Industria Turistica\" \/>\n<meta name=\"twitter:description\" content=\"De acuerdo con las pl\u00e1ticas que se han establecido con aerol\u00edneas y touroperdores en el marco del segundo d\u00eda de actividades de FITUR, la expectativa de llegar al menos al mismo nivel de visitantes espa\u00f1oles que en 2019 para el Caribe Mexicano se mantiene, Dario Flota Ocampo, director del Consejo de Promoci\u00f3n Tur\u00edstica de Quintana [&hellip;]\" \/>\n<meta name=\"twitter:image\" content=\"https:\/\/nitu.mx\/wp-content\/uploads\/2022\/01\/Captura-de-Pantalla-2022-01-20-a-las-22.18.55.png\" \/>\n<meta name=\"twitter:creator\" content=\"@NITUmx\" \/>\n<meta name=\"twitter:site\" content=\"@Arturo_Medina_G\" \/>\n<meta name=\"twitter:label1\" content=\"Escrito por\" \/>\n\t<meta name=\"twitter:data1\" content=\"Redacci\u00f3n\" \/>\n\t<meta name=\"twitter:label2\" content=\"Tiempo de lectura\" \/>\n\t<meta name=\"twitter:data2\" content=\"2 minutos\" \/>\n<script type=\"application\/ld+json\" class=\"yoast-schema-graph\">{\"@context\":\"https:\/\/schema.org\",\"@graph\":[{\"@type\":\"Article\",\"@id\":\"https:\/\/nitu.mx\/index.php\/2022\/01\/20\/mantiene-espana-activas-5-aerolineas-con-viajes-directos-a-cancun\/#article\",\"isPartOf\":{\"@id\":\"https:\/\/nitu.mx\/index.php\/2022\/01\/20\/mantiene-espana-activas-5-aerolineas-con-viajes-directos-a-cancun\/\"},\"author\":{\"name\":\"Redacci\u00f3n\",\"@id\":\"https:\/\/nitu.mx\/#\/schema\/person\/4a28fe9bd65924f7c90623773daf1b0b\"},\"headline\":\"Mantiene Espa\u00f1a activas 5 aerol\u00edneas con viajes directos a Canc\u00fan\",\"datePublished\":\"2022-01-21T03:20:04+00:00\",\"dateModified\":\"2022-01-21T06:32:46+00:00\",\"mainEntityOfPage\":{\"@id\":\"https:\/\/nitu.mx\/index.php\/2022\/01\/20\/mantiene-espana-activas-5-aerolineas-con-viajes-directos-a-cancun\/\"},\"wordCount\":448,\"commentCount\":0,\"publisher\":{\"@id\":\"https:\/\/nitu.mx\/#\/schema\/person\/ae7a53426417292d3dd07b45a33e01bc\"},\"image\":{\"@id\":\"https:\/\/nitu.mx\/index.php\/2022\/01\/20\/mantiene-espana-activas-5-aerolineas-con-viajes-directos-a-cancun\/#primaryimage\"},\"thumbnailUrl\":\"https:\/\/nitu.mx\/wp-content\/uploads\/2022\/01\/Captura-de-Pantalla-2022-01-20-a-las-22.18.55.png\",\"keywords\":[\"Canc\u00fan\",\"Caribe mexicano\",\"Dar\u00edo Flota\",\"Espa\u00f1a\",\"FITUR\"],\"articleSection\":[\"Caribe Mexicano\"],\"inLanguage\":\"es-MX\",\"potentialAction\":[{\"@type\":\"CommentAction\",\"name\":\"Comment\",\"target\":[\"https:\/\/nitu.mx\/index.php\/2022\/01\/20\/mantiene-espana-activas-5-aerolineas-con-viajes-directos-a-cancun\/#respond\"]}]},{\"@type\":\"WebPage\",\"@id\":\"https:\/\/nitu.mx\/index.php\/2022\/01\/20\/mantiene-espana-activas-5-aerolineas-con-viajes-directos-a-cancun\/\",\"url\":\"https:\/\/nitu.mx\/index.php\/2022\/01\/20\/mantiene-espana-activas-5-aerolineas-con-viajes-directos-a-cancun\/\",\"name\":\"Mantiene Espa\u00f1a activas 5 aerol\u00edneas con viajes directos a Canc\u00fan - Nitu - Noticias de la Industria Turistica\",\"isPartOf\":{\"@id\":\"https:\/\/nitu.mx\/#website\"},\"primaryImageOfPage\":{\"@id\":\"https:\/\/nitu.mx\/index.php\/2022\/01\/20\/mantiene-espana-activas-5-aerolineas-con-viajes-directos-a-cancun\/#primaryimage\"},\"image\":{\"@id\":\"https:\/\/nitu.mx\/index.php\/2022\/01\/20\/mantiene-espana-activas-5-aerolineas-con-viajes-directos-a-cancun\/#primaryimage\"},\"thumbnailUrl\":\"https:\/\/nitu.mx\/wp-content\/uploads\/2022\/01\/Captura-de-Pantalla-2022-01-20-a-las-22.18.55.png\",\"datePublished\":\"2022-01-21T03:20:04+00:00\",\"dateModified\":\"2022-01-21T06:32:46+00:00\",\"breadcrumb\":{\"@id\":\"https:\/\/nitu.mx\/index.php\/2022\/01\/20\/mantiene-espana-activas-5-aerolineas-con-viajes-directos-a-cancun\/#breadcrumb\"},\"inLanguage\":\"es-MX\",\"potentialAction\":[{\"@type\":\"ReadAction\",\"target\":[\"https:\/\/nitu.mx\/index.php\/2022\/01\/20\/mantiene-espana-activas-5-aerolineas-con-viajes-directos-a-cancun\/\"]}]},{\"@type\":\"ImageObject\",\"inLanguage\":\"es-MX\",\"@id\":\"https:\/\/nitu.mx\/index.php\/2022\/01\/20\/mantiene-espana-activas-5-aerolineas-con-viajes-directos-a-cancun\/#primaryimage\",\"url\":\"https:\/\/nitu.mx\/wp-content\/uploads\/2022\/01\/Captura-de-Pantalla-2022-01-20-a-las-22.18.55.png\",\"contentUrl\":\"https:\/\/nitu.mx\/wp-content\/uploads\/2022\/01\/Captura-de-Pantalla-2022-01-20-a-las-22.18.55.png\",\"width\":783,\"height\":457},{\"@type\":\"BreadcrumbList\",\"@id\":\"https:\/\/nitu.mx\/index.php\/2022\/01\/20\/mantiene-espana-activas-5-aerolineas-con-viajes-directos-a-cancun\/#breadcrumb\",\"itemListElement\":[{\"@type\":\"ListItem\",\"position\":1,\"name\":\"Inicio\",\"item\":\"https:\/\/nitu.mx\/\"},{\"@type\":\"ListItem\",\"position\":2,\"name\":\"Mantiene Espa\u00f1a activas 5 aerol\u00edneas con viajes directos a Canc\u00fan\"}]},{\"@type\":\"WebSite\",\"@id\":\"https:\/\/nitu.mx\/#website\",\"url\":\"https:\/\/nitu.mx\/\",\"name\":\"Nitu - Noticias de la Industria Turistica\",\"description\":\"Noticias de la Industria Turistica\",\"publisher\":{\"@id\":\"https:\/\/nitu.mx\/#\/schema\/person\/ae7a53426417292d3dd07b45a33e01bc\"},\"alternateName\":\"Noticias de la Industria Turistica\",\"potentialAction\":[{\"@type\":\"SearchAction\",\"target\":{\"@type\":\"EntryPoint\",\"urlTemplate\":\"https:\/\/nitu.mx\/?s={search_term_string}\"},\"query-input\":\"required name=search_term_string\"}],\"inLanguage\":\"es-MX\"},{\"@type\":[\"Person\",\"Organization\"],\"@id\":\"https:\/\/nitu.mx\/#\/schema\/person\/ae7a53426417292d3dd07b45a33e01bc\",\"name\":\"Arturo Medina\",\"image\":{\"@type\":\"ImageObject\",\"inLanguage\":\"es-MX\",\"@id\":\"https:\/\/nitu.mx\/#\/schema\/person\/image\/\",\"url\":\"https:\/\/nitu.mx\/wp-content\/uploads\/2024\/04\/4A315622-1904-4D5C-B022-878CDC840E04-90x90-1.jpeg\",\"contentUrl\":\"https:\/\/nitu.mx\/wp-content\/uploads\/2024\/04\/4A315622-1904-4D5C-B022-878CDC840E04-90x90-1.jpeg\",\"width\":90,\"height\":90,\"caption\":\"Arturo Medina\"},\"logo\":{\"@id\":\"https:\/\/nitu.mx\/#\/schema\/person\/image\/\"},\"description\":\"Director NITU.mx, Egresado de la Escuela de Periodismo Carlos Septi\u00e9n Garc\u00eda. Periodista y analista especializado en turismo desde hace 35 a\u00f1os, radicado en Canc\u00fan Q.Roo. arturo@nitu.mx\",\"sameAs\":[\"https:\/\/nitu.mx\",\"https:\/\/www.facebook.com\/NITUmx\/\",\"medinacancun\",\"https:\/\/twitter.com\/@Arturo_Medina_G\"]},{\"@type\":\"Person\",\"@id\":\"https:\/\/nitu.mx\/#\/schema\/person\/4a28fe9bd65924f7c90623773daf1b0b\",\"name\":\"Redacci\u00f3n\",\"image\":{\"@type\":\"ImageObject\",\"inLanguage\":\"es-MX\",\"@id\":\"https:\/\/nitu.mx\/#\/schema\/person\/image\/\",\"url\":\"https:\/\/secure.gravatar.com\/avatar\/5dd011c8ccfc5cd7e4c81e42252aab38?s=96&d=mm&r=g\",\"contentUrl\":\"https:\/\/secure.gravatar.com\/avatar\/5dd011c8ccfc5cd7e4c81e42252aab38?s=96&d=mm&r=g\",\"caption\":\"Redacci\u00f3n\"},\"url\":\"https:\/\/nitu.mx\/index.php\/author\/redaccion\/\"}]}<\/script>\n<!-- \/ Yoast SEO plugin. -->","yoast_head_json":{"title":"Mantiene Espa\u00f1a activas 5 aerol\u00edneas con viajes directos a Canc\u00fan - Nitu - Noticias de la Industria Turistica","robots":{"index":"index","follow":"follow","max-snippet":"max-snippet:-1","max-image-preview":"max-image-preview:large","max-video-preview":"max-video-preview:-1"},"canonical":"https:\/\/nitu.mx\/index.php\/2022\/01\/20\/mantiene-espana-activas-5-aerolineas-con-viajes-directos-a-cancun\/","twitter_card":"summary_large_image","twitter_title":"Mantiene Espa\u00f1a activas 5 aerol\u00edneas con viajes directos a Canc\u00fan - Nitu - Noticias de la Industria Turistica","twitter_description":"De acuerdo con las pl\u00e1ticas que se han establecido con aerol\u00edneas y touroperdores en el marco del segundo d\u00eda de actividades de FITUR, la expectativa de llegar al menos al mismo nivel de visitantes espa\u00f1oles que en 2019 para el Caribe Mexicano se mantiene, Dario Flota Ocampo, director del Consejo de Promoci\u00f3n Tur\u00edstica de Quintana [&hellip;]","twitter_image":"https:\/\/nitu.mx\/wp-content\/uploads\/2022\/01\/Captura-de-Pantalla-2022-01-20-a-las-22.18.55.png","twitter_creator":"@NITUmx","twitter_site":"@Arturo_Medina_G","twitter_misc":{"Escrito por":"Redacci\u00f3n","Tiempo de lectura":"2 minutos"},"schema":{"@context":"https:\/\/schema.org","@graph":[{"@type":"Article","@id":"https:\/\/nitu.mx\/index.php\/2022\/01\/20\/mantiene-espana-activas-5-aerolineas-con-viajes-directos-a-cancun\/#article","isPartOf":{"@id":"https:\/\/nitu.mx\/index.php\/2022\/01\/20\/mantiene-espana-activas-5-aerolineas-con-viajes-directos-a-cancun\/"},"author":{"name":"Redacci\u00f3n","@id":"https:\/\/nitu.mx\/#\/schema\/person\/4a28fe9bd65924f7c90623773daf1b0b"},"headline":"Mantiene Espa\u00f1a activas 5 aerol\u00edneas con viajes directos a Canc\u00fan","datePublished":"2022-01-21T03:20:04+00:00","dateModified":"2022-01-21T06:32:46+00:00","mainEntityOfPage":{"@id":"https:\/\/nitu.mx\/index.php\/2022\/01\/20\/mantiene-espana-activas-5-aerolineas-con-viajes-directos-a-cancun\/"},"wordCount":448,"commentCount":0,"publisher":{"@id":"https:\/\/nitu.mx\/#\/schema\/person\/ae7a53426417292d3dd07b45a33e01bc"},"image":{"@id":"https:\/\/nitu.mx\/index.php\/2022\/01\/20\/mantiene-espana-activas-5-aerolineas-con-viajes-directos-a-cancun\/#primaryimage"},"thumbnailUrl":"https:\/\/nitu.mx\/wp-content\/uploads\/2022\/01\/Captura-de-Pantalla-2022-01-20-a-las-22.18.55.png","keywords":["Canc\u00fan","Caribe mexicano","Dar\u00edo Flota","Espa\u00f1a","FITUR"],"articleSection":["Caribe Mexicano"],"inLanguage":"es-MX","potentialAction":[{"@type":"CommentAction","name":"Comment","target":["https:\/\/nitu.mx\/index.php\/2022\/01\/20\/mantiene-espana-activas-5-aerolineas-con-viajes-directos-a-cancun\/#respond"]}]},{"@type":"WebPage","@id":"https:\/\/nitu.mx\/index.php\/2022\/01\/20\/mantiene-espana-activas-5-aerolineas-con-viajes-directos-a-cancun\/","url":"https:\/\/nitu.mx\/index.php\/2022\/01\/20\/mantiene-espana-activas-5-aerolineas-con-viajes-directos-a-cancun\/","name":"Mantiene Espa\u00f1a activas 5 aerol\u00edneas con viajes directos a Canc\u00fan - Nitu - Noticias de la Industria Turistica","isPartOf":{"@id":"https:\/\/nitu.mx\/#website"},"primaryImageOfPage":{"@id":"https:\/\/nitu.mx\/index.php\/2022\/01\/20\/mantiene-espana-activas-5-aerolineas-con-viajes-directos-a-cancun\/#primaryimage"},"image":{"@id":"https:\/\/nitu.mx\/index.php\/2022\/01\/20\/mantiene-espana-activas-5-aerolineas-con-viajes-directos-a-cancun\/#primaryimage"},"thumbnailUrl":"https:\/\/nitu.mx\/wp-content\/uploads\/2022\/01\/Captura-de-Pantalla-2022-01-20-a-las-22.18.55.png","datePublished":"2022-01-21T03:20:04+00:00","dateModified":"2022-01-21T06:32:46+00:00","breadcrumb":{"@id":"https:\/\/nitu.mx\/index.php\/2022\/01\/20\/mantiene-espana-activas-5-aerolineas-con-viajes-directos-a-cancun\/#breadcrumb"},"inLanguage":"es-MX","potentialAction":[{"@type":"ReadAction","target":["https:\/\/nitu.mx\/index.php\/2022\/01\/20\/mantiene-espana-activas-5-aerolineas-con-viajes-directos-a-cancun\/"]}]},{"@type":"ImageObject","inLanguage":"es-MX","@id":"https:\/\/nitu.mx\/index.php\/2022\/01\/20\/mantiene-espana-activas-5-aerolineas-con-viajes-directos-a-cancun\/#primaryimage","url":"https:\/\/nitu.mx\/wp-content\/uploads\/2022\/01\/Captura-de-Pantalla-2022-01-20-a-las-22.18.55.png","contentUrl":"https:\/\/nitu.mx\/wp-content\/uploads\/2022\/01\/Captura-de-Pantalla-2022-01-20-a-las-22.18.55.png","width":783,"height":457},{"@type":"BreadcrumbList","@id":"https:\/\/nitu.mx\/index.php\/2022\/01\/20\/mantiene-espana-activas-5-aerolineas-con-viajes-directos-a-cancun\/#breadcrumb","itemListElement":[{"@type":"ListItem","position":1,"name":"Inicio","item":"https:\/\/nitu.mx\/"},{"@type":"ListItem","position":2,"name":"Mantiene Espa\u00f1a activas 5 aerol\u00edneas con viajes directos a Canc\u00fan"}]},{"@type":"WebSite","@id":"https:\/\/nitu.mx\/#website","url":"https:\/\/nitu.mx\/","name":"Nitu - Noticias de la Industria Turistica","description":"Noticias de la Industria Turistica","publisher":{"@id":"https:\/\/nitu.mx\/#\/schema\/person\/ae7a53426417292d3dd07b45a33e01bc"},"alternateName":"Noticias de la Industria Turistica","potentialAction":[{"@type":"SearchAction","target":{"@type":"EntryPoint","urlTemplate":"https:\/\/nitu.mx\/?s={search_term_string}"},"query-input":"required name=search_term_string"}],"inLanguage":"es-MX"},{"@type":["Person","Organization"],"@id":"https:\/\/nitu.mx\/#\/schema\/person\/ae7a53426417292d3dd07b45a33e01bc","name":"Arturo Medina","image":{"@type":"ImageObject","inLanguage":"es-MX","@id":"https:\/\/nitu.mx\/#\/schema\/person\/image\/","url":"https:\/\/nitu.mx\/wp-content\/uploads\/2024\/04\/4A315622-1904-4D5C-B022-878CDC840E04-90x90-1.jpeg","contentUrl":"https:\/\/nitu.mx\/wp-content\/uploads\/2024\/04\/4A315622-1904-4D5C-B022-878CDC840E04-90x90-1.jpeg","width":90,"height":90,"caption":"Arturo Medina"},"logo":{"@id":"https:\/\/nitu.mx\/#\/schema\/person\/image\/"},"description":"Director NITU.mx, Egresado de la Escuela de Periodismo Carlos Septi\u00e9n Garc\u00eda. Periodista y analista especializado en turismo desde hace 35 a\u00f1os, radicado en Canc\u00fan Q.Roo. arturo@nitu.mx","sameAs":["https:\/\/nitu.mx","https:\/\/www.facebook.com\/NITUmx\/","medinacancun","https:\/\/twitter.com\/@Arturo_Medina_G"]},{"@type":"Person","@id":"https:\/\/nitu.mx\/#\/schema\/person\/4a28fe9bd65924f7c90623773daf1b0b","name":"Redacci\u00f3n","image":{"@type":"ImageObject","inLanguage":"es-MX","@id":"https:\/\/nitu.mx\/#\/schema\/person\/image\/","url":"https:\/\/secure.gravatar.com\/avatar\/5dd011c8ccfc5cd7e4c81e42252aab38?s=96&d=mm&r=g","contentUrl":"https:\/\/secure.gravatar.com\/avatar\/5dd011c8ccfc5cd7e4c81e42252aab38?s=96&d=mm&r=g","caption":"Redacci\u00f3n"},"url":"https:\/\/nitu.mx\/index.php\/author\/redaccion\/"}]}},"views":268,"_links":{"self":[{"href":"https:\/\/nitu.mx\/index.php\/wp-json\/wp\/v2\/posts\/57703"}],"collection":[{"href":"https:\/\/nitu.mx\/index.php\/wp-json\/wp\/v2\/posts"}],"about":[{"href":"https:\/\/nitu.mx\/index.php\/wp-json\/wp\/v2\/types\/post"}],"author":[{"embeddable":true,"href":"https:\/\/nitu.mx\/index.php\/wp-json\/wp\/v2\/users\/17"}],"replies":[{"embeddable":true,"href":"https:\/\/nitu.mx\/index.php\/wp-json\/wp\/v2\/comments?post=57703"}],"version-history":[{"count":3,"href":"https:\/\/nitu.mx\/index.php\/wp-json\/wp\/v2\/posts\/57703\/revisions"}],"predecessor-version":[{"id":57717,"href":"https:\/\/nitu.mx\/index.php\/wp-json\/wp\/v2\/posts\/57703\/revisions\/57717"}],"wp:featuredmedia":[{"embeddable":true,"href":"https:\/\/nitu.mx\/index.php\/wp-json\/wp\/v2\/media\/57705"}],"wp:attachment":[{"href":"https:\/\/nitu.mx\/index.php\/wp-json\/wp\/v2\/media?parent=57703"}],"wp:term":[{"taxonomy":"category","embeddable":true,"href":"https:\/\/nitu.mx\/index.php\/wp-json\/wp\/v2\/categories?post=57703"},{"taxonomy":"post_tag","embeddable":true,"href":"https:\/\/nitu.mx\/index.php\/wp-json\/wp\/v2\/tags?post=57703"}],"curies":[{"name":"wp","href":"https:\/\/api.w.org\/{rel}","templated":true}]}}