{"id":57677,"date":"2022-01-20T01:11:05","date_gmt":"2022-01-20T06:11:05","guid":{"rendered":"https:\/\/www.dev.nitu.mx\/?p=57677"},"modified":"2022-01-20T01:16:54","modified_gmt":"2022-01-20T06:16:54","slug":"desde-quintana-roo-carlos-joaquin-reitera-el-compromiso-para-la-promocion-del-caribe-mexicano","status":"publish","type":"post","link":"https:\/\/nitu.mx\/index.php\/2022\/01\/20\/desde-quintana-roo-carlos-joaquin-reitera-el-compromiso-para-la-promocion-del-caribe-mexicano\/","title":{"rendered":"Desde Quintana Roo Carlos Joaqu\u00edn reitera el compromiso para la promoci\u00f3n del Caribe Mexicano"},"content":{"rendered":"<p>La promoci\u00f3n tur\u00edstica de Quintana Roo, para seguir abriendo mercados en el mundo, ocupa un lugar central en la agenda de gobierno de Carlos Joaqu\u00edn desde el inicio de la administraci\u00f3n<\/p>\n<p data-uw-styling-context=\"true\">A ra\u00edz de la pandemia por coronavirus, despu\u00e9s de la etapa de confinamiento y al abrir la de recuperaci\u00f3n econ\u00f3mica de forma gradual, ordenada y responsable, el gobernador de Quintana Roo lider\u00f3 y obtuvo el reconocimiento del turismo como actividad esencial en la entidad y de vital importancia para la econom\u00eda nacional.<\/p>\n<blockquote class=\"twitter-tweet\" data-width=\"550\" data-dnt=\"true\">\n<p lang=\"es\" dir=\"ltr\">Lucimos la belleza del <a href=\"https:\/\/twitter.com\/hashtag\/CaribeMexicano?src=hash&amp;ref_src=twsrc%5Etfw\">#CaribeMexicano<\/a> en un pabell\u00f3n de 120 m\u00b2 para atraer inversiones y turismo a Quintana Roo. <a href=\"https:\/\/twitter.com\/hashtag\/FITUR2022?src=hash&amp;ref_src=twsrc%5Etfw\">#FITUR2022<\/a> es una de las ferias m\u00e1s importantes del mundo, llegan tour operadores, agentes de viajes y compradores que buscan nuevos productos para cerrar negocios. <a href=\"https:\/\/t.co\/dIW2P5qsA2\">pic.twitter.com\/dIW2P5qsA2<\/a><\/p>\n<p>&mdash; Carlos Joaqu\u00edn (@CarlosJoaquin) <a href=\"https:\/\/twitter.com\/CarlosJoaquin\/status\/1483830458689495041?ref_src=twsrc%5Etfw\">January 19, 2022<\/a><\/p><\/blockquote>\n<p><script async src=\"https:\/\/platform.twitter.com\/widgets.js\" charset=\"utf-8\"><\/script><\/p>\n<p data-uw-styling-context=\"true\">\u201cHoy los destinos tur\u00edsticos del Caribe Mexicano brillan ante los ojos del mundo en la Feria Internacional del Turismo. Un esfuerzo del gobierno de Quintana Roo para refrendar nuestro liderazgo como la Joya Tur\u00edstica de M\u00e9xico\u201d tuite\u00f3 el titular del Ejecutivo.<\/p>\n<p data-uw-styling-context=\"true\">Carlos Joaqu\u00edn lider\u00f3 acciones para profundizar la estrategia de apertura de mercado, tanto comerciales como tur\u00edsticos, para la recuperaci\u00f3n de los empleos perdidos, abrir nuevas oportunidades de negocios e intensificar la promoci\u00f3n tur\u00edstica.<\/p>\n<p data-uw-styling-context=\"true\">Entre los resultados destaca el cierre del 2021 con m\u00e1s de 12.5 millones de visitantes, de los cuales 7.1 millones fueron extranjeros y 5.3 millones nacionales, lo que representa una recuperaci\u00f3n del 80% de la actividad, de acuerdo con datos de la Secretar\u00eda Estatal de Turismo (Sedetur).<\/p>\n<blockquote class=\"twitter-tweet\" data-width=\"550\" data-dnt=\"true\">\n<p lang=\"es\" dir=\"ltr\">Iniciamos actividades de Promoci\u00f3n del <a href=\"https:\/\/twitter.com\/hashtag\/CaribeMexicano?src=hash&amp;ref_src=twsrc%5Etfw\">#CaribeMexicano<\/a> en <a href=\"https:\/\/twitter.com\/hashtag\/FITUR?src=hash&amp;ref_src=twsrc%5Etfw\">#FITUR<\/a> <\/p>\n<p>Te compartimos la nota completa \ud83d\udcc4:<\/p>\n<p>\ud83c\udf10 <a href=\"https:\/\/t.co\/rpUZKJ991U\">https:\/\/t.co\/rpUZKJ991U<\/a><a href=\"https:\/\/twitter.com\/bernardo_cueto?ref_src=twsrc%5Etfw\">@bernardo_cueto<\/a> @CaribeMexico <a href=\"https:\/\/twitter.com\/CarlosJoaquin?ref_src=twsrc%5Etfw\">@CarlosJoaquin<\/a> <a href=\"https:\/\/t.co\/PiWf18xnRw\">pic.twitter.com\/PiWf18xnRw<\/a><\/p>\n<p>&mdash; Sr\u00eda. de Turismo Quintana Roo (@SedeturQROO) <a href=\"https:\/\/twitter.com\/SedeturQROO\/status\/1483860139690102788?ref_src=twsrc%5Etfw\">January 19, 2022<\/a><\/p><\/blockquote>\n<p><script async src=\"https:\/\/platform.twitter.com\/widgets.js\" charset=\"utf-8\"><\/script><\/p>\n<p data-uw-styling-context=\"true\">Asimismo, se logr\u00f3 enlazar a Quintana Roo como m\u00e1s de 100 ciudades en el mundo, con una ocupaci\u00f3n hotelera del 61%, con m\u00e1s de 500 operaciones diarias en el aeropuerto internacional de Canc\u00fan y, en ocasiones, con cifras r\u00e9cord de hasta m\u00e1s de 600 operaciones al d\u00eda.<\/p>\n<p data-uw-styling-context=\"true\">La promoci\u00f3n tur\u00edstica para la recuperaci\u00f3n de la actividad, y para generar beneficios para todos, refleja resultados en las temporadas vacacionales.<\/p>\n<p data-uw-styling-context=\"true\">Por ejemplo, la Sedetur inform\u00f3 que durante Semana Santa se registr\u00f3 la afluencia de 665 mil 532 turistas; en temporada de verano se registraron 3 millones 3 mil 193 turistas, y en la temporada de invierno 1 mill\u00f3n 199 mil 926 turistas, con una diferencia del 15.3% respecto a 2019.<\/p>\n<p data-uw-styling-context=\"true\">Para fortalecer la estrategia de promoci\u00f3n y de apertura de mercados, el gobernador Carlos Joaqu\u00edn envi\u00f3 a una delegaci\u00f3n de Quintana Roo a la Feria Internacional de Turismo (FITUR), considerando que estas estrategias han sido clave para la recuperaci\u00f3n del Caribe Mexicano.<\/p>\n<p data-uw-styling-context=\"true\">En la FITUR, Quintana Roo promociona a nivel mundial -del 19 al 23 de enero- los 12 destinos del Caribe Mexicano, renueva la red de contactos y fortalece las relaciones comerciales con aerol\u00edneas y tour operadores.<\/p>\n<p data-uw-styling-context=\"true\">La delegaci\u00f3n quintanarroense est\u00e1 encabezada por Bernardo Cueto Riestra, Secretario de Turismo Estatal; Dar\u00edo Flota Ocampo, Director General del Consejo de Promoci\u00f3n Tur\u00edstica, Andr\u00e9s Aguilar Becerril, Subsecretario de Promoci\u00f3n y Operaci\u00f3n Tur\u00edstica.<\/p>\n<p data-uw-styling-context=\"true\">Se cuenta con representantes de turismo municipal de Benito Ju\u00e1rez, as\u00ed como los presidentes municipales Lili Campos de Solidaridad, Atenea G\u00f3mez de Isla Mujeres y Marciano Dzul de Tulum, al igual que las Asociaciones de Hoteles de Riviera Maya, Canc\u00fan, Puerto Morelos &amp; Isla Mujeres, y Tulum, los que sostendr\u00e1n reuniones de gran relevancia para el sector tur\u00edstico.<\/p>\n<p>&nbsp;<\/p>\n","protected":false},"excerpt":{"rendered":"<p>La promoci\u00f3n tur\u00edstica de Quintana Roo, para seguir abriendo mercados en el mundo, ocupa un lugar central en la agenda de gobierno de Carlos Joaqu\u00edn desde el inicio de la administraci\u00f3n A ra\u00edz de la pandemia por coronavirus, despu\u00e9s de la etapa de confinamiento y al abrir la de recuperaci\u00f3n econ\u00f3mica de forma gradual, ordenada [&hellip;]<\/p>\n","protected":false},"author":2,"featured_media":57679,"comment_status":"open","ping_status":"open","sticky":false,"template":"","format":"standard","meta":{"footnotes":""},"categories":[18475],"tags":[13931,83,384,2703,260],"yoast_head":"<!-- This site is optimized with the Yoast SEO plugin v22.2 - https:\/\/yoast.com\/wordpress\/plugins\/seo\/ -->\n<title>Desde Quintana Roo Carlos Joaqu\u00edn reitera el compromiso para la promoci\u00f3n del Caribe Mexicano - Nitu - Noticias de la Industria Turistica<\/title>\n<meta name=\"robots\" content=\"index, follow, max-snippet:-1, max-image-preview:large, max-video-preview:-1\" \/>\n<link rel=\"canonical\" href=\"https:\/\/nitu.mx\/index.php\/2022\/01\/20\/desde-quintana-roo-carlos-joaquin-reitera-el-compromiso-para-la-promocion-del-caribe-mexicano\/\" \/>\n<meta name=\"twitter:card\" content=\"summary_large_image\" \/>\n<meta name=\"twitter:title\" content=\"Desde Quintana Roo Carlos Joaqu\u00edn reitera el compromiso para la promoci\u00f3n del Caribe Mexicano - Nitu - Noticias de la Industria Turistica\" \/>\n<meta name=\"twitter:description\" content=\"La promoci\u00f3n tur\u00edstica de Quintana Roo, para seguir abriendo mercados en el mundo, ocupa un lugar central en la agenda de gobierno de Carlos Joaqu\u00edn desde el inicio de la administraci\u00f3n A ra\u00edz de la pandemia por coronavirus, despu\u00e9s de la etapa de confinamiento y al abrir la de recuperaci\u00f3n econ\u00f3mica de forma gradual, ordenada [&hellip;]\" \/>\n<meta name=\"twitter:image\" content=\"https:\/\/nitu.mx\/wp-content\/uploads\/2022\/01\/CJ-PromocionTuristica-01.jpeg\" \/>\n<meta name=\"twitter:creator\" content=\"@Arturo_Medina_G\" \/>\n<meta name=\"twitter:site\" content=\"@Arturo_Medina_G\" \/>\n<meta name=\"twitter:label1\" content=\"Escrito por\" \/>\n\t<meta name=\"twitter:data1\" content=\"Arturo Medina\" \/>\n\t<meta name=\"twitter:label2\" content=\"Tiempo de lectura\" \/>\n\t<meta name=\"twitter:data2\" content=\"3 minutos\" \/>\n<script type=\"application\/ld+json\" class=\"yoast-schema-graph\">{\"@context\":\"https:\/\/schema.org\",\"@graph\":[{\"@type\":\"Article\",\"@id\":\"https:\/\/nitu.mx\/index.php\/2022\/01\/20\/desde-quintana-roo-carlos-joaquin-reitera-el-compromiso-para-la-promocion-del-caribe-mexicano\/#article\",\"isPartOf\":{\"@id\":\"https:\/\/nitu.mx\/index.php\/2022\/01\/20\/desde-quintana-roo-carlos-joaquin-reitera-el-compromiso-para-la-promocion-del-caribe-mexicano\/\"},\"author\":{\"name\":\"Arturo Medina\",\"@id\":\"https:\/\/nitu.mx\/#\/schema\/person\/ae7a53426417292d3dd07b45a33e01bc\"},\"headline\":\"Desde Quintana Roo Carlos Joaqu\u00edn reitera el compromiso para la promoci\u00f3n del Caribe Mexicano\",\"datePublished\":\"2022-01-20T06:11:05+00:00\",\"dateModified\":\"2022-01-20T06:16:54+00:00\",\"mainEntityOfPage\":{\"@id\":\"https:\/\/nitu.mx\/index.php\/2022\/01\/20\/desde-quintana-roo-carlos-joaquin-reitera-el-compromiso-para-la-promocion-del-caribe-mexicano\/\"},\"wordCount\":546,\"commentCount\":0,\"publisher\":{\"@id\":\"https:\/\/nitu.mx\/#\/schema\/person\/ae7a53426417292d3dd07b45a33e01bc\"},\"image\":{\"@id\":\"https:\/\/nitu.mx\/index.php\/2022\/01\/20\/desde-quintana-roo-carlos-joaquin-reitera-el-compromiso-para-la-promocion-del-caribe-mexicano\/#primaryimage\"},\"thumbnailUrl\":\"https:\/\/nitu.mx\/wp-content\/uploads\/2022\/01\/CJ-PromocionTuristica-01.jpeg\",\"keywords\":[\"Bernardo Cueto\",\"Caribe mexicano\",\"Carlos Joaqu\u00edn\",\"FITUR\",\"Quintana Roo\"],\"articleSection\":[\"Caribe Mexicano\"],\"inLanguage\":\"es-MX\",\"potentialAction\":[{\"@type\":\"CommentAction\",\"name\":\"Comment\",\"target\":[\"https:\/\/nitu.mx\/index.php\/2022\/01\/20\/desde-quintana-roo-carlos-joaquin-reitera-el-compromiso-para-la-promocion-del-caribe-mexicano\/#respond\"]}]},{\"@type\":\"WebPage\",\"@id\":\"https:\/\/nitu.mx\/index.php\/2022\/01\/20\/desde-quintana-roo-carlos-joaquin-reitera-el-compromiso-para-la-promocion-del-caribe-mexicano\/\",\"url\":\"https:\/\/nitu.mx\/index.php\/2022\/01\/20\/desde-quintana-roo-carlos-joaquin-reitera-el-compromiso-para-la-promocion-del-caribe-mexicano\/\",\"name\":\"Desde Quintana Roo Carlos Joaqu\u00edn reitera el compromiso para la promoci\u00f3n del Caribe Mexicano - Nitu - Noticias de la Industria Turistica\",\"isPartOf\":{\"@id\":\"https:\/\/nitu.mx\/#website\"},\"primaryImageOfPage\":{\"@id\":\"https:\/\/nitu.mx\/index.php\/2022\/01\/20\/desde-quintana-roo-carlos-joaquin-reitera-el-compromiso-para-la-promocion-del-caribe-mexicano\/#primaryimage\"},\"image\":{\"@id\":\"https:\/\/nitu.mx\/index.php\/2022\/01\/20\/desde-quintana-roo-carlos-joaquin-reitera-el-compromiso-para-la-promocion-del-caribe-mexicano\/#primaryimage\"},\"thumbnailUrl\":\"https:\/\/nitu.mx\/wp-content\/uploads\/2022\/01\/CJ-PromocionTuristica-01.jpeg\",\"datePublished\":\"2022-01-20T06:11:05+00:00\",\"dateModified\":\"2022-01-20T06:16:54+00:00\",\"breadcrumb\":{\"@id\":\"https:\/\/nitu.mx\/index.php\/2022\/01\/20\/desde-quintana-roo-carlos-joaquin-reitera-el-compromiso-para-la-promocion-del-caribe-mexicano\/#breadcrumb\"},\"inLanguage\":\"es-MX\",\"potentialAction\":[{\"@type\":\"ReadAction\",\"target\":[\"https:\/\/nitu.mx\/index.php\/2022\/01\/20\/desde-quintana-roo-carlos-joaquin-reitera-el-compromiso-para-la-promocion-del-caribe-mexicano\/\"]}]},{\"@type\":\"ImageObject\",\"inLanguage\":\"es-MX\",\"@id\":\"https:\/\/nitu.mx\/index.php\/2022\/01\/20\/desde-quintana-roo-carlos-joaquin-reitera-el-compromiso-para-la-promocion-del-caribe-mexicano\/#primaryimage\",\"url\":\"https:\/\/nitu.mx\/wp-content\/uploads\/2022\/01\/CJ-PromocionTuristica-01.jpeg\",\"contentUrl\":\"https:\/\/nitu.mx\/wp-content\/uploads\/2022\/01\/CJ-PromocionTuristica-01.jpeg\",\"width\":1024,\"height\":656},{\"@type\":\"BreadcrumbList\",\"@id\":\"https:\/\/nitu.mx\/index.php\/2022\/01\/20\/desde-quintana-roo-carlos-joaquin-reitera-el-compromiso-para-la-promocion-del-caribe-mexicano\/#breadcrumb\",\"itemListElement\":[{\"@type\":\"ListItem\",\"position\":1,\"name\":\"Inicio\",\"item\":\"https:\/\/nitu.mx\/\"},{\"@type\":\"ListItem\",\"position\":2,\"name\":\"Desde Quintana Roo Carlos Joaqu\u00edn reitera el compromiso para la promoci\u00f3n del Caribe Mexicano\"}]},{\"@type\":\"WebSite\",\"@id\":\"https:\/\/nitu.mx\/#website\",\"url\":\"https:\/\/nitu.mx\/\",\"name\":\"Nitu - Noticias de la Industria Turistica\",\"description\":\"Noticias de la Industria Turistica\",\"publisher\":{\"@id\":\"https:\/\/nitu.mx\/#\/schema\/person\/ae7a53426417292d3dd07b45a33e01bc\"},\"alternateName\":\"Noticias de la Industria Turistica\",\"potentialAction\":[{\"@type\":\"SearchAction\",\"target\":{\"@type\":\"EntryPoint\",\"urlTemplate\":\"https:\/\/nitu.mx\/?s={search_term_string}\"},\"query-input\":\"required name=search_term_string\"}],\"inLanguage\":\"es-MX\"},{\"@type\":[\"Person\",\"Organization\"],\"@id\":\"https:\/\/nitu.mx\/#\/schema\/person\/ae7a53426417292d3dd07b45a33e01bc\",\"name\":\"Arturo Medina\",\"image\":{\"@type\":\"ImageObject\",\"inLanguage\":\"es-MX\",\"@id\":\"https:\/\/nitu.mx\/#\/schema\/person\/image\/\",\"url\":\"https:\/\/nitu.mx\/wp-content\/uploads\/2024\/04\/4A315622-1904-4D5C-B022-878CDC840E04-90x90-1.jpeg\",\"contentUrl\":\"https:\/\/nitu.mx\/wp-content\/uploads\/2024\/04\/4A315622-1904-4D5C-B022-878CDC840E04-90x90-1.jpeg\",\"width\":90,\"height\":90,\"caption\":\"Arturo Medina\"},\"logo\":{\"@id\":\"https:\/\/nitu.mx\/#\/schema\/person\/image\/\"},\"description\":\"Director NITU.mx, Egresado de la Escuela de Periodismo Carlos Septi\u00e9n Garc\u00eda. Periodista y analista especializado en turismo desde hace 35 a\u00f1os, radicado en Canc\u00fan Q.Roo. arturo@nitu.mx\",\"sameAs\":[\"https:\/\/nitu.mx\",\"https:\/\/www.facebook.com\/NITUmx\/\",\"medinacancun\",\"https:\/\/twitter.com\/@Arturo_Medina_G\"],\"url\":\"https:\/\/nitu.mx\/index.php\/author\/arturo-medina\/\"}]}<\/script>\n<!-- \/ Yoast SEO plugin. -->","yoast_head_json":{"title":"Desde Quintana Roo Carlos Joaqu\u00edn reitera el compromiso para la promoci\u00f3n del Caribe Mexicano - Nitu - Noticias de la Industria Turistica","robots":{"index":"index","follow":"follow","max-snippet":"max-snippet:-1","max-image-preview":"max-image-preview:large","max-video-preview":"max-video-preview:-1"},"canonical":"https:\/\/nitu.mx\/index.php\/2022\/01\/20\/desde-quintana-roo-carlos-joaquin-reitera-el-compromiso-para-la-promocion-del-caribe-mexicano\/","twitter_card":"summary_large_image","twitter_title":"Desde Quintana Roo Carlos Joaqu\u00edn reitera el compromiso para la promoci\u00f3n del Caribe Mexicano - Nitu - Noticias de la Industria Turistica","twitter_description":"La promoci\u00f3n tur\u00edstica de Quintana Roo, para seguir abriendo mercados en el mundo, ocupa un lugar central en la agenda de gobierno de Carlos Joaqu\u00edn desde el inicio de la administraci\u00f3n A ra\u00edz de la pandemia por coronavirus, despu\u00e9s de la etapa de confinamiento y al abrir la de recuperaci\u00f3n econ\u00f3mica de forma gradual, ordenada [&hellip;]","twitter_image":"https:\/\/nitu.mx\/wp-content\/uploads\/2022\/01\/CJ-PromocionTuristica-01.jpeg","twitter_creator":"@Arturo_Medina_G","twitter_site":"@Arturo_Medina_G","twitter_misc":{"Escrito por":"Arturo Medina","Tiempo de lectura":"3 minutos"},"schema":{"@context":"https:\/\/schema.org","@graph":[{"@type":"Article","@id":"https:\/\/nitu.mx\/index.php\/2022\/01\/20\/desde-quintana-roo-carlos-joaquin-reitera-el-compromiso-para-la-promocion-del-caribe-mexicano\/#article","isPartOf":{"@id":"https:\/\/nitu.mx\/index.php\/2022\/01\/20\/desde-quintana-roo-carlos-joaquin-reitera-el-compromiso-para-la-promocion-del-caribe-mexicano\/"},"author":{"name":"Arturo Medina","@id":"https:\/\/nitu.mx\/#\/schema\/person\/ae7a53426417292d3dd07b45a33e01bc"},"headline":"Desde Quintana Roo Carlos Joaqu\u00edn reitera el compromiso para la promoci\u00f3n del Caribe Mexicano","datePublished":"2022-01-20T06:11:05+00:00","dateModified":"2022-01-20T06:16:54+00:00","mainEntityOfPage":{"@id":"https:\/\/nitu.mx\/index.php\/2022\/01\/20\/desde-quintana-roo-carlos-joaquin-reitera-el-compromiso-para-la-promocion-del-caribe-mexicano\/"},"wordCount":546,"commentCount":0,"publisher":{"@id":"https:\/\/nitu.mx\/#\/schema\/person\/ae7a53426417292d3dd07b45a33e01bc"},"image":{"@id":"https:\/\/nitu.mx\/index.php\/2022\/01\/20\/desde-quintana-roo-carlos-joaquin-reitera-el-compromiso-para-la-promocion-del-caribe-mexicano\/#primaryimage"},"thumbnailUrl":"https:\/\/nitu.mx\/wp-content\/uploads\/2022\/01\/CJ-PromocionTuristica-01.jpeg","keywords":["Bernardo Cueto","Caribe mexicano","Carlos Joaqu\u00edn","FITUR","Quintana Roo"],"articleSection":["Caribe Mexicano"],"inLanguage":"es-MX","potentialAction":[{"@type":"CommentAction","name":"Comment","target":["https:\/\/nitu.mx\/index.php\/2022\/01\/20\/desde-quintana-roo-carlos-joaquin-reitera-el-compromiso-para-la-promocion-del-caribe-mexicano\/#respond"]}]},{"@type":"WebPage","@id":"https:\/\/nitu.mx\/index.php\/2022\/01\/20\/desde-quintana-roo-carlos-joaquin-reitera-el-compromiso-para-la-promocion-del-caribe-mexicano\/","url":"https:\/\/nitu.mx\/index.php\/2022\/01\/20\/desde-quintana-roo-carlos-joaquin-reitera-el-compromiso-para-la-promocion-del-caribe-mexicano\/","name":"Desde Quintana Roo Carlos Joaqu\u00edn reitera el compromiso para la promoci\u00f3n del Caribe Mexicano - Nitu - Noticias de la Industria Turistica","isPartOf":{"@id":"https:\/\/nitu.mx\/#website"},"primaryImageOfPage":{"@id":"https:\/\/nitu.mx\/index.php\/2022\/01\/20\/desde-quintana-roo-carlos-joaquin-reitera-el-compromiso-para-la-promocion-del-caribe-mexicano\/#primaryimage"},"image":{"@id":"https:\/\/nitu.mx\/index.php\/2022\/01\/20\/desde-quintana-roo-carlos-joaquin-reitera-el-compromiso-para-la-promocion-del-caribe-mexicano\/#primaryimage"},"thumbnailUrl":"https:\/\/nitu.mx\/wp-content\/uploads\/2022\/01\/CJ-PromocionTuristica-01.jpeg","datePublished":"2022-01-20T06:11:05+00:00","dateModified":"2022-01-20T06:16:54+00:00","breadcrumb":{"@id":"https:\/\/nitu.mx\/index.php\/2022\/01\/20\/desde-quintana-roo-carlos-joaquin-reitera-el-compromiso-para-la-promocion-del-caribe-mexicano\/#breadcrumb"},"inLanguage":"es-MX","potentialAction":[{"@type":"ReadAction","target":["https:\/\/nitu.mx\/index.php\/2022\/01\/20\/desde-quintana-roo-carlos-joaquin-reitera-el-compromiso-para-la-promocion-del-caribe-mexicano\/"]}]},{"@type":"ImageObject","inLanguage":"es-MX","@id":"https:\/\/nitu.mx\/index.php\/2022\/01\/20\/desde-quintana-roo-carlos-joaquin-reitera-el-compromiso-para-la-promocion-del-caribe-mexicano\/#primaryimage","url":"https:\/\/nitu.mx\/wp-content\/uploads\/2022\/01\/CJ-PromocionTuristica-01.jpeg","contentUrl":"https:\/\/nitu.mx\/wp-content\/uploads\/2022\/01\/CJ-PromocionTuristica-01.jpeg","width":1024,"height":656},{"@type":"BreadcrumbList","@id":"https:\/\/nitu.mx\/index.php\/2022\/01\/20\/desde-quintana-roo-carlos-joaquin-reitera-el-compromiso-para-la-promocion-del-caribe-mexicano\/#breadcrumb","itemListElement":[{"@type":"ListItem","position":1,"name":"Inicio","item":"https:\/\/nitu.mx\/"},{"@type":"ListItem","position":2,"name":"Desde Quintana Roo Carlos Joaqu\u00edn reitera el compromiso para la promoci\u00f3n del Caribe Mexicano"}]},{"@type":"WebSite","@id":"https:\/\/nitu.mx\/#website","url":"https:\/\/nitu.mx\/","name":"Nitu - Noticias de la Industria Turistica","description":"Noticias de la Industria Turistica","publisher":{"@id":"https:\/\/nitu.mx\/#\/schema\/person\/ae7a53426417292d3dd07b45a33e01bc"},"alternateName":"Noticias de la Industria Turistica","potentialAction":[{"@type":"SearchAction","target":{"@type":"EntryPoint","urlTemplate":"https:\/\/nitu.mx\/?s={search_term_string}"},"query-input":"required name=search_term_string"}],"inLanguage":"es-MX"},{"@type":["Person","Organization"],"@id":"https:\/\/nitu.mx\/#\/schema\/person\/ae7a53426417292d3dd07b45a33e01bc","name":"Arturo Medina","image":{"@type":"ImageObject","inLanguage":"es-MX","@id":"https:\/\/nitu.mx\/#\/schema\/person\/image\/","url":"https:\/\/nitu.mx\/wp-content\/uploads\/2024\/04\/4A315622-1904-4D5C-B022-878CDC840E04-90x90-1.jpeg","contentUrl":"https:\/\/nitu.mx\/wp-content\/uploads\/2024\/04\/4A315622-1904-4D5C-B022-878CDC840E04-90x90-1.jpeg","width":90,"height":90,"caption":"Arturo Medina"},"logo":{"@id":"https:\/\/nitu.mx\/#\/schema\/person\/image\/"},"description":"Director NITU.mx, Egresado de la Escuela de Periodismo Carlos Septi\u00e9n Garc\u00eda. Periodista y analista especializado en turismo desde hace 35 a\u00f1os, radicado en Canc\u00fan Q.Roo. arturo@nitu.mx","sameAs":["https:\/\/nitu.mx","https:\/\/www.facebook.com\/NITUmx\/","medinacancun","https:\/\/twitter.com\/@Arturo_Medina_G"],"url":"https:\/\/nitu.mx\/index.php\/author\/arturo-medina\/"}]}},"views":256,"_links":{"self":[{"href":"https:\/\/nitu.mx\/index.php\/wp-json\/wp\/v2\/posts\/57677"}],"collection":[{"href":"https:\/\/nitu.mx\/index.php\/wp-json\/wp\/v2\/posts"}],"about":[{"href":"https:\/\/nitu.mx\/index.php\/wp-json\/wp\/v2\/types\/post"}],"author":[{"embeddable":true,"href":"https:\/\/nitu.mx\/index.php\/wp-json\/wp\/v2\/users\/2"}],"replies":[{"embeddable":true,"href":"https:\/\/nitu.mx\/index.php\/wp-json\/wp\/v2\/comments?post=57677"}],"version-history":[{"count":1,"href":"https:\/\/nitu.mx\/index.php\/wp-json\/wp\/v2\/posts\/57677\/revisions"}],"predecessor-version":[{"id":57678,"href":"https:\/\/nitu.mx\/index.php\/wp-json\/wp\/v2\/posts\/57677\/revisions\/57678"}],"wp:featuredmedia":[{"embeddable":true,"href":"https:\/\/nitu.mx\/index.php\/wp-json\/wp\/v2\/media\/57679"}],"wp:attachment":[{"href":"https:\/\/nitu.mx\/index.php\/wp-json\/wp\/v2\/media?parent=57677"}],"wp:term":[{"taxonomy":"category","embeddable":true,"href":"https:\/\/nitu.mx\/index.php\/wp-json\/wp\/v2\/categories?post=57677"},{"taxonomy":"post_tag","embeddable":true,"href":"https:\/\/nitu.mx\/index.php\/wp-json\/wp\/v2\/tags?post=57677"}],"curies":[{"name":"wp","href":"https:\/\/api.w.org\/{rel}","templated":true}]}}