{"id":57671,"date":"2022-01-19T22:37:40","date_gmt":"2022-01-20T03:37:40","guid":{"rendered":"https:\/\/www.dev.nitu.mx\/?p=57671"},"modified":"2022-01-20T01:17:33","modified_gmt":"2022-01-20T06:17:33","slug":"el-sur-de-quintana-roo-destaca-en-el-primer-dia-de-fitur","status":"publish","type":"post","link":"https:\/\/nitu.mx\/index.php\/2022\/01\/19\/el-sur-de-quintana-roo-destaca-en-el-primer-dia-de-fitur\/","title":{"rendered":"El sur de Quintana Roo destaca en el primer d\u00eda de FITUR"},"content":{"rendered":"<p data-uw-styling-context=\"true\">En el marco de la Feria Internacional de Turismo, FITUR 2022, dieron inicio a las actividades de promoci\u00f3n tur\u00edstica del Caribe Mexicano con el tradicional corte de list\u00f3n del Pabell\u00f3n que integra todos los destinos de Quintana Roo, estuvieron presentes; Miguel Torruco Marqu\u00e9s, Secretario de Turismo Federal; Bernardo Cueto; Secretario de Turismo de Quintana Roo; Andr\u00e9s Aguilar, subsecretario de Promoci\u00f3n y Operaci\u00f3n Tur\u00edstica de la Sedetur Quintana Roo; Lili Campos, presidenta del municipio de Solidaridad; Marciano Dzul, presidente del municipio de Tulum; Jes\u00fas Almaguer, representante de la Asociaci\u00f3n de Hoteles de Canc\u00fan, Puerto Morelos e Isla Mujeres; Toni Chaves, presidente de la Asociaci\u00f3n de hoteles de Riviera Maya y Humberto Hern\u00e1ndez-Haddad, subsecretario de Calidad y Regulaci\u00f3n de Sectur Federal.<\/p>\n<p data-uw-styling-context=\"true\">Como parte de la agenda de este primer d\u00eda en FITUR, se firm\u00f3 un convenio de colaboraci\u00f3n con Julio Gamero, director general de la prestigiosa aerol\u00ednea TAG, con el fin de establecer mecanismos mediante los cuales se unir\u00e1n esfuerzos para estructurar proyectos relacionados con la promoci\u00f3n y difusi\u00f3n tur\u00edstica del Mundo Maya.<\/p>\n<p data-uw-styling-context=\"true\">En la firma de este convenio participan los representantes de \u201cMundo Maya M\u00e9xico\u201d; titulares de Turismo Bernardo Cueto Riestra de Quintana Roo; Michelle Fridman de Yucat\u00e1n; Jos\u00e9 Antonio Nieves de Tabasco, as\u00ed como Antonio D\u00edaz, director de Eventos y Atenci\u00f3n a Segmentos Tur\u00edsticos, en representaci\u00f3n de la Secretaria de Turismo de Chiapas, Katyna de la Vega, quienes sostuvieron un encuentro de trabajo en el marco de la Feria Internacional de Turismo de Madrid (FITUR 2022). Como testigo de honor, sign\u00f3 el Secretario de Turismo de Oaxaca, Juan Carlos Rivera, en su calidad de Presidente de la Asociaci\u00f3n de Secretarios de Turismo de M\u00e9xico (ASETUR).<\/p>\n<p data-uw-styling-context=\"true\">\u201cPotencializar la zona Sur de Quintana Roo ha sido uno de los principales objetivos del gobernador Carlos Joaqu\u00edn a lo largo de su administraci\u00f3n, a trav\u00e9s de alianzas estrat\u00e9gicas como estas, continuaremos impulsando el sector tur\u00edstico entre el sureste de M\u00e9xico y Guatemala mismas que nos permitir\u00e1n avanzar hacia la reactivaci\u00f3n tur\u00edstica del Caribe Mexicano, y seguir siendo reconocidos como uno de los destinos m\u00e1s visitados a nivel internacional,\u201d coment\u00f3 Bernardo Cueto Riestra, Secretario de Turismo de Quintana Roo.<\/p>\n<p data-uw-styling-context=\"true\">Entre los objetivos del convenio, destacan: dise\u00f1ar y ejecutar acciones que atiendan a la innovaci\u00f3n, difusi\u00f3n y comercializaci\u00f3n en mercados nacionales e internacionales que ambas partes consideren estrat\u00e9gicos y prioritarios para su amplio potencial.<\/p>\n<p data-uw-styling-context=\"true\"><img decoding=\"async\" loading=\"lazy\" class=\" wp-image-57674 aligncenter\" src=\"https:\/\/www.dev.nitu.mx\/wp-content\/uploads\/2022\/01\/SEDETUR-Inicio-04-300x169.jpeg\" alt=\"\" width=\"509\" height=\"287\" srcset=\"https:\/\/nitu.mx\/wp-content\/uploads\/2022\/01\/SEDETUR-Inicio-04-300x169.jpeg 300w, https:\/\/nitu.mx\/wp-content\/uploads\/2022\/01\/SEDETUR-Inicio-04-768x432.jpeg 768w, https:\/\/nitu.mx\/wp-content\/uploads\/2022\/01\/SEDETUR-Inicio-04-1024x576.jpeg 1024w, https:\/\/nitu.mx\/wp-content\/uploads\/2022\/01\/SEDETUR-Inicio-04-848x478.jpeg 848w, https:\/\/nitu.mx\/wp-content\/uploads\/2022\/01\/SEDETUR-Inicio-04.jpeg 1280w\" sizes=\"(max-width: 509px) 100vw, 509px\" \/><\/p>\n<p data-uw-styling-context=\"true\"><img decoding=\"async\" loading=\"lazy\" class=\" wp-image-57675 aligncenter\" src=\"https:\/\/www.dev.nitu.mx\/wp-content\/uploads\/2022\/01\/SEDETUR-Inicio-05-300x225.jpeg\" alt=\"\" width=\"512\" height=\"384\" srcset=\"https:\/\/nitu.mx\/wp-content\/uploads\/2022\/01\/SEDETUR-Inicio-05-300x225.jpeg 300w, https:\/\/nitu.mx\/wp-content\/uploads\/2022\/01\/SEDETUR-Inicio-05-768x576.jpeg 768w, https:\/\/nitu.mx\/wp-content\/uploads\/2022\/01\/SEDETUR-Inicio-05-1024x768.jpeg 1024w, https:\/\/nitu.mx\/wp-content\/uploads\/2022\/01\/SEDETUR-Inicio-05.jpeg 1280w\" sizes=\"(max-width: 512px) 100vw, 512px\" \/><\/p>\n","protected":false},"excerpt":{"rendered":"<p>En el marco de la Feria Internacional de Turismo, FITUR 2022, dieron inicio a las actividades de promoci\u00f3n tur\u00edstica del Caribe Mexicano con el tradicional corte de list\u00f3n del Pabell\u00f3n que integra todos los destinos de Quintana Roo, estuvieron presentes; Miguel Torruco Marqu\u00e9s, Secretario de Turismo Federal; Bernardo Cueto; Secretario de Turismo de Quintana Roo; [&hellip;]<\/p>\n","protected":false},"author":17,"featured_media":57673,"comment_status":"open","ping_status":"open","sticky":false,"template":"","format":"standard","meta":{"footnotes":""},"categories":[18475],"tags":[13931,2703,260,1153],"yoast_head":"<!-- This site is optimized with the Yoast SEO plugin v22.2 - https:\/\/yoast.com\/wordpress\/plugins\/seo\/ -->\n<title>El sur de Quintana Roo destaca en el primer d\u00eda de FITUR - Nitu - Noticias de la Industria Turistica<\/title>\n<meta name=\"robots\" content=\"index, follow, max-snippet:-1, max-image-preview:large, max-video-preview:-1\" \/>\n<link rel=\"canonical\" href=\"https:\/\/nitu.mx\/index.php\/2022\/01\/19\/el-sur-de-quintana-roo-destaca-en-el-primer-dia-de-fitur\/\" \/>\n<meta name=\"twitter:card\" content=\"summary_large_image\" \/>\n<meta name=\"twitter:title\" content=\"El sur de Quintana Roo destaca en el primer d\u00eda de FITUR - Nitu - Noticias de la Industria Turistica\" \/>\n<meta name=\"twitter:description\" content=\"En el marco de la Feria Internacional de Turismo, FITUR 2022, dieron inicio a las actividades de promoci\u00f3n tur\u00edstica del Caribe Mexicano con el tradicional corte de list\u00f3n del Pabell\u00f3n que integra todos los destinos de Quintana Roo, estuvieron presentes; Miguel Torruco Marqu\u00e9s, Secretario de Turismo Federal; Bernardo Cueto; Secretario de Turismo de Quintana Roo; [&hellip;]\" \/>\n<meta name=\"twitter:image\" content=\"https:\/\/nitu.mx\/wp-content\/uploads\/2022\/01\/SEDETUR-Inicio-03.jpeg\" \/>\n<meta name=\"twitter:creator\" content=\"@NITUmx\" \/>\n<meta name=\"twitter:site\" content=\"@Arturo_Medina_G\" \/>\n<meta name=\"twitter:label1\" content=\"Escrito por\" \/>\n\t<meta name=\"twitter:data1\" content=\"Redacci\u00f3n\" \/>\n\t<meta name=\"twitter:label2\" content=\"Tiempo de lectura\" \/>\n\t<meta name=\"twitter:data2\" content=\"2 minutos\" \/>\n<script type=\"application\/ld+json\" class=\"yoast-schema-graph\">{\"@context\":\"https:\/\/schema.org\",\"@graph\":[{\"@type\":\"Article\",\"@id\":\"https:\/\/nitu.mx\/index.php\/2022\/01\/19\/el-sur-de-quintana-roo-destaca-en-el-primer-dia-de-fitur\/#article\",\"isPartOf\":{\"@id\":\"https:\/\/nitu.mx\/index.php\/2022\/01\/19\/el-sur-de-quintana-roo-destaca-en-el-primer-dia-de-fitur\/\"},\"author\":{\"name\":\"Redacci\u00f3n\",\"@id\":\"https:\/\/nitu.mx\/#\/schema\/person\/4a28fe9bd65924f7c90623773daf1b0b\"},\"headline\":\"El sur de Quintana Roo destaca en el primer d\u00eda de FITUR\",\"datePublished\":\"2022-01-20T03:37:40+00:00\",\"dateModified\":\"2022-01-20T06:17:33+00:00\",\"mainEntityOfPage\":{\"@id\":\"https:\/\/nitu.mx\/index.php\/2022\/01\/19\/el-sur-de-quintana-roo-destaca-en-el-primer-dia-de-fitur\/\"},\"wordCount\":444,\"commentCount\":0,\"publisher\":{\"@id\":\"https:\/\/nitu.mx\/#\/schema\/person\/ae7a53426417292d3dd07b45a33e01bc\"},\"image\":{\"@id\":\"https:\/\/nitu.mx\/index.php\/2022\/01\/19\/el-sur-de-quintana-roo-destaca-en-el-primer-dia-de-fitur\/#primaryimage\"},\"thumbnailUrl\":\"https:\/\/nitu.mx\/wp-content\/uploads\/2022\/01\/SEDETUR-Inicio-03.jpeg\",\"keywords\":[\"Bernardo Cueto\",\"FITUR\",\"Quintana Roo\",\"Sedetur\"],\"articleSection\":[\"Caribe Mexicano\"],\"inLanguage\":\"es-MX\",\"potentialAction\":[{\"@type\":\"CommentAction\",\"name\":\"Comment\",\"target\":[\"https:\/\/nitu.mx\/index.php\/2022\/01\/19\/el-sur-de-quintana-roo-destaca-en-el-primer-dia-de-fitur\/#respond\"]}]},{\"@type\":\"WebPage\",\"@id\":\"https:\/\/nitu.mx\/index.php\/2022\/01\/19\/el-sur-de-quintana-roo-destaca-en-el-primer-dia-de-fitur\/\",\"url\":\"https:\/\/nitu.mx\/index.php\/2022\/01\/19\/el-sur-de-quintana-roo-destaca-en-el-primer-dia-de-fitur\/\",\"name\":\"El sur de Quintana Roo destaca en el primer d\u00eda de FITUR - Nitu - Noticias de la Industria Turistica\",\"isPartOf\":{\"@id\":\"https:\/\/nitu.mx\/#website\"},\"primaryImageOfPage\":{\"@id\":\"https:\/\/nitu.mx\/index.php\/2022\/01\/19\/el-sur-de-quintana-roo-destaca-en-el-primer-dia-de-fitur\/#primaryimage\"},\"image\":{\"@id\":\"https:\/\/nitu.mx\/index.php\/2022\/01\/19\/el-sur-de-quintana-roo-destaca-en-el-primer-dia-de-fitur\/#primaryimage\"},\"thumbnailUrl\":\"https:\/\/nitu.mx\/wp-content\/uploads\/2022\/01\/SEDETUR-Inicio-03.jpeg\",\"datePublished\":\"2022-01-20T03:37:40+00:00\",\"dateModified\":\"2022-01-20T06:17:33+00:00\",\"breadcrumb\":{\"@id\":\"https:\/\/nitu.mx\/index.php\/2022\/01\/19\/el-sur-de-quintana-roo-destaca-en-el-primer-dia-de-fitur\/#breadcrumb\"},\"inLanguage\":\"es-MX\",\"potentialAction\":[{\"@type\":\"ReadAction\",\"target\":[\"https:\/\/nitu.mx\/index.php\/2022\/01\/19\/el-sur-de-quintana-roo-destaca-en-el-primer-dia-de-fitur\/\"]}]},{\"@type\":\"ImageObject\",\"inLanguage\":\"es-MX\",\"@id\":\"https:\/\/nitu.mx\/index.php\/2022\/01\/19\/el-sur-de-quintana-roo-destaca-en-el-primer-dia-de-fitur\/#primaryimage\",\"url\":\"https:\/\/nitu.mx\/wp-content\/uploads\/2022\/01\/SEDETUR-Inicio-03.jpeg\",\"contentUrl\":\"https:\/\/nitu.mx\/wp-content\/uploads\/2022\/01\/SEDETUR-Inicio-03.jpeg\",\"width\":1024,\"height\":576},{\"@type\":\"BreadcrumbList\",\"@id\":\"https:\/\/nitu.mx\/index.php\/2022\/01\/19\/el-sur-de-quintana-roo-destaca-en-el-primer-dia-de-fitur\/#breadcrumb\",\"itemListElement\":[{\"@type\":\"ListItem\",\"position\":1,\"name\":\"Inicio\",\"item\":\"https:\/\/nitu.mx\/\"},{\"@type\":\"ListItem\",\"position\":2,\"name\":\"El sur de Quintana Roo destaca en el primer d\u00eda de FITUR\"}]},{\"@type\":\"WebSite\",\"@id\":\"https:\/\/nitu.mx\/#website\",\"url\":\"https:\/\/nitu.mx\/\",\"name\":\"Nitu - Noticias de la Industria Turistica\",\"description\":\"Noticias de la Industria Turistica\",\"publisher\":{\"@id\":\"https:\/\/nitu.mx\/#\/schema\/person\/ae7a53426417292d3dd07b45a33e01bc\"},\"alternateName\":\"Noticias de la Industria Turistica\",\"potentialAction\":[{\"@type\":\"SearchAction\",\"target\":{\"@type\":\"EntryPoint\",\"urlTemplate\":\"https:\/\/nitu.mx\/?s={search_term_string}\"},\"query-input\":\"required name=search_term_string\"}],\"inLanguage\":\"es-MX\"},{\"@type\":[\"Person\",\"Organization\"],\"@id\":\"https:\/\/nitu.mx\/#\/schema\/person\/ae7a53426417292d3dd07b45a33e01bc\",\"name\":\"Arturo Medina\",\"image\":{\"@type\":\"ImageObject\",\"inLanguage\":\"es-MX\",\"@id\":\"https:\/\/nitu.mx\/#\/schema\/person\/image\/\",\"url\":\"https:\/\/nitu.mx\/wp-content\/uploads\/2024\/04\/4A315622-1904-4D5C-B022-878CDC840E04-90x90-1.jpeg\",\"contentUrl\":\"https:\/\/nitu.mx\/wp-content\/uploads\/2024\/04\/4A315622-1904-4D5C-B022-878CDC840E04-90x90-1.jpeg\",\"width\":90,\"height\":90,\"caption\":\"Arturo Medina\"},\"logo\":{\"@id\":\"https:\/\/nitu.mx\/#\/schema\/person\/image\/\"},\"description\":\"Director NITU.mx, Egresado de la Escuela de Periodismo Carlos Septi\u00e9n Garc\u00eda. Periodista y analista especializado en turismo desde hace 35 a\u00f1os, radicado en Canc\u00fan Q.Roo. arturo@nitu.mx\",\"sameAs\":[\"https:\/\/nitu.mx\",\"https:\/\/www.facebook.com\/NITUmx\/\",\"medinacancun\",\"https:\/\/twitter.com\/@Arturo_Medina_G\"]},{\"@type\":\"Person\",\"@id\":\"https:\/\/nitu.mx\/#\/schema\/person\/4a28fe9bd65924f7c90623773daf1b0b\",\"name\":\"Redacci\u00f3n\",\"image\":{\"@type\":\"ImageObject\",\"inLanguage\":\"es-MX\",\"@id\":\"https:\/\/nitu.mx\/#\/schema\/person\/image\/\",\"url\":\"https:\/\/secure.gravatar.com\/avatar\/5dd011c8ccfc5cd7e4c81e42252aab38?s=96&d=mm&r=g\",\"contentUrl\":\"https:\/\/secure.gravatar.com\/avatar\/5dd011c8ccfc5cd7e4c81e42252aab38?s=96&d=mm&r=g\",\"caption\":\"Redacci\u00f3n\"},\"url\":\"https:\/\/nitu.mx\/index.php\/author\/redaccion\/\"}]}<\/script>\n<!-- \/ Yoast SEO plugin. -->","yoast_head_json":{"title":"El sur de Quintana Roo destaca en el primer d\u00eda de FITUR - Nitu - Noticias de la Industria Turistica","robots":{"index":"index","follow":"follow","max-snippet":"max-snippet:-1","max-image-preview":"max-image-preview:large","max-video-preview":"max-video-preview:-1"},"canonical":"https:\/\/nitu.mx\/index.php\/2022\/01\/19\/el-sur-de-quintana-roo-destaca-en-el-primer-dia-de-fitur\/","twitter_card":"summary_large_image","twitter_title":"El sur de Quintana Roo destaca en el primer d\u00eda de FITUR - Nitu - Noticias de la Industria Turistica","twitter_description":"En el marco de la Feria Internacional de Turismo, FITUR 2022, dieron inicio a las actividades de promoci\u00f3n tur\u00edstica del Caribe Mexicano con el tradicional corte de list\u00f3n del Pabell\u00f3n que integra todos los destinos de Quintana Roo, estuvieron presentes; Miguel Torruco Marqu\u00e9s, Secretario de Turismo Federal; Bernardo Cueto; Secretario de Turismo de Quintana Roo; [&hellip;]","twitter_image":"https:\/\/nitu.mx\/wp-content\/uploads\/2022\/01\/SEDETUR-Inicio-03.jpeg","twitter_creator":"@NITUmx","twitter_site":"@Arturo_Medina_G","twitter_misc":{"Escrito por":"Redacci\u00f3n","Tiempo de lectura":"2 minutos"},"schema":{"@context":"https:\/\/schema.org","@graph":[{"@type":"Article","@id":"https:\/\/nitu.mx\/index.php\/2022\/01\/19\/el-sur-de-quintana-roo-destaca-en-el-primer-dia-de-fitur\/#article","isPartOf":{"@id":"https:\/\/nitu.mx\/index.php\/2022\/01\/19\/el-sur-de-quintana-roo-destaca-en-el-primer-dia-de-fitur\/"},"author":{"name":"Redacci\u00f3n","@id":"https:\/\/nitu.mx\/#\/schema\/person\/4a28fe9bd65924f7c90623773daf1b0b"},"headline":"El sur de Quintana Roo destaca en el primer d\u00eda de FITUR","datePublished":"2022-01-20T03:37:40+00:00","dateModified":"2022-01-20T06:17:33+00:00","mainEntityOfPage":{"@id":"https:\/\/nitu.mx\/index.php\/2022\/01\/19\/el-sur-de-quintana-roo-destaca-en-el-primer-dia-de-fitur\/"},"wordCount":444,"commentCount":0,"publisher":{"@id":"https:\/\/nitu.mx\/#\/schema\/person\/ae7a53426417292d3dd07b45a33e01bc"},"image":{"@id":"https:\/\/nitu.mx\/index.php\/2022\/01\/19\/el-sur-de-quintana-roo-destaca-en-el-primer-dia-de-fitur\/#primaryimage"},"thumbnailUrl":"https:\/\/nitu.mx\/wp-content\/uploads\/2022\/01\/SEDETUR-Inicio-03.jpeg","keywords":["Bernardo Cueto","FITUR","Quintana Roo","Sedetur"],"articleSection":["Caribe Mexicano"],"inLanguage":"es-MX","potentialAction":[{"@type":"CommentAction","name":"Comment","target":["https:\/\/nitu.mx\/index.php\/2022\/01\/19\/el-sur-de-quintana-roo-destaca-en-el-primer-dia-de-fitur\/#respond"]}]},{"@type":"WebPage","@id":"https:\/\/nitu.mx\/index.php\/2022\/01\/19\/el-sur-de-quintana-roo-destaca-en-el-primer-dia-de-fitur\/","url":"https:\/\/nitu.mx\/index.php\/2022\/01\/19\/el-sur-de-quintana-roo-destaca-en-el-primer-dia-de-fitur\/","name":"El sur de Quintana Roo destaca en el primer d\u00eda de FITUR - Nitu - Noticias de la Industria Turistica","isPartOf":{"@id":"https:\/\/nitu.mx\/#website"},"primaryImageOfPage":{"@id":"https:\/\/nitu.mx\/index.php\/2022\/01\/19\/el-sur-de-quintana-roo-destaca-en-el-primer-dia-de-fitur\/#primaryimage"},"image":{"@id":"https:\/\/nitu.mx\/index.php\/2022\/01\/19\/el-sur-de-quintana-roo-destaca-en-el-primer-dia-de-fitur\/#primaryimage"},"thumbnailUrl":"https:\/\/nitu.mx\/wp-content\/uploads\/2022\/01\/SEDETUR-Inicio-03.jpeg","datePublished":"2022-01-20T03:37:40+00:00","dateModified":"2022-01-20T06:17:33+00:00","breadcrumb":{"@id":"https:\/\/nitu.mx\/index.php\/2022\/01\/19\/el-sur-de-quintana-roo-destaca-en-el-primer-dia-de-fitur\/#breadcrumb"},"inLanguage":"es-MX","potentialAction":[{"@type":"ReadAction","target":["https:\/\/nitu.mx\/index.php\/2022\/01\/19\/el-sur-de-quintana-roo-destaca-en-el-primer-dia-de-fitur\/"]}]},{"@type":"ImageObject","inLanguage":"es-MX","@id":"https:\/\/nitu.mx\/index.php\/2022\/01\/19\/el-sur-de-quintana-roo-destaca-en-el-primer-dia-de-fitur\/#primaryimage","url":"https:\/\/nitu.mx\/wp-content\/uploads\/2022\/01\/SEDETUR-Inicio-03.jpeg","contentUrl":"https:\/\/nitu.mx\/wp-content\/uploads\/2022\/01\/SEDETUR-Inicio-03.jpeg","width":1024,"height":576},{"@type":"BreadcrumbList","@id":"https:\/\/nitu.mx\/index.php\/2022\/01\/19\/el-sur-de-quintana-roo-destaca-en-el-primer-dia-de-fitur\/#breadcrumb","itemListElement":[{"@type":"ListItem","position":1,"name":"Inicio","item":"https:\/\/nitu.mx\/"},{"@type":"ListItem","position":2,"name":"El sur de Quintana Roo destaca en el primer d\u00eda de FITUR"}]},{"@type":"WebSite","@id":"https:\/\/nitu.mx\/#website","url":"https:\/\/nitu.mx\/","name":"Nitu - Noticias de la Industria Turistica","description":"Noticias de la Industria Turistica","publisher":{"@id":"https:\/\/nitu.mx\/#\/schema\/person\/ae7a53426417292d3dd07b45a33e01bc"},"alternateName":"Noticias de la Industria Turistica","potentialAction":[{"@type":"SearchAction","target":{"@type":"EntryPoint","urlTemplate":"https:\/\/nitu.mx\/?s={search_term_string}"},"query-input":"required name=search_term_string"}],"inLanguage":"es-MX"},{"@type":["Person","Organization"],"@id":"https:\/\/nitu.mx\/#\/schema\/person\/ae7a53426417292d3dd07b45a33e01bc","name":"Arturo Medina","image":{"@type":"ImageObject","inLanguage":"es-MX","@id":"https:\/\/nitu.mx\/#\/schema\/person\/image\/","url":"https:\/\/nitu.mx\/wp-content\/uploads\/2024\/04\/4A315622-1904-4D5C-B022-878CDC840E04-90x90-1.jpeg","contentUrl":"https:\/\/nitu.mx\/wp-content\/uploads\/2024\/04\/4A315622-1904-4D5C-B022-878CDC840E04-90x90-1.jpeg","width":90,"height":90,"caption":"Arturo Medina"},"logo":{"@id":"https:\/\/nitu.mx\/#\/schema\/person\/image\/"},"description":"Director NITU.mx, Egresado de la Escuela de Periodismo Carlos Septi\u00e9n Garc\u00eda. Periodista y analista especializado en turismo desde hace 35 a\u00f1os, radicado en Canc\u00fan Q.Roo. arturo@nitu.mx","sameAs":["https:\/\/nitu.mx","https:\/\/www.facebook.com\/NITUmx\/","medinacancun","https:\/\/twitter.com\/@Arturo_Medina_G"]},{"@type":"Person","@id":"https:\/\/nitu.mx\/#\/schema\/person\/4a28fe9bd65924f7c90623773daf1b0b","name":"Redacci\u00f3n","image":{"@type":"ImageObject","inLanguage":"es-MX","@id":"https:\/\/nitu.mx\/#\/schema\/person\/image\/","url":"https:\/\/secure.gravatar.com\/avatar\/5dd011c8ccfc5cd7e4c81e42252aab38?s=96&d=mm&r=g","contentUrl":"https:\/\/secure.gravatar.com\/avatar\/5dd011c8ccfc5cd7e4c81e42252aab38?s=96&d=mm&r=g","caption":"Redacci\u00f3n"},"url":"https:\/\/nitu.mx\/index.php\/author\/redaccion\/"}]}},"views":256,"_links":{"self":[{"href":"https:\/\/nitu.mx\/index.php\/wp-json\/wp\/v2\/posts\/57671"}],"collection":[{"href":"https:\/\/nitu.mx\/index.php\/wp-json\/wp\/v2\/posts"}],"about":[{"href":"https:\/\/nitu.mx\/index.php\/wp-json\/wp\/v2\/types\/post"}],"author":[{"embeddable":true,"href":"https:\/\/nitu.mx\/index.php\/wp-json\/wp\/v2\/users\/17"}],"replies":[{"embeddable":true,"href":"https:\/\/nitu.mx\/index.php\/wp-json\/wp\/v2\/comments?post=57671"}],"version-history":[{"count":3,"href":"https:\/\/nitu.mx\/index.php\/wp-json\/wp\/v2\/posts\/57671\/revisions"}],"predecessor-version":[{"id":57691,"href":"https:\/\/nitu.mx\/index.php\/wp-json\/wp\/v2\/posts\/57671\/revisions\/57691"}],"wp:featuredmedia":[{"embeddable":true,"href":"https:\/\/nitu.mx\/index.php\/wp-json\/wp\/v2\/media\/57673"}],"wp:attachment":[{"href":"https:\/\/nitu.mx\/index.php\/wp-json\/wp\/v2\/media?parent=57671"}],"wp:term":[{"taxonomy":"category","embeddable":true,"href":"https:\/\/nitu.mx\/index.php\/wp-json\/wp\/v2\/categories?post=57671"},{"taxonomy":"post_tag","embeddable":true,"href":"https:\/\/nitu.mx\/index.php\/wp-json\/wp\/v2\/tags?post=57671"}],"curies":[{"name":"wp","href":"https:\/\/api.w.org\/{rel}","templated":true}]}}