{"id":57669,"date":"2022-01-20T01:09:02","date_gmt":"2022-01-20T06:09:02","guid":{"rendered":"https:\/\/www.dev.nitu.mx\/?p=57669"},"modified":"2022-01-20T01:19:32","modified_gmt":"2022-01-20T06:19:32","slug":"celebran-empresarios-confirmacion-de-que-tren-maya-no-afectara-carretera-turistica","status":"publish","type":"post","link":"https:\/\/nitu.mx\/index.php\/2022\/01\/20\/celebran-empresarios-confirmacion-de-que-tren-maya-no-afectara-carretera-turistica\/","title":{"rendered":"Celebran empresarios confirmaci\u00f3n de que Tren Maya no afectar\u00e1 carretera tur\u00edstica"},"content":{"rendered":"<p>El empresariado de Quintana Roo celebra que el gobierno federal los ha escuchado, al confirmarse que el trazo del Tren Maya ira por la zona interna adyacente a la carretera Canc\u00fan-Tulum por lo que la afectaci\u00f3n al transito de trabajadores y turistas de la zona ser\u00e1 m\u00ednima.<\/p>\n<p>Miguel Angel Lemus presiente de AMPI Canc\u00fan,\u00a0Presidente de la cComisi\u00f3n inmobiliario de Coparmex, coordinador del consejo consultivo para el tren maya, dijo que la junta que tuvieron el s\u00e1bado pasado, una junta t\u00e9cnica, en la que asegura se les dio la oportunidad de ser escuchados y expresamos sus opiniones y las situaciones que pueden afectar a este Caribe Mexicano.<\/p>\n<p>Lo m\u00e1s importante, seg\u00fan Lemus, es que dejamos en claro las consecuencias que tendr\u00eda no desviar el trazo del Tren Maya y es una sorpresa que el nuevo Director de Fonatur Rafael May \u00a0y de Sedatu Ramon Falcon nos escucharon a la gente originaria de este destino.<\/p>\n<p>Lo cierto es que antes de dejar el cargo el antiguo director de Fonatur Rogelio Jimenez Pons hab\u00eda confirmado que el trazo ya no ir\u00eda elevado por la carretera, solo en un tramo para atravesar Playa del Carmen, pero la publicaci\u00f3n en el Diario Oficial de la Federaci\u00f3n del proyecto de expropiaci\u00f3n de predios, del que <em><strong>NITU.mx<\/strong><\/em> ya le ha informado, hab\u00eda invadido de nerviosismo al empresariado .<\/p>\n<p>Miguel Angel Lemus, aseguro que &#8220;si hubiera expropiaciones, porque si va a haber por beneficio de esta obra, son predios que no perjudican en la zona urbana y tampoco van a generar una controversia que pueda frenar el proyecto.\u00a0Un triunfo de todos los que participaron para evitar el colapso de la movilidad entre el Aeropuerto internacional de Canc\u00fan y la afectaci\u00f3n a los destinos tur\u00edsticos de la Riviera Maya con m\u00e1s de 80 mil cuartos hoteleros y m\u00e1s 15 millones de turistas al a\u00f1o&#8221;<\/p>\n","protected":false},"excerpt":{"rendered":"<p>El empresariado de Quintana Roo celebra que el gobierno federal los ha escuchado, al confirmarse que el trazo del Tren Maya ira por la zona interna adyacente a la carretera Canc\u00fan-Tulum por lo que la afectaci\u00f3n al transito de trabajadores y turistas de la zona ser\u00e1 m\u00ednima. Miguel Angel Lemus presiente de AMPI Canc\u00fan,\u00a0Presidente de [&hellip;]<\/p>\n","protected":false},"author":2,"featured_media":24737,"comment_status":"open","ping_status":"open","sticky":false,"template":"","format":"standard","meta":{"footnotes":""},"categories":[22813],"tags":[11917,889,260,11427],"yoast_head":"<!-- This site is optimized with the Yoast SEO plugin v22.2 - https:\/\/yoast.com\/wordpress\/plugins\/seo\/ -->\n<title>Celebran empresarios confirmaci\u00f3n de que Tren Maya no afectar\u00e1 carretera tur\u00edstica - Nitu - Noticias de la Industria Turistica<\/title>\n<meta name=\"robots\" content=\"index, follow, max-snippet:-1, max-image-preview:large, max-video-preview:-1\" \/>\n<link rel=\"canonical\" href=\"https:\/\/nitu.mx\/index.php\/2022\/01\/20\/celebran-empresarios-confirmacion-de-que-tren-maya-no-afectara-carretera-turistica\/\" \/>\n<meta name=\"twitter:card\" content=\"summary_large_image\" \/>\n<meta name=\"twitter:title\" content=\"Celebran empresarios confirmaci\u00f3n de que Tren Maya no afectar\u00e1 carretera tur\u00edstica - Nitu - Noticias de la Industria Turistica\" \/>\n<meta name=\"twitter:description\" content=\"El empresariado de Quintana Roo celebra que el gobierno federal los ha escuchado, al confirmarse que el trazo del Tren Maya ira por la zona interna adyacente a la carretera Canc\u00fan-Tulum por lo que la afectaci\u00f3n al transito de trabajadores y turistas de la zona ser\u00e1 m\u00ednima. Miguel Angel Lemus presiente de AMPI Canc\u00fan,\u00a0Presidente de [&hellip;]\" \/>\n<meta name=\"twitter:image\" content=\"https:\/\/nitu.mx\/wp-content\/uploads\/2018\/09\/Tren-Maya-Plan.jpg\" \/>\n<meta name=\"twitter:creator\" content=\"@Arturo_Medina_G\" \/>\n<meta name=\"twitter:site\" content=\"@Arturo_Medina_G\" \/>\n<meta name=\"twitter:label1\" content=\"Escrito por\" \/>\n\t<meta name=\"twitter:data1\" content=\"Arturo Medina\" \/>\n\t<meta name=\"twitter:label2\" content=\"Tiempo de lectura\" \/>\n\t<meta name=\"twitter:data2\" content=\"2 minutos\" \/>\n<script type=\"application\/ld+json\" class=\"yoast-schema-graph\">{\"@context\":\"https:\/\/schema.org\",\"@graph\":[{\"@type\":\"Article\",\"@id\":\"https:\/\/nitu.mx\/index.php\/2022\/01\/20\/celebran-empresarios-confirmacion-de-que-tren-maya-no-afectara-carretera-turistica\/#article\",\"isPartOf\":{\"@id\":\"https:\/\/nitu.mx\/index.php\/2022\/01\/20\/celebran-empresarios-confirmacion-de-que-tren-maya-no-afectara-carretera-turistica\/\"},\"author\":{\"name\":\"Arturo Medina\",\"@id\":\"https:\/\/nitu.mx\/#\/schema\/person\/ae7a53426417292d3dd07b45a33e01bc\"},\"headline\":\"Celebran empresarios confirmaci\u00f3n de que Tren Maya no afectar\u00e1 carretera tur\u00edstica\",\"datePublished\":\"2022-01-20T06:09:02+00:00\",\"dateModified\":\"2022-01-20T06:19:32+00:00\",\"mainEntityOfPage\":{\"@id\":\"https:\/\/nitu.mx\/index.php\/2022\/01\/20\/celebran-empresarios-confirmacion-de-que-tren-maya-no-afectara-carretera-turistica\/\"},\"wordCount\":340,\"commentCount\":0,\"publisher\":{\"@id\":\"https:\/\/nitu.mx\/#\/schema\/person\/ae7a53426417292d3dd07b45a33e01bc\"},\"image\":{\"@id\":\"https:\/\/nitu.mx\/index.php\/2022\/01\/20\/celebran-empresarios-confirmacion-de-que-tren-maya-no-afectara-carretera-turistica\/#primaryimage\"},\"thumbnailUrl\":\"https:\/\/nitu.mx\/wp-content\/uploads\/2018\/09\/Tren-Maya-Plan.jpg\",\"keywords\":[\"AMPI\",\"Fonatur\",\"Quintana Roo\",\"Tren Maya\"],\"articleSection\":[\"Tren Maya\"],\"inLanguage\":\"es-MX\",\"potentialAction\":[{\"@type\":\"CommentAction\",\"name\":\"Comment\",\"target\":[\"https:\/\/nitu.mx\/index.php\/2022\/01\/20\/celebran-empresarios-confirmacion-de-que-tren-maya-no-afectara-carretera-turistica\/#respond\"]}]},{\"@type\":\"WebPage\",\"@id\":\"https:\/\/nitu.mx\/index.php\/2022\/01\/20\/celebran-empresarios-confirmacion-de-que-tren-maya-no-afectara-carretera-turistica\/\",\"url\":\"https:\/\/nitu.mx\/index.php\/2022\/01\/20\/celebran-empresarios-confirmacion-de-que-tren-maya-no-afectara-carretera-turistica\/\",\"name\":\"Celebran empresarios confirmaci\u00f3n de que Tren Maya no afectar\u00e1 carretera tur\u00edstica - Nitu - Noticias de la Industria Turistica\",\"isPartOf\":{\"@id\":\"https:\/\/nitu.mx\/#website\"},\"primaryImageOfPage\":{\"@id\":\"https:\/\/nitu.mx\/index.php\/2022\/01\/20\/celebran-empresarios-confirmacion-de-que-tren-maya-no-afectara-carretera-turistica\/#primaryimage\"},\"image\":{\"@id\":\"https:\/\/nitu.mx\/index.php\/2022\/01\/20\/celebran-empresarios-confirmacion-de-que-tren-maya-no-afectara-carretera-turistica\/#primaryimage\"},\"thumbnailUrl\":\"https:\/\/nitu.mx\/wp-content\/uploads\/2018\/09\/Tren-Maya-Plan.jpg\",\"datePublished\":\"2022-01-20T06:09:02+00:00\",\"dateModified\":\"2022-01-20T06:19:32+00:00\",\"breadcrumb\":{\"@id\":\"https:\/\/nitu.mx\/index.php\/2022\/01\/20\/celebran-empresarios-confirmacion-de-que-tren-maya-no-afectara-carretera-turistica\/#breadcrumb\"},\"inLanguage\":\"es-MX\",\"potentialAction\":[{\"@type\":\"ReadAction\",\"target\":[\"https:\/\/nitu.mx\/index.php\/2022\/01\/20\/celebran-empresarios-confirmacion-de-que-tren-maya-no-afectara-carretera-turistica\/\"]}]},{\"@type\":\"ImageObject\",\"inLanguage\":\"es-MX\",\"@id\":\"https:\/\/nitu.mx\/index.php\/2022\/01\/20\/celebran-empresarios-confirmacion-de-que-tren-maya-no-afectara-carretera-turistica\/#primaryimage\",\"url\":\"https:\/\/nitu.mx\/wp-content\/uploads\/2018\/09\/Tren-Maya-Plan.jpg\",\"contentUrl\":\"https:\/\/nitu.mx\/wp-content\/uploads\/2018\/09\/Tren-Maya-Plan.jpg\",\"width\":850,\"height\":480,\"caption\":\"Tren Maya\"},{\"@type\":\"BreadcrumbList\",\"@id\":\"https:\/\/nitu.mx\/index.php\/2022\/01\/20\/celebran-empresarios-confirmacion-de-que-tren-maya-no-afectara-carretera-turistica\/#breadcrumb\",\"itemListElement\":[{\"@type\":\"ListItem\",\"position\":1,\"name\":\"Inicio\",\"item\":\"https:\/\/nitu.mx\/\"},{\"@type\":\"ListItem\",\"position\":2,\"name\":\"Celebran empresarios confirmaci\u00f3n de que Tren Maya no afectar\u00e1 carretera tur\u00edstica\"}]},{\"@type\":\"WebSite\",\"@id\":\"https:\/\/nitu.mx\/#website\",\"url\":\"https:\/\/nitu.mx\/\",\"name\":\"Nitu - Noticias de la Industria Turistica\",\"description\":\"Noticias de la Industria Turistica\",\"publisher\":{\"@id\":\"https:\/\/nitu.mx\/#\/schema\/person\/ae7a53426417292d3dd07b45a33e01bc\"},\"alternateName\":\"Noticias de la Industria Turistica\",\"potentialAction\":[{\"@type\":\"SearchAction\",\"target\":{\"@type\":\"EntryPoint\",\"urlTemplate\":\"https:\/\/nitu.mx\/?s={search_term_string}\"},\"query-input\":\"required name=search_term_string\"}],\"inLanguage\":\"es-MX\"},{\"@type\":[\"Person\",\"Organization\"],\"@id\":\"https:\/\/nitu.mx\/#\/schema\/person\/ae7a53426417292d3dd07b45a33e01bc\",\"name\":\"Arturo Medina\",\"image\":{\"@type\":\"ImageObject\",\"inLanguage\":\"es-MX\",\"@id\":\"https:\/\/nitu.mx\/#\/schema\/person\/image\/\",\"url\":\"https:\/\/nitu.mx\/wp-content\/uploads\/2024\/04\/4A315622-1904-4D5C-B022-878CDC840E04-90x90-1.jpeg\",\"contentUrl\":\"https:\/\/nitu.mx\/wp-content\/uploads\/2024\/04\/4A315622-1904-4D5C-B022-878CDC840E04-90x90-1.jpeg\",\"width\":90,\"height\":90,\"caption\":\"Arturo Medina\"},\"logo\":{\"@id\":\"https:\/\/nitu.mx\/#\/schema\/person\/image\/\"},\"description\":\"Director NITU.mx, Egresado de la Escuela de Periodismo Carlos Septi\u00e9n Garc\u00eda. Periodista y analista especializado en turismo desde hace 35 a\u00f1os, radicado en Canc\u00fan Q.Roo. arturo@nitu.mx\",\"sameAs\":[\"https:\/\/nitu.mx\",\"https:\/\/www.facebook.com\/NITUmx\/\",\"medinacancun\",\"https:\/\/twitter.com\/@Arturo_Medina_G\"],\"url\":\"https:\/\/nitu.mx\/index.php\/author\/arturo-medina\/\"}]}<\/script>\n<!-- \/ Yoast SEO plugin. -->","yoast_head_json":{"title":"Celebran empresarios confirmaci\u00f3n de que Tren Maya no afectar\u00e1 carretera tur\u00edstica - Nitu - Noticias de la Industria Turistica","robots":{"index":"index","follow":"follow","max-snippet":"max-snippet:-1","max-image-preview":"max-image-preview:large","max-video-preview":"max-video-preview:-1"},"canonical":"https:\/\/nitu.mx\/index.php\/2022\/01\/20\/celebran-empresarios-confirmacion-de-que-tren-maya-no-afectara-carretera-turistica\/","twitter_card":"summary_large_image","twitter_title":"Celebran empresarios confirmaci\u00f3n de que Tren Maya no afectar\u00e1 carretera tur\u00edstica - Nitu - Noticias de la Industria Turistica","twitter_description":"El empresariado de Quintana Roo celebra que el gobierno federal los ha escuchado, al confirmarse que el trazo del Tren Maya ira por la zona interna adyacente a la carretera Canc\u00fan-Tulum por lo que la afectaci\u00f3n al transito de trabajadores y turistas de la zona ser\u00e1 m\u00ednima. Miguel Angel Lemus presiente de AMPI Canc\u00fan,\u00a0Presidente de [&hellip;]","twitter_image":"https:\/\/nitu.mx\/wp-content\/uploads\/2018\/09\/Tren-Maya-Plan.jpg","twitter_creator":"@Arturo_Medina_G","twitter_site":"@Arturo_Medina_G","twitter_misc":{"Escrito por":"Arturo Medina","Tiempo de lectura":"2 minutos"},"schema":{"@context":"https:\/\/schema.org","@graph":[{"@type":"Article","@id":"https:\/\/nitu.mx\/index.php\/2022\/01\/20\/celebran-empresarios-confirmacion-de-que-tren-maya-no-afectara-carretera-turistica\/#article","isPartOf":{"@id":"https:\/\/nitu.mx\/index.php\/2022\/01\/20\/celebran-empresarios-confirmacion-de-que-tren-maya-no-afectara-carretera-turistica\/"},"author":{"name":"Arturo Medina","@id":"https:\/\/nitu.mx\/#\/schema\/person\/ae7a53426417292d3dd07b45a33e01bc"},"headline":"Celebran empresarios confirmaci\u00f3n de que Tren Maya no afectar\u00e1 carretera tur\u00edstica","datePublished":"2022-01-20T06:09:02+00:00","dateModified":"2022-01-20T06:19:32+00:00","mainEntityOfPage":{"@id":"https:\/\/nitu.mx\/index.php\/2022\/01\/20\/celebran-empresarios-confirmacion-de-que-tren-maya-no-afectara-carretera-turistica\/"},"wordCount":340,"commentCount":0,"publisher":{"@id":"https:\/\/nitu.mx\/#\/schema\/person\/ae7a53426417292d3dd07b45a33e01bc"},"image":{"@id":"https:\/\/nitu.mx\/index.php\/2022\/01\/20\/celebran-empresarios-confirmacion-de-que-tren-maya-no-afectara-carretera-turistica\/#primaryimage"},"thumbnailUrl":"https:\/\/nitu.mx\/wp-content\/uploads\/2018\/09\/Tren-Maya-Plan.jpg","keywords":["AMPI","Fonatur","Quintana Roo","Tren Maya"],"articleSection":["Tren Maya"],"inLanguage":"es-MX","potentialAction":[{"@type":"CommentAction","name":"Comment","target":["https:\/\/nitu.mx\/index.php\/2022\/01\/20\/celebran-empresarios-confirmacion-de-que-tren-maya-no-afectara-carretera-turistica\/#respond"]}]},{"@type":"WebPage","@id":"https:\/\/nitu.mx\/index.php\/2022\/01\/20\/celebran-empresarios-confirmacion-de-que-tren-maya-no-afectara-carretera-turistica\/","url":"https:\/\/nitu.mx\/index.php\/2022\/01\/20\/celebran-empresarios-confirmacion-de-que-tren-maya-no-afectara-carretera-turistica\/","name":"Celebran empresarios confirmaci\u00f3n de que Tren Maya no afectar\u00e1 carretera tur\u00edstica - Nitu - Noticias de la Industria Turistica","isPartOf":{"@id":"https:\/\/nitu.mx\/#website"},"primaryImageOfPage":{"@id":"https:\/\/nitu.mx\/index.php\/2022\/01\/20\/celebran-empresarios-confirmacion-de-que-tren-maya-no-afectara-carretera-turistica\/#primaryimage"},"image":{"@id":"https:\/\/nitu.mx\/index.php\/2022\/01\/20\/celebran-empresarios-confirmacion-de-que-tren-maya-no-afectara-carretera-turistica\/#primaryimage"},"thumbnailUrl":"https:\/\/nitu.mx\/wp-content\/uploads\/2018\/09\/Tren-Maya-Plan.jpg","datePublished":"2022-01-20T06:09:02+00:00","dateModified":"2022-01-20T06:19:32+00:00","breadcrumb":{"@id":"https:\/\/nitu.mx\/index.php\/2022\/01\/20\/celebran-empresarios-confirmacion-de-que-tren-maya-no-afectara-carretera-turistica\/#breadcrumb"},"inLanguage":"es-MX","potentialAction":[{"@type":"ReadAction","target":["https:\/\/nitu.mx\/index.php\/2022\/01\/20\/celebran-empresarios-confirmacion-de-que-tren-maya-no-afectara-carretera-turistica\/"]}]},{"@type":"ImageObject","inLanguage":"es-MX","@id":"https:\/\/nitu.mx\/index.php\/2022\/01\/20\/celebran-empresarios-confirmacion-de-que-tren-maya-no-afectara-carretera-turistica\/#primaryimage","url":"https:\/\/nitu.mx\/wp-content\/uploads\/2018\/09\/Tren-Maya-Plan.jpg","contentUrl":"https:\/\/nitu.mx\/wp-content\/uploads\/2018\/09\/Tren-Maya-Plan.jpg","width":850,"height":480,"caption":"Tren Maya"},{"@type":"BreadcrumbList","@id":"https:\/\/nitu.mx\/index.php\/2022\/01\/20\/celebran-empresarios-confirmacion-de-que-tren-maya-no-afectara-carretera-turistica\/#breadcrumb","itemListElement":[{"@type":"ListItem","position":1,"name":"Inicio","item":"https:\/\/nitu.mx\/"},{"@type":"ListItem","position":2,"name":"Celebran empresarios confirmaci\u00f3n de que Tren Maya no afectar\u00e1 carretera tur\u00edstica"}]},{"@type":"WebSite","@id":"https:\/\/nitu.mx\/#website","url":"https:\/\/nitu.mx\/","name":"Nitu - Noticias de la Industria Turistica","description":"Noticias de la Industria Turistica","publisher":{"@id":"https:\/\/nitu.mx\/#\/schema\/person\/ae7a53426417292d3dd07b45a33e01bc"},"alternateName":"Noticias de la Industria Turistica","potentialAction":[{"@type":"SearchAction","target":{"@type":"EntryPoint","urlTemplate":"https:\/\/nitu.mx\/?s={search_term_string}"},"query-input":"required name=search_term_string"}],"inLanguage":"es-MX"},{"@type":["Person","Organization"],"@id":"https:\/\/nitu.mx\/#\/schema\/person\/ae7a53426417292d3dd07b45a33e01bc","name":"Arturo Medina","image":{"@type":"ImageObject","inLanguage":"es-MX","@id":"https:\/\/nitu.mx\/#\/schema\/person\/image\/","url":"https:\/\/nitu.mx\/wp-content\/uploads\/2024\/04\/4A315622-1904-4D5C-B022-878CDC840E04-90x90-1.jpeg","contentUrl":"https:\/\/nitu.mx\/wp-content\/uploads\/2024\/04\/4A315622-1904-4D5C-B022-878CDC840E04-90x90-1.jpeg","width":90,"height":90,"caption":"Arturo Medina"},"logo":{"@id":"https:\/\/nitu.mx\/#\/schema\/person\/image\/"},"description":"Director NITU.mx, Egresado de la Escuela de Periodismo Carlos Septi\u00e9n Garc\u00eda. Periodista y analista especializado en turismo desde hace 35 a\u00f1os, radicado en Canc\u00fan Q.Roo. arturo@nitu.mx","sameAs":["https:\/\/nitu.mx","https:\/\/www.facebook.com\/NITUmx\/","medinacancun","https:\/\/twitter.com\/@Arturo_Medina_G"],"url":"https:\/\/nitu.mx\/index.php\/author\/arturo-medina\/"}]}},"views":254,"_links":{"self":[{"href":"https:\/\/nitu.mx\/index.php\/wp-json\/wp\/v2\/posts\/57669"}],"collection":[{"href":"https:\/\/nitu.mx\/index.php\/wp-json\/wp\/v2\/posts"}],"about":[{"href":"https:\/\/nitu.mx\/index.php\/wp-json\/wp\/v2\/types\/post"}],"author":[{"embeddable":true,"href":"https:\/\/nitu.mx\/index.php\/wp-json\/wp\/v2\/users\/2"}],"replies":[{"embeddable":true,"href":"https:\/\/nitu.mx\/index.php\/wp-json\/wp\/v2\/comments?post=57669"}],"version-history":[{"count":4,"href":"https:\/\/nitu.mx\/index.php\/wp-json\/wp\/v2\/posts\/57669\/revisions"}],"predecessor-version":[{"id":57692,"href":"https:\/\/nitu.mx\/index.php\/wp-json\/wp\/v2\/posts\/57669\/revisions\/57692"}],"wp:featuredmedia":[{"embeddable":true,"href":"https:\/\/nitu.mx\/index.php\/wp-json\/wp\/v2\/media\/24737"}],"wp:attachment":[{"href":"https:\/\/nitu.mx\/index.php\/wp-json\/wp\/v2\/media?parent=57669"}],"wp:term":[{"taxonomy":"category","embeddable":true,"href":"https:\/\/nitu.mx\/index.php\/wp-json\/wp\/v2\/categories?post=57669"},{"taxonomy":"post_tag","embeddable":true,"href":"https:\/\/nitu.mx\/index.php\/wp-json\/wp\/v2\/tags?post=57669"}],"curies":[{"name":"wp","href":"https:\/\/api.w.org\/{rel}","templated":true}]}}