{"id":57666,"date":"2022-01-19T22:11:44","date_gmt":"2022-01-20T03:11:44","guid":{"rendered":"https:\/\/www.dev.nitu.mx\/?p=57666"},"modified":"2022-01-20T01:17:12","modified_gmt":"2022-01-20T06:17:12","slug":"la-expropiacion-concertada-para-obras-del-tren-maya-es-para-terminar-en-2023-javier-may","status":"publish","type":"post","link":"https:\/\/nitu.mx\/index.php\/2022\/01\/19\/la-expropiacion-concertada-para-obras-del-tren-maya-es-para-terminar-en-2023-javier-may\/","title":{"rendered":"La expropiaci\u00f3n &#8220;concertada&#8221; para obras del Tren Maya es para terminar en 2023: Javier May"},"content":{"rendered":"<p class=\"default__StyledText-xb1qmn-0 kYamVn body-paragraph\">La expropiaci\u00f3n de 198 predios en tres municipios de Quintana Roo permitir\u00e1 al gobierno terminar las obras del Tren Maya en el tiempo pactado, asegur\u00f3 el nuevo titular del Fonatur, Javier May, en una conferencia realizada en Canc\u00fan, May asegur\u00f3 que las obras del proyecto ferroviario estar\u00e1n listas en julio del a\u00f1o siguiente.<\/p>\n<p class=\"default__StyledText-xb1qmn-0 kYamVn body-paragraph\">\u201cLa decisi\u00f3n (de expropiar) nos permite terminar en el tiempo que necesitamos que est\u00e9 la otra; el proyecto se concluir\u00e1 en julio de 2023, vamos a entrar en una din\u00e1mica pr\u00e1ctica y tener los avances y poder terminar en el tiempo que est\u00e1 convenido con la empresas y la Sedena\u201d, agreg\u00f3 el titular del Fonatur<\/p>\n<p class=\"default__StyledText-xb1qmn-0 kYamVn body-paragraph\">El lunes, la Sedatu emiti\u00f3 un acto administrativo para la expropiaci\u00f3n de terrenos privados en Solidaridad, Benito Ju\u00e1rez y Tulum, municipios de Quintana Roo por donde pasar\u00e1 la obra ferroviaria.<\/p>\n<p class=\"default__StyledText-xb1qmn-0 kYamVn body-paragraph\">En la conferencia de este mi\u00e9rcoles, el titular de la Sedatu, Rom\u00e1n Meyer Falc\u00f3n, asegur\u00f3 que la gran mayor\u00eda de los terrenos declarados de utilidad publica ser\u00e1n expropiados de forma concertada.<\/p>\n<p class=\"default__StyledText-xb1qmn-0 kYamVn body-paragraph\">\u201cLa \u00fanica forma de resolver es la expropiaci\u00f3n concertada, en los siguientes d\u00edas se estar\u00e1n llevando a cabo los levantamientos topogr\u00e1ficos en la zona\u201d, indic\u00f3 Meyer.<\/p>\n<p class=\"default__StyledText-xb1qmn-0 kYamVn body-paragraph\">En una entrevista anterior a su salida del Fonatur, el exdirector de la instituci\u00f3n, Rogelio Jim\u00e9nez Pons, dijo a El Financiero que el tramo 5 tendr\u00e1 cambios en su trazo para no afectar la carretera 307, la \u00fanica v\u00eda de acceso terrestre en Canc\u00fan.<\/p>\n<p class=\"default__StyledText-xb1qmn-0 kYamVn body-paragraph\">Adem\u00e1s, revel\u00f3 que las causas de mover el trazo, que ya no tendr\u00e1 un viaducto de 50 kil\u00f3metros, sino de solo 10\u00a0 kil\u00f3metros, fueron la aparici\u00f3n de socavones.<\/p>\n","protected":false},"excerpt":{"rendered":"<p>La expropiaci\u00f3n de 198 predios en tres municipios de Quintana Roo permitir\u00e1 al gobierno terminar las obras del Tren Maya en el tiempo pactado, asegur\u00f3 el nuevo titular del Fonatur, Javier May, en una conferencia realizada en Canc\u00fan, May asegur\u00f3 que las obras del proyecto ferroviario estar\u00e1n listas en julio del a\u00f1o siguiente. \u201cLa decisi\u00f3n [&hellip;]<\/p>\n","protected":false},"author":17,"featured_media":57687,"comment_status":"open","ping_status":"open","sticky":false,"template":"","format":"standard","meta":{"footnotes":""},"categories":[22813],"tags":[889,23061,4108,11427],"yoast_head":"<!-- This site is optimized with the Yoast SEO plugin v22.2 - https:\/\/yoast.com\/wordpress\/plugins\/seo\/ -->\n<title>La expropiaci\u00f3n &quot;concertada&quot; para obras del Tren Maya es para terminar en 2023: Javier May - Nitu - Noticias de la Industria Turistica<\/title>\n<meta name=\"robots\" content=\"index, follow, max-snippet:-1, max-image-preview:large, max-video-preview:-1\" \/>\n<link rel=\"canonical\" href=\"https:\/\/nitu.mx\/index.php\/2022\/01\/19\/la-expropiacion-concertada-para-obras-del-tren-maya-es-para-terminar-en-2023-javier-may\/\" \/>\n<meta name=\"twitter:card\" content=\"summary_large_image\" \/>\n<meta name=\"twitter:title\" content=\"La expropiaci\u00f3n &quot;concertada&quot; para obras del Tren Maya es para terminar en 2023: Javier May - Nitu - Noticias de la Industria Turistica\" \/>\n<meta name=\"twitter:description\" content=\"La expropiaci\u00f3n de 198 predios en tres municipios de Quintana Roo permitir\u00e1 al gobierno terminar las obras del Tren Maya en el tiempo pactado, asegur\u00f3 el nuevo titular del Fonatur, Javier May, en una conferencia realizada en Canc\u00fan, May asegur\u00f3 que las obras del proyecto ferroviario estar\u00e1n listas en julio del a\u00f1o siguiente. \u201cLa decisi\u00f3n [&hellip;]\" \/>\n<meta name=\"twitter:image\" content=\"https:\/\/nitu.mx\/wp-content\/uploads\/2022\/01\/Javier-May-Fonatur.jpg\" \/>\n<meta name=\"twitter:creator\" content=\"@NITUmx\" \/>\n<meta name=\"twitter:site\" content=\"@Arturo_Medina_G\" \/>\n<meta name=\"twitter:label1\" content=\"Escrito por\" \/>\n\t<meta name=\"twitter:data1\" content=\"Redacci\u00f3n\" \/>\n\t<meta name=\"twitter:label2\" content=\"Tiempo de lectura\" \/>\n\t<meta name=\"twitter:data2\" content=\"1 minuto\" \/>\n<script type=\"application\/ld+json\" class=\"yoast-schema-graph\">{\"@context\":\"https:\/\/schema.org\",\"@graph\":[{\"@type\":\"Article\",\"@id\":\"https:\/\/nitu.mx\/index.php\/2022\/01\/19\/la-expropiacion-concertada-para-obras-del-tren-maya-es-para-terminar-en-2023-javier-may\/#article\",\"isPartOf\":{\"@id\":\"https:\/\/nitu.mx\/index.php\/2022\/01\/19\/la-expropiacion-concertada-para-obras-del-tren-maya-es-para-terminar-en-2023-javier-may\/\"},\"author\":{\"name\":\"Redacci\u00f3n\",\"@id\":\"https:\/\/nitu.mx\/#\/schema\/person\/4a28fe9bd65924f7c90623773daf1b0b\"},\"headline\":\"La expropiaci\u00f3n &#8220;concertada&#8221; para obras del Tren Maya es para terminar en 2023: Javier May\",\"datePublished\":\"2022-01-20T03:11:44+00:00\",\"dateModified\":\"2022-01-20T06:17:12+00:00\",\"mainEntityOfPage\":{\"@id\":\"https:\/\/nitu.mx\/index.php\/2022\/01\/19\/la-expropiacion-concertada-para-obras-del-tren-maya-es-para-terminar-en-2023-javier-may\/\"},\"wordCount\":302,\"commentCount\":0,\"publisher\":{\"@id\":\"https:\/\/nitu.mx\/#\/schema\/person\/ae7a53426417292d3dd07b45a33e01bc\"},\"image\":{\"@id\":\"https:\/\/nitu.mx\/index.php\/2022\/01\/19\/la-expropiacion-concertada-para-obras-del-tren-maya-es-para-terminar-en-2023-javier-may\/#primaryimage\"},\"thumbnailUrl\":\"https:\/\/nitu.mx\/wp-content\/uploads\/2022\/01\/Javier-May-Fonatur.jpg\",\"keywords\":[\"Fonatur\",\"Javier May\",\"Sedatu\",\"Tren Maya\"],\"articleSection\":[\"Tren Maya\"],\"inLanguage\":\"es-MX\",\"potentialAction\":[{\"@type\":\"CommentAction\",\"name\":\"Comment\",\"target\":[\"https:\/\/nitu.mx\/index.php\/2022\/01\/19\/la-expropiacion-concertada-para-obras-del-tren-maya-es-para-terminar-en-2023-javier-may\/#respond\"]}]},{\"@type\":\"WebPage\",\"@id\":\"https:\/\/nitu.mx\/index.php\/2022\/01\/19\/la-expropiacion-concertada-para-obras-del-tren-maya-es-para-terminar-en-2023-javier-may\/\",\"url\":\"https:\/\/nitu.mx\/index.php\/2022\/01\/19\/la-expropiacion-concertada-para-obras-del-tren-maya-es-para-terminar-en-2023-javier-may\/\",\"name\":\"La expropiaci\u00f3n \\\"concertada\\\" para obras del Tren Maya es para terminar en 2023: Javier May - Nitu - Noticias de la Industria Turistica\",\"isPartOf\":{\"@id\":\"https:\/\/nitu.mx\/#website\"},\"primaryImageOfPage\":{\"@id\":\"https:\/\/nitu.mx\/index.php\/2022\/01\/19\/la-expropiacion-concertada-para-obras-del-tren-maya-es-para-terminar-en-2023-javier-may\/#primaryimage\"},\"image\":{\"@id\":\"https:\/\/nitu.mx\/index.php\/2022\/01\/19\/la-expropiacion-concertada-para-obras-del-tren-maya-es-para-terminar-en-2023-javier-may\/#primaryimage\"},\"thumbnailUrl\":\"https:\/\/nitu.mx\/wp-content\/uploads\/2022\/01\/Javier-May-Fonatur.jpg\",\"datePublished\":\"2022-01-20T03:11:44+00:00\",\"dateModified\":\"2022-01-20T06:17:12+00:00\",\"breadcrumb\":{\"@id\":\"https:\/\/nitu.mx\/index.php\/2022\/01\/19\/la-expropiacion-concertada-para-obras-del-tren-maya-es-para-terminar-en-2023-javier-may\/#breadcrumb\"},\"inLanguage\":\"es-MX\",\"potentialAction\":[{\"@type\":\"ReadAction\",\"target\":[\"https:\/\/nitu.mx\/index.php\/2022\/01\/19\/la-expropiacion-concertada-para-obras-del-tren-maya-es-para-terminar-en-2023-javier-may\/\"]}]},{\"@type\":\"ImageObject\",\"inLanguage\":\"es-MX\",\"@id\":\"https:\/\/nitu.mx\/index.php\/2022\/01\/19\/la-expropiacion-concertada-para-obras-del-tren-maya-es-para-terminar-en-2023-javier-may\/#primaryimage\",\"url\":\"https:\/\/nitu.mx\/wp-content\/uploads\/2022\/01\/Javier-May-Fonatur.jpg\",\"contentUrl\":\"https:\/\/nitu.mx\/wp-content\/uploads\/2022\/01\/Javier-May-Fonatur.jpg\",\"width\":1200,\"height\":675},{\"@type\":\"BreadcrumbList\",\"@id\":\"https:\/\/nitu.mx\/index.php\/2022\/01\/19\/la-expropiacion-concertada-para-obras-del-tren-maya-es-para-terminar-en-2023-javier-may\/#breadcrumb\",\"itemListElement\":[{\"@type\":\"ListItem\",\"position\":1,\"name\":\"Inicio\",\"item\":\"https:\/\/nitu.mx\/\"},{\"@type\":\"ListItem\",\"position\":2,\"name\":\"La expropiaci\u00f3n &#8220;concertada&#8221; para obras del Tren Maya es para terminar en 2023: Javier May\"}]},{\"@type\":\"WebSite\",\"@id\":\"https:\/\/nitu.mx\/#website\",\"url\":\"https:\/\/nitu.mx\/\",\"name\":\"Nitu - Noticias de la Industria Turistica\",\"description\":\"Noticias de la Industria Turistica\",\"publisher\":{\"@id\":\"https:\/\/nitu.mx\/#\/schema\/person\/ae7a53426417292d3dd07b45a33e01bc\"},\"alternateName\":\"Noticias de la Industria Turistica\",\"potentialAction\":[{\"@type\":\"SearchAction\",\"target\":{\"@type\":\"EntryPoint\",\"urlTemplate\":\"https:\/\/nitu.mx\/?s={search_term_string}\"},\"query-input\":\"required name=search_term_string\"}],\"inLanguage\":\"es-MX\"},{\"@type\":[\"Person\",\"Organization\"],\"@id\":\"https:\/\/nitu.mx\/#\/schema\/person\/ae7a53426417292d3dd07b45a33e01bc\",\"name\":\"Arturo Medina\",\"image\":{\"@type\":\"ImageObject\",\"inLanguage\":\"es-MX\",\"@id\":\"https:\/\/nitu.mx\/#\/schema\/person\/image\/\",\"url\":\"https:\/\/nitu.mx\/wp-content\/uploads\/2024\/04\/4A315622-1904-4D5C-B022-878CDC840E04-90x90-1.jpeg\",\"contentUrl\":\"https:\/\/nitu.mx\/wp-content\/uploads\/2024\/04\/4A315622-1904-4D5C-B022-878CDC840E04-90x90-1.jpeg\",\"width\":90,\"height\":90,\"caption\":\"Arturo Medina\"},\"logo\":{\"@id\":\"https:\/\/nitu.mx\/#\/schema\/person\/image\/\"},\"description\":\"Director NITU.mx, Egresado de la Escuela de Periodismo Carlos Septi\u00e9n Garc\u00eda. Periodista y analista especializado en turismo desde hace 35 a\u00f1os, radicado en Canc\u00fan Q.Roo. arturo@nitu.mx\",\"sameAs\":[\"https:\/\/nitu.mx\",\"https:\/\/www.facebook.com\/NITUmx\/\",\"medinacancun\",\"https:\/\/twitter.com\/@Arturo_Medina_G\"]},{\"@type\":\"Person\",\"@id\":\"https:\/\/nitu.mx\/#\/schema\/person\/4a28fe9bd65924f7c90623773daf1b0b\",\"name\":\"Redacci\u00f3n\",\"image\":{\"@type\":\"ImageObject\",\"inLanguage\":\"es-MX\",\"@id\":\"https:\/\/nitu.mx\/#\/schema\/person\/image\/\",\"url\":\"https:\/\/secure.gravatar.com\/avatar\/5dd011c8ccfc5cd7e4c81e42252aab38?s=96&d=mm&r=g\",\"contentUrl\":\"https:\/\/secure.gravatar.com\/avatar\/5dd011c8ccfc5cd7e4c81e42252aab38?s=96&d=mm&r=g\",\"caption\":\"Redacci\u00f3n\"},\"url\":\"https:\/\/nitu.mx\/index.php\/author\/redaccion\/\"}]}<\/script>\n<!-- \/ Yoast SEO plugin. -->","yoast_head_json":{"title":"La expropiaci\u00f3n \"concertada\" para obras del Tren Maya es para terminar en 2023: Javier May - Nitu - Noticias de la Industria Turistica","robots":{"index":"index","follow":"follow","max-snippet":"max-snippet:-1","max-image-preview":"max-image-preview:large","max-video-preview":"max-video-preview:-1"},"canonical":"https:\/\/nitu.mx\/index.php\/2022\/01\/19\/la-expropiacion-concertada-para-obras-del-tren-maya-es-para-terminar-en-2023-javier-may\/","twitter_card":"summary_large_image","twitter_title":"La expropiaci\u00f3n \"concertada\" para obras del Tren Maya es para terminar en 2023: Javier May - Nitu - Noticias de la Industria Turistica","twitter_description":"La expropiaci\u00f3n de 198 predios en tres municipios de Quintana Roo permitir\u00e1 al gobierno terminar las obras del Tren Maya en el tiempo pactado, asegur\u00f3 el nuevo titular del Fonatur, Javier May, en una conferencia realizada en Canc\u00fan, May asegur\u00f3 que las obras del proyecto ferroviario estar\u00e1n listas en julio del a\u00f1o siguiente. \u201cLa decisi\u00f3n [&hellip;]","twitter_image":"https:\/\/nitu.mx\/wp-content\/uploads\/2022\/01\/Javier-May-Fonatur.jpg","twitter_creator":"@NITUmx","twitter_site":"@Arturo_Medina_G","twitter_misc":{"Escrito por":"Redacci\u00f3n","Tiempo de lectura":"1 minuto"},"schema":{"@context":"https:\/\/schema.org","@graph":[{"@type":"Article","@id":"https:\/\/nitu.mx\/index.php\/2022\/01\/19\/la-expropiacion-concertada-para-obras-del-tren-maya-es-para-terminar-en-2023-javier-may\/#article","isPartOf":{"@id":"https:\/\/nitu.mx\/index.php\/2022\/01\/19\/la-expropiacion-concertada-para-obras-del-tren-maya-es-para-terminar-en-2023-javier-may\/"},"author":{"name":"Redacci\u00f3n","@id":"https:\/\/nitu.mx\/#\/schema\/person\/4a28fe9bd65924f7c90623773daf1b0b"},"headline":"La expropiaci\u00f3n &#8220;concertada&#8221; para obras del Tren Maya es para terminar en 2023: Javier May","datePublished":"2022-01-20T03:11:44+00:00","dateModified":"2022-01-20T06:17:12+00:00","mainEntityOfPage":{"@id":"https:\/\/nitu.mx\/index.php\/2022\/01\/19\/la-expropiacion-concertada-para-obras-del-tren-maya-es-para-terminar-en-2023-javier-may\/"},"wordCount":302,"commentCount":0,"publisher":{"@id":"https:\/\/nitu.mx\/#\/schema\/person\/ae7a53426417292d3dd07b45a33e01bc"},"image":{"@id":"https:\/\/nitu.mx\/index.php\/2022\/01\/19\/la-expropiacion-concertada-para-obras-del-tren-maya-es-para-terminar-en-2023-javier-may\/#primaryimage"},"thumbnailUrl":"https:\/\/nitu.mx\/wp-content\/uploads\/2022\/01\/Javier-May-Fonatur.jpg","keywords":["Fonatur","Javier May","Sedatu","Tren Maya"],"articleSection":["Tren Maya"],"inLanguage":"es-MX","potentialAction":[{"@type":"CommentAction","name":"Comment","target":["https:\/\/nitu.mx\/index.php\/2022\/01\/19\/la-expropiacion-concertada-para-obras-del-tren-maya-es-para-terminar-en-2023-javier-may\/#respond"]}]},{"@type":"WebPage","@id":"https:\/\/nitu.mx\/index.php\/2022\/01\/19\/la-expropiacion-concertada-para-obras-del-tren-maya-es-para-terminar-en-2023-javier-may\/","url":"https:\/\/nitu.mx\/index.php\/2022\/01\/19\/la-expropiacion-concertada-para-obras-del-tren-maya-es-para-terminar-en-2023-javier-may\/","name":"La expropiaci\u00f3n \"concertada\" para obras del Tren Maya es para terminar en 2023: Javier May - Nitu - Noticias de la Industria Turistica","isPartOf":{"@id":"https:\/\/nitu.mx\/#website"},"primaryImageOfPage":{"@id":"https:\/\/nitu.mx\/index.php\/2022\/01\/19\/la-expropiacion-concertada-para-obras-del-tren-maya-es-para-terminar-en-2023-javier-may\/#primaryimage"},"image":{"@id":"https:\/\/nitu.mx\/index.php\/2022\/01\/19\/la-expropiacion-concertada-para-obras-del-tren-maya-es-para-terminar-en-2023-javier-may\/#primaryimage"},"thumbnailUrl":"https:\/\/nitu.mx\/wp-content\/uploads\/2022\/01\/Javier-May-Fonatur.jpg","datePublished":"2022-01-20T03:11:44+00:00","dateModified":"2022-01-20T06:17:12+00:00","breadcrumb":{"@id":"https:\/\/nitu.mx\/index.php\/2022\/01\/19\/la-expropiacion-concertada-para-obras-del-tren-maya-es-para-terminar-en-2023-javier-may\/#breadcrumb"},"inLanguage":"es-MX","potentialAction":[{"@type":"ReadAction","target":["https:\/\/nitu.mx\/index.php\/2022\/01\/19\/la-expropiacion-concertada-para-obras-del-tren-maya-es-para-terminar-en-2023-javier-may\/"]}]},{"@type":"ImageObject","inLanguage":"es-MX","@id":"https:\/\/nitu.mx\/index.php\/2022\/01\/19\/la-expropiacion-concertada-para-obras-del-tren-maya-es-para-terminar-en-2023-javier-may\/#primaryimage","url":"https:\/\/nitu.mx\/wp-content\/uploads\/2022\/01\/Javier-May-Fonatur.jpg","contentUrl":"https:\/\/nitu.mx\/wp-content\/uploads\/2022\/01\/Javier-May-Fonatur.jpg","width":1200,"height":675},{"@type":"BreadcrumbList","@id":"https:\/\/nitu.mx\/index.php\/2022\/01\/19\/la-expropiacion-concertada-para-obras-del-tren-maya-es-para-terminar-en-2023-javier-may\/#breadcrumb","itemListElement":[{"@type":"ListItem","position":1,"name":"Inicio","item":"https:\/\/nitu.mx\/"},{"@type":"ListItem","position":2,"name":"La expropiaci\u00f3n &#8220;concertada&#8221; para obras del Tren Maya es para terminar en 2023: Javier May"}]},{"@type":"WebSite","@id":"https:\/\/nitu.mx\/#website","url":"https:\/\/nitu.mx\/","name":"Nitu - Noticias de la Industria Turistica","description":"Noticias de la Industria Turistica","publisher":{"@id":"https:\/\/nitu.mx\/#\/schema\/person\/ae7a53426417292d3dd07b45a33e01bc"},"alternateName":"Noticias de la Industria Turistica","potentialAction":[{"@type":"SearchAction","target":{"@type":"EntryPoint","urlTemplate":"https:\/\/nitu.mx\/?s={search_term_string}"},"query-input":"required name=search_term_string"}],"inLanguage":"es-MX"},{"@type":["Person","Organization"],"@id":"https:\/\/nitu.mx\/#\/schema\/person\/ae7a53426417292d3dd07b45a33e01bc","name":"Arturo Medina","image":{"@type":"ImageObject","inLanguage":"es-MX","@id":"https:\/\/nitu.mx\/#\/schema\/person\/image\/","url":"https:\/\/nitu.mx\/wp-content\/uploads\/2024\/04\/4A315622-1904-4D5C-B022-878CDC840E04-90x90-1.jpeg","contentUrl":"https:\/\/nitu.mx\/wp-content\/uploads\/2024\/04\/4A315622-1904-4D5C-B022-878CDC840E04-90x90-1.jpeg","width":90,"height":90,"caption":"Arturo Medina"},"logo":{"@id":"https:\/\/nitu.mx\/#\/schema\/person\/image\/"},"description":"Director NITU.mx, Egresado de la Escuela de Periodismo Carlos Septi\u00e9n Garc\u00eda. Periodista y analista especializado en turismo desde hace 35 a\u00f1os, radicado en Canc\u00fan Q.Roo. arturo@nitu.mx","sameAs":["https:\/\/nitu.mx","https:\/\/www.facebook.com\/NITUmx\/","medinacancun","https:\/\/twitter.com\/@Arturo_Medina_G"]},{"@type":"Person","@id":"https:\/\/nitu.mx\/#\/schema\/person\/4a28fe9bd65924f7c90623773daf1b0b","name":"Redacci\u00f3n","image":{"@type":"ImageObject","inLanguage":"es-MX","@id":"https:\/\/nitu.mx\/#\/schema\/person\/image\/","url":"https:\/\/secure.gravatar.com\/avatar\/5dd011c8ccfc5cd7e4c81e42252aab38?s=96&d=mm&r=g","contentUrl":"https:\/\/secure.gravatar.com\/avatar\/5dd011c8ccfc5cd7e4c81e42252aab38?s=96&d=mm&r=g","caption":"Redacci\u00f3n"},"url":"https:\/\/nitu.mx\/index.php\/author\/redaccion\/"}]}},"views":268,"_links":{"self":[{"href":"https:\/\/nitu.mx\/index.php\/wp-json\/wp\/v2\/posts\/57666"}],"collection":[{"href":"https:\/\/nitu.mx\/index.php\/wp-json\/wp\/v2\/posts"}],"about":[{"href":"https:\/\/nitu.mx\/index.php\/wp-json\/wp\/v2\/types\/post"}],"author":[{"embeddable":true,"href":"https:\/\/nitu.mx\/index.php\/wp-json\/wp\/v2\/users\/17"}],"replies":[{"embeddable":true,"href":"https:\/\/nitu.mx\/index.php\/wp-json\/wp\/v2\/comments?post=57666"}],"version-history":[{"count":4,"href":"https:\/\/nitu.mx\/index.php\/wp-json\/wp\/v2\/posts\/57666\/revisions"}],"predecessor-version":[{"id":57688,"href":"https:\/\/nitu.mx\/index.php\/wp-json\/wp\/v2\/posts\/57666\/revisions\/57688"}],"wp:featuredmedia":[{"embeddable":true,"href":"https:\/\/nitu.mx\/index.php\/wp-json\/wp\/v2\/media\/57687"}],"wp:attachment":[{"href":"https:\/\/nitu.mx\/index.php\/wp-json\/wp\/v2\/media?parent=57666"}],"wp:term":[{"taxonomy":"category","embeddable":true,"href":"https:\/\/nitu.mx\/index.php\/wp-json\/wp\/v2\/categories?post=57666"},{"taxonomy":"post_tag","embeddable":true,"href":"https:\/\/nitu.mx\/index.php\/wp-json\/wp\/v2\/tags?post=57666"}],"curies":[{"name":"wp","href":"https:\/\/api.w.org\/{rel}","templated":true}]}}