{"id":57655,"date":"2022-01-19T17:25:31","date_gmt":"2022-01-19T22:25:31","guid":{"rendered":"https:\/\/www.dev.nitu.mx\/?p=57655"},"modified":"2022-01-20T01:17:48","modified_gmt":"2022-01-20T06:17:48","slug":"posadas-anuncia-apertura-de-fiesta-inn-express-puebla-explanada","status":"publish","type":"post","link":"https:\/\/nitu.mx\/index.php\/2022\/01\/19\/posadas-anuncia-apertura-de-fiesta-inn-express-puebla-explanada\/","title":{"rendered":"Posadas anuncia apertura de Fiesta Inn Express Puebla Explanada"},"content":{"rendered":"<p>La cadena hotelera Posadas inici\u00f3 su expansi\u00f3n en 2022 con la apertura del hotel Fiesta Inn Express Puebla Explanada, que ofrece el caracter\u00edstico concepto de hospedaje de estancias c\u00f3modas, relajadas y a la vez productivas.<\/p>\n<p>Con esta apertura dirigida al hu\u00e9sped que busca experiencias completas y adaptables, el grupo ya cuenta con cuatro propiedades en el estado de Puebla con espacios modernos y funcionales con las comodidades que requiere el viajero de negocios y placer.<\/p>\n<p>Fiesta Inn Express Puebla Explanada cuenta con 138 habitaciones distribuidas en 54 superior Double, 76 superior King, 2 junior King, 5 luxury King y 1 handicap, y ofrece amenidades para el rendimiento de los hu\u00e9spedes, entre ellas la sala lounge 360\u00b0 con mesas de trabajo, sillones de descanso, internet de alta velocidad y \u00e1reas de entretenimiento.<\/p>\n<p>Tambi\u00e9n est\u00e1 disponible una sala de juntas, con capacidad para ocho personas y equipada con la m\u00e1s alta tecnolog\u00eda, ideal para llevar a cabo reuniones de negocios en total privacidad.<\/p>\n<p>El nuevo hotel se encuentra estrat\u00e9gicamente ubicado dentro del centro comercial Puebla Explanada, uno de los m\u00e1s modernos de San Pedro Cholula, que est\u00e1 a cinco minutos de la Universidad de las Am\u00e9ricas, 13 minutos de la armadora Volkswagen y a 30 minutos del Centro Hist\u00f3rico de Puebla y del Centro Comercial Angel\u00f3polis.<\/p>\n<p>Fiesta Inn Express Puebla Explanada est\u00e1 adaptado con servicios que permiten a los hu\u00e9spedes mantener su estilo de vida cotidiano con espacios de lavander\u00eda, autoservicio, wifi de alta velocidad en las instalaciones, gimnasio y alberca al aire libre.<\/p>\n<p>El director de Operaciones de Posadas, Adri\u00e1n Correa, coment\u00f3 \u201cCon esta apertura invitamos a todas las personas que buscan la conjunci\u00f3n de la productividad y el descanso en un solo lugar; es el hotel ideal con instalaciones modernas, pr\u00e1cticas y c\u00f3modas, brindando espacios sumamente funcionales a todos los hu\u00e9spedes. Cumplimos con los m\u00e1s altos est\u00e1ndares de sanidad y limpieza para ofrecer estancias seguras\u201d.\u00a0<a title=\"Posadas cierra reestructura con \u00e9xito y mejora calificaci\u00f3n crediticia\" href=\"https:\/\/www.dev.nitu.mx\/index.php\/2021\/12\/21\/posadas-cierra-reestructura-con-exito-y-mejora-calificacion-crediticia\/\" rel=\"bookmark\">(Posadas cierra reestructura con \u00e9xito y mejora calificaci\u00f3n crediticia<\/a>).<\/p>\n","protected":false},"excerpt":{"rendered":"<p>La cadena hotelera Posadas inici\u00f3 su expansi\u00f3n en 2022 con la apertura del hotel Fiesta Inn Express Puebla Explanada, que ofrece el caracter\u00edstico concepto de hospedaje de estancias c\u00f3modas, relajadas y a la vez productivas. Con esta apertura dirigida al hu\u00e9sped que busca experiencias completas y adaptables, el grupo ya cuenta con cuatro propiedades en [&hellip;]<\/p>\n","protected":false},"author":17,"featured_media":57657,"comment_status":"open","ping_status":"open","sticky":false,"template":"","format":"standard","meta":{"footnotes":""},"categories":[2],"tags":[23060,15485,23059,217,23058,62,4506],"yoast_head":"<!-- This site is optimized with the Yoast SEO plugin v22.2 - https:\/\/yoast.com\/wordpress\/plugins\/seo\/ -->\n<title>Posadas anuncia apertura de Fiesta Inn Express Puebla Explanada - Nitu - Noticias de la Industria Turistica<\/title>\n<meta name=\"robots\" content=\"index, follow, max-snippet:-1, max-image-preview:large, max-video-preview:-1\" \/>\n<link rel=\"canonical\" href=\"https:\/\/nitu.mx\/index.php\/2022\/01\/19\/posadas-anuncia-apertura-de-fiesta-inn-express-puebla-explanada\/\" \/>\n<meta name=\"twitter:card\" content=\"summary_large_image\" \/>\n<meta name=\"twitter:title\" content=\"Posadas anuncia apertura de Fiesta Inn Express Puebla Explanada - Nitu - Noticias de la Industria Turistica\" \/>\n<meta name=\"twitter:description\" content=\"La cadena hotelera Posadas inici\u00f3 su expansi\u00f3n en 2022 con la apertura del hotel Fiesta Inn Express Puebla Explanada, que ofrece el caracter\u00edstico concepto de hospedaje de estancias c\u00f3modas, relajadas y a la vez productivas. Con esta apertura dirigida al hu\u00e9sped que busca experiencias completas y adaptables, el grupo ya cuenta con cuatro propiedades en [&hellip;]\" \/>\n<meta name=\"twitter:image\" content=\"https:\/\/nitu.mx\/wp-content\/uploads\/2022\/01\/Fiesta-Inn-Express-Puebla-Explanada.jpg\" \/>\n<meta name=\"twitter:creator\" content=\"@NITUmx\" \/>\n<meta name=\"twitter:site\" content=\"@Arturo_Medina_G\" \/>\n<meta name=\"twitter:label1\" content=\"Escrito por\" \/>\n\t<meta name=\"twitter:data1\" content=\"Redacci\u00f3n\" \/>\n\t<meta name=\"twitter:label2\" content=\"Tiempo de lectura\" \/>\n\t<meta name=\"twitter:data2\" content=\"2 minutos\" \/>\n<script type=\"application\/ld+json\" class=\"yoast-schema-graph\">{\"@context\":\"https:\/\/schema.org\",\"@graph\":[{\"@type\":\"Article\",\"@id\":\"https:\/\/nitu.mx\/index.php\/2022\/01\/19\/posadas-anuncia-apertura-de-fiesta-inn-express-puebla-explanada\/#article\",\"isPartOf\":{\"@id\":\"https:\/\/nitu.mx\/index.php\/2022\/01\/19\/posadas-anuncia-apertura-de-fiesta-inn-express-puebla-explanada\/\"},\"author\":{\"name\":\"Redacci\u00f3n\",\"@id\":\"https:\/\/nitu.mx\/#\/schema\/person\/4a28fe9bd65924f7c90623773daf1b0b\"},\"headline\":\"Posadas anuncia apertura de Fiesta Inn Express Puebla Explanada\",\"datePublished\":\"2022-01-19T22:25:31+00:00\",\"dateModified\":\"2022-01-20T06:17:48+00:00\",\"mainEntityOfPage\":{\"@id\":\"https:\/\/nitu.mx\/index.php\/2022\/01\/19\/posadas-anuncia-apertura-de-fiesta-inn-express-puebla-explanada\/\"},\"wordCount\":346,\"commentCount\":0,\"publisher\":{\"@id\":\"https:\/\/nitu.mx\/#\/schema\/person\/ae7a53426417292d3dd07b45a33e01bc\"},\"image\":{\"@id\":\"https:\/\/nitu.mx\/index.php\/2022\/01\/19\/posadas-anuncia-apertura-de-fiesta-inn-express-puebla-explanada\/#primaryimage\"},\"thumbnailUrl\":\"https:\/\/nitu.mx\/wp-content\/uploads\/2022\/01\/Fiesta-Inn-Express-Puebla-Explanada.jpg\",\"keywords\":[\"Adri\u00e1n Correa\",\"Angel\u00f3polis\",\"Cholula\",\"Fiesta Inn\",\"Posdas\",\"Puebla\",\"viajeros de negocios\"],\"articleSection\":[\"Hoteles\"],\"inLanguage\":\"es-MX\",\"potentialAction\":[{\"@type\":\"CommentAction\",\"name\":\"Comment\",\"target\":[\"https:\/\/nitu.mx\/index.php\/2022\/01\/19\/posadas-anuncia-apertura-de-fiesta-inn-express-puebla-explanada\/#respond\"]}]},{\"@type\":\"WebPage\",\"@id\":\"https:\/\/nitu.mx\/index.php\/2022\/01\/19\/posadas-anuncia-apertura-de-fiesta-inn-express-puebla-explanada\/\",\"url\":\"https:\/\/nitu.mx\/index.php\/2022\/01\/19\/posadas-anuncia-apertura-de-fiesta-inn-express-puebla-explanada\/\",\"name\":\"Posadas anuncia apertura de Fiesta Inn Express Puebla Explanada - Nitu - Noticias de la Industria Turistica\",\"isPartOf\":{\"@id\":\"https:\/\/nitu.mx\/#website\"},\"primaryImageOfPage\":{\"@id\":\"https:\/\/nitu.mx\/index.php\/2022\/01\/19\/posadas-anuncia-apertura-de-fiesta-inn-express-puebla-explanada\/#primaryimage\"},\"image\":{\"@id\":\"https:\/\/nitu.mx\/index.php\/2022\/01\/19\/posadas-anuncia-apertura-de-fiesta-inn-express-puebla-explanada\/#primaryimage\"},\"thumbnailUrl\":\"https:\/\/nitu.mx\/wp-content\/uploads\/2022\/01\/Fiesta-Inn-Express-Puebla-Explanada.jpg\",\"datePublished\":\"2022-01-19T22:25:31+00:00\",\"dateModified\":\"2022-01-20T06:17:48+00:00\",\"breadcrumb\":{\"@id\":\"https:\/\/nitu.mx\/index.php\/2022\/01\/19\/posadas-anuncia-apertura-de-fiesta-inn-express-puebla-explanada\/#breadcrumb\"},\"inLanguage\":\"es-MX\",\"potentialAction\":[{\"@type\":\"ReadAction\",\"target\":[\"https:\/\/nitu.mx\/index.php\/2022\/01\/19\/posadas-anuncia-apertura-de-fiesta-inn-express-puebla-explanada\/\"]}]},{\"@type\":\"ImageObject\",\"inLanguage\":\"es-MX\",\"@id\":\"https:\/\/nitu.mx\/index.php\/2022\/01\/19\/posadas-anuncia-apertura-de-fiesta-inn-express-puebla-explanada\/#primaryimage\",\"url\":\"https:\/\/nitu.mx\/wp-content\/uploads\/2022\/01\/Fiesta-Inn-Express-Puebla-Explanada.jpg\",\"contentUrl\":\"https:\/\/nitu.mx\/wp-content\/uploads\/2022\/01\/Fiesta-Inn-Express-Puebla-Explanada.jpg\",\"width\":1200,\"height\":675,\"caption\":\"Fiesta Inn Puebla\"},{\"@type\":\"BreadcrumbList\",\"@id\":\"https:\/\/nitu.mx\/index.php\/2022\/01\/19\/posadas-anuncia-apertura-de-fiesta-inn-express-puebla-explanada\/#breadcrumb\",\"itemListElement\":[{\"@type\":\"ListItem\",\"position\":1,\"name\":\"Inicio\",\"item\":\"https:\/\/nitu.mx\/\"},{\"@type\":\"ListItem\",\"position\":2,\"name\":\"Posadas anuncia apertura de Fiesta Inn Express Puebla Explanada\"}]},{\"@type\":\"WebSite\",\"@id\":\"https:\/\/nitu.mx\/#website\",\"url\":\"https:\/\/nitu.mx\/\",\"name\":\"Nitu - Noticias de la Industria Turistica\",\"description\":\"Noticias de la Industria Turistica\",\"publisher\":{\"@id\":\"https:\/\/nitu.mx\/#\/schema\/person\/ae7a53426417292d3dd07b45a33e01bc\"},\"alternateName\":\"Noticias de la Industria Turistica\",\"potentialAction\":[{\"@type\":\"SearchAction\",\"target\":{\"@type\":\"EntryPoint\",\"urlTemplate\":\"https:\/\/nitu.mx\/?s={search_term_string}\"},\"query-input\":\"required name=search_term_string\"}],\"inLanguage\":\"es-MX\"},{\"@type\":[\"Person\",\"Organization\"],\"@id\":\"https:\/\/nitu.mx\/#\/schema\/person\/ae7a53426417292d3dd07b45a33e01bc\",\"name\":\"Arturo Medina\",\"image\":{\"@type\":\"ImageObject\",\"inLanguage\":\"es-MX\",\"@id\":\"https:\/\/nitu.mx\/#\/schema\/person\/image\/\",\"url\":\"https:\/\/nitu.mx\/wp-content\/uploads\/2024\/04\/4A315622-1904-4D5C-B022-878CDC840E04-90x90-1.jpeg\",\"contentUrl\":\"https:\/\/nitu.mx\/wp-content\/uploads\/2024\/04\/4A315622-1904-4D5C-B022-878CDC840E04-90x90-1.jpeg\",\"width\":90,\"height\":90,\"caption\":\"Arturo Medina\"},\"logo\":{\"@id\":\"https:\/\/nitu.mx\/#\/schema\/person\/image\/\"},\"description\":\"Director NITU.mx, Egresado de la Escuela de Periodismo Carlos Septi\u00e9n Garc\u00eda. Periodista y analista especializado en turismo desde hace 35 a\u00f1os, radicado en Canc\u00fan Q.Roo. arturo@nitu.mx\",\"sameAs\":[\"https:\/\/nitu.mx\",\"https:\/\/www.facebook.com\/NITUmx\/\",\"medinacancun\",\"https:\/\/twitter.com\/@Arturo_Medina_G\"]},{\"@type\":\"Person\",\"@id\":\"https:\/\/nitu.mx\/#\/schema\/person\/4a28fe9bd65924f7c90623773daf1b0b\",\"name\":\"Redacci\u00f3n\",\"image\":{\"@type\":\"ImageObject\",\"inLanguage\":\"es-MX\",\"@id\":\"https:\/\/nitu.mx\/#\/schema\/person\/image\/\",\"url\":\"https:\/\/secure.gravatar.com\/avatar\/5dd011c8ccfc5cd7e4c81e42252aab38?s=96&d=mm&r=g\",\"contentUrl\":\"https:\/\/secure.gravatar.com\/avatar\/5dd011c8ccfc5cd7e4c81e42252aab38?s=96&d=mm&r=g\",\"caption\":\"Redacci\u00f3n\"},\"url\":\"https:\/\/nitu.mx\/index.php\/author\/redaccion\/\"}]}<\/script>\n<!-- \/ Yoast SEO plugin. -->","yoast_head_json":{"title":"Posadas anuncia apertura de Fiesta Inn Express Puebla Explanada - Nitu - Noticias de la Industria Turistica","robots":{"index":"index","follow":"follow","max-snippet":"max-snippet:-1","max-image-preview":"max-image-preview:large","max-video-preview":"max-video-preview:-1"},"canonical":"https:\/\/nitu.mx\/index.php\/2022\/01\/19\/posadas-anuncia-apertura-de-fiesta-inn-express-puebla-explanada\/","twitter_card":"summary_large_image","twitter_title":"Posadas anuncia apertura de Fiesta Inn Express Puebla Explanada - Nitu - Noticias de la Industria Turistica","twitter_description":"La cadena hotelera Posadas inici\u00f3 su expansi\u00f3n en 2022 con la apertura del hotel Fiesta Inn Express Puebla Explanada, que ofrece el caracter\u00edstico concepto de hospedaje de estancias c\u00f3modas, relajadas y a la vez productivas. Con esta apertura dirigida al hu\u00e9sped que busca experiencias completas y adaptables, el grupo ya cuenta con cuatro propiedades en [&hellip;]","twitter_image":"https:\/\/nitu.mx\/wp-content\/uploads\/2022\/01\/Fiesta-Inn-Express-Puebla-Explanada.jpg","twitter_creator":"@NITUmx","twitter_site":"@Arturo_Medina_G","twitter_misc":{"Escrito por":"Redacci\u00f3n","Tiempo de lectura":"2 minutos"},"schema":{"@context":"https:\/\/schema.org","@graph":[{"@type":"Article","@id":"https:\/\/nitu.mx\/index.php\/2022\/01\/19\/posadas-anuncia-apertura-de-fiesta-inn-express-puebla-explanada\/#article","isPartOf":{"@id":"https:\/\/nitu.mx\/index.php\/2022\/01\/19\/posadas-anuncia-apertura-de-fiesta-inn-express-puebla-explanada\/"},"author":{"name":"Redacci\u00f3n","@id":"https:\/\/nitu.mx\/#\/schema\/person\/4a28fe9bd65924f7c90623773daf1b0b"},"headline":"Posadas anuncia apertura de Fiesta Inn Express Puebla Explanada","datePublished":"2022-01-19T22:25:31+00:00","dateModified":"2022-01-20T06:17:48+00:00","mainEntityOfPage":{"@id":"https:\/\/nitu.mx\/index.php\/2022\/01\/19\/posadas-anuncia-apertura-de-fiesta-inn-express-puebla-explanada\/"},"wordCount":346,"commentCount":0,"publisher":{"@id":"https:\/\/nitu.mx\/#\/schema\/person\/ae7a53426417292d3dd07b45a33e01bc"},"image":{"@id":"https:\/\/nitu.mx\/index.php\/2022\/01\/19\/posadas-anuncia-apertura-de-fiesta-inn-express-puebla-explanada\/#primaryimage"},"thumbnailUrl":"https:\/\/nitu.mx\/wp-content\/uploads\/2022\/01\/Fiesta-Inn-Express-Puebla-Explanada.jpg","keywords":["Adri\u00e1n Correa","Angel\u00f3polis","Cholula","Fiesta Inn","Posdas","Puebla","viajeros de negocios"],"articleSection":["Hoteles"],"inLanguage":"es-MX","potentialAction":[{"@type":"CommentAction","name":"Comment","target":["https:\/\/nitu.mx\/index.php\/2022\/01\/19\/posadas-anuncia-apertura-de-fiesta-inn-express-puebla-explanada\/#respond"]}]},{"@type":"WebPage","@id":"https:\/\/nitu.mx\/index.php\/2022\/01\/19\/posadas-anuncia-apertura-de-fiesta-inn-express-puebla-explanada\/","url":"https:\/\/nitu.mx\/index.php\/2022\/01\/19\/posadas-anuncia-apertura-de-fiesta-inn-express-puebla-explanada\/","name":"Posadas anuncia apertura de Fiesta Inn Express Puebla Explanada - Nitu - Noticias de la Industria Turistica","isPartOf":{"@id":"https:\/\/nitu.mx\/#website"},"primaryImageOfPage":{"@id":"https:\/\/nitu.mx\/index.php\/2022\/01\/19\/posadas-anuncia-apertura-de-fiesta-inn-express-puebla-explanada\/#primaryimage"},"image":{"@id":"https:\/\/nitu.mx\/index.php\/2022\/01\/19\/posadas-anuncia-apertura-de-fiesta-inn-express-puebla-explanada\/#primaryimage"},"thumbnailUrl":"https:\/\/nitu.mx\/wp-content\/uploads\/2022\/01\/Fiesta-Inn-Express-Puebla-Explanada.jpg","datePublished":"2022-01-19T22:25:31+00:00","dateModified":"2022-01-20T06:17:48+00:00","breadcrumb":{"@id":"https:\/\/nitu.mx\/index.php\/2022\/01\/19\/posadas-anuncia-apertura-de-fiesta-inn-express-puebla-explanada\/#breadcrumb"},"inLanguage":"es-MX","potentialAction":[{"@type":"ReadAction","target":["https:\/\/nitu.mx\/index.php\/2022\/01\/19\/posadas-anuncia-apertura-de-fiesta-inn-express-puebla-explanada\/"]}]},{"@type":"ImageObject","inLanguage":"es-MX","@id":"https:\/\/nitu.mx\/index.php\/2022\/01\/19\/posadas-anuncia-apertura-de-fiesta-inn-express-puebla-explanada\/#primaryimage","url":"https:\/\/nitu.mx\/wp-content\/uploads\/2022\/01\/Fiesta-Inn-Express-Puebla-Explanada.jpg","contentUrl":"https:\/\/nitu.mx\/wp-content\/uploads\/2022\/01\/Fiesta-Inn-Express-Puebla-Explanada.jpg","width":1200,"height":675,"caption":"Fiesta Inn Puebla"},{"@type":"BreadcrumbList","@id":"https:\/\/nitu.mx\/index.php\/2022\/01\/19\/posadas-anuncia-apertura-de-fiesta-inn-express-puebla-explanada\/#breadcrumb","itemListElement":[{"@type":"ListItem","position":1,"name":"Inicio","item":"https:\/\/nitu.mx\/"},{"@type":"ListItem","position":2,"name":"Posadas anuncia apertura de Fiesta Inn Express Puebla Explanada"}]},{"@type":"WebSite","@id":"https:\/\/nitu.mx\/#website","url":"https:\/\/nitu.mx\/","name":"Nitu - Noticias de la Industria Turistica","description":"Noticias de la Industria Turistica","publisher":{"@id":"https:\/\/nitu.mx\/#\/schema\/person\/ae7a53426417292d3dd07b45a33e01bc"},"alternateName":"Noticias de la Industria Turistica","potentialAction":[{"@type":"SearchAction","target":{"@type":"EntryPoint","urlTemplate":"https:\/\/nitu.mx\/?s={search_term_string}"},"query-input":"required name=search_term_string"}],"inLanguage":"es-MX"},{"@type":["Person","Organization"],"@id":"https:\/\/nitu.mx\/#\/schema\/person\/ae7a53426417292d3dd07b45a33e01bc","name":"Arturo Medina","image":{"@type":"ImageObject","inLanguage":"es-MX","@id":"https:\/\/nitu.mx\/#\/schema\/person\/image\/","url":"https:\/\/nitu.mx\/wp-content\/uploads\/2024\/04\/4A315622-1904-4D5C-B022-878CDC840E04-90x90-1.jpeg","contentUrl":"https:\/\/nitu.mx\/wp-content\/uploads\/2024\/04\/4A315622-1904-4D5C-B022-878CDC840E04-90x90-1.jpeg","width":90,"height":90,"caption":"Arturo Medina"},"logo":{"@id":"https:\/\/nitu.mx\/#\/schema\/person\/image\/"},"description":"Director NITU.mx, Egresado de la Escuela de Periodismo Carlos Septi\u00e9n Garc\u00eda. Periodista y analista especializado en turismo desde hace 35 a\u00f1os, radicado en Canc\u00fan Q.Roo. arturo@nitu.mx","sameAs":["https:\/\/nitu.mx","https:\/\/www.facebook.com\/NITUmx\/","medinacancun","https:\/\/twitter.com\/@Arturo_Medina_G"]},{"@type":"Person","@id":"https:\/\/nitu.mx\/#\/schema\/person\/4a28fe9bd65924f7c90623773daf1b0b","name":"Redacci\u00f3n","image":{"@type":"ImageObject","inLanguage":"es-MX","@id":"https:\/\/nitu.mx\/#\/schema\/person\/image\/","url":"https:\/\/secure.gravatar.com\/avatar\/5dd011c8ccfc5cd7e4c81e42252aab38?s=96&d=mm&r=g","contentUrl":"https:\/\/secure.gravatar.com\/avatar\/5dd011c8ccfc5cd7e4c81e42252aab38?s=96&d=mm&r=g","caption":"Redacci\u00f3n"},"url":"https:\/\/nitu.mx\/index.php\/author\/redaccion\/"}]}},"views":343,"_links":{"self":[{"href":"https:\/\/nitu.mx\/index.php\/wp-json\/wp\/v2\/posts\/57655"}],"collection":[{"href":"https:\/\/nitu.mx\/index.php\/wp-json\/wp\/v2\/posts"}],"about":[{"href":"https:\/\/nitu.mx\/index.php\/wp-json\/wp\/v2\/types\/post"}],"author":[{"embeddable":true,"href":"https:\/\/nitu.mx\/index.php\/wp-json\/wp\/v2\/users\/17"}],"replies":[{"embeddable":true,"href":"https:\/\/nitu.mx\/index.php\/wp-json\/wp\/v2\/comments?post=57655"}],"version-history":[{"count":2,"href":"https:\/\/nitu.mx\/index.php\/wp-json\/wp\/v2\/posts\/57655\/revisions"}],"predecessor-version":[{"id":57658,"href":"https:\/\/nitu.mx\/index.php\/wp-json\/wp\/v2\/posts\/57655\/revisions\/57658"}],"wp:featuredmedia":[{"embeddable":true,"href":"https:\/\/nitu.mx\/index.php\/wp-json\/wp\/v2\/media\/57657"}],"wp:attachment":[{"href":"https:\/\/nitu.mx\/index.php\/wp-json\/wp\/v2\/media?parent=57655"}],"wp:term":[{"taxonomy":"category","embeddable":true,"href":"https:\/\/nitu.mx\/index.php\/wp-json\/wp\/v2\/categories?post=57655"},{"taxonomy":"post_tag","embeddable":true,"href":"https:\/\/nitu.mx\/index.php\/wp-json\/wp\/v2\/tags?post=57655"}],"curies":[{"name":"wp","href":"https:\/\/api.w.org\/{rel}","templated":true}]}}