{"id":57647,"date":"2022-01-19T01:09:44","date_gmt":"2022-01-19T06:09:44","guid":{"rendered":"https:\/\/www.dev.nitu.mx\/?p=57647"},"modified":"2022-01-19T01:10:19","modified_gmt":"2022-01-19T06:10:19","slug":"terrenos-de-hoteleros-para-tren-maya-ya-estaban-pactados-toni-chaves","status":"publish","type":"post","link":"https:\/\/nitu.mx\/index.php\/2022\/01\/19\/terrenos-de-hoteleros-para-tren-maya-ya-estaban-pactados-toni-chaves\/","title":{"rendered":"Terrenos de hoteleros para Tren Maya ya estaban pactados: Toni Chaves"},"content":{"rendered":"<p>El presidente de la Asociaci\u00f3n de Hoteles de la Rivera Maya Toni Chaves, se dijo sorprendido por la publicaci\u00f3n en el Diario Oficial de la Federaci\u00f3n sobre la expropiaron de predios para llevar a termino el proyecto Tren Maya, asegura que las pl\u00e1ticas que se sostuvieron con Fonatur, que encabezaba Rogelio Jim\u00e9nez Pons, hab\u00edan llegado a consenso, ya estaba desde Canc\u00fan hasta Tulum asegura el empresario hotelero a <em><strong>NITU.mx<\/strong> <\/em>desde Madrid en el marco de FITUR.<\/p>\n<p>Dijo que ya han tenido un acercamiento con el nuevo titular de Fonatur, Javier May Rodriguez, para tener una reuni\u00f3n y poder aterrizar los acuerdos previos y que quede sin efecto la publicaci\u00f3n para los predios en los cuales los propietarios tienen ya una negociaci\u00f3n echa, el funcionario se dijo confiado que la publicaci\u00f3n en el DOF, es solo para poder ejercer la expropiaci\u00f3n en los predios en los que los propietarios no han respondido a la invitaci\u00f3n del gobierno federal. (<a title=\"Cambios en Fonatur: sale Rogelio Jim\u00e9nez Pons y entra Javier May\" href=\"https:\/\/www.dev.nitu.mx\/index.php\/2022\/01\/11\/cambios-en-fonatur-sale-rogelio-jimenez-pons-y-entra-javier-may\/\" rel=\"bookmark\">Cambios en Fonatur: sale Rogelio Jim\u00e9nez Pons y entra Javier May<\/a>).<\/p>\n<p>Como le informamos,El Gobierno federal expropi\u00f3 198 terrenos privados de la Riviera Maya, en Quintana Roo, para construir uno de los tramos del Tren Maya.<\/p>\n<p>Se trata de 2 millones 410 mil 107.7 metros cuadrados comprendidos en los municipios de Benito Ju\u00e1rez (Canc\u00fan), Solidaridad y Puerto Morelos.<\/p>\n<p>Los terrenos se ubican en el Tramo 5 Norte del Tren, que va de Canc\u00fan a Playa del Carmen, y cuya construcci\u00f3n estar\u00e1 a cargo de la Secretar\u00eda de la Defensa Nacional (Sedena).<\/p>\n<p>La Secretar\u00eda de Desarrollo Agrario, Territorial y Urbano expropi\u00f3 dichos terrenos bajo la causal de \u201cutilidad p\u00fablica\u201d para el desarrollo del proyecto del Tren.<\/p>\n<p>\u201cSe declara de utilidad p\u00fablica el desarrollo del Proyecto Tren Maya, en los municipios de Benito Ju\u00e1rez, Solidaridad y Puerto Morelos, en el estado de Quintana Roo, que se materializar\u00e1 en la construcci\u00f3n de obras de infraestructura p\u00fablica sobre los inmuebles que suman una superficie de 2\u2019410,107.72 metros cuadrados\u201d, indica.<\/p>\n<p>El empresario hotelero enfatizo en la platica, que los propietarios de hoteles y el sector turismo en general, no est\u00e1 en contra del proyecto que est\u00e1n seguros ayudara al desarrollo tur\u00edstico regional, incluso dijo que la AHRM, auxilio a Fonatur para localizar a los due\u00f1os de predios que no son hoteleros para facilitar las negociaciones y que llegaran a buen fin.<\/p>\n<p>&#8220;La verdad no entendemos la postura por que al igual que hicimos en el tramo 5 sur se puede hacer en el 5 norte, debemos abrir un di\u00e1logo en t\u00e9rminos l\u00f3gicos y coherentes, somos optimistas, si se abrir\u00e1 un di\u00e1logo, incluso como hemos hecho podemos intermediar para que esto transite en buenos t\u00e9rminos&#8221;<\/p>\n<p>https:\/\/youtu.be\/C0KBVJ8Idlg<\/p>\n<p>&nbsp;<\/p>\n","protected":false},"excerpt":{"rendered":"<p>El presidente de la Asociaci\u00f3n de Hoteles de la Rivera Maya Toni Chaves, se dijo sorprendido por la publicaci\u00f3n en el Diario Oficial de la Federaci\u00f3n sobre la expropiaron de predios para llevar a termino el proyecto Tren Maya, asegura que las pl\u00e1ticas que se sostuvieron con Fonatur, que encabezaba Rogelio Jim\u00e9nez Pons, hab\u00edan llegado [&hellip;]<\/p>\n","protected":false},"author":2,"featured_media":26816,"comment_status":"open","ping_status":"open","sticky":false,"template":"","format":"standard","meta":{"footnotes":""},"categories":[22813],"tags":[2703,80,20976,11427],"yoast_head":"<!-- This site is optimized with the Yoast SEO plugin v22.2 - https:\/\/yoast.com\/wordpress\/plugins\/seo\/ -->\n<title>Terrenos de hoteleros para Tren Maya ya estaban pactados: Toni Chaves - Nitu - Noticias de la Industria Turistica<\/title>\n<meta name=\"robots\" content=\"index, follow, max-snippet:-1, max-image-preview:large, max-video-preview:-1\" \/>\n<link rel=\"canonical\" href=\"https:\/\/nitu.mx\/index.php\/2022\/01\/19\/terrenos-de-hoteleros-para-tren-maya-ya-estaban-pactados-toni-chaves\/\" \/>\n<meta name=\"twitter:card\" content=\"summary_large_image\" \/>\n<meta name=\"twitter:title\" content=\"Terrenos de hoteleros para Tren Maya ya estaban pactados: Toni Chaves - Nitu - Noticias de la Industria Turistica\" \/>\n<meta name=\"twitter:description\" content=\"El presidente de la Asociaci\u00f3n de Hoteles de la Rivera Maya Toni Chaves, se dijo sorprendido por la publicaci\u00f3n en el Diario Oficial de la Federaci\u00f3n sobre la expropiaron de predios para llevar a termino el proyecto Tren Maya, asegura que las pl\u00e1ticas que se sostuvieron con Fonatur, que encabezaba Rogelio Jim\u00e9nez Pons, hab\u00edan llegado [&hellip;]\" \/>\n<meta name=\"twitter:image\" content=\"https:\/\/nitu.mx\/wp-content\/uploads\/2018\/11\/tren-maya-amlo.jpg\" \/>\n<meta name=\"twitter:creator\" content=\"@Arturo_Medina_G\" \/>\n<meta name=\"twitter:site\" content=\"@Arturo_Medina_G\" \/>\n<meta name=\"twitter:label1\" content=\"Escrito por\" \/>\n\t<meta name=\"twitter:data1\" content=\"Arturo Medina\" \/>\n\t<meta name=\"twitter:label2\" content=\"Tiempo de lectura\" \/>\n\t<meta name=\"twitter:data2\" content=\"2 minutos\" \/>\n<script type=\"application\/ld+json\" class=\"yoast-schema-graph\">{\"@context\":\"https:\/\/schema.org\",\"@graph\":[{\"@type\":\"Article\",\"@id\":\"https:\/\/nitu.mx\/index.php\/2022\/01\/19\/terrenos-de-hoteleros-para-tren-maya-ya-estaban-pactados-toni-chaves\/#article\",\"isPartOf\":{\"@id\":\"https:\/\/nitu.mx\/index.php\/2022\/01\/19\/terrenos-de-hoteleros-para-tren-maya-ya-estaban-pactados-toni-chaves\/\"},\"author\":{\"name\":\"Arturo Medina\",\"@id\":\"https:\/\/nitu.mx\/#\/schema\/person\/ae7a53426417292d3dd07b45a33e01bc\"},\"headline\":\"Terrenos de hoteleros para Tren Maya ya estaban pactados: Toni Chaves\",\"datePublished\":\"2022-01-19T06:09:44+00:00\",\"dateModified\":\"2022-01-19T06:10:19+00:00\",\"mainEntityOfPage\":{\"@id\":\"https:\/\/nitu.mx\/index.php\/2022\/01\/19\/terrenos-de-hoteleros-para-tren-maya-ya-estaban-pactados-toni-chaves\/\"},\"wordCount\":481,\"commentCount\":0,\"publisher\":{\"@id\":\"https:\/\/nitu.mx\/#\/schema\/person\/ae7a53426417292d3dd07b45a33e01bc\"},\"image\":{\"@id\":\"https:\/\/nitu.mx\/index.php\/2022\/01\/19\/terrenos-de-hoteleros-para-tren-maya-ya-estaban-pactados-toni-chaves\/#primaryimage\"},\"thumbnailUrl\":\"https:\/\/nitu.mx\/wp-content\/uploads\/2018\/11\/tren-maya-amlo.jpg\",\"keywords\":[\"FITUR\",\"Riviera Maya\",\"Toni Chaves\",\"Tren Maya\"],\"articleSection\":[\"Tren Maya\"],\"inLanguage\":\"es-MX\",\"potentialAction\":[{\"@type\":\"CommentAction\",\"name\":\"Comment\",\"target\":[\"https:\/\/nitu.mx\/index.php\/2022\/01\/19\/terrenos-de-hoteleros-para-tren-maya-ya-estaban-pactados-toni-chaves\/#respond\"]}]},{\"@type\":\"WebPage\",\"@id\":\"https:\/\/nitu.mx\/index.php\/2022\/01\/19\/terrenos-de-hoteleros-para-tren-maya-ya-estaban-pactados-toni-chaves\/\",\"url\":\"https:\/\/nitu.mx\/index.php\/2022\/01\/19\/terrenos-de-hoteleros-para-tren-maya-ya-estaban-pactados-toni-chaves\/\",\"name\":\"Terrenos de hoteleros para Tren Maya ya estaban pactados: Toni Chaves - Nitu - Noticias de la Industria Turistica\",\"isPartOf\":{\"@id\":\"https:\/\/nitu.mx\/#website\"},\"primaryImageOfPage\":{\"@id\":\"https:\/\/nitu.mx\/index.php\/2022\/01\/19\/terrenos-de-hoteleros-para-tren-maya-ya-estaban-pactados-toni-chaves\/#primaryimage\"},\"image\":{\"@id\":\"https:\/\/nitu.mx\/index.php\/2022\/01\/19\/terrenos-de-hoteleros-para-tren-maya-ya-estaban-pactados-toni-chaves\/#primaryimage\"},\"thumbnailUrl\":\"https:\/\/nitu.mx\/wp-content\/uploads\/2018\/11\/tren-maya-amlo.jpg\",\"datePublished\":\"2022-01-19T06:09:44+00:00\",\"dateModified\":\"2022-01-19T06:10:19+00:00\",\"breadcrumb\":{\"@id\":\"https:\/\/nitu.mx\/index.php\/2022\/01\/19\/terrenos-de-hoteleros-para-tren-maya-ya-estaban-pactados-toni-chaves\/#breadcrumb\"},\"inLanguage\":\"es-MX\",\"potentialAction\":[{\"@type\":\"ReadAction\",\"target\":[\"https:\/\/nitu.mx\/index.php\/2022\/01\/19\/terrenos-de-hoteleros-para-tren-maya-ya-estaban-pactados-toni-chaves\/\"]}]},{\"@type\":\"ImageObject\",\"inLanguage\":\"es-MX\",\"@id\":\"https:\/\/nitu.mx\/index.php\/2022\/01\/19\/terrenos-de-hoteleros-para-tren-maya-ya-estaban-pactados-toni-chaves\/#primaryimage\",\"url\":\"https:\/\/nitu.mx\/wp-content\/uploads\/2018\/11\/tren-maya-amlo.jpg\",\"contentUrl\":\"https:\/\/nitu.mx\/wp-content\/uploads\/2018\/11\/tren-maya-amlo.jpg\",\"width\":848,\"height\":478,\"caption\":\"tren maya amlo\"},{\"@type\":\"BreadcrumbList\",\"@id\":\"https:\/\/nitu.mx\/index.php\/2022\/01\/19\/terrenos-de-hoteleros-para-tren-maya-ya-estaban-pactados-toni-chaves\/#breadcrumb\",\"itemListElement\":[{\"@type\":\"ListItem\",\"position\":1,\"name\":\"Inicio\",\"item\":\"https:\/\/nitu.mx\/\"},{\"@type\":\"ListItem\",\"position\":2,\"name\":\"Terrenos de hoteleros para Tren Maya ya estaban pactados: Toni Chaves\"}]},{\"@type\":\"WebSite\",\"@id\":\"https:\/\/nitu.mx\/#website\",\"url\":\"https:\/\/nitu.mx\/\",\"name\":\"Nitu - Noticias de la Industria Turistica\",\"description\":\"Noticias de la Industria Turistica\",\"publisher\":{\"@id\":\"https:\/\/nitu.mx\/#\/schema\/person\/ae7a53426417292d3dd07b45a33e01bc\"},\"alternateName\":\"Noticias de la Industria Turistica\",\"potentialAction\":[{\"@type\":\"SearchAction\",\"target\":{\"@type\":\"EntryPoint\",\"urlTemplate\":\"https:\/\/nitu.mx\/?s={search_term_string}\"},\"query-input\":\"required name=search_term_string\"}],\"inLanguage\":\"es-MX\"},{\"@type\":[\"Person\",\"Organization\"],\"@id\":\"https:\/\/nitu.mx\/#\/schema\/person\/ae7a53426417292d3dd07b45a33e01bc\",\"name\":\"Arturo Medina\",\"image\":{\"@type\":\"ImageObject\",\"inLanguage\":\"es-MX\",\"@id\":\"https:\/\/nitu.mx\/#\/schema\/person\/image\/\",\"url\":\"https:\/\/nitu.mx\/wp-content\/uploads\/2024\/04\/4A315622-1904-4D5C-B022-878CDC840E04-90x90-1.jpeg\",\"contentUrl\":\"https:\/\/nitu.mx\/wp-content\/uploads\/2024\/04\/4A315622-1904-4D5C-B022-878CDC840E04-90x90-1.jpeg\",\"width\":90,\"height\":90,\"caption\":\"Arturo Medina\"},\"logo\":{\"@id\":\"https:\/\/nitu.mx\/#\/schema\/person\/image\/\"},\"description\":\"Director NITU.mx, Egresado de la Escuela de Periodismo Carlos Septi\u00e9n Garc\u00eda. Periodista y analista especializado en turismo desde hace 35 a\u00f1os, radicado en Canc\u00fan Q.Roo. arturo@nitu.mx\",\"sameAs\":[\"https:\/\/nitu.mx\",\"https:\/\/www.facebook.com\/NITUmx\/\",\"medinacancun\",\"https:\/\/twitter.com\/@Arturo_Medina_G\"],\"url\":\"https:\/\/nitu.mx\/index.php\/author\/arturo-medina\/\"}]}<\/script>\n<!-- \/ Yoast SEO plugin. -->","yoast_head_json":{"title":"Terrenos de hoteleros para Tren Maya ya estaban pactados: Toni Chaves - Nitu - Noticias de la Industria Turistica","robots":{"index":"index","follow":"follow","max-snippet":"max-snippet:-1","max-image-preview":"max-image-preview:large","max-video-preview":"max-video-preview:-1"},"canonical":"https:\/\/nitu.mx\/index.php\/2022\/01\/19\/terrenos-de-hoteleros-para-tren-maya-ya-estaban-pactados-toni-chaves\/","twitter_card":"summary_large_image","twitter_title":"Terrenos de hoteleros para Tren Maya ya estaban pactados: Toni Chaves - Nitu - Noticias de la Industria Turistica","twitter_description":"El presidente de la Asociaci\u00f3n de Hoteles de la Rivera Maya Toni Chaves, se dijo sorprendido por la publicaci\u00f3n en el Diario Oficial de la Federaci\u00f3n sobre la expropiaron de predios para llevar a termino el proyecto Tren Maya, asegura que las pl\u00e1ticas que se sostuvieron con Fonatur, que encabezaba Rogelio Jim\u00e9nez Pons, hab\u00edan llegado [&hellip;]","twitter_image":"https:\/\/nitu.mx\/wp-content\/uploads\/2018\/11\/tren-maya-amlo.jpg","twitter_creator":"@Arturo_Medina_G","twitter_site":"@Arturo_Medina_G","twitter_misc":{"Escrito por":"Arturo Medina","Tiempo de lectura":"2 minutos"},"schema":{"@context":"https:\/\/schema.org","@graph":[{"@type":"Article","@id":"https:\/\/nitu.mx\/index.php\/2022\/01\/19\/terrenos-de-hoteleros-para-tren-maya-ya-estaban-pactados-toni-chaves\/#article","isPartOf":{"@id":"https:\/\/nitu.mx\/index.php\/2022\/01\/19\/terrenos-de-hoteleros-para-tren-maya-ya-estaban-pactados-toni-chaves\/"},"author":{"name":"Arturo Medina","@id":"https:\/\/nitu.mx\/#\/schema\/person\/ae7a53426417292d3dd07b45a33e01bc"},"headline":"Terrenos de hoteleros para Tren Maya ya estaban pactados: Toni Chaves","datePublished":"2022-01-19T06:09:44+00:00","dateModified":"2022-01-19T06:10:19+00:00","mainEntityOfPage":{"@id":"https:\/\/nitu.mx\/index.php\/2022\/01\/19\/terrenos-de-hoteleros-para-tren-maya-ya-estaban-pactados-toni-chaves\/"},"wordCount":481,"commentCount":0,"publisher":{"@id":"https:\/\/nitu.mx\/#\/schema\/person\/ae7a53426417292d3dd07b45a33e01bc"},"image":{"@id":"https:\/\/nitu.mx\/index.php\/2022\/01\/19\/terrenos-de-hoteleros-para-tren-maya-ya-estaban-pactados-toni-chaves\/#primaryimage"},"thumbnailUrl":"https:\/\/nitu.mx\/wp-content\/uploads\/2018\/11\/tren-maya-amlo.jpg","keywords":["FITUR","Riviera Maya","Toni Chaves","Tren Maya"],"articleSection":["Tren Maya"],"inLanguage":"es-MX","potentialAction":[{"@type":"CommentAction","name":"Comment","target":["https:\/\/nitu.mx\/index.php\/2022\/01\/19\/terrenos-de-hoteleros-para-tren-maya-ya-estaban-pactados-toni-chaves\/#respond"]}]},{"@type":"WebPage","@id":"https:\/\/nitu.mx\/index.php\/2022\/01\/19\/terrenos-de-hoteleros-para-tren-maya-ya-estaban-pactados-toni-chaves\/","url":"https:\/\/nitu.mx\/index.php\/2022\/01\/19\/terrenos-de-hoteleros-para-tren-maya-ya-estaban-pactados-toni-chaves\/","name":"Terrenos de hoteleros para Tren Maya ya estaban pactados: Toni Chaves - Nitu - Noticias de la Industria Turistica","isPartOf":{"@id":"https:\/\/nitu.mx\/#website"},"primaryImageOfPage":{"@id":"https:\/\/nitu.mx\/index.php\/2022\/01\/19\/terrenos-de-hoteleros-para-tren-maya-ya-estaban-pactados-toni-chaves\/#primaryimage"},"image":{"@id":"https:\/\/nitu.mx\/index.php\/2022\/01\/19\/terrenos-de-hoteleros-para-tren-maya-ya-estaban-pactados-toni-chaves\/#primaryimage"},"thumbnailUrl":"https:\/\/nitu.mx\/wp-content\/uploads\/2018\/11\/tren-maya-amlo.jpg","datePublished":"2022-01-19T06:09:44+00:00","dateModified":"2022-01-19T06:10:19+00:00","breadcrumb":{"@id":"https:\/\/nitu.mx\/index.php\/2022\/01\/19\/terrenos-de-hoteleros-para-tren-maya-ya-estaban-pactados-toni-chaves\/#breadcrumb"},"inLanguage":"es-MX","potentialAction":[{"@type":"ReadAction","target":["https:\/\/nitu.mx\/index.php\/2022\/01\/19\/terrenos-de-hoteleros-para-tren-maya-ya-estaban-pactados-toni-chaves\/"]}]},{"@type":"ImageObject","inLanguage":"es-MX","@id":"https:\/\/nitu.mx\/index.php\/2022\/01\/19\/terrenos-de-hoteleros-para-tren-maya-ya-estaban-pactados-toni-chaves\/#primaryimage","url":"https:\/\/nitu.mx\/wp-content\/uploads\/2018\/11\/tren-maya-amlo.jpg","contentUrl":"https:\/\/nitu.mx\/wp-content\/uploads\/2018\/11\/tren-maya-amlo.jpg","width":848,"height":478,"caption":"tren maya amlo"},{"@type":"BreadcrumbList","@id":"https:\/\/nitu.mx\/index.php\/2022\/01\/19\/terrenos-de-hoteleros-para-tren-maya-ya-estaban-pactados-toni-chaves\/#breadcrumb","itemListElement":[{"@type":"ListItem","position":1,"name":"Inicio","item":"https:\/\/nitu.mx\/"},{"@type":"ListItem","position":2,"name":"Terrenos de hoteleros para Tren Maya ya estaban pactados: Toni Chaves"}]},{"@type":"WebSite","@id":"https:\/\/nitu.mx\/#website","url":"https:\/\/nitu.mx\/","name":"Nitu - Noticias de la Industria Turistica","description":"Noticias de la Industria Turistica","publisher":{"@id":"https:\/\/nitu.mx\/#\/schema\/person\/ae7a53426417292d3dd07b45a33e01bc"},"alternateName":"Noticias de la Industria Turistica","potentialAction":[{"@type":"SearchAction","target":{"@type":"EntryPoint","urlTemplate":"https:\/\/nitu.mx\/?s={search_term_string}"},"query-input":"required name=search_term_string"}],"inLanguage":"es-MX"},{"@type":["Person","Organization"],"@id":"https:\/\/nitu.mx\/#\/schema\/person\/ae7a53426417292d3dd07b45a33e01bc","name":"Arturo Medina","image":{"@type":"ImageObject","inLanguage":"es-MX","@id":"https:\/\/nitu.mx\/#\/schema\/person\/image\/","url":"https:\/\/nitu.mx\/wp-content\/uploads\/2024\/04\/4A315622-1904-4D5C-B022-878CDC840E04-90x90-1.jpeg","contentUrl":"https:\/\/nitu.mx\/wp-content\/uploads\/2024\/04\/4A315622-1904-4D5C-B022-878CDC840E04-90x90-1.jpeg","width":90,"height":90,"caption":"Arturo Medina"},"logo":{"@id":"https:\/\/nitu.mx\/#\/schema\/person\/image\/"},"description":"Director NITU.mx, Egresado de la Escuela de Periodismo Carlos Septi\u00e9n Garc\u00eda. Periodista y analista especializado en turismo desde hace 35 a\u00f1os, radicado en Canc\u00fan Q.Roo. arturo@nitu.mx","sameAs":["https:\/\/nitu.mx","https:\/\/www.facebook.com\/NITUmx\/","medinacancun","https:\/\/twitter.com\/@Arturo_Medina_G"],"url":"https:\/\/nitu.mx\/index.php\/author\/arturo-medina\/"}]}},"views":242,"_links":{"self":[{"href":"https:\/\/nitu.mx\/index.php\/wp-json\/wp\/v2\/posts\/57647"}],"collection":[{"href":"https:\/\/nitu.mx\/index.php\/wp-json\/wp\/v2\/posts"}],"about":[{"href":"https:\/\/nitu.mx\/index.php\/wp-json\/wp\/v2\/types\/post"}],"author":[{"embeddable":true,"href":"https:\/\/nitu.mx\/index.php\/wp-json\/wp\/v2\/users\/2"}],"replies":[{"embeddable":true,"href":"https:\/\/nitu.mx\/index.php\/wp-json\/wp\/v2\/comments?post=57647"}],"version-history":[{"count":3,"href":"https:\/\/nitu.mx\/index.php\/wp-json\/wp\/v2\/posts\/57647\/revisions"}],"predecessor-version":[{"id":57652,"href":"https:\/\/nitu.mx\/index.php\/wp-json\/wp\/v2\/posts\/57647\/revisions\/57652"}],"wp:featuredmedia":[{"embeddable":true,"href":"https:\/\/nitu.mx\/index.php\/wp-json\/wp\/v2\/media\/26816"}],"wp:attachment":[{"href":"https:\/\/nitu.mx\/index.php\/wp-json\/wp\/v2\/media?parent=57647"}],"wp:term":[{"taxonomy":"category","embeddable":true,"href":"https:\/\/nitu.mx\/index.php\/wp-json\/wp\/v2\/categories?post=57647"},{"taxonomy":"post_tag","embeddable":true,"href":"https:\/\/nitu.mx\/index.php\/wp-json\/wp\/v2\/tags?post=57647"}],"curies":[{"name":"wp","href":"https:\/\/api.w.org\/{rel}","templated":true}]}}