{"id":57623,"date":"2022-01-18T00:49:30","date_gmt":"2022-01-18T05:49:30","guid":{"rendered":"https:\/\/www.dev.nitu.mx\/?p=57623"},"modified":"2022-01-18T00:52:16","modified_gmt":"2022-01-18T05:52:16","slug":"esperan-hoteleros-se-privilegie-los-acuerdos-sobre-la-expropiacion-para-tren-maya","status":"publish","type":"post","link":"https:\/\/nitu.mx\/index.php\/2022\/01\/18\/esperan-hoteleros-se-privilegie-los-acuerdos-sobre-la-expropiacion-para-tren-maya\/","title":{"rendered":"Esperan hoteleros se privilegie los acuerdos sobre la expropiaci\u00f3n para Tren Maya"},"content":{"rendered":"<p>El sector hotelero de la Riviera Maya insistir\u00e1 al gobierno federal que se privilegien los acuerdos alcanzados con los propietarios de los predios que ser\u00e1n expropiados en los municipios de Benito Ju\u00e1rez, Puerto Morelos y Solidaridad para la construcci\u00f3n del tramo 5 norte del Tren Maya.<\/p>\n<p>\u201cSolicitamos por esta v\u00eda que se lleguen a los acuerdos que se instruyen en esta declaratoria\u201d, coment\u00f3 Toni Chaves, presidente de la Asociaci\u00f3n de Hoteles de la Riviera Maya (AHRM), en respuesta a la publicaci\u00f3n en el Diario Oficial de la Federaci\u00f3n de la Declaratoria de Utilidad P\u00fablica mediante el cual se anunci\u00f3 la expropiaci\u00f3n de 240 hect\u00e1reas de terrenos por parte de la Secretar\u00eda de Desarrollo Agrario, Territorial y Urbano (Sedatu).<\/p>\n<p>El dirigente hotelero reiter\u00f3 que como asociaci\u00f3n estar\u00e1n al pendiente de este proceso de expropiaci\u00f3n y si bien los acuerdos se estar\u00e1n dando en forma particular entre propietarios y gobierno federal, estar\u00e1n listos para brindar el apoyo necesario a sus asociados involucrados en esta declaratoria.<\/p>\n<p>\u201cTenemos la confianza en que podr\u00e1n alcanzarse acuerdos con base al di\u00e1logo y la negociaci\u00f3n\u201d, puntualiz\u00f3 al se\u00f1alar que entre los afectados est\u00e1n importantes cadenas de hoteles asociadas.<\/p>\n<p>De acuerdo con lo publicado por el Diario Oficial de la Federaci\u00f3n un total de 198 predios de propiedad privada ser\u00e1n expropiados por el gobierno federal, de los cuales 22 se ubican en Benito Ju\u00e1rez, 142 en Solidaridad y 34 en Puerto Morelos. (<a title=\"Ya estamos en contacto con FONATUR buscando el mejor trazo para el Tren Maya: Toni Chaves\" href=\"https:\/\/www.dev.nitu.mx\/index.php\/2022\/01\/07\/ya-estamos-en-contacto-con-fonatur-buscando-el-mejor-trazo-para-el-tren-maya-toni-chaves\/\" rel=\"bookmark\">Ya estamos en contacto con FONATUR buscando el mejor trazo para el Tren Maya: Toni Chaves<\/a>).<\/p>\n<p>Al reiterar que los hoteleros est\u00e1n a favor del Tren Maya por que conf\u00edan en que contribuir\u00e1 a detonar el desarrollo regional, el dirigente empresarial enfatiz\u00f3 que \u201cel reto ser\u00e1 minimizar las afectaciones para nuestros empleados y nuestros visitantes para continuar siendo un destino atractivo y competitivo a nivel mundial\u201d.<\/p>\n<p>Finalmente, el dirigente hotelero confi\u00f3 en que pronto se retomen las negociaciones sobre el Tren Maya con el nuevo Director General de Fonatur, Javier May Rodr\u00edguez para trabajar en conjunto y lograr que este proyecto insignia del gobierno federal cumpla su objetivo de ser un detonador de la econom\u00eda en el sureste del pa\u00eds y consolide el \u00e9xito tur\u00edstico del Caribe Mexicano.<\/p>\n","protected":false},"excerpt":{"rendered":"<p>El sector hotelero de la Riviera Maya insistir\u00e1 al gobierno federal que se privilegien los acuerdos alcanzados con los propietarios de los predios que ser\u00e1n expropiados en los municipios de Benito Ju\u00e1rez, Puerto Morelos y Solidaridad para la construcci\u00f3n del tramo 5 norte del Tren Maya. \u201cSolicitamos por esta v\u00eda que se lleguen a los [&hellip;]<\/p>\n","protected":false},"author":17,"featured_media":32687,"comment_status":"open","ping_status":"open","sticky":false,"template":"","format":"standard","meta":{"footnotes":""},"categories":[2],"tags":[1398,80,20976,11427],"yoast_head":"<!-- This site is optimized with the Yoast SEO plugin v22.2 - https:\/\/yoast.com\/wordpress\/plugins\/seo\/ -->\n<title>Esperan hoteleros se privilegie los acuerdos sobre la expropiaci\u00f3n para Tren Maya - Nitu - Noticias de la Industria Turistica<\/title>\n<meta name=\"robots\" content=\"index, follow, max-snippet:-1, max-image-preview:large, max-video-preview:-1\" \/>\n<link rel=\"canonical\" href=\"https:\/\/nitu.mx\/index.php\/2022\/01\/18\/esperan-hoteleros-se-privilegie-los-acuerdos-sobre-la-expropiacion-para-tren-maya\/\" \/>\n<meta name=\"twitter:card\" content=\"summary_large_image\" \/>\n<meta name=\"twitter:title\" content=\"Esperan hoteleros se privilegie los acuerdos sobre la expropiaci\u00f3n para Tren Maya - Nitu - Noticias de la Industria Turistica\" \/>\n<meta name=\"twitter:description\" content=\"El sector hotelero de la Riviera Maya insistir\u00e1 al gobierno federal que se privilegien los acuerdos alcanzados con los propietarios de los predios que ser\u00e1n expropiados en los municipios de Benito Ju\u00e1rez, Puerto Morelos y Solidaridad para la construcci\u00f3n del tramo 5 norte del Tren Maya. \u201cSolicitamos por esta v\u00eda que se lleguen a los [&hellip;]\" \/>\n<meta name=\"twitter:image\" content=\"https:\/\/nitu.mx\/wp-content\/uploads\/2019\/06\/riviera-maya.jpg\" \/>\n<meta name=\"twitter:creator\" content=\"@NITUmx\" \/>\n<meta name=\"twitter:site\" content=\"@Arturo_Medina_G\" \/>\n<meta name=\"twitter:label1\" content=\"Escrito por\" \/>\n\t<meta name=\"twitter:data1\" content=\"Redacci\u00f3n\" \/>\n\t<meta name=\"twitter:label2\" content=\"Tiempo de lectura\" \/>\n\t<meta name=\"twitter:data2\" content=\"2 minutos\" \/>\n<script type=\"application\/ld+json\" class=\"yoast-schema-graph\">{\"@context\":\"https:\/\/schema.org\",\"@graph\":[{\"@type\":\"Article\",\"@id\":\"https:\/\/nitu.mx\/index.php\/2022\/01\/18\/esperan-hoteleros-se-privilegie-los-acuerdos-sobre-la-expropiacion-para-tren-maya\/#article\",\"isPartOf\":{\"@id\":\"https:\/\/nitu.mx\/index.php\/2022\/01\/18\/esperan-hoteleros-se-privilegie-los-acuerdos-sobre-la-expropiacion-para-tren-maya\/\"},\"author\":{\"name\":\"Redacci\u00f3n\",\"@id\":\"https:\/\/nitu.mx\/#\/schema\/person\/4a28fe9bd65924f7c90623773daf1b0b\"},\"headline\":\"Esperan hoteleros se privilegie los acuerdos sobre la expropiaci\u00f3n para Tren Maya\",\"datePublished\":\"2022-01-18T05:49:30+00:00\",\"dateModified\":\"2022-01-18T05:52:16+00:00\",\"mainEntityOfPage\":{\"@id\":\"https:\/\/nitu.mx\/index.php\/2022\/01\/18\/esperan-hoteleros-se-privilegie-los-acuerdos-sobre-la-expropiacion-para-tren-maya\/\"},\"wordCount\":399,\"commentCount\":0,\"publisher\":{\"@id\":\"https:\/\/nitu.mx\/#\/schema\/person\/ae7a53426417292d3dd07b45a33e01bc\"},\"image\":{\"@id\":\"https:\/\/nitu.mx\/index.php\/2022\/01\/18\/esperan-hoteleros-se-privilegie-los-acuerdos-sobre-la-expropiacion-para-tren-maya\/#primaryimage\"},\"thumbnailUrl\":\"https:\/\/nitu.mx\/wp-content\/uploads\/2019\/06\/riviera-maya.jpg\",\"keywords\":[\"Asociaci\u00f3n de Hoteles de la Riviera Maya\",\"Riviera Maya\",\"Toni Chaves\",\"Tren Maya\"],\"articleSection\":[\"Hoteles\"],\"inLanguage\":\"es-MX\",\"potentialAction\":[{\"@type\":\"CommentAction\",\"name\":\"Comment\",\"target\":[\"https:\/\/nitu.mx\/index.php\/2022\/01\/18\/esperan-hoteleros-se-privilegie-los-acuerdos-sobre-la-expropiacion-para-tren-maya\/#respond\"]}]},{\"@type\":\"WebPage\",\"@id\":\"https:\/\/nitu.mx\/index.php\/2022\/01\/18\/esperan-hoteleros-se-privilegie-los-acuerdos-sobre-la-expropiacion-para-tren-maya\/\",\"url\":\"https:\/\/nitu.mx\/index.php\/2022\/01\/18\/esperan-hoteleros-se-privilegie-los-acuerdos-sobre-la-expropiacion-para-tren-maya\/\",\"name\":\"Esperan hoteleros se privilegie los acuerdos sobre la expropiaci\u00f3n para Tren Maya - Nitu - Noticias de la Industria Turistica\",\"isPartOf\":{\"@id\":\"https:\/\/nitu.mx\/#website\"},\"primaryImageOfPage\":{\"@id\":\"https:\/\/nitu.mx\/index.php\/2022\/01\/18\/esperan-hoteleros-se-privilegie-los-acuerdos-sobre-la-expropiacion-para-tren-maya\/#primaryimage\"},\"image\":{\"@id\":\"https:\/\/nitu.mx\/index.php\/2022\/01\/18\/esperan-hoteleros-se-privilegie-los-acuerdos-sobre-la-expropiacion-para-tren-maya\/#primaryimage\"},\"thumbnailUrl\":\"https:\/\/nitu.mx\/wp-content\/uploads\/2019\/06\/riviera-maya.jpg\",\"datePublished\":\"2022-01-18T05:49:30+00:00\",\"dateModified\":\"2022-01-18T05:52:16+00:00\",\"breadcrumb\":{\"@id\":\"https:\/\/nitu.mx\/index.php\/2022\/01\/18\/esperan-hoteleros-se-privilegie-los-acuerdos-sobre-la-expropiacion-para-tren-maya\/#breadcrumb\"},\"inLanguage\":\"es-MX\",\"potentialAction\":[{\"@type\":\"ReadAction\",\"target\":[\"https:\/\/nitu.mx\/index.php\/2022\/01\/18\/esperan-hoteleros-se-privilegie-los-acuerdos-sobre-la-expropiacion-para-tren-maya\/\"]}]},{\"@type\":\"ImageObject\",\"inLanguage\":\"es-MX\",\"@id\":\"https:\/\/nitu.mx\/index.php\/2022\/01\/18\/esperan-hoteleros-se-privilegie-los-acuerdos-sobre-la-expropiacion-para-tren-maya\/#primaryimage\",\"url\":\"https:\/\/nitu.mx\/wp-content\/uploads\/2019\/06\/riviera-maya.jpg\",\"contentUrl\":\"https:\/\/nitu.mx\/wp-content\/uploads\/2019\/06\/riviera-maya.jpg\",\"width\":850,\"height\":480,\"caption\":\"riviera maya\"},{\"@type\":\"BreadcrumbList\",\"@id\":\"https:\/\/nitu.mx\/index.php\/2022\/01\/18\/esperan-hoteleros-se-privilegie-los-acuerdos-sobre-la-expropiacion-para-tren-maya\/#breadcrumb\",\"itemListElement\":[{\"@type\":\"ListItem\",\"position\":1,\"name\":\"Inicio\",\"item\":\"https:\/\/nitu.mx\/\"},{\"@type\":\"ListItem\",\"position\":2,\"name\":\"Esperan hoteleros se privilegie los acuerdos sobre la expropiaci\u00f3n para Tren Maya\"}]},{\"@type\":\"WebSite\",\"@id\":\"https:\/\/nitu.mx\/#website\",\"url\":\"https:\/\/nitu.mx\/\",\"name\":\"Nitu - Noticias de la Industria Turistica\",\"description\":\"Noticias de la Industria Turistica\",\"publisher\":{\"@id\":\"https:\/\/nitu.mx\/#\/schema\/person\/ae7a53426417292d3dd07b45a33e01bc\"},\"alternateName\":\"Noticias de la Industria Turistica\",\"potentialAction\":[{\"@type\":\"SearchAction\",\"target\":{\"@type\":\"EntryPoint\",\"urlTemplate\":\"https:\/\/nitu.mx\/?s={search_term_string}\"},\"query-input\":\"required name=search_term_string\"}],\"inLanguage\":\"es-MX\"},{\"@type\":[\"Person\",\"Organization\"],\"@id\":\"https:\/\/nitu.mx\/#\/schema\/person\/ae7a53426417292d3dd07b45a33e01bc\",\"name\":\"Arturo Medina\",\"image\":{\"@type\":\"ImageObject\",\"inLanguage\":\"es-MX\",\"@id\":\"https:\/\/nitu.mx\/#\/schema\/person\/image\/\",\"url\":\"https:\/\/nitu.mx\/wp-content\/uploads\/2024\/04\/4A315622-1904-4D5C-B022-878CDC840E04-90x90-1.jpeg\",\"contentUrl\":\"https:\/\/nitu.mx\/wp-content\/uploads\/2024\/04\/4A315622-1904-4D5C-B022-878CDC840E04-90x90-1.jpeg\",\"width\":90,\"height\":90,\"caption\":\"Arturo Medina\"},\"logo\":{\"@id\":\"https:\/\/nitu.mx\/#\/schema\/person\/image\/\"},\"description\":\"Director NITU.mx, Egresado de la Escuela de Periodismo Carlos Septi\u00e9n Garc\u00eda. Periodista y analista especializado en turismo desde hace 35 a\u00f1os, radicado en Canc\u00fan Q.Roo. arturo@nitu.mx\",\"sameAs\":[\"https:\/\/nitu.mx\",\"https:\/\/www.facebook.com\/NITUmx\/\",\"medinacancun\",\"https:\/\/twitter.com\/@Arturo_Medina_G\"]},{\"@type\":\"Person\",\"@id\":\"https:\/\/nitu.mx\/#\/schema\/person\/4a28fe9bd65924f7c90623773daf1b0b\",\"name\":\"Redacci\u00f3n\",\"image\":{\"@type\":\"ImageObject\",\"inLanguage\":\"es-MX\",\"@id\":\"https:\/\/nitu.mx\/#\/schema\/person\/image\/\",\"url\":\"https:\/\/secure.gravatar.com\/avatar\/5dd011c8ccfc5cd7e4c81e42252aab38?s=96&d=mm&r=g\",\"contentUrl\":\"https:\/\/secure.gravatar.com\/avatar\/5dd011c8ccfc5cd7e4c81e42252aab38?s=96&d=mm&r=g\",\"caption\":\"Redacci\u00f3n\"},\"url\":\"https:\/\/nitu.mx\/index.php\/author\/redaccion\/\"}]}<\/script>\n<!-- \/ Yoast SEO plugin. -->","yoast_head_json":{"title":"Esperan hoteleros se privilegie los acuerdos sobre la expropiaci\u00f3n para Tren Maya - Nitu - Noticias de la Industria Turistica","robots":{"index":"index","follow":"follow","max-snippet":"max-snippet:-1","max-image-preview":"max-image-preview:large","max-video-preview":"max-video-preview:-1"},"canonical":"https:\/\/nitu.mx\/index.php\/2022\/01\/18\/esperan-hoteleros-se-privilegie-los-acuerdos-sobre-la-expropiacion-para-tren-maya\/","twitter_card":"summary_large_image","twitter_title":"Esperan hoteleros se privilegie los acuerdos sobre la expropiaci\u00f3n para Tren Maya - Nitu - Noticias de la Industria Turistica","twitter_description":"El sector hotelero de la Riviera Maya insistir\u00e1 al gobierno federal que se privilegien los acuerdos alcanzados con los propietarios de los predios que ser\u00e1n expropiados en los municipios de Benito Ju\u00e1rez, Puerto Morelos y Solidaridad para la construcci\u00f3n del tramo 5 norte del Tren Maya. \u201cSolicitamos por esta v\u00eda que se lleguen a los [&hellip;]","twitter_image":"https:\/\/nitu.mx\/wp-content\/uploads\/2019\/06\/riviera-maya.jpg","twitter_creator":"@NITUmx","twitter_site":"@Arturo_Medina_G","twitter_misc":{"Escrito por":"Redacci\u00f3n","Tiempo de lectura":"2 minutos"},"schema":{"@context":"https:\/\/schema.org","@graph":[{"@type":"Article","@id":"https:\/\/nitu.mx\/index.php\/2022\/01\/18\/esperan-hoteleros-se-privilegie-los-acuerdos-sobre-la-expropiacion-para-tren-maya\/#article","isPartOf":{"@id":"https:\/\/nitu.mx\/index.php\/2022\/01\/18\/esperan-hoteleros-se-privilegie-los-acuerdos-sobre-la-expropiacion-para-tren-maya\/"},"author":{"name":"Redacci\u00f3n","@id":"https:\/\/nitu.mx\/#\/schema\/person\/4a28fe9bd65924f7c90623773daf1b0b"},"headline":"Esperan hoteleros se privilegie los acuerdos sobre la expropiaci\u00f3n para Tren Maya","datePublished":"2022-01-18T05:49:30+00:00","dateModified":"2022-01-18T05:52:16+00:00","mainEntityOfPage":{"@id":"https:\/\/nitu.mx\/index.php\/2022\/01\/18\/esperan-hoteleros-se-privilegie-los-acuerdos-sobre-la-expropiacion-para-tren-maya\/"},"wordCount":399,"commentCount":0,"publisher":{"@id":"https:\/\/nitu.mx\/#\/schema\/person\/ae7a53426417292d3dd07b45a33e01bc"},"image":{"@id":"https:\/\/nitu.mx\/index.php\/2022\/01\/18\/esperan-hoteleros-se-privilegie-los-acuerdos-sobre-la-expropiacion-para-tren-maya\/#primaryimage"},"thumbnailUrl":"https:\/\/nitu.mx\/wp-content\/uploads\/2019\/06\/riviera-maya.jpg","keywords":["Asociaci\u00f3n de Hoteles de la Riviera Maya","Riviera Maya","Toni Chaves","Tren Maya"],"articleSection":["Hoteles"],"inLanguage":"es-MX","potentialAction":[{"@type":"CommentAction","name":"Comment","target":["https:\/\/nitu.mx\/index.php\/2022\/01\/18\/esperan-hoteleros-se-privilegie-los-acuerdos-sobre-la-expropiacion-para-tren-maya\/#respond"]}]},{"@type":"WebPage","@id":"https:\/\/nitu.mx\/index.php\/2022\/01\/18\/esperan-hoteleros-se-privilegie-los-acuerdos-sobre-la-expropiacion-para-tren-maya\/","url":"https:\/\/nitu.mx\/index.php\/2022\/01\/18\/esperan-hoteleros-se-privilegie-los-acuerdos-sobre-la-expropiacion-para-tren-maya\/","name":"Esperan hoteleros se privilegie los acuerdos sobre la expropiaci\u00f3n para Tren Maya - Nitu - Noticias de la Industria Turistica","isPartOf":{"@id":"https:\/\/nitu.mx\/#website"},"primaryImageOfPage":{"@id":"https:\/\/nitu.mx\/index.php\/2022\/01\/18\/esperan-hoteleros-se-privilegie-los-acuerdos-sobre-la-expropiacion-para-tren-maya\/#primaryimage"},"image":{"@id":"https:\/\/nitu.mx\/index.php\/2022\/01\/18\/esperan-hoteleros-se-privilegie-los-acuerdos-sobre-la-expropiacion-para-tren-maya\/#primaryimage"},"thumbnailUrl":"https:\/\/nitu.mx\/wp-content\/uploads\/2019\/06\/riviera-maya.jpg","datePublished":"2022-01-18T05:49:30+00:00","dateModified":"2022-01-18T05:52:16+00:00","breadcrumb":{"@id":"https:\/\/nitu.mx\/index.php\/2022\/01\/18\/esperan-hoteleros-se-privilegie-los-acuerdos-sobre-la-expropiacion-para-tren-maya\/#breadcrumb"},"inLanguage":"es-MX","potentialAction":[{"@type":"ReadAction","target":["https:\/\/nitu.mx\/index.php\/2022\/01\/18\/esperan-hoteleros-se-privilegie-los-acuerdos-sobre-la-expropiacion-para-tren-maya\/"]}]},{"@type":"ImageObject","inLanguage":"es-MX","@id":"https:\/\/nitu.mx\/index.php\/2022\/01\/18\/esperan-hoteleros-se-privilegie-los-acuerdos-sobre-la-expropiacion-para-tren-maya\/#primaryimage","url":"https:\/\/nitu.mx\/wp-content\/uploads\/2019\/06\/riviera-maya.jpg","contentUrl":"https:\/\/nitu.mx\/wp-content\/uploads\/2019\/06\/riviera-maya.jpg","width":850,"height":480,"caption":"riviera maya"},{"@type":"BreadcrumbList","@id":"https:\/\/nitu.mx\/index.php\/2022\/01\/18\/esperan-hoteleros-se-privilegie-los-acuerdos-sobre-la-expropiacion-para-tren-maya\/#breadcrumb","itemListElement":[{"@type":"ListItem","position":1,"name":"Inicio","item":"https:\/\/nitu.mx\/"},{"@type":"ListItem","position":2,"name":"Esperan hoteleros se privilegie los acuerdos sobre la expropiaci\u00f3n para Tren Maya"}]},{"@type":"WebSite","@id":"https:\/\/nitu.mx\/#website","url":"https:\/\/nitu.mx\/","name":"Nitu - Noticias de la Industria Turistica","description":"Noticias de la Industria Turistica","publisher":{"@id":"https:\/\/nitu.mx\/#\/schema\/person\/ae7a53426417292d3dd07b45a33e01bc"},"alternateName":"Noticias de la Industria Turistica","potentialAction":[{"@type":"SearchAction","target":{"@type":"EntryPoint","urlTemplate":"https:\/\/nitu.mx\/?s={search_term_string}"},"query-input":"required name=search_term_string"}],"inLanguage":"es-MX"},{"@type":["Person","Organization"],"@id":"https:\/\/nitu.mx\/#\/schema\/person\/ae7a53426417292d3dd07b45a33e01bc","name":"Arturo Medina","image":{"@type":"ImageObject","inLanguage":"es-MX","@id":"https:\/\/nitu.mx\/#\/schema\/person\/image\/","url":"https:\/\/nitu.mx\/wp-content\/uploads\/2024\/04\/4A315622-1904-4D5C-B022-878CDC840E04-90x90-1.jpeg","contentUrl":"https:\/\/nitu.mx\/wp-content\/uploads\/2024\/04\/4A315622-1904-4D5C-B022-878CDC840E04-90x90-1.jpeg","width":90,"height":90,"caption":"Arturo Medina"},"logo":{"@id":"https:\/\/nitu.mx\/#\/schema\/person\/image\/"},"description":"Director NITU.mx, Egresado de la Escuela de Periodismo Carlos Septi\u00e9n Garc\u00eda. Periodista y analista especializado en turismo desde hace 35 a\u00f1os, radicado en Canc\u00fan Q.Roo. arturo@nitu.mx","sameAs":["https:\/\/nitu.mx","https:\/\/www.facebook.com\/NITUmx\/","medinacancun","https:\/\/twitter.com\/@Arturo_Medina_G"]},{"@type":"Person","@id":"https:\/\/nitu.mx\/#\/schema\/person\/4a28fe9bd65924f7c90623773daf1b0b","name":"Redacci\u00f3n","image":{"@type":"ImageObject","inLanguage":"es-MX","@id":"https:\/\/nitu.mx\/#\/schema\/person\/image\/","url":"https:\/\/secure.gravatar.com\/avatar\/5dd011c8ccfc5cd7e4c81e42252aab38?s=96&d=mm&r=g","contentUrl":"https:\/\/secure.gravatar.com\/avatar\/5dd011c8ccfc5cd7e4c81e42252aab38?s=96&d=mm&r=g","caption":"Redacci\u00f3n"},"url":"https:\/\/nitu.mx\/index.php\/author\/redaccion\/"}]}},"views":291,"_links":{"self":[{"href":"https:\/\/nitu.mx\/index.php\/wp-json\/wp\/v2\/posts\/57623"}],"collection":[{"href":"https:\/\/nitu.mx\/index.php\/wp-json\/wp\/v2\/posts"}],"about":[{"href":"https:\/\/nitu.mx\/index.php\/wp-json\/wp\/v2\/types\/post"}],"author":[{"embeddable":true,"href":"https:\/\/nitu.mx\/index.php\/wp-json\/wp\/v2\/users\/17"}],"replies":[{"embeddable":true,"href":"https:\/\/nitu.mx\/index.php\/wp-json\/wp\/v2\/comments?post=57623"}],"version-history":[{"count":3,"href":"https:\/\/nitu.mx\/index.php\/wp-json\/wp\/v2\/posts\/57623\/revisions"}],"predecessor-version":[{"id":57629,"href":"https:\/\/nitu.mx\/index.php\/wp-json\/wp\/v2\/posts\/57623\/revisions\/57629"}],"wp:featuredmedia":[{"embeddable":true,"href":"https:\/\/nitu.mx\/index.php\/wp-json\/wp\/v2\/media\/32687"}],"wp:attachment":[{"href":"https:\/\/nitu.mx\/index.php\/wp-json\/wp\/v2\/media?parent=57623"}],"wp:term":[{"taxonomy":"category","embeddable":true,"href":"https:\/\/nitu.mx\/index.php\/wp-json\/wp\/v2\/categories?post=57623"},{"taxonomy":"post_tag","embeddable":true,"href":"https:\/\/nitu.mx\/index.php\/wp-json\/wp\/v2\/tags?post=57623"}],"curies":[{"name":"wp","href":"https:\/\/api.w.org\/{rel}","templated":true}]}}