{"id":57554,"date":"2022-01-12T17:31:33","date_gmt":"2022-01-12T22:31:33","guid":{"rendered":"https:\/\/www.dev.nitu.mx\/?p=57554"},"modified":"2022-01-13T00:30:09","modified_gmt":"2022-01-13T05:30:09","slug":"volaris-anuncia-nuevas-rutas-a-cancun-desde-morelia-y-culiacan","status":"publish","type":"post","link":"https:\/\/nitu.mx\/index.php\/2022\/01\/12\/volaris-anuncia-nuevas-rutas-a-cancun-desde-morelia-y-culiacan\/","title":{"rendered":"Volaris anuncia nuevas rutas a Canc\u00fan desde Morelia y Culiac\u00e1n"},"content":{"rendered":"<p>Volaris fortalecer\u00e1 la conectividad a\u00e9rea nacional hacia Canc\u00fan, el principal destino tur\u00edstico de M\u00e9xico, con dos nuevas rutas exclusivas que lo conectar\u00e1n con Morelia y Culiac\u00e1n.<\/p>\n<p>En l\u00ednea con su modelo de negocio, la aerol\u00ednea de bajo costo apuesta por aeropuertos que descentralicen las operaciones en CDMX e incentiven la demanda en destinos con gran potencial de crecimiento.<\/p>\n<p>Las nuevas rutas contar\u00e1n con tres frecuencias semanales, y los boletos ya est\u00e1n a la venta con tarifas a partir de los 699 pesos, ya con impuestos incluidos.<\/p>\n<p>La ruta Canc\u00fan-Culiac\u00e1n iniciar\u00e1 operaciones a partir del 1 de abril y volar\u00e1 los martes, jueves y s\u00e1bado, saliendo del Caribe Mexicano a las 12:58 y llegando a la capital de Sinaloa a las 15:16 horas. El regreso ser\u00e1 a las 16:01 para aterrizar en Canc\u00fan a las 20:09.<\/p>\n<p>En tanto, el vuelo Canc\u00fan-Morelia arrancar\u00e1 el 2 de abril, con despegue a las 12:58 y llegada a las 15:51. El vuelo de regreso saldr\u00e1 de la capital de Michoac\u00e1n a las 16:21 y aterrizar\u00e1 a las 19:01 horas.<\/p>\n<p>Ser\u00e1 la primera vez que Morelia est\u00e9 conectada con un destino de playa, por lo que Volaris encontr\u00f3 aqu\u00ed una alta demanda de los michoacanos para viajar al Caribe Mexicano.<\/p>\n<p>Desde 2007, la l\u00ednea a\u00e9rea ha transportado a cerca de cinco millones de pasajeros hacia ocho aeropuertos desde la capital michoacana con 110 vuelos semanales.<\/p>\n<p>Respecto al mercado sinaloense, Volaris ve un potencial de m\u00e1s de tres millones de viajeros que ahora permitir\u00e1n que la entidad aumente su conectividad a\u00e9rea con rutas directas a los principales destinos vacacionales.<\/p>\n<p>Volaris es la principal aerol\u00ednea de Culiac\u00e1n, desde 2007 ha transportado casi 10 millones de pasajeros.<\/p>\n<p>\u201cSeguimos apostando por ampliar la conectividad a\u00e9rea en M\u00e9xico con nuestra red punto a punto, apoyando la reactivaci\u00f3n econ\u00f3mica a trav\u00e9s del turismo con nuevas rutas que aumenten la oferta en destinos clave para el pa\u00eds, como Canc\u00fan, donde somos el principal operador con m\u00e1s de 26 millones de pasajeros desde 2006\u201d, coment\u00f3 Omar Carrera, director comercial Sr. de Volaris.\u00a0<a title=\"Volaris repite en el Top 10 de aerol\u00edneas low cost m\u00e1s seguras del mundo\" href=\"https:\/\/www.dev.nitu.mx\/index.php\/2022\/01\/10\/volaris-repite-en-el-top-10-de-aerolineas-low-cost-mas-seguras-del-mundo\/\" rel=\"bookmark\">(Volaris repite en el Top 10 de aerol\u00edneas low cost m\u00e1s seguras del mundo<\/a>).<\/p>\n","protected":false},"excerpt":{"rendered":"<p>Volaris fortalecer\u00e1 la conectividad a\u00e9rea nacional hacia Canc\u00fan, el principal destino tur\u00edstico de M\u00e9xico, con dos nuevas rutas exclusivas que lo conectar\u00e1n con Morelia y Culiac\u00e1n. En l\u00ednea con su modelo de negocio, la aerol\u00ednea de bajo costo apuesta por aeropuertos que descentralicen las operaciones en CDMX e incentiven la demanda en destinos con gran [&hellip;]<\/p>\n","protected":false},"author":17,"featured_media":7069,"comment_status":"open","ping_status":"open","sticky":false,"template":"","format":"standard","meta":{"footnotes":""},"categories":[29],"tags":[43,2592,3431,3333,22860,4592,2178,131],"yoast_head":"<!-- This site is optimized with the Yoast SEO plugin v22.2 - https:\/\/yoast.com\/wordpress\/plugins\/seo\/ -->\n<title>Volaris anuncia nuevas rutas a Canc\u00fan desde Morelia y Culiac\u00e1n - Nitu - Noticias de la Industria Turistica<\/title>\n<meta name=\"robots\" content=\"index, follow, max-snippet:-1, max-image-preview:large, max-video-preview:-1\" \/>\n<link rel=\"canonical\" href=\"https:\/\/nitu.mx\/index.php\/2022\/01\/12\/volaris-anuncia-nuevas-rutas-a-cancun-desde-morelia-y-culiacan\/\" \/>\n<meta name=\"twitter:card\" content=\"summary_large_image\" \/>\n<meta name=\"twitter:title\" content=\"Volaris anuncia nuevas rutas a Canc\u00fan desde Morelia y Culiac\u00e1n - Nitu - Noticias de la Industria Turistica\" \/>\n<meta name=\"twitter:description\" content=\"Volaris fortalecer\u00e1 la conectividad a\u00e9rea nacional hacia Canc\u00fan, el principal destino tur\u00edstico de M\u00e9xico, con dos nuevas rutas exclusivas que lo conectar\u00e1n con Morelia y Culiac\u00e1n. En l\u00ednea con su modelo de negocio, la aerol\u00ednea de bajo costo apuesta por aeropuertos que descentralicen las operaciones en CDMX e incentiven la demanda en destinos con gran [&hellip;]\" \/>\n<meta name=\"twitter:image\" content=\"https:\/\/nitu.mx\/wp-content\/uploads\/2017\/02\/Volaris-Chicago.jpg\" \/>\n<meta name=\"twitter:creator\" content=\"@NITUmx\" \/>\n<meta name=\"twitter:site\" content=\"@Arturo_Medina_G\" \/>\n<meta name=\"twitter:label1\" content=\"Escrito por\" \/>\n\t<meta name=\"twitter:data1\" content=\"Redacci\u00f3n\" \/>\n\t<meta name=\"twitter:label2\" content=\"Tiempo de lectura\" \/>\n\t<meta name=\"twitter:data2\" content=\"2 minutos\" \/>\n<script type=\"application\/ld+json\" class=\"yoast-schema-graph\">{\"@context\":\"https:\/\/schema.org\",\"@graph\":[{\"@type\":\"Article\",\"@id\":\"https:\/\/nitu.mx\/index.php\/2022\/01\/12\/volaris-anuncia-nuevas-rutas-a-cancun-desde-morelia-y-culiacan\/#article\",\"isPartOf\":{\"@id\":\"https:\/\/nitu.mx\/index.php\/2022\/01\/12\/volaris-anuncia-nuevas-rutas-a-cancun-desde-morelia-y-culiacan\/\"},\"author\":{\"name\":\"Redacci\u00f3n\",\"@id\":\"https:\/\/nitu.mx\/#\/schema\/person\/4a28fe9bd65924f7c90623773daf1b0b\"},\"headline\":\"Volaris anuncia nuevas rutas a Canc\u00fan desde Morelia y Culiac\u00e1n\",\"datePublished\":\"2022-01-12T22:31:33+00:00\",\"dateModified\":\"2022-01-13T05:30:09+00:00\",\"mainEntityOfPage\":{\"@id\":\"https:\/\/nitu.mx\/index.php\/2022\/01\/12\/volaris-anuncia-nuevas-rutas-a-cancun-desde-morelia-y-culiacan\/\"},\"wordCount\":379,\"commentCount\":0,\"publisher\":{\"@id\":\"https:\/\/nitu.mx\/#\/schema\/person\/ae7a53426417292d3dd07b45a33e01bc\"},\"image\":{\"@id\":\"https:\/\/nitu.mx\/index.php\/2022\/01\/12\/volaris-anuncia-nuevas-rutas-a-cancun-desde-morelia-y-culiacan\/#primaryimage\"},\"thumbnailUrl\":\"https:\/\/nitu.mx\/wp-content\/uploads\/2017\/02\/Volaris-Chicago.jpg\",\"keywords\":[\"Canc\u00fan\",\"Culiac\u00e1n\",\"Michoac\u00e1n\",\"Morelia\",\"Omar Carrera\",\"rutas a\u00e9reas\",\"Sinaloa\",\"Volaris\"],\"articleSection\":[\"Aerol\u00edneas\"],\"inLanguage\":\"es-MX\",\"potentialAction\":[{\"@type\":\"CommentAction\",\"name\":\"Comment\",\"target\":[\"https:\/\/nitu.mx\/index.php\/2022\/01\/12\/volaris-anuncia-nuevas-rutas-a-cancun-desde-morelia-y-culiacan\/#respond\"]}]},{\"@type\":\"WebPage\",\"@id\":\"https:\/\/nitu.mx\/index.php\/2022\/01\/12\/volaris-anuncia-nuevas-rutas-a-cancun-desde-morelia-y-culiacan\/\",\"url\":\"https:\/\/nitu.mx\/index.php\/2022\/01\/12\/volaris-anuncia-nuevas-rutas-a-cancun-desde-morelia-y-culiacan\/\",\"name\":\"Volaris anuncia nuevas rutas a Canc\u00fan desde Morelia y Culiac\u00e1n - Nitu - Noticias de la Industria Turistica\",\"isPartOf\":{\"@id\":\"https:\/\/nitu.mx\/#website\"},\"primaryImageOfPage\":{\"@id\":\"https:\/\/nitu.mx\/index.php\/2022\/01\/12\/volaris-anuncia-nuevas-rutas-a-cancun-desde-morelia-y-culiacan\/#primaryimage\"},\"image\":{\"@id\":\"https:\/\/nitu.mx\/index.php\/2022\/01\/12\/volaris-anuncia-nuevas-rutas-a-cancun-desde-morelia-y-culiacan\/#primaryimage\"},\"thumbnailUrl\":\"https:\/\/nitu.mx\/wp-content\/uploads\/2017\/02\/Volaris-Chicago.jpg\",\"datePublished\":\"2022-01-12T22:31:33+00:00\",\"dateModified\":\"2022-01-13T05:30:09+00:00\",\"breadcrumb\":{\"@id\":\"https:\/\/nitu.mx\/index.php\/2022\/01\/12\/volaris-anuncia-nuevas-rutas-a-cancun-desde-morelia-y-culiacan\/#breadcrumb\"},\"inLanguage\":\"es-MX\",\"potentialAction\":[{\"@type\":\"ReadAction\",\"target\":[\"https:\/\/nitu.mx\/index.php\/2022\/01\/12\/volaris-anuncia-nuevas-rutas-a-cancun-desde-morelia-y-culiacan\/\"]}]},{\"@type\":\"ImageObject\",\"inLanguage\":\"es-MX\",\"@id\":\"https:\/\/nitu.mx\/index.php\/2022\/01\/12\/volaris-anuncia-nuevas-rutas-a-cancun-desde-morelia-y-culiacan\/#primaryimage\",\"url\":\"https:\/\/nitu.mx\/wp-content\/uploads\/2017\/02\/Volaris-Chicago.jpg\",\"contentUrl\":\"https:\/\/nitu.mx\/wp-content\/uploads\/2017\/02\/Volaris-Chicago.jpg\",\"width\":850,\"height\":480,\"caption\":\"Volaris\"},{\"@type\":\"BreadcrumbList\",\"@id\":\"https:\/\/nitu.mx\/index.php\/2022\/01\/12\/volaris-anuncia-nuevas-rutas-a-cancun-desde-morelia-y-culiacan\/#breadcrumb\",\"itemListElement\":[{\"@type\":\"ListItem\",\"position\":1,\"name\":\"Inicio\",\"item\":\"https:\/\/nitu.mx\/\"},{\"@type\":\"ListItem\",\"position\":2,\"name\":\"Volaris anuncia nuevas rutas a Canc\u00fan desde Morelia y Culiac\u00e1n\"}]},{\"@type\":\"WebSite\",\"@id\":\"https:\/\/nitu.mx\/#website\",\"url\":\"https:\/\/nitu.mx\/\",\"name\":\"Nitu - Noticias de la Industria Turistica\",\"description\":\"Noticias de la Industria Turistica\",\"publisher\":{\"@id\":\"https:\/\/nitu.mx\/#\/schema\/person\/ae7a53426417292d3dd07b45a33e01bc\"},\"alternateName\":\"Noticias de la Industria Turistica\",\"potentialAction\":[{\"@type\":\"SearchAction\",\"target\":{\"@type\":\"EntryPoint\",\"urlTemplate\":\"https:\/\/nitu.mx\/?s={search_term_string}\"},\"query-input\":\"required name=search_term_string\"}],\"inLanguage\":\"es-MX\"},{\"@type\":[\"Person\",\"Organization\"],\"@id\":\"https:\/\/nitu.mx\/#\/schema\/person\/ae7a53426417292d3dd07b45a33e01bc\",\"name\":\"Arturo Medina\",\"image\":{\"@type\":\"ImageObject\",\"inLanguage\":\"es-MX\",\"@id\":\"https:\/\/nitu.mx\/#\/schema\/person\/image\/\",\"url\":\"https:\/\/nitu.mx\/wp-content\/uploads\/2024\/04\/4A315622-1904-4D5C-B022-878CDC840E04-90x90-1.jpeg\",\"contentUrl\":\"https:\/\/nitu.mx\/wp-content\/uploads\/2024\/04\/4A315622-1904-4D5C-B022-878CDC840E04-90x90-1.jpeg\",\"width\":90,\"height\":90,\"caption\":\"Arturo Medina\"},\"logo\":{\"@id\":\"https:\/\/nitu.mx\/#\/schema\/person\/image\/\"},\"description\":\"Director NITU.mx, Egresado de la Escuela de Periodismo Carlos Septi\u00e9n Garc\u00eda. Periodista y analista especializado en turismo desde hace 35 a\u00f1os, radicado en Canc\u00fan Q.Roo. arturo@nitu.mx\",\"sameAs\":[\"https:\/\/nitu.mx\",\"https:\/\/www.facebook.com\/NITUmx\/\",\"medinacancun\",\"https:\/\/twitter.com\/@Arturo_Medina_G\"]},{\"@type\":\"Person\",\"@id\":\"https:\/\/nitu.mx\/#\/schema\/person\/4a28fe9bd65924f7c90623773daf1b0b\",\"name\":\"Redacci\u00f3n\",\"image\":{\"@type\":\"ImageObject\",\"inLanguage\":\"es-MX\",\"@id\":\"https:\/\/nitu.mx\/#\/schema\/person\/image\/\",\"url\":\"https:\/\/secure.gravatar.com\/avatar\/5dd011c8ccfc5cd7e4c81e42252aab38?s=96&d=mm&r=g\",\"contentUrl\":\"https:\/\/secure.gravatar.com\/avatar\/5dd011c8ccfc5cd7e4c81e42252aab38?s=96&d=mm&r=g\",\"caption\":\"Redacci\u00f3n\"},\"url\":\"https:\/\/nitu.mx\/index.php\/author\/redaccion\/\"}]}<\/script>\n<!-- \/ Yoast SEO plugin. -->","yoast_head_json":{"title":"Volaris anuncia nuevas rutas a Canc\u00fan desde Morelia y Culiac\u00e1n - Nitu - Noticias de la Industria Turistica","robots":{"index":"index","follow":"follow","max-snippet":"max-snippet:-1","max-image-preview":"max-image-preview:large","max-video-preview":"max-video-preview:-1"},"canonical":"https:\/\/nitu.mx\/index.php\/2022\/01\/12\/volaris-anuncia-nuevas-rutas-a-cancun-desde-morelia-y-culiacan\/","twitter_card":"summary_large_image","twitter_title":"Volaris anuncia nuevas rutas a Canc\u00fan desde Morelia y Culiac\u00e1n - Nitu - Noticias de la Industria Turistica","twitter_description":"Volaris fortalecer\u00e1 la conectividad a\u00e9rea nacional hacia Canc\u00fan, el principal destino tur\u00edstico de M\u00e9xico, con dos nuevas rutas exclusivas que lo conectar\u00e1n con Morelia y Culiac\u00e1n. En l\u00ednea con su modelo de negocio, la aerol\u00ednea de bajo costo apuesta por aeropuertos que descentralicen las operaciones en CDMX e incentiven la demanda en destinos con gran [&hellip;]","twitter_image":"https:\/\/nitu.mx\/wp-content\/uploads\/2017\/02\/Volaris-Chicago.jpg","twitter_creator":"@NITUmx","twitter_site":"@Arturo_Medina_G","twitter_misc":{"Escrito por":"Redacci\u00f3n","Tiempo de lectura":"2 minutos"},"schema":{"@context":"https:\/\/schema.org","@graph":[{"@type":"Article","@id":"https:\/\/nitu.mx\/index.php\/2022\/01\/12\/volaris-anuncia-nuevas-rutas-a-cancun-desde-morelia-y-culiacan\/#article","isPartOf":{"@id":"https:\/\/nitu.mx\/index.php\/2022\/01\/12\/volaris-anuncia-nuevas-rutas-a-cancun-desde-morelia-y-culiacan\/"},"author":{"name":"Redacci\u00f3n","@id":"https:\/\/nitu.mx\/#\/schema\/person\/4a28fe9bd65924f7c90623773daf1b0b"},"headline":"Volaris anuncia nuevas rutas a Canc\u00fan desde Morelia y Culiac\u00e1n","datePublished":"2022-01-12T22:31:33+00:00","dateModified":"2022-01-13T05:30:09+00:00","mainEntityOfPage":{"@id":"https:\/\/nitu.mx\/index.php\/2022\/01\/12\/volaris-anuncia-nuevas-rutas-a-cancun-desde-morelia-y-culiacan\/"},"wordCount":379,"commentCount":0,"publisher":{"@id":"https:\/\/nitu.mx\/#\/schema\/person\/ae7a53426417292d3dd07b45a33e01bc"},"image":{"@id":"https:\/\/nitu.mx\/index.php\/2022\/01\/12\/volaris-anuncia-nuevas-rutas-a-cancun-desde-morelia-y-culiacan\/#primaryimage"},"thumbnailUrl":"https:\/\/nitu.mx\/wp-content\/uploads\/2017\/02\/Volaris-Chicago.jpg","keywords":["Canc\u00fan","Culiac\u00e1n","Michoac\u00e1n","Morelia","Omar Carrera","rutas a\u00e9reas","Sinaloa","Volaris"],"articleSection":["Aerol\u00edneas"],"inLanguage":"es-MX","potentialAction":[{"@type":"CommentAction","name":"Comment","target":["https:\/\/nitu.mx\/index.php\/2022\/01\/12\/volaris-anuncia-nuevas-rutas-a-cancun-desde-morelia-y-culiacan\/#respond"]}]},{"@type":"WebPage","@id":"https:\/\/nitu.mx\/index.php\/2022\/01\/12\/volaris-anuncia-nuevas-rutas-a-cancun-desde-morelia-y-culiacan\/","url":"https:\/\/nitu.mx\/index.php\/2022\/01\/12\/volaris-anuncia-nuevas-rutas-a-cancun-desde-morelia-y-culiacan\/","name":"Volaris anuncia nuevas rutas a Canc\u00fan desde Morelia y Culiac\u00e1n - Nitu - Noticias de la Industria Turistica","isPartOf":{"@id":"https:\/\/nitu.mx\/#website"},"primaryImageOfPage":{"@id":"https:\/\/nitu.mx\/index.php\/2022\/01\/12\/volaris-anuncia-nuevas-rutas-a-cancun-desde-morelia-y-culiacan\/#primaryimage"},"image":{"@id":"https:\/\/nitu.mx\/index.php\/2022\/01\/12\/volaris-anuncia-nuevas-rutas-a-cancun-desde-morelia-y-culiacan\/#primaryimage"},"thumbnailUrl":"https:\/\/nitu.mx\/wp-content\/uploads\/2017\/02\/Volaris-Chicago.jpg","datePublished":"2022-01-12T22:31:33+00:00","dateModified":"2022-01-13T05:30:09+00:00","breadcrumb":{"@id":"https:\/\/nitu.mx\/index.php\/2022\/01\/12\/volaris-anuncia-nuevas-rutas-a-cancun-desde-morelia-y-culiacan\/#breadcrumb"},"inLanguage":"es-MX","potentialAction":[{"@type":"ReadAction","target":["https:\/\/nitu.mx\/index.php\/2022\/01\/12\/volaris-anuncia-nuevas-rutas-a-cancun-desde-morelia-y-culiacan\/"]}]},{"@type":"ImageObject","inLanguage":"es-MX","@id":"https:\/\/nitu.mx\/index.php\/2022\/01\/12\/volaris-anuncia-nuevas-rutas-a-cancun-desde-morelia-y-culiacan\/#primaryimage","url":"https:\/\/nitu.mx\/wp-content\/uploads\/2017\/02\/Volaris-Chicago.jpg","contentUrl":"https:\/\/nitu.mx\/wp-content\/uploads\/2017\/02\/Volaris-Chicago.jpg","width":850,"height":480,"caption":"Volaris"},{"@type":"BreadcrumbList","@id":"https:\/\/nitu.mx\/index.php\/2022\/01\/12\/volaris-anuncia-nuevas-rutas-a-cancun-desde-morelia-y-culiacan\/#breadcrumb","itemListElement":[{"@type":"ListItem","position":1,"name":"Inicio","item":"https:\/\/nitu.mx\/"},{"@type":"ListItem","position":2,"name":"Volaris anuncia nuevas rutas a Canc\u00fan desde Morelia y Culiac\u00e1n"}]},{"@type":"WebSite","@id":"https:\/\/nitu.mx\/#website","url":"https:\/\/nitu.mx\/","name":"Nitu - Noticias de la Industria Turistica","description":"Noticias de la Industria Turistica","publisher":{"@id":"https:\/\/nitu.mx\/#\/schema\/person\/ae7a53426417292d3dd07b45a33e01bc"},"alternateName":"Noticias de la Industria Turistica","potentialAction":[{"@type":"SearchAction","target":{"@type":"EntryPoint","urlTemplate":"https:\/\/nitu.mx\/?s={search_term_string}"},"query-input":"required name=search_term_string"}],"inLanguage":"es-MX"},{"@type":["Person","Organization"],"@id":"https:\/\/nitu.mx\/#\/schema\/person\/ae7a53426417292d3dd07b45a33e01bc","name":"Arturo Medina","image":{"@type":"ImageObject","inLanguage":"es-MX","@id":"https:\/\/nitu.mx\/#\/schema\/person\/image\/","url":"https:\/\/nitu.mx\/wp-content\/uploads\/2024\/04\/4A315622-1904-4D5C-B022-878CDC840E04-90x90-1.jpeg","contentUrl":"https:\/\/nitu.mx\/wp-content\/uploads\/2024\/04\/4A315622-1904-4D5C-B022-878CDC840E04-90x90-1.jpeg","width":90,"height":90,"caption":"Arturo Medina"},"logo":{"@id":"https:\/\/nitu.mx\/#\/schema\/person\/image\/"},"description":"Director NITU.mx, Egresado de la Escuela de Periodismo Carlos Septi\u00e9n Garc\u00eda. Periodista y analista especializado en turismo desde hace 35 a\u00f1os, radicado en Canc\u00fan Q.Roo. arturo@nitu.mx","sameAs":["https:\/\/nitu.mx","https:\/\/www.facebook.com\/NITUmx\/","medinacancun","https:\/\/twitter.com\/@Arturo_Medina_G"]},{"@type":"Person","@id":"https:\/\/nitu.mx\/#\/schema\/person\/4a28fe9bd65924f7c90623773daf1b0b","name":"Redacci\u00f3n","image":{"@type":"ImageObject","inLanguage":"es-MX","@id":"https:\/\/nitu.mx\/#\/schema\/person\/image\/","url":"https:\/\/secure.gravatar.com\/avatar\/5dd011c8ccfc5cd7e4c81e42252aab38?s=96&d=mm&r=g","contentUrl":"https:\/\/secure.gravatar.com\/avatar\/5dd011c8ccfc5cd7e4c81e42252aab38?s=96&d=mm&r=g","caption":"Redacci\u00f3n"},"url":"https:\/\/nitu.mx\/index.php\/author\/redaccion\/"}]}},"views":627,"_links":{"self":[{"href":"https:\/\/nitu.mx\/index.php\/wp-json\/wp\/v2\/posts\/57554"}],"collection":[{"href":"https:\/\/nitu.mx\/index.php\/wp-json\/wp\/v2\/posts"}],"about":[{"href":"https:\/\/nitu.mx\/index.php\/wp-json\/wp\/v2\/types\/post"}],"author":[{"embeddable":true,"href":"https:\/\/nitu.mx\/index.php\/wp-json\/wp\/v2\/users\/17"}],"replies":[{"embeddable":true,"href":"https:\/\/nitu.mx\/index.php\/wp-json\/wp\/v2\/comments?post=57554"}],"version-history":[{"count":2,"href":"https:\/\/nitu.mx\/index.php\/wp-json\/wp\/v2\/posts\/57554\/revisions"}],"predecessor-version":[{"id":57556,"href":"https:\/\/nitu.mx\/index.php\/wp-json\/wp\/v2\/posts\/57554\/revisions\/57556"}],"wp:featuredmedia":[{"embeddable":true,"href":"https:\/\/nitu.mx\/index.php\/wp-json\/wp\/v2\/media\/7069"}],"wp:attachment":[{"href":"https:\/\/nitu.mx\/index.php\/wp-json\/wp\/v2\/media?parent=57554"}],"wp:term":[{"taxonomy":"category","embeddable":true,"href":"https:\/\/nitu.mx\/index.php\/wp-json\/wp\/v2\/categories?post=57554"},{"taxonomy":"post_tag","embeddable":true,"href":"https:\/\/nitu.mx\/index.php\/wp-json\/wp\/v2\/tags?post=57554"}],"curies":[{"name":"wp","href":"https:\/\/api.w.org\/{rel}","templated":true}]}}