{"id":57380,"date":"2021-12-30T20:30:15","date_gmt":"2021-12-31T01:30:15","guid":{"rendered":"https:\/\/www.dev.nitu.mx\/?p=57380"},"modified":"2021-12-31T01:03:58","modified_gmt":"2021-12-31T06:03:58","slug":"cancun-ya-tiene-programados-mas-de-56-mil-vuelos-para-2022","status":"publish","type":"post","link":"https:\/\/nitu.mx\/index.php\/2021\/12\/30\/cancun-ya-tiene-programados-mas-de-56-mil-vuelos-para-2022\/","title":{"rendered":"Canc\u00fan ya tiene programados m\u00e1s de 56 mil vuelos para 2022"},"content":{"rendered":"<p>De acuerdo con la Secretar\u00eda de Turismo (Sectur), para el pr\u00f3ximo a\u00f1o est\u00e1n programados 56 mil 951 vuelos a Canc\u00fan, con 10 millones 505 mil asientos y una derrama econ\u00f3mica de 11 mil 712 millones de d\u00f3lares.<\/p>\n<p>La dependencia federal estima una fuerte recuperaci\u00f3n en el tr\u00e1fico de vuelos y pasajeros en los aeropuertos de M\u00e9xico, en donde Canc\u00fan lidera la programaci\u00f3n, basada en la informaci\u00f3n de la Official Airline Guide (OAG).<\/p>\n<p>En 2019, Canc\u00fan tuvo 48 mil 361 vuelos, con 7 millones 684 mil pasajeros transportados.<\/p>\n<p>De enero a diciembre de 2022, M\u00e9xico tiene programados 190 mil 513 vuelos, lo que representa un incremento de 2.1 por ciento sobre lo registrado en 2019, cuando se operaron 186 mil 500 vuelos.<\/p>\n<p>Respecto a los asientos, est\u00e1n programados 31 millones 558 mil que, comparados con los 24 millones 462 mil pasajeros transportados en 2019, significan un aumento de 22.5 por ciento.<\/p>\n<p>\u201cPara 2022, a partir de estos resultados, se estima que habr\u00e1 una derrama de 35 mil 185 millones de d\u00f3lares\u201d, afirm\u00f3 Miguel Torruco, titular de Sectur.<\/p>\n<p>Adem\u00e1s de Canc\u00fan, los destinos que ver\u00e1n un repunte de operaciones a\u00e9reas comparadas con los niveles previos a la pandemia son Ciudad de M\u00e9xico 55 mil 737 vuelos y 9 millones 660 mil asientos programados, con una derrama de 10 mil 771 millones de d\u00f3lares. En 2019 se registraron 64 mil 401 vuelos, con 8 millones 930 mil pasajeros transportados.<\/p>\n<p>En Guadalajara est\u00e1n programados 15 mil 764 vuelos programados y 2 millones 707 mil asientos, con una derrama econ\u00f3mica calculada en 3 mil 18 millones de d\u00f3lares. En 2019 se realizaron 16 mil 128 vuelos, con 2 millones 68 mil pasajeros transportados.<\/p>\n<p>Mientras que para San Jos\u00e9 del Cabo habr\u00e1 16 mil 301 vuelos y 2 millones 639 mil asientos programados, con una derrama de 2 mil 942 millones de d\u00f3lares. En 2019 se registraron 12 mil 921 vuelos, con un mill\u00f3n 789 mil pasajeros transportados.<\/p>\n<p>Finalmente, Puerto Vallarta recibir\u00e1 en 2022 13 mil 174 vuelos, con 2 millones 142 mil asientos programados y una derrama econ\u00f3mica estimada en 2 mil 388 millones de d\u00f3lares. En 2019 se realizaron 11 mil 53 vuelos, que transportaron a un mill\u00f3n 545 mil pasajeros.\u00a0<a title=\"Aviaci\u00f3n en M\u00e9xico al 95% de recuperaci\u00f3n post pandemia en diciembre\" href=\"https:\/\/www.dev.nitu.mx\/index.php\/2021\/12\/29\/aviacion-en-mexico-al-95-de-recuperacion-post-pandemia-en-diciembre\/\" rel=\"bookmark\">(Aviaci\u00f3n en M\u00e9xico al 95% de recuperaci\u00f3n post pandemia en diciembre<\/a>).<\/p>\n","protected":false},"excerpt":{"rendered":"<p>De acuerdo con la Secretar\u00eda de Turismo (Sectur), para el pr\u00f3ximo a\u00f1o est\u00e1n programados 56 mil 951 vuelos a Canc\u00fan, con 10 millones 505 mil asientos y una derrama econ\u00f3mica de 11 mil 712 millones de d\u00f3lares. La dependencia federal estima una fuerte recuperaci\u00f3n en el tr\u00e1fico de vuelos y pasajeros en los aeropuertos de [&hellip;]<\/p>\n","protected":false},"author":17,"featured_media":6695,"comment_status":"open","ping_status":"open","sticky":false,"template":"","format":"standard","meta":{"footnotes":""},"categories":[21403],"tags":[43,130,910,7171,93,4042],"yoast_head":"<!-- This site is optimized with the Yoast SEO plugin v22.2 - https:\/\/yoast.com\/wordpress\/plugins\/seo\/ -->\n<title>Canc\u00fan ya tiene programados m\u00e1s de 56 mil vuelos para 2022 - Nitu - Noticias de la Industria Turistica<\/title>\n<meta name=\"robots\" content=\"index, follow, max-snippet:-1, max-image-preview:large, max-video-preview:-1\" \/>\n<link rel=\"canonical\" href=\"https:\/\/nitu.mx\/index.php\/2021\/12\/30\/cancun-ya-tiene-programados-mas-de-56-mil-vuelos-para-2022\/\" \/>\n<meta name=\"twitter:card\" content=\"summary_large_image\" \/>\n<meta name=\"twitter:title\" content=\"Canc\u00fan ya tiene programados m\u00e1s de 56 mil vuelos para 2022 - Nitu - Noticias de la Industria Turistica\" \/>\n<meta name=\"twitter:description\" content=\"De acuerdo con la Secretar\u00eda de Turismo (Sectur), para el pr\u00f3ximo a\u00f1o est\u00e1n programados 56 mil 951 vuelos a Canc\u00fan, con 10 millones 505 mil asientos y una derrama econ\u00f3mica de 11 mil 712 millones de d\u00f3lares. La dependencia federal estima una fuerte recuperaci\u00f3n en el tr\u00e1fico de vuelos y pasajeros en los aeropuertos de [&hellip;]\" \/>\n<meta name=\"twitter:image\" content=\"https:\/\/nitu.mx\/wp-content\/uploads\/2017\/02\/Aeropuerto-Canc\u00fan.jpg\" \/>\n<meta name=\"twitter:creator\" content=\"@NITUmx\" \/>\n<meta name=\"twitter:site\" content=\"@Arturo_Medina_G\" \/>\n<meta name=\"twitter:label1\" content=\"Escrito por\" \/>\n\t<meta name=\"twitter:data1\" content=\"Redacci\u00f3n\" \/>\n\t<meta name=\"twitter:label2\" content=\"Tiempo de lectura\" \/>\n\t<meta name=\"twitter:data2\" content=\"2 minutos\" \/>\n<script type=\"application\/ld+json\" class=\"yoast-schema-graph\">{\"@context\":\"https:\/\/schema.org\",\"@graph\":[{\"@type\":\"Article\",\"@id\":\"https:\/\/nitu.mx\/index.php\/2021\/12\/30\/cancun-ya-tiene-programados-mas-de-56-mil-vuelos-para-2022\/#article\",\"isPartOf\":{\"@id\":\"https:\/\/nitu.mx\/index.php\/2021\/12\/30\/cancun-ya-tiene-programados-mas-de-56-mil-vuelos-para-2022\/\"},\"author\":{\"name\":\"Redacci\u00f3n\",\"@id\":\"https:\/\/nitu.mx\/#\/schema\/person\/4a28fe9bd65924f7c90623773daf1b0b\"},\"headline\":\"Canc\u00fan ya tiene programados m\u00e1s de 56 mil vuelos para 2022\",\"datePublished\":\"2021-12-31T01:30:15+00:00\",\"dateModified\":\"2021-12-31T06:03:58+00:00\",\"mainEntityOfPage\":{\"@id\":\"https:\/\/nitu.mx\/index.php\/2021\/12\/30\/cancun-ya-tiene-programados-mas-de-56-mil-vuelos-para-2022\/\"},\"wordCount\":352,\"commentCount\":0,\"publisher\":{\"@id\":\"https:\/\/nitu.mx\/#\/schema\/person\/ae7a53426417292d3dd07b45a33e01bc\"},\"image\":{\"@id\":\"https:\/\/nitu.mx\/index.php\/2021\/12\/30\/cancun-ya-tiene-programados-mas-de-56-mil-vuelos-para-2022\/#primaryimage\"},\"thumbnailUrl\":\"https:\/\/nitu.mx\/wp-content\/uploads\/2017\/02\/Aeropuerto-Canc\u00fan.jpg\",\"keywords\":[\"Canc\u00fan\",\"Los Cabos\",\"Miguel Torruco\",\"Official Airline Guide (OAG)\",\"Sectur\",\"Vuelos\"],\"articleSection\":[\"Canc\u00fan\"],\"inLanguage\":\"es-MX\",\"potentialAction\":[{\"@type\":\"CommentAction\",\"name\":\"Comment\",\"target\":[\"https:\/\/nitu.mx\/index.php\/2021\/12\/30\/cancun-ya-tiene-programados-mas-de-56-mil-vuelos-para-2022\/#respond\"]}]},{\"@type\":\"WebPage\",\"@id\":\"https:\/\/nitu.mx\/index.php\/2021\/12\/30\/cancun-ya-tiene-programados-mas-de-56-mil-vuelos-para-2022\/\",\"url\":\"https:\/\/nitu.mx\/index.php\/2021\/12\/30\/cancun-ya-tiene-programados-mas-de-56-mil-vuelos-para-2022\/\",\"name\":\"Canc\u00fan ya tiene programados m\u00e1s de 56 mil vuelos para 2022 - Nitu - Noticias de la Industria Turistica\",\"isPartOf\":{\"@id\":\"https:\/\/nitu.mx\/#website\"},\"primaryImageOfPage\":{\"@id\":\"https:\/\/nitu.mx\/index.php\/2021\/12\/30\/cancun-ya-tiene-programados-mas-de-56-mil-vuelos-para-2022\/#primaryimage\"},\"image\":{\"@id\":\"https:\/\/nitu.mx\/index.php\/2021\/12\/30\/cancun-ya-tiene-programados-mas-de-56-mil-vuelos-para-2022\/#primaryimage\"},\"thumbnailUrl\":\"https:\/\/nitu.mx\/wp-content\/uploads\/2017\/02\/Aeropuerto-Canc\u00fan.jpg\",\"datePublished\":\"2021-12-31T01:30:15+00:00\",\"dateModified\":\"2021-12-31T06:03:58+00:00\",\"breadcrumb\":{\"@id\":\"https:\/\/nitu.mx\/index.php\/2021\/12\/30\/cancun-ya-tiene-programados-mas-de-56-mil-vuelos-para-2022\/#breadcrumb\"},\"inLanguage\":\"es-MX\",\"potentialAction\":[{\"@type\":\"ReadAction\",\"target\":[\"https:\/\/nitu.mx\/index.php\/2021\/12\/30\/cancun-ya-tiene-programados-mas-de-56-mil-vuelos-para-2022\/\"]}]},{\"@type\":\"ImageObject\",\"inLanguage\":\"es-MX\",\"@id\":\"https:\/\/nitu.mx\/index.php\/2021\/12\/30\/cancun-ya-tiene-programados-mas-de-56-mil-vuelos-para-2022\/#primaryimage\",\"url\":\"https:\/\/nitu.mx\/wp-content\/uploads\/2017\/02\/Aeropuerto-Canc\u00fan.jpg\",\"contentUrl\":\"https:\/\/nitu.mx\/wp-content\/uploads\/2017\/02\/Aeropuerto-Canc\u00fan.jpg\",\"width\":850,\"height\":480,\"caption\":\"Aeropuerto Internacional de Canc\u00fan Centro y Sudam\u00e9rica sismo Asur\"},{\"@type\":\"BreadcrumbList\",\"@id\":\"https:\/\/nitu.mx\/index.php\/2021\/12\/30\/cancun-ya-tiene-programados-mas-de-56-mil-vuelos-para-2022\/#breadcrumb\",\"itemListElement\":[{\"@type\":\"ListItem\",\"position\":1,\"name\":\"Inicio\",\"item\":\"https:\/\/nitu.mx\/\"},{\"@type\":\"ListItem\",\"position\":2,\"name\":\"Canc\u00fan ya tiene programados m\u00e1s de 56 mil vuelos para 2022\"}]},{\"@type\":\"WebSite\",\"@id\":\"https:\/\/nitu.mx\/#website\",\"url\":\"https:\/\/nitu.mx\/\",\"name\":\"Nitu - Noticias de la Industria Turistica\",\"description\":\"Noticias de la Industria Turistica\",\"publisher\":{\"@id\":\"https:\/\/nitu.mx\/#\/schema\/person\/ae7a53426417292d3dd07b45a33e01bc\"},\"alternateName\":\"Noticias de la Industria Turistica\",\"potentialAction\":[{\"@type\":\"SearchAction\",\"target\":{\"@type\":\"EntryPoint\",\"urlTemplate\":\"https:\/\/nitu.mx\/?s={search_term_string}\"},\"query-input\":\"required name=search_term_string\"}],\"inLanguage\":\"es-MX\"},{\"@type\":[\"Person\",\"Organization\"],\"@id\":\"https:\/\/nitu.mx\/#\/schema\/person\/ae7a53426417292d3dd07b45a33e01bc\",\"name\":\"Arturo Medina\",\"image\":{\"@type\":\"ImageObject\",\"inLanguage\":\"es-MX\",\"@id\":\"https:\/\/nitu.mx\/#\/schema\/person\/image\/\",\"url\":\"https:\/\/nitu.mx\/wp-content\/uploads\/2024\/04\/4A315622-1904-4D5C-B022-878CDC840E04-90x90-1.jpeg\",\"contentUrl\":\"https:\/\/nitu.mx\/wp-content\/uploads\/2024\/04\/4A315622-1904-4D5C-B022-878CDC840E04-90x90-1.jpeg\",\"width\":90,\"height\":90,\"caption\":\"Arturo Medina\"},\"logo\":{\"@id\":\"https:\/\/nitu.mx\/#\/schema\/person\/image\/\"},\"description\":\"Director NITU.mx, Egresado de la Escuela de Periodismo Carlos Septi\u00e9n Garc\u00eda. Periodista y analista especializado en turismo desde hace 35 a\u00f1os, radicado en Canc\u00fan Q.Roo. arturo@nitu.mx\",\"sameAs\":[\"https:\/\/nitu.mx\",\"https:\/\/www.facebook.com\/NITUmx\/\",\"medinacancun\",\"https:\/\/twitter.com\/@Arturo_Medina_G\"]},{\"@type\":\"Person\",\"@id\":\"https:\/\/nitu.mx\/#\/schema\/person\/4a28fe9bd65924f7c90623773daf1b0b\",\"name\":\"Redacci\u00f3n\",\"image\":{\"@type\":\"ImageObject\",\"inLanguage\":\"es-MX\",\"@id\":\"https:\/\/nitu.mx\/#\/schema\/person\/image\/\",\"url\":\"https:\/\/secure.gravatar.com\/avatar\/5dd011c8ccfc5cd7e4c81e42252aab38?s=96&d=mm&r=g\",\"contentUrl\":\"https:\/\/secure.gravatar.com\/avatar\/5dd011c8ccfc5cd7e4c81e42252aab38?s=96&d=mm&r=g\",\"caption\":\"Redacci\u00f3n\"},\"url\":\"https:\/\/nitu.mx\/index.php\/author\/redaccion\/\"}]}<\/script>\n<!-- \/ Yoast SEO plugin. -->","yoast_head_json":{"title":"Canc\u00fan ya tiene programados m\u00e1s de 56 mil vuelos para 2022 - Nitu - Noticias de la Industria Turistica","robots":{"index":"index","follow":"follow","max-snippet":"max-snippet:-1","max-image-preview":"max-image-preview:large","max-video-preview":"max-video-preview:-1"},"canonical":"https:\/\/nitu.mx\/index.php\/2021\/12\/30\/cancun-ya-tiene-programados-mas-de-56-mil-vuelos-para-2022\/","twitter_card":"summary_large_image","twitter_title":"Canc\u00fan ya tiene programados m\u00e1s de 56 mil vuelos para 2022 - Nitu - Noticias de la Industria Turistica","twitter_description":"De acuerdo con la Secretar\u00eda de Turismo (Sectur), para el pr\u00f3ximo a\u00f1o est\u00e1n programados 56 mil 951 vuelos a Canc\u00fan, con 10 millones 505 mil asientos y una derrama econ\u00f3mica de 11 mil 712 millones de d\u00f3lares. La dependencia federal estima una fuerte recuperaci\u00f3n en el tr\u00e1fico de vuelos y pasajeros en los aeropuertos de [&hellip;]","twitter_image":"https:\/\/nitu.mx\/wp-content\/uploads\/2017\/02\/Aeropuerto-Canc\u00fan.jpg","twitter_creator":"@NITUmx","twitter_site":"@Arturo_Medina_G","twitter_misc":{"Escrito por":"Redacci\u00f3n","Tiempo de lectura":"2 minutos"},"schema":{"@context":"https:\/\/schema.org","@graph":[{"@type":"Article","@id":"https:\/\/nitu.mx\/index.php\/2021\/12\/30\/cancun-ya-tiene-programados-mas-de-56-mil-vuelos-para-2022\/#article","isPartOf":{"@id":"https:\/\/nitu.mx\/index.php\/2021\/12\/30\/cancun-ya-tiene-programados-mas-de-56-mil-vuelos-para-2022\/"},"author":{"name":"Redacci\u00f3n","@id":"https:\/\/nitu.mx\/#\/schema\/person\/4a28fe9bd65924f7c90623773daf1b0b"},"headline":"Canc\u00fan ya tiene programados m\u00e1s de 56 mil vuelos para 2022","datePublished":"2021-12-31T01:30:15+00:00","dateModified":"2021-12-31T06:03:58+00:00","mainEntityOfPage":{"@id":"https:\/\/nitu.mx\/index.php\/2021\/12\/30\/cancun-ya-tiene-programados-mas-de-56-mil-vuelos-para-2022\/"},"wordCount":352,"commentCount":0,"publisher":{"@id":"https:\/\/nitu.mx\/#\/schema\/person\/ae7a53426417292d3dd07b45a33e01bc"},"image":{"@id":"https:\/\/nitu.mx\/index.php\/2021\/12\/30\/cancun-ya-tiene-programados-mas-de-56-mil-vuelos-para-2022\/#primaryimage"},"thumbnailUrl":"https:\/\/nitu.mx\/wp-content\/uploads\/2017\/02\/Aeropuerto-Canc\u00fan.jpg","keywords":["Canc\u00fan","Los Cabos","Miguel Torruco","Official Airline Guide (OAG)","Sectur","Vuelos"],"articleSection":["Canc\u00fan"],"inLanguage":"es-MX","potentialAction":[{"@type":"CommentAction","name":"Comment","target":["https:\/\/nitu.mx\/index.php\/2021\/12\/30\/cancun-ya-tiene-programados-mas-de-56-mil-vuelos-para-2022\/#respond"]}]},{"@type":"WebPage","@id":"https:\/\/nitu.mx\/index.php\/2021\/12\/30\/cancun-ya-tiene-programados-mas-de-56-mil-vuelos-para-2022\/","url":"https:\/\/nitu.mx\/index.php\/2021\/12\/30\/cancun-ya-tiene-programados-mas-de-56-mil-vuelos-para-2022\/","name":"Canc\u00fan ya tiene programados m\u00e1s de 56 mil vuelos para 2022 - Nitu - Noticias de la Industria Turistica","isPartOf":{"@id":"https:\/\/nitu.mx\/#website"},"primaryImageOfPage":{"@id":"https:\/\/nitu.mx\/index.php\/2021\/12\/30\/cancun-ya-tiene-programados-mas-de-56-mil-vuelos-para-2022\/#primaryimage"},"image":{"@id":"https:\/\/nitu.mx\/index.php\/2021\/12\/30\/cancun-ya-tiene-programados-mas-de-56-mil-vuelos-para-2022\/#primaryimage"},"thumbnailUrl":"https:\/\/nitu.mx\/wp-content\/uploads\/2017\/02\/Aeropuerto-Canc\u00fan.jpg","datePublished":"2021-12-31T01:30:15+00:00","dateModified":"2021-12-31T06:03:58+00:00","breadcrumb":{"@id":"https:\/\/nitu.mx\/index.php\/2021\/12\/30\/cancun-ya-tiene-programados-mas-de-56-mil-vuelos-para-2022\/#breadcrumb"},"inLanguage":"es-MX","potentialAction":[{"@type":"ReadAction","target":["https:\/\/nitu.mx\/index.php\/2021\/12\/30\/cancun-ya-tiene-programados-mas-de-56-mil-vuelos-para-2022\/"]}]},{"@type":"ImageObject","inLanguage":"es-MX","@id":"https:\/\/nitu.mx\/index.php\/2021\/12\/30\/cancun-ya-tiene-programados-mas-de-56-mil-vuelos-para-2022\/#primaryimage","url":"https:\/\/nitu.mx\/wp-content\/uploads\/2017\/02\/Aeropuerto-Canc\u00fan.jpg","contentUrl":"https:\/\/nitu.mx\/wp-content\/uploads\/2017\/02\/Aeropuerto-Canc\u00fan.jpg","width":850,"height":480,"caption":"Aeropuerto Internacional de Canc\u00fan Centro y Sudam\u00e9rica sismo Asur"},{"@type":"BreadcrumbList","@id":"https:\/\/nitu.mx\/index.php\/2021\/12\/30\/cancun-ya-tiene-programados-mas-de-56-mil-vuelos-para-2022\/#breadcrumb","itemListElement":[{"@type":"ListItem","position":1,"name":"Inicio","item":"https:\/\/nitu.mx\/"},{"@type":"ListItem","position":2,"name":"Canc\u00fan ya tiene programados m\u00e1s de 56 mil vuelos para 2022"}]},{"@type":"WebSite","@id":"https:\/\/nitu.mx\/#website","url":"https:\/\/nitu.mx\/","name":"Nitu - Noticias de la Industria Turistica","description":"Noticias de la Industria Turistica","publisher":{"@id":"https:\/\/nitu.mx\/#\/schema\/person\/ae7a53426417292d3dd07b45a33e01bc"},"alternateName":"Noticias de la Industria Turistica","potentialAction":[{"@type":"SearchAction","target":{"@type":"EntryPoint","urlTemplate":"https:\/\/nitu.mx\/?s={search_term_string}"},"query-input":"required name=search_term_string"}],"inLanguage":"es-MX"},{"@type":["Person","Organization"],"@id":"https:\/\/nitu.mx\/#\/schema\/person\/ae7a53426417292d3dd07b45a33e01bc","name":"Arturo Medina","image":{"@type":"ImageObject","inLanguage":"es-MX","@id":"https:\/\/nitu.mx\/#\/schema\/person\/image\/","url":"https:\/\/nitu.mx\/wp-content\/uploads\/2024\/04\/4A315622-1904-4D5C-B022-878CDC840E04-90x90-1.jpeg","contentUrl":"https:\/\/nitu.mx\/wp-content\/uploads\/2024\/04\/4A315622-1904-4D5C-B022-878CDC840E04-90x90-1.jpeg","width":90,"height":90,"caption":"Arturo Medina"},"logo":{"@id":"https:\/\/nitu.mx\/#\/schema\/person\/image\/"},"description":"Director NITU.mx, Egresado de la Escuela de Periodismo Carlos Septi\u00e9n Garc\u00eda. Periodista y analista especializado en turismo desde hace 35 a\u00f1os, radicado en Canc\u00fan Q.Roo. arturo@nitu.mx","sameAs":["https:\/\/nitu.mx","https:\/\/www.facebook.com\/NITUmx\/","medinacancun","https:\/\/twitter.com\/@Arturo_Medina_G"]},{"@type":"Person","@id":"https:\/\/nitu.mx\/#\/schema\/person\/4a28fe9bd65924f7c90623773daf1b0b","name":"Redacci\u00f3n","image":{"@type":"ImageObject","inLanguage":"es-MX","@id":"https:\/\/nitu.mx\/#\/schema\/person\/image\/","url":"https:\/\/secure.gravatar.com\/avatar\/5dd011c8ccfc5cd7e4c81e42252aab38?s=96&d=mm&r=g","contentUrl":"https:\/\/secure.gravatar.com\/avatar\/5dd011c8ccfc5cd7e4c81e42252aab38?s=96&d=mm&r=g","caption":"Redacci\u00f3n"},"url":"https:\/\/nitu.mx\/index.php\/author\/redaccion\/"}]}},"views":1244,"_links":{"self":[{"href":"https:\/\/nitu.mx\/index.php\/wp-json\/wp\/v2\/posts\/57380"}],"collection":[{"href":"https:\/\/nitu.mx\/index.php\/wp-json\/wp\/v2\/posts"}],"about":[{"href":"https:\/\/nitu.mx\/index.php\/wp-json\/wp\/v2\/types\/post"}],"author":[{"embeddable":true,"href":"https:\/\/nitu.mx\/index.php\/wp-json\/wp\/v2\/users\/17"}],"replies":[{"embeddable":true,"href":"https:\/\/nitu.mx\/index.php\/wp-json\/wp\/v2\/comments?post=57380"}],"version-history":[{"count":2,"href":"https:\/\/nitu.mx\/index.php\/wp-json\/wp\/v2\/posts\/57380\/revisions"}],"predecessor-version":[{"id":57382,"href":"https:\/\/nitu.mx\/index.php\/wp-json\/wp\/v2\/posts\/57380\/revisions\/57382"}],"wp:featuredmedia":[{"embeddable":true,"href":"https:\/\/nitu.mx\/index.php\/wp-json\/wp\/v2\/media\/6695"}],"wp:attachment":[{"href":"https:\/\/nitu.mx\/index.php\/wp-json\/wp\/v2\/media?parent=57380"}],"wp:term":[{"taxonomy":"category","embeddable":true,"href":"https:\/\/nitu.mx\/index.php\/wp-json\/wp\/v2\/categories?post=57380"},{"taxonomy":"post_tag","embeddable":true,"href":"https:\/\/nitu.mx\/index.php\/wp-json\/wp\/v2\/tags?post=57380"}],"curies":[{"name":"wp","href":"https:\/\/api.w.org\/{rel}","templated":true}]}}