{"id":57205,"date":"2021-12-17T10:04:47","date_gmt":"2021-12-17T15:04:47","guid":{"rendered":"https:\/\/www.dev.nitu.mx\/?p=57205"},"modified":"2021-12-17T12:57:14","modified_gmt":"2021-12-17T17:57:14","slug":"se-integra-riu-por-primera-vez-a-la-asociacion-de-hoteles-de-cancun","status":"publish","type":"post","link":"https:\/\/nitu.mx\/index.php\/2021\/12\/17\/se-integra-riu-por-primera-vez-a-la-asociacion-de-hoteles-de-cancun\/","title":{"rendered":"Se integra RIU por primera vez a la Asociaci\u00f3n de Hoteles de Canc\u00fan"},"content":{"rendered":"<p>Por primera vez desde hace poco m\u00e1s de 20 a\u00f1os que lleg\u00f3 a Quintana Roo, la cadena espa\u00f1ola RIU, una de las que m\u00e1s cuartos tiene en el estado, se ha unido a la Asociaci\u00f3n de Hoteles de Canc\u00fan, Puerto Morelos e Isla Mujeres, siendo un gran logro para su actual presidente Roberto Cintr\u00f3n en la recta final de su gesti\u00f3n que termina en enero.<\/p>\n<p>RIU cuenta actualmente con casi 24 mil cuartos en 39 propiedades en M\u00e9xico y el Caribe, al unirse a la asociaci\u00f3n hotelera de m\u00e1s peso en el pa\u00eds, RIU sum\u00f3 casi 3 mil 500 habitaciones de 6 de sus propiedades en Canc\u00fan y la parte continental de Isla Mujeres.<\/p>\n<p>&#8220;Recibimos con gran benepl\u00e1cito la integraci\u00f3n de este importante grupo hotelero, que engrandece la diversidad hotelera que agrupa la Asociaci\u00f3n&#8221;, mencion\u00f3 Roberto Cintr\u00f3n.<\/p>\n<p>Por su parte Pablo Klimann director de operaciones de RIU en el Caribe Mexicano, dijo que es un orgullo estar en la asociaci\u00f3n que representa un destino pionero en el Caribe como es Canc\u00fan. Dijo, que les alegra poder sumar esfuerzos para poder seguir trabajando juntos en el desarrollo del sector tur\u00edstico y seguir posicionando a este destino como uno de los favoritos del Caribe.<\/p>\n<p>Para Roberto Cintr\u00f3n ha sido un gran logro, sumar a esta cadena, que por lo general no se adhiere a organizaciones empresariales, por lo pronto, seg\u00fan sabemos se hab\u00eda sumado Inverotel, una agrupaci\u00f3n de empresas hoteleras espa\u00f1olas que desarrollan en el Caribe, aunque ahora tambi\u00e9n est\u00e1 AMResorts.<\/p>\n<p>Otra incorporaci\u00f3n valiosa que consigui\u00f3 Cintr\u00f3n durante su gesti\u00f3n, fue el retorno de Grupo Oasis luego de su abrupta salida al tiempo que se nombraba a Carlos Gosselin presidente. En aquel entonces el enfado fue porque se sent\u00edan con derecho de colocar a un hombre de sus filas en el cargo, situaci\u00f3n que por cierto se dar\u00e1 en enero con la llegada de Jesus Almaguer.<\/p>\n","protected":false},"excerpt":{"rendered":"<p>Por primera vez desde hace poco m\u00e1s de 20 a\u00f1os que lleg\u00f3 a Quintana Roo, la cadena espa\u00f1ola RIU, una de las que m\u00e1s cuartos tiene en el estado, se ha unido a la Asociaci\u00f3n de Hoteles de Canc\u00fan, Puerto Morelos e Isla Mujeres, siendo un gran logro para su actual presidente Roberto Cintr\u00f3n en [&hellip;]<\/p>\n","protected":false},"author":17,"featured_media":12567,"comment_status":"open","ping_status":"open","sticky":false,"template":"","format":"standard","meta":{"footnotes":""},"categories":[2],"tags":[21954,41,1130],"yoast_head":"<!-- This site is optimized with the Yoast SEO plugin v22.2 - https:\/\/yoast.com\/wordpress\/plugins\/seo\/ -->\n<title>Se integra RIU por primera vez a la Asociaci\u00f3n de Hoteles de Canc\u00fan - Nitu - Noticias de la Industria Turistica<\/title>\n<meta name=\"robots\" content=\"index, follow, max-snippet:-1, max-image-preview:large, max-video-preview:-1\" \/>\n<link rel=\"canonical\" href=\"https:\/\/nitu.mx\/index.php\/2021\/12\/17\/se-integra-riu-por-primera-vez-a-la-asociacion-de-hoteles-de-cancun\/\" \/>\n<meta name=\"twitter:card\" content=\"summary_large_image\" \/>\n<meta name=\"twitter:title\" content=\"Se integra RIU por primera vez a la Asociaci\u00f3n de Hoteles de Canc\u00fan - Nitu - Noticias de la Industria Turistica\" \/>\n<meta name=\"twitter:description\" content=\"Por primera vez desde hace poco m\u00e1s de 20 a\u00f1os que lleg\u00f3 a Quintana Roo, la cadena espa\u00f1ola RIU, una de las que m\u00e1s cuartos tiene en el estado, se ha unido a la Asociaci\u00f3n de Hoteles de Canc\u00fan, Puerto Morelos e Isla Mujeres, siendo un gran logro para su actual presidente Roberto Cintr\u00f3n en [&hellip;]\" \/>\n<meta name=\"twitter:image\" content=\"https:\/\/nitu.mx\/wp-content\/uploads\/2017\/08\/Riu-Cancun.jpg\" \/>\n<meta name=\"twitter:creator\" content=\"@NITUmx\" \/>\n<meta name=\"twitter:site\" content=\"@Arturo_Medina_G\" \/>\n<meta name=\"twitter:label1\" content=\"Escrito por\" \/>\n\t<meta name=\"twitter:data1\" content=\"Redacci\u00f3n\" \/>\n\t<meta name=\"twitter:label2\" content=\"Tiempo de lectura\" \/>\n\t<meta name=\"twitter:data2\" content=\"2 minutos\" \/>\n<script type=\"application\/ld+json\" class=\"yoast-schema-graph\">{\"@context\":\"https:\/\/schema.org\",\"@graph\":[{\"@type\":\"Article\",\"@id\":\"https:\/\/nitu.mx\/index.php\/2021\/12\/17\/se-integra-riu-por-primera-vez-a-la-asociacion-de-hoteles-de-cancun\/#article\",\"isPartOf\":{\"@id\":\"https:\/\/nitu.mx\/index.php\/2021\/12\/17\/se-integra-riu-por-primera-vez-a-la-asociacion-de-hoteles-de-cancun\/\"},\"author\":{\"name\":\"Redacci\u00f3n\",\"@id\":\"https:\/\/nitu.mx\/#\/schema\/person\/4a28fe9bd65924f7c90623773daf1b0b\"},\"headline\":\"Se integra RIU por primera vez a la Asociaci\u00f3n de Hoteles de Canc\u00fan\",\"datePublished\":\"2021-12-17T15:04:47+00:00\",\"dateModified\":\"2021-12-17T17:57:14+00:00\",\"mainEntityOfPage\":{\"@id\":\"https:\/\/nitu.mx\/index.php\/2021\/12\/17\/se-integra-riu-por-primera-vez-a-la-asociacion-de-hoteles-de-cancun\/\"},\"wordCount\":354,\"commentCount\":0,\"publisher\":{\"@id\":\"https:\/\/nitu.mx\/#\/schema\/person\/ae7a53426417292d3dd07b45a33e01bc\"},\"image\":{\"@id\":\"https:\/\/nitu.mx\/index.php\/2021\/12\/17\/se-integra-riu-por-primera-vez-a-la-asociacion-de-hoteles-de-cancun\/#primaryimage\"},\"thumbnailUrl\":\"https:\/\/nitu.mx\/wp-content\/uploads\/2017\/08\/Riu-Cancun.jpg\",\"keywords\":[\"Asociaci\u00f3n de hoteles de Canc\u00fan Puerto Morelos e Isla Mujeres\",\"Riu\",\"Roberto Cintr\u00f3n\"],\"articleSection\":[\"Hoteles\"],\"inLanguage\":\"es-MX\",\"potentialAction\":[{\"@type\":\"CommentAction\",\"name\":\"Comment\",\"target\":[\"https:\/\/nitu.mx\/index.php\/2021\/12\/17\/se-integra-riu-por-primera-vez-a-la-asociacion-de-hoteles-de-cancun\/#respond\"]}]},{\"@type\":\"WebPage\",\"@id\":\"https:\/\/nitu.mx\/index.php\/2021\/12\/17\/se-integra-riu-por-primera-vez-a-la-asociacion-de-hoteles-de-cancun\/\",\"url\":\"https:\/\/nitu.mx\/index.php\/2021\/12\/17\/se-integra-riu-por-primera-vez-a-la-asociacion-de-hoteles-de-cancun\/\",\"name\":\"Se integra RIU por primera vez a la Asociaci\u00f3n de Hoteles de Canc\u00fan - Nitu - Noticias de la Industria Turistica\",\"isPartOf\":{\"@id\":\"https:\/\/nitu.mx\/#website\"},\"primaryImageOfPage\":{\"@id\":\"https:\/\/nitu.mx\/index.php\/2021\/12\/17\/se-integra-riu-por-primera-vez-a-la-asociacion-de-hoteles-de-cancun\/#primaryimage\"},\"image\":{\"@id\":\"https:\/\/nitu.mx\/index.php\/2021\/12\/17\/se-integra-riu-por-primera-vez-a-la-asociacion-de-hoteles-de-cancun\/#primaryimage\"},\"thumbnailUrl\":\"https:\/\/nitu.mx\/wp-content\/uploads\/2017\/08\/Riu-Cancun.jpg\",\"datePublished\":\"2021-12-17T15:04:47+00:00\",\"dateModified\":\"2021-12-17T17:57:14+00:00\",\"breadcrumb\":{\"@id\":\"https:\/\/nitu.mx\/index.php\/2021\/12\/17\/se-integra-riu-por-primera-vez-a-la-asociacion-de-hoteles-de-cancun\/#breadcrumb\"},\"inLanguage\":\"es-MX\",\"potentialAction\":[{\"@type\":\"ReadAction\",\"target\":[\"https:\/\/nitu.mx\/index.php\/2021\/12\/17\/se-integra-riu-por-primera-vez-a-la-asociacion-de-hoteles-de-cancun\/\"]}]},{\"@type\":\"ImageObject\",\"inLanguage\":\"es-MX\",\"@id\":\"https:\/\/nitu.mx\/index.php\/2021\/12\/17\/se-integra-riu-por-primera-vez-a-la-asociacion-de-hoteles-de-cancun\/#primaryimage\",\"url\":\"https:\/\/nitu.mx\/wp-content\/uploads\/2017\/08\/Riu-Cancun.jpg\",\"contentUrl\":\"https:\/\/nitu.mx\/wp-content\/uploads\/2017\/08\/Riu-Cancun.jpg\",\"width\":850,\"height\":480,\"caption\":\"tribunal colegiado RIU\"},{\"@type\":\"BreadcrumbList\",\"@id\":\"https:\/\/nitu.mx\/index.php\/2021\/12\/17\/se-integra-riu-por-primera-vez-a-la-asociacion-de-hoteles-de-cancun\/#breadcrumb\",\"itemListElement\":[{\"@type\":\"ListItem\",\"position\":1,\"name\":\"Inicio\",\"item\":\"https:\/\/nitu.mx\/\"},{\"@type\":\"ListItem\",\"position\":2,\"name\":\"Se integra RIU por primera vez a la Asociaci\u00f3n de Hoteles de Canc\u00fan\"}]},{\"@type\":\"WebSite\",\"@id\":\"https:\/\/nitu.mx\/#website\",\"url\":\"https:\/\/nitu.mx\/\",\"name\":\"Nitu - Noticias de la Industria Turistica\",\"description\":\"Noticias de la Industria Turistica\",\"publisher\":{\"@id\":\"https:\/\/nitu.mx\/#\/schema\/person\/ae7a53426417292d3dd07b45a33e01bc\"},\"alternateName\":\"Noticias de la Industria Turistica\",\"potentialAction\":[{\"@type\":\"SearchAction\",\"target\":{\"@type\":\"EntryPoint\",\"urlTemplate\":\"https:\/\/nitu.mx\/?s={search_term_string}\"},\"query-input\":\"required name=search_term_string\"}],\"inLanguage\":\"es-MX\"},{\"@type\":[\"Person\",\"Organization\"],\"@id\":\"https:\/\/nitu.mx\/#\/schema\/person\/ae7a53426417292d3dd07b45a33e01bc\",\"name\":\"Arturo Medina\",\"image\":{\"@type\":\"ImageObject\",\"inLanguage\":\"es-MX\",\"@id\":\"https:\/\/nitu.mx\/#\/schema\/person\/image\/\",\"url\":\"https:\/\/nitu.mx\/wp-content\/uploads\/2024\/04\/4A315622-1904-4D5C-B022-878CDC840E04-90x90-1.jpeg\",\"contentUrl\":\"https:\/\/nitu.mx\/wp-content\/uploads\/2024\/04\/4A315622-1904-4D5C-B022-878CDC840E04-90x90-1.jpeg\",\"width\":90,\"height\":90,\"caption\":\"Arturo Medina\"},\"logo\":{\"@id\":\"https:\/\/nitu.mx\/#\/schema\/person\/image\/\"},\"description\":\"Director NITU.mx, Egresado de la Escuela de Periodismo Carlos Septi\u00e9n Garc\u00eda. Periodista y analista especializado en turismo desde hace 35 a\u00f1os, radicado en Canc\u00fan Q.Roo. arturo@nitu.mx\",\"sameAs\":[\"https:\/\/nitu.mx\",\"https:\/\/www.facebook.com\/NITUmx\/\",\"medinacancun\",\"https:\/\/twitter.com\/@Arturo_Medina_G\"]},{\"@type\":\"Person\",\"@id\":\"https:\/\/nitu.mx\/#\/schema\/person\/4a28fe9bd65924f7c90623773daf1b0b\",\"name\":\"Redacci\u00f3n\",\"image\":{\"@type\":\"ImageObject\",\"inLanguage\":\"es-MX\",\"@id\":\"https:\/\/nitu.mx\/#\/schema\/person\/image\/\",\"url\":\"https:\/\/secure.gravatar.com\/avatar\/5dd011c8ccfc5cd7e4c81e42252aab38?s=96&d=mm&r=g\",\"contentUrl\":\"https:\/\/secure.gravatar.com\/avatar\/5dd011c8ccfc5cd7e4c81e42252aab38?s=96&d=mm&r=g\",\"caption\":\"Redacci\u00f3n\"},\"url\":\"https:\/\/nitu.mx\/index.php\/author\/redaccion\/\"}]}<\/script>\n<!-- \/ Yoast SEO plugin. -->","yoast_head_json":{"title":"Se integra RIU por primera vez a la Asociaci\u00f3n de Hoteles de Canc\u00fan - Nitu - Noticias de la Industria Turistica","robots":{"index":"index","follow":"follow","max-snippet":"max-snippet:-1","max-image-preview":"max-image-preview:large","max-video-preview":"max-video-preview:-1"},"canonical":"https:\/\/nitu.mx\/index.php\/2021\/12\/17\/se-integra-riu-por-primera-vez-a-la-asociacion-de-hoteles-de-cancun\/","twitter_card":"summary_large_image","twitter_title":"Se integra RIU por primera vez a la Asociaci\u00f3n de Hoteles de Canc\u00fan - Nitu - Noticias de la Industria Turistica","twitter_description":"Por primera vez desde hace poco m\u00e1s de 20 a\u00f1os que lleg\u00f3 a Quintana Roo, la cadena espa\u00f1ola RIU, una de las que m\u00e1s cuartos tiene en el estado, se ha unido a la Asociaci\u00f3n de Hoteles de Canc\u00fan, Puerto Morelos e Isla Mujeres, siendo un gran logro para su actual presidente Roberto Cintr\u00f3n en [&hellip;]","twitter_image":"https:\/\/nitu.mx\/wp-content\/uploads\/2017\/08\/Riu-Cancun.jpg","twitter_creator":"@NITUmx","twitter_site":"@Arturo_Medina_G","twitter_misc":{"Escrito por":"Redacci\u00f3n","Tiempo de lectura":"2 minutos"},"schema":{"@context":"https:\/\/schema.org","@graph":[{"@type":"Article","@id":"https:\/\/nitu.mx\/index.php\/2021\/12\/17\/se-integra-riu-por-primera-vez-a-la-asociacion-de-hoteles-de-cancun\/#article","isPartOf":{"@id":"https:\/\/nitu.mx\/index.php\/2021\/12\/17\/se-integra-riu-por-primera-vez-a-la-asociacion-de-hoteles-de-cancun\/"},"author":{"name":"Redacci\u00f3n","@id":"https:\/\/nitu.mx\/#\/schema\/person\/4a28fe9bd65924f7c90623773daf1b0b"},"headline":"Se integra RIU por primera vez a la Asociaci\u00f3n de Hoteles de Canc\u00fan","datePublished":"2021-12-17T15:04:47+00:00","dateModified":"2021-12-17T17:57:14+00:00","mainEntityOfPage":{"@id":"https:\/\/nitu.mx\/index.php\/2021\/12\/17\/se-integra-riu-por-primera-vez-a-la-asociacion-de-hoteles-de-cancun\/"},"wordCount":354,"commentCount":0,"publisher":{"@id":"https:\/\/nitu.mx\/#\/schema\/person\/ae7a53426417292d3dd07b45a33e01bc"},"image":{"@id":"https:\/\/nitu.mx\/index.php\/2021\/12\/17\/se-integra-riu-por-primera-vez-a-la-asociacion-de-hoteles-de-cancun\/#primaryimage"},"thumbnailUrl":"https:\/\/nitu.mx\/wp-content\/uploads\/2017\/08\/Riu-Cancun.jpg","keywords":["Asociaci\u00f3n de hoteles de Canc\u00fan Puerto Morelos e Isla Mujeres","Riu","Roberto Cintr\u00f3n"],"articleSection":["Hoteles"],"inLanguage":"es-MX","potentialAction":[{"@type":"CommentAction","name":"Comment","target":["https:\/\/nitu.mx\/index.php\/2021\/12\/17\/se-integra-riu-por-primera-vez-a-la-asociacion-de-hoteles-de-cancun\/#respond"]}]},{"@type":"WebPage","@id":"https:\/\/nitu.mx\/index.php\/2021\/12\/17\/se-integra-riu-por-primera-vez-a-la-asociacion-de-hoteles-de-cancun\/","url":"https:\/\/nitu.mx\/index.php\/2021\/12\/17\/se-integra-riu-por-primera-vez-a-la-asociacion-de-hoteles-de-cancun\/","name":"Se integra RIU por primera vez a la Asociaci\u00f3n de Hoteles de Canc\u00fan - Nitu - Noticias de la Industria Turistica","isPartOf":{"@id":"https:\/\/nitu.mx\/#website"},"primaryImageOfPage":{"@id":"https:\/\/nitu.mx\/index.php\/2021\/12\/17\/se-integra-riu-por-primera-vez-a-la-asociacion-de-hoteles-de-cancun\/#primaryimage"},"image":{"@id":"https:\/\/nitu.mx\/index.php\/2021\/12\/17\/se-integra-riu-por-primera-vez-a-la-asociacion-de-hoteles-de-cancun\/#primaryimage"},"thumbnailUrl":"https:\/\/nitu.mx\/wp-content\/uploads\/2017\/08\/Riu-Cancun.jpg","datePublished":"2021-12-17T15:04:47+00:00","dateModified":"2021-12-17T17:57:14+00:00","breadcrumb":{"@id":"https:\/\/nitu.mx\/index.php\/2021\/12\/17\/se-integra-riu-por-primera-vez-a-la-asociacion-de-hoteles-de-cancun\/#breadcrumb"},"inLanguage":"es-MX","potentialAction":[{"@type":"ReadAction","target":["https:\/\/nitu.mx\/index.php\/2021\/12\/17\/se-integra-riu-por-primera-vez-a-la-asociacion-de-hoteles-de-cancun\/"]}]},{"@type":"ImageObject","inLanguage":"es-MX","@id":"https:\/\/nitu.mx\/index.php\/2021\/12\/17\/se-integra-riu-por-primera-vez-a-la-asociacion-de-hoteles-de-cancun\/#primaryimage","url":"https:\/\/nitu.mx\/wp-content\/uploads\/2017\/08\/Riu-Cancun.jpg","contentUrl":"https:\/\/nitu.mx\/wp-content\/uploads\/2017\/08\/Riu-Cancun.jpg","width":850,"height":480,"caption":"tribunal colegiado RIU"},{"@type":"BreadcrumbList","@id":"https:\/\/nitu.mx\/index.php\/2021\/12\/17\/se-integra-riu-por-primera-vez-a-la-asociacion-de-hoteles-de-cancun\/#breadcrumb","itemListElement":[{"@type":"ListItem","position":1,"name":"Inicio","item":"https:\/\/nitu.mx\/"},{"@type":"ListItem","position":2,"name":"Se integra RIU por primera vez a la Asociaci\u00f3n de Hoteles de Canc\u00fan"}]},{"@type":"WebSite","@id":"https:\/\/nitu.mx\/#website","url":"https:\/\/nitu.mx\/","name":"Nitu - Noticias de la Industria Turistica","description":"Noticias de la Industria Turistica","publisher":{"@id":"https:\/\/nitu.mx\/#\/schema\/person\/ae7a53426417292d3dd07b45a33e01bc"},"alternateName":"Noticias de la Industria Turistica","potentialAction":[{"@type":"SearchAction","target":{"@type":"EntryPoint","urlTemplate":"https:\/\/nitu.mx\/?s={search_term_string}"},"query-input":"required name=search_term_string"}],"inLanguage":"es-MX"},{"@type":["Person","Organization"],"@id":"https:\/\/nitu.mx\/#\/schema\/person\/ae7a53426417292d3dd07b45a33e01bc","name":"Arturo Medina","image":{"@type":"ImageObject","inLanguage":"es-MX","@id":"https:\/\/nitu.mx\/#\/schema\/person\/image\/","url":"https:\/\/nitu.mx\/wp-content\/uploads\/2024\/04\/4A315622-1904-4D5C-B022-878CDC840E04-90x90-1.jpeg","contentUrl":"https:\/\/nitu.mx\/wp-content\/uploads\/2024\/04\/4A315622-1904-4D5C-B022-878CDC840E04-90x90-1.jpeg","width":90,"height":90,"caption":"Arturo Medina"},"logo":{"@id":"https:\/\/nitu.mx\/#\/schema\/person\/image\/"},"description":"Director NITU.mx, Egresado de la Escuela de Periodismo Carlos Septi\u00e9n Garc\u00eda. Periodista y analista especializado en turismo desde hace 35 a\u00f1os, radicado en Canc\u00fan Q.Roo. arturo@nitu.mx","sameAs":["https:\/\/nitu.mx","https:\/\/www.facebook.com\/NITUmx\/","medinacancun","https:\/\/twitter.com\/@Arturo_Medina_G"]},{"@type":"Person","@id":"https:\/\/nitu.mx\/#\/schema\/person\/4a28fe9bd65924f7c90623773daf1b0b","name":"Redacci\u00f3n","image":{"@type":"ImageObject","inLanguage":"es-MX","@id":"https:\/\/nitu.mx\/#\/schema\/person\/image\/","url":"https:\/\/secure.gravatar.com\/avatar\/5dd011c8ccfc5cd7e4c81e42252aab38?s=96&d=mm&r=g","contentUrl":"https:\/\/secure.gravatar.com\/avatar\/5dd011c8ccfc5cd7e4c81e42252aab38?s=96&d=mm&r=g","caption":"Redacci\u00f3n"},"url":"https:\/\/nitu.mx\/index.php\/author\/redaccion\/"}]}},"views":471,"_links":{"self":[{"href":"https:\/\/nitu.mx\/index.php\/wp-json\/wp\/v2\/posts\/57205"}],"collection":[{"href":"https:\/\/nitu.mx\/index.php\/wp-json\/wp\/v2\/posts"}],"about":[{"href":"https:\/\/nitu.mx\/index.php\/wp-json\/wp\/v2\/types\/post"}],"author":[{"embeddable":true,"href":"https:\/\/nitu.mx\/index.php\/wp-json\/wp\/v2\/users\/17"}],"replies":[{"embeddable":true,"href":"https:\/\/nitu.mx\/index.php\/wp-json\/wp\/v2\/comments?post=57205"}],"version-history":[{"count":2,"href":"https:\/\/nitu.mx\/index.php\/wp-json\/wp\/v2\/posts\/57205\/revisions"}],"predecessor-version":[{"id":57207,"href":"https:\/\/nitu.mx\/index.php\/wp-json\/wp\/v2\/posts\/57205\/revisions\/57207"}],"wp:featuredmedia":[{"embeddable":true,"href":"https:\/\/nitu.mx\/index.php\/wp-json\/wp\/v2\/media\/12567"}],"wp:attachment":[{"href":"https:\/\/nitu.mx\/index.php\/wp-json\/wp\/v2\/media?parent=57205"}],"wp:term":[{"taxonomy":"category","embeddable":true,"href":"https:\/\/nitu.mx\/index.php\/wp-json\/wp\/v2\/categories?post=57205"},{"taxonomy":"post_tag","embeddable":true,"href":"https:\/\/nitu.mx\/index.php\/wp-json\/wp\/v2\/tags?post=57205"}],"curies":[{"name":"wp","href":"https:\/\/api.w.org\/{rel}","templated":true}]}}