{"id":57170,"date":"2021-12-15T23:41:28","date_gmt":"2021-12-16T04:41:28","guid":{"rendered":"https:\/\/www.dev.nitu.mx\/?p=57170"},"modified":"2021-12-15T23:43:39","modified_gmt":"2021-12-16T04:43:39","slug":"fonatur-presenta-diseno-de-estacion-del-tren-maya","status":"publish","type":"post","link":"https:\/\/nitu.mx\/index.php\/2021\/12\/15\/fonatur-presenta-diseno-de-estacion-del-tren-maya\/","title":{"rendered":"Fonatur presenta dise\u00f1o de estaci\u00f3n del Tren Maya"},"content":{"rendered":"<p>El Fondo Nacional de Fomento al Turismo (Fonatur) dio a conocer los proyectos de dise\u00f1o arquitect\u00f3nico de la estaci\u00f3n del Tren Maya en Boca del Cerro, Tabasco.<\/p>\n<p>La estaci\u00f3n del Tren Maya tendr\u00e1 como ubicaci\u00f3n la zona inmediata al puente del Ca\u00f1\u00f3n del Usumacinta, en la localidad conocida como Boca del Cerro que se encuentra a una distancia de 10 km de la cabecera municipal del municipio de Tenosique.<\/p>\n<p>Esta zona se beneficiar\u00e1 de la llegada de nuevos visitantes que detonar\u00e1n el desarrollo socioecon\u00f3mico a trav\u00e9s del turismo sustentable que se podr\u00e1 realizar en la regi\u00f3n.\u00a0 Entre los atractivos locales se encuentran: hacer\u00a0<em>puenting<\/em>, dar un paseo en lancha por el Usumacinta y adentrarse al \u00c1rea Natural Protegida para visitar el arroyo Santa Margarita, hacer\u00a0<em>rappel<\/em>, visitar cuevas y hacer senderismo.<\/p>\n<p>Entre los elementos conceptuales de este dise\u00f1o arquitect\u00f3nico destacan la reinterpretaci\u00f3n de un sistema constructivo maya basado en una serie de columnas que sostienen cubiertas invertidas a trav\u00e9s de un \u201carco falso\u201d hecho con ladrillo como recubrimiento, inspirado por los vestigios de la civilizaci\u00f3n en Tabasco.<\/p>\n<p>El ladrillo es el principal protagonista visual del proyecto. Se busca la utilizaci\u00f3n de un formato m\u00e1s alargado que el est\u00e1ndar, esto en referencia directa al antecedente Maya. (<a title=\"INAH valida los 5 primeros tramos del Tren Maya, quedan 2 pendientes\" href=\"https:\/\/www.dev.nitu.mx\/index.php\/2021\/10\/25\/inah-valida-los-5-primeros-tramos-del-tren-maya-quedan-2-pendientes\/\" rel=\"bookmark\">INAH valida los 5 primeros tramos del Tren Maya, quedan 2 pendientes<\/a>).<\/p>\n<p>El dise\u00f1o de la estaci\u00f3n fue realizado por el despacho C\u00e1mara + C\u00e1mara arquitectos.<\/p>\n","protected":false},"excerpt":{"rendered":"<p>El Fondo Nacional de Fomento al Turismo (Fonatur) dio a conocer los proyectos de dise\u00f1o arquitect\u00f3nico de la estaci\u00f3n del Tren Maya en Boca del Cerro, Tabasco. La estaci\u00f3n del Tren Maya tendr\u00e1 como ubicaci\u00f3n la zona inmediata al puente del Ca\u00f1\u00f3n del Usumacinta, en la localidad conocida como Boca del Cerro que se encuentra [&hellip;]<\/p>\n","protected":false},"author":17,"featured_media":57171,"comment_status":"open","ping_status":"open","sticky":false,"template":"","format":"standard","meta":{"footnotes":""},"categories":[22813],"tags":[23002,889,399,11427],"yoast_head":"<!-- This site is optimized with the Yoast SEO plugin v22.2 - https:\/\/yoast.com\/wordpress\/plugins\/seo\/ -->\n<title>Fonatur presenta dise\u00f1o de estaci\u00f3n del Tren Maya - Nitu - Noticias de la Industria Turistica<\/title>\n<meta name=\"robots\" content=\"index, follow, max-snippet:-1, max-image-preview:large, max-video-preview:-1\" \/>\n<link rel=\"canonical\" href=\"https:\/\/nitu.mx\/index.php\/2021\/12\/15\/fonatur-presenta-diseno-de-estacion-del-tren-maya\/\" \/>\n<meta name=\"twitter:card\" content=\"summary_large_image\" \/>\n<meta name=\"twitter:title\" content=\"Fonatur presenta dise\u00f1o de estaci\u00f3n del Tren Maya - Nitu - Noticias de la Industria Turistica\" \/>\n<meta name=\"twitter:description\" content=\"El Fondo Nacional de Fomento al Turismo (Fonatur) dio a conocer los proyectos de dise\u00f1o arquitect\u00f3nico de la estaci\u00f3n del Tren Maya en Boca del Cerro, Tabasco. La estaci\u00f3n del Tren Maya tendr\u00e1 como ubicaci\u00f3n la zona inmediata al puente del Ca\u00f1\u00f3n del Usumacinta, en la localidad conocida como Boca del Cerro que se encuentra [&hellip;]\" \/>\n<meta name=\"twitter:image\" content=\"https:\/\/nitu.mx\/wp-content\/uploads\/2021\/12\/Tren-Maya-Boca-del-cerro.jpg\" \/>\n<meta name=\"twitter:creator\" content=\"@NITUmx\" \/>\n<meta name=\"twitter:site\" content=\"@Arturo_Medina_G\" \/>\n<meta name=\"twitter:label1\" content=\"Escrito por\" \/>\n\t<meta name=\"twitter:data1\" content=\"Redacci\u00f3n\" \/>\n\t<meta name=\"twitter:label2\" content=\"Tiempo de lectura\" \/>\n\t<meta name=\"twitter:data2\" content=\"1 minuto\" \/>\n<script type=\"application\/ld+json\" class=\"yoast-schema-graph\">{\"@context\":\"https:\/\/schema.org\",\"@graph\":[{\"@type\":\"Article\",\"@id\":\"https:\/\/nitu.mx\/index.php\/2021\/12\/15\/fonatur-presenta-diseno-de-estacion-del-tren-maya\/#article\",\"isPartOf\":{\"@id\":\"https:\/\/nitu.mx\/index.php\/2021\/12\/15\/fonatur-presenta-diseno-de-estacion-del-tren-maya\/\"},\"author\":{\"name\":\"Redacci\u00f3n\",\"@id\":\"https:\/\/nitu.mx\/#\/schema\/person\/4a28fe9bd65924f7c90623773daf1b0b\"},\"headline\":\"Fonatur presenta dise\u00f1o de estaci\u00f3n del Tren Maya\",\"datePublished\":\"2021-12-16T04:41:28+00:00\",\"dateModified\":\"2021-12-16T04:43:39+00:00\",\"mainEntityOfPage\":{\"@id\":\"https:\/\/nitu.mx\/index.php\/2021\/12\/15\/fonatur-presenta-diseno-de-estacion-del-tren-maya\/\"},\"wordCount\":259,\"commentCount\":0,\"publisher\":{\"@id\":\"https:\/\/nitu.mx\/#\/schema\/person\/ae7a53426417292d3dd07b45a33e01bc\"},\"image\":{\"@id\":\"https:\/\/nitu.mx\/index.php\/2021\/12\/15\/fonatur-presenta-diseno-de-estacion-del-tren-maya\/#primaryimage\"},\"thumbnailUrl\":\"https:\/\/nitu.mx\/wp-content\/uploads\/2021\/12\/Tren-Maya-Boca-del-cerro.jpg\",\"keywords\":[\"Boca del Cerro\",\"Fonatur\",\"Tabasco\",\"Tren Maya\"],\"articleSection\":[\"Tren Maya\"],\"inLanguage\":\"es-MX\",\"potentialAction\":[{\"@type\":\"CommentAction\",\"name\":\"Comment\",\"target\":[\"https:\/\/nitu.mx\/index.php\/2021\/12\/15\/fonatur-presenta-diseno-de-estacion-del-tren-maya\/#respond\"]}]},{\"@type\":\"WebPage\",\"@id\":\"https:\/\/nitu.mx\/index.php\/2021\/12\/15\/fonatur-presenta-diseno-de-estacion-del-tren-maya\/\",\"url\":\"https:\/\/nitu.mx\/index.php\/2021\/12\/15\/fonatur-presenta-diseno-de-estacion-del-tren-maya\/\",\"name\":\"Fonatur presenta dise\u00f1o de estaci\u00f3n del Tren Maya - Nitu - Noticias de la Industria Turistica\",\"isPartOf\":{\"@id\":\"https:\/\/nitu.mx\/#website\"},\"primaryImageOfPage\":{\"@id\":\"https:\/\/nitu.mx\/index.php\/2021\/12\/15\/fonatur-presenta-diseno-de-estacion-del-tren-maya\/#primaryimage\"},\"image\":{\"@id\":\"https:\/\/nitu.mx\/index.php\/2021\/12\/15\/fonatur-presenta-diseno-de-estacion-del-tren-maya\/#primaryimage\"},\"thumbnailUrl\":\"https:\/\/nitu.mx\/wp-content\/uploads\/2021\/12\/Tren-Maya-Boca-del-cerro.jpg\",\"datePublished\":\"2021-12-16T04:41:28+00:00\",\"dateModified\":\"2021-12-16T04:43:39+00:00\",\"breadcrumb\":{\"@id\":\"https:\/\/nitu.mx\/index.php\/2021\/12\/15\/fonatur-presenta-diseno-de-estacion-del-tren-maya\/#breadcrumb\"},\"inLanguage\":\"es-MX\",\"potentialAction\":[{\"@type\":\"ReadAction\",\"target\":[\"https:\/\/nitu.mx\/index.php\/2021\/12\/15\/fonatur-presenta-diseno-de-estacion-del-tren-maya\/\"]}]},{\"@type\":\"ImageObject\",\"inLanguage\":\"es-MX\",\"@id\":\"https:\/\/nitu.mx\/index.php\/2021\/12\/15\/fonatur-presenta-diseno-de-estacion-del-tren-maya\/#primaryimage\",\"url\":\"https:\/\/nitu.mx\/wp-content\/uploads\/2021\/12\/Tren-Maya-Boca-del-cerro.jpg\",\"contentUrl\":\"https:\/\/nitu.mx\/wp-content\/uploads\/2021\/12\/Tren-Maya-Boca-del-cerro.jpg\",\"width\":1200,\"height\":675},{\"@type\":\"BreadcrumbList\",\"@id\":\"https:\/\/nitu.mx\/index.php\/2021\/12\/15\/fonatur-presenta-diseno-de-estacion-del-tren-maya\/#breadcrumb\",\"itemListElement\":[{\"@type\":\"ListItem\",\"position\":1,\"name\":\"Inicio\",\"item\":\"https:\/\/nitu.mx\/\"},{\"@type\":\"ListItem\",\"position\":2,\"name\":\"Fonatur presenta dise\u00f1o de estaci\u00f3n del Tren Maya\"}]},{\"@type\":\"WebSite\",\"@id\":\"https:\/\/nitu.mx\/#website\",\"url\":\"https:\/\/nitu.mx\/\",\"name\":\"Nitu - Noticias de la Industria Turistica\",\"description\":\"Noticias de la Industria Turistica\",\"publisher\":{\"@id\":\"https:\/\/nitu.mx\/#\/schema\/person\/ae7a53426417292d3dd07b45a33e01bc\"},\"alternateName\":\"Noticias de la Industria Turistica\",\"potentialAction\":[{\"@type\":\"SearchAction\",\"target\":{\"@type\":\"EntryPoint\",\"urlTemplate\":\"https:\/\/nitu.mx\/?s={search_term_string}\"},\"query-input\":\"required name=search_term_string\"}],\"inLanguage\":\"es-MX\"},{\"@type\":[\"Person\",\"Organization\"],\"@id\":\"https:\/\/nitu.mx\/#\/schema\/person\/ae7a53426417292d3dd07b45a33e01bc\",\"name\":\"Arturo Medina\",\"image\":{\"@type\":\"ImageObject\",\"inLanguage\":\"es-MX\",\"@id\":\"https:\/\/nitu.mx\/#\/schema\/person\/image\/\",\"url\":\"https:\/\/nitu.mx\/wp-content\/uploads\/2024\/04\/4A315622-1904-4D5C-B022-878CDC840E04-90x90-1.jpeg\",\"contentUrl\":\"https:\/\/nitu.mx\/wp-content\/uploads\/2024\/04\/4A315622-1904-4D5C-B022-878CDC840E04-90x90-1.jpeg\",\"width\":90,\"height\":90,\"caption\":\"Arturo Medina\"},\"logo\":{\"@id\":\"https:\/\/nitu.mx\/#\/schema\/person\/image\/\"},\"description\":\"Director NITU.mx, Egresado de la Escuela de Periodismo Carlos Septi\u00e9n Garc\u00eda. Periodista y analista especializado en turismo desde hace 35 a\u00f1os, radicado en Canc\u00fan Q.Roo. arturo@nitu.mx\",\"sameAs\":[\"https:\/\/nitu.mx\",\"https:\/\/www.facebook.com\/NITUmx\/\",\"medinacancun\",\"https:\/\/twitter.com\/@Arturo_Medina_G\"]},{\"@type\":\"Person\",\"@id\":\"https:\/\/nitu.mx\/#\/schema\/person\/4a28fe9bd65924f7c90623773daf1b0b\",\"name\":\"Redacci\u00f3n\",\"image\":{\"@type\":\"ImageObject\",\"inLanguage\":\"es-MX\",\"@id\":\"https:\/\/nitu.mx\/#\/schema\/person\/image\/\",\"url\":\"https:\/\/secure.gravatar.com\/avatar\/5dd011c8ccfc5cd7e4c81e42252aab38?s=96&d=mm&r=g\",\"contentUrl\":\"https:\/\/secure.gravatar.com\/avatar\/5dd011c8ccfc5cd7e4c81e42252aab38?s=96&d=mm&r=g\",\"caption\":\"Redacci\u00f3n\"},\"url\":\"https:\/\/nitu.mx\/index.php\/author\/redaccion\/\"}]}<\/script>\n<!-- \/ Yoast SEO plugin. -->","yoast_head_json":{"title":"Fonatur presenta dise\u00f1o de estaci\u00f3n del Tren Maya - Nitu - Noticias de la Industria Turistica","robots":{"index":"index","follow":"follow","max-snippet":"max-snippet:-1","max-image-preview":"max-image-preview:large","max-video-preview":"max-video-preview:-1"},"canonical":"https:\/\/nitu.mx\/index.php\/2021\/12\/15\/fonatur-presenta-diseno-de-estacion-del-tren-maya\/","twitter_card":"summary_large_image","twitter_title":"Fonatur presenta dise\u00f1o de estaci\u00f3n del Tren Maya - Nitu - Noticias de la Industria Turistica","twitter_description":"El Fondo Nacional de Fomento al Turismo (Fonatur) dio a conocer los proyectos de dise\u00f1o arquitect\u00f3nico de la estaci\u00f3n del Tren Maya en Boca del Cerro, Tabasco. La estaci\u00f3n del Tren Maya tendr\u00e1 como ubicaci\u00f3n la zona inmediata al puente del Ca\u00f1\u00f3n del Usumacinta, en la localidad conocida como Boca del Cerro que se encuentra [&hellip;]","twitter_image":"https:\/\/nitu.mx\/wp-content\/uploads\/2021\/12\/Tren-Maya-Boca-del-cerro.jpg","twitter_creator":"@NITUmx","twitter_site":"@Arturo_Medina_G","twitter_misc":{"Escrito por":"Redacci\u00f3n","Tiempo de lectura":"1 minuto"},"schema":{"@context":"https:\/\/schema.org","@graph":[{"@type":"Article","@id":"https:\/\/nitu.mx\/index.php\/2021\/12\/15\/fonatur-presenta-diseno-de-estacion-del-tren-maya\/#article","isPartOf":{"@id":"https:\/\/nitu.mx\/index.php\/2021\/12\/15\/fonatur-presenta-diseno-de-estacion-del-tren-maya\/"},"author":{"name":"Redacci\u00f3n","@id":"https:\/\/nitu.mx\/#\/schema\/person\/4a28fe9bd65924f7c90623773daf1b0b"},"headline":"Fonatur presenta dise\u00f1o de estaci\u00f3n del Tren Maya","datePublished":"2021-12-16T04:41:28+00:00","dateModified":"2021-12-16T04:43:39+00:00","mainEntityOfPage":{"@id":"https:\/\/nitu.mx\/index.php\/2021\/12\/15\/fonatur-presenta-diseno-de-estacion-del-tren-maya\/"},"wordCount":259,"commentCount":0,"publisher":{"@id":"https:\/\/nitu.mx\/#\/schema\/person\/ae7a53426417292d3dd07b45a33e01bc"},"image":{"@id":"https:\/\/nitu.mx\/index.php\/2021\/12\/15\/fonatur-presenta-diseno-de-estacion-del-tren-maya\/#primaryimage"},"thumbnailUrl":"https:\/\/nitu.mx\/wp-content\/uploads\/2021\/12\/Tren-Maya-Boca-del-cerro.jpg","keywords":["Boca del Cerro","Fonatur","Tabasco","Tren Maya"],"articleSection":["Tren Maya"],"inLanguage":"es-MX","potentialAction":[{"@type":"CommentAction","name":"Comment","target":["https:\/\/nitu.mx\/index.php\/2021\/12\/15\/fonatur-presenta-diseno-de-estacion-del-tren-maya\/#respond"]}]},{"@type":"WebPage","@id":"https:\/\/nitu.mx\/index.php\/2021\/12\/15\/fonatur-presenta-diseno-de-estacion-del-tren-maya\/","url":"https:\/\/nitu.mx\/index.php\/2021\/12\/15\/fonatur-presenta-diseno-de-estacion-del-tren-maya\/","name":"Fonatur presenta dise\u00f1o de estaci\u00f3n del Tren Maya - Nitu - Noticias de la Industria Turistica","isPartOf":{"@id":"https:\/\/nitu.mx\/#website"},"primaryImageOfPage":{"@id":"https:\/\/nitu.mx\/index.php\/2021\/12\/15\/fonatur-presenta-diseno-de-estacion-del-tren-maya\/#primaryimage"},"image":{"@id":"https:\/\/nitu.mx\/index.php\/2021\/12\/15\/fonatur-presenta-diseno-de-estacion-del-tren-maya\/#primaryimage"},"thumbnailUrl":"https:\/\/nitu.mx\/wp-content\/uploads\/2021\/12\/Tren-Maya-Boca-del-cerro.jpg","datePublished":"2021-12-16T04:41:28+00:00","dateModified":"2021-12-16T04:43:39+00:00","breadcrumb":{"@id":"https:\/\/nitu.mx\/index.php\/2021\/12\/15\/fonatur-presenta-diseno-de-estacion-del-tren-maya\/#breadcrumb"},"inLanguage":"es-MX","potentialAction":[{"@type":"ReadAction","target":["https:\/\/nitu.mx\/index.php\/2021\/12\/15\/fonatur-presenta-diseno-de-estacion-del-tren-maya\/"]}]},{"@type":"ImageObject","inLanguage":"es-MX","@id":"https:\/\/nitu.mx\/index.php\/2021\/12\/15\/fonatur-presenta-diseno-de-estacion-del-tren-maya\/#primaryimage","url":"https:\/\/nitu.mx\/wp-content\/uploads\/2021\/12\/Tren-Maya-Boca-del-cerro.jpg","contentUrl":"https:\/\/nitu.mx\/wp-content\/uploads\/2021\/12\/Tren-Maya-Boca-del-cerro.jpg","width":1200,"height":675},{"@type":"BreadcrumbList","@id":"https:\/\/nitu.mx\/index.php\/2021\/12\/15\/fonatur-presenta-diseno-de-estacion-del-tren-maya\/#breadcrumb","itemListElement":[{"@type":"ListItem","position":1,"name":"Inicio","item":"https:\/\/nitu.mx\/"},{"@type":"ListItem","position":2,"name":"Fonatur presenta dise\u00f1o de estaci\u00f3n del Tren Maya"}]},{"@type":"WebSite","@id":"https:\/\/nitu.mx\/#website","url":"https:\/\/nitu.mx\/","name":"Nitu - Noticias de la Industria Turistica","description":"Noticias de la Industria Turistica","publisher":{"@id":"https:\/\/nitu.mx\/#\/schema\/person\/ae7a53426417292d3dd07b45a33e01bc"},"alternateName":"Noticias de la Industria Turistica","potentialAction":[{"@type":"SearchAction","target":{"@type":"EntryPoint","urlTemplate":"https:\/\/nitu.mx\/?s={search_term_string}"},"query-input":"required name=search_term_string"}],"inLanguage":"es-MX"},{"@type":["Person","Organization"],"@id":"https:\/\/nitu.mx\/#\/schema\/person\/ae7a53426417292d3dd07b45a33e01bc","name":"Arturo Medina","image":{"@type":"ImageObject","inLanguage":"es-MX","@id":"https:\/\/nitu.mx\/#\/schema\/person\/image\/","url":"https:\/\/nitu.mx\/wp-content\/uploads\/2024\/04\/4A315622-1904-4D5C-B022-878CDC840E04-90x90-1.jpeg","contentUrl":"https:\/\/nitu.mx\/wp-content\/uploads\/2024\/04\/4A315622-1904-4D5C-B022-878CDC840E04-90x90-1.jpeg","width":90,"height":90,"caption":"Arturo Medina"},"logo":{"@id":"https:\/\/nitu.mx\/#\/schema\/person\/image\/"},"description":"Director NITU.mx, Egresado de la Escuela de Periodismo Carlos Septi\u00e9n Garc\u00eda. Periodista y analista especializado en turismo desde hace 35 a\u00f1os, radicado en Canc\u00fan Q.Roo. arturo@nitu.mx","sameAs":["https:\/\/nitu.mx","https:\/\/www.facebook.com\/NITUmx\/","medinacancun","https:\/\/twitter.com\/@Arturo_Medina_G"]},{"@type":"Person","@id":"https:\/\/nitu.mx\/#\/schema\/person\/4a28fe9bd65924f7c90623773daf1b0b","name":"Redacci\u00f3n","image":{"@type":"ImageObject","inLanguage":"es-MX","@id":"https:\/\/nitu.mx\/#\/schema\/person\/image\/","url":"https:\/\/secure.gravatar.com\/avatar\/5dd011c8ccfc5cd7e4c81e42252aab38?s=96&d=mm&r=g","contentUrl":"https:\/\/secure.gravatar.com\/avatar\/5dd011c8ccfc5cd7e4c81e42252aab38?s=96&d=mm&r=g","caption":"Redacci\u00f3n"},"url":"https:\/\/nitu.mx\/index.php\/author\/redaccion\/"}]}},"views":814,"_links":{"self":[{"href":"https:\/\/nitu.mx\/index.php\/wp-json\/wp\/v2\/posts\/57170"}],"collection":[{"href":"https:\/\/nitu.mx\/index.php\/wp-json\/wp\/v2\/posts"}],"about":[{"href":"https:\/\/nitu.mx\/index.php\/wp-json\/wp\/v2\/types\/post"}],"author":[{"embeddable":true,"href":"https:\/\/nitu.mx\/index.php\/wp-json\/wp\/v2\/users\/17"}],"replies":[{"embeddable":true,"href":"https:\/\/nitu.mx\/index.php\/wp-json\/wp\/v2\/comments?post=57170"}],"version-history":[{"count":1,"href":"https:\/\/nitu.mx\/index.php\/wp-json\/wp\/v2\/posts\/57170\/revisions"}],"predecessor-version":[{"id":57172,"href":"https:\/\/nitu.mx\/index.php\/wp-json\/wp\/v2\/posts\/57170\/revisions\/57172"}],"wp:featuredmedia":[{"embeddable":true,"href":"https:\/\/nitu.mx\/index.php\/wp-json\/wp\/v2\/media\/57171"}],"wp:attachment":[{"href":"https:\/\/nitu.mx\/index.php\/wp-json\/wp\/v2\/media?parent=57170"}],"wp:term":[{"taxonomy":"category","embeddable":true,"href":"https:\/\/nitu.mx\/index.php\/wp-json\/wp\/v2\/categories?post=57170"},{"taxonomy":"post_tag","embeddable":true,"href":"https:\/\/nitu.mx\/index.php\/wp-json\/wp\/v2\/tags?post=57170"}],"curies":[{"name":"wp","href":"https:\/\/api.w.org\/{rel}","templated":true}]}}