{"id":57144,"date":"2021-12-15T00:36:01","date_gmt":"2021-12-15T05:36:01","guid":{"rendered":"https:\/\/www.dev.nitu.mx\/?p=57144"},"modified":"2021-12-15T00:38:44","modified_gmt":"2021-12-15T05:38:44","slug":"alerta-carlos-joaquin-a-turisteros-para-evitar-contagios","status":"publish","type":"post","link":"https:\/\/nitu.mx\/index.php\/2021\/12\/15\/alerta-carlos-joaquin-a-turisteros-para-evitar-contagios\/","title":{"rendered":"Alerta Carlos Joaqu\u00edn a turisteros para evitar contagios"},"content":{"rendered":"<p>El gobernador Carlos Joaqu\u00edn Gonz\u00e1lez llam\u00f3 a reforzar las medidas sanitarias durante el marat\u00f3n Guadalupe-Reyes, que pasa por las posadas y festejos navide\u00f1os y de A\u00f1o Nuevo porque \u201cestamos muy cerca de retroceder al sem\u00e1foro amarillo\u201d adem\u00e1s que habr\u00e1 m\u00e1s de 200 mil turistas estar\u00e1n permanentemente en el estado.<\/p>\n<p>Si bien el Caribe Mexicano fue epicentro mundial de la recuperaci\u00f3n tur\u00edstica y que a nivel nacional se recuper\u00f3 la generaci\u00f3n de empleos hasta situarse en el primer lugar, destac\u00f3 que \u201cson precisamente las facilidades para la llegada de turistas las que obligan a mantener y reforzar las medidas sanitarias\u201d.<\/p>\n<p>El mandatario reconoci\u00f3 nuevamente la solidaridad de la sociedad y la iniciativa privada en el peor momento de la pandemia porque \u201ceso permiti\u00f3 la recuperaci\u00f3n tur\u00edstica que hoy permite augurar una excelente temporada de fin de a\u00f1o.<\/p>\n<p>Carlos Joaqu\u00edn coment\u00f3 que el retroceso a la primera etapa del sem\u00e1foro verde se ve m\u00e1s amenazada con la temporada de festejos en puerta, y como no se pueden evitar, convoc\u00f3 a los quintanarroenses a evitar reuniones de m\u00e1s de 10 personas, y si \u00e9stas se dan, que sea en espacios abiertos.<\/p>\n<p>\u201cCuando hay un n\u00famero m\u00e1s alto del bajo registro de contagios que tenemos todos los d\u00edas, las tendencias cambian de manera muy fuerte, si estamos en cero y tenemos un caso, se convierte en ciento por ciento de diferencia y eso es lo que marca los puntos de los sem\u00e1foros.<\/p>\n<p>\u201cPrincipalmente la tendencia del sem\u00e1foro federal, por tanto, cualquier aumento causa tendencias positivas que inmediatamente nos suman una cantidad de puntos que hoy nos ponen a solo dos puntos del sem\u00e1foro amarillo, por eso hay que tener enorme cuidado en esta \u00e9poca del a\u00f1o\u201d, explic\u00f3 Joaqu\u00edn Gonz\u00e1lez.<\/p>\n<p>El gobernador de Quintana Roo agreg\u00f3 que por ello es el llamado a cuidarse en esta temporada decembrina de posadas, de reuniones, de fiestas, \u201cdisfr\u00fatenlas, disfruten a su familia, pero con mucho cuidado, mucha precauci\u00f3n y tratando de cuidarse a s\u00ed mismos para evitar caer de nuevo en el crecimiento de contagios\u201d.<\/p>\n","protected":false},"excerpt":{"rendered":"<p>El gobernador Carlos Joaqu\u00edn Gonz\u00e1lez llam\u00f3 a reforzar las medidas sanitarias durante el marat\u00f3n Guadalupe-Reyes, que pasa por las posadas y festejos navide\u00f1os y de A\u00f1o Nuevo porque \u201cestamos muy cerca de retroceder al sem\u00e1foro amarillo\u201d adem\u00e1s que habr\u00e1 m\u00e1s de 200 mil turistas estar\u00e1n permanentemente en el estado. Si bien el Caribe Mexicano fue [&hellip;]<\/p>\n","protected":false},"author":2,"featured_media":52388,"comment_status":"open","ping_status":"open","sticky":false,"template":"","format":"standard","meta":{"footnotes":""},"categories":[18475],"tags":[83,261,260],"yoast_head":"<!-- This site is optimized with the Yoast SEO plugin v22.2 - https:\/\/yoast.com\/wordpress\/plugins\/seo\/ -->\n<title>Alerta Carlos Joaqu\u00edn a turisteros para evitar contagios - Nitu - Noticias de la Industria Turistica<\/title>\n<meta name=\"robots\" content=\"index, follow, max-snippet:-1, max-image-preview:large, max-video-preview:-1\" \/>\n<link rel=\"canonical\" href=\"https:\/\/nitu.mx\/index.php\/2021\/12\/15\/alerta-carlos-joaquin-a-turisteros-para-evitar-contagios\/\" \/>\n<meta name=\"twitter:card\" content=\"summary_large_image\" \/>\n<meta name=\"twitter:title\" content=\"Alerta Carlos Joaqu\u00edn a turisteros para evitar contagios - Nitu - Noticias de la Industria Turistica\" \/>\n<meta name=\"twitter:description\" content=\"El gobernador Carlos Joaqu\u00edn Gonz\u00e1lez llam\u00f3 a reforzar las medidas sanitarias durante el marat\u00f3n Guadalupe-Reyes, que pasa por las posadas y festejos navide\u00f1os y de A\u00f1o Nuevo porque \u201cestamos muy cerca de retroceder al sem\u00e1foro amarillo\u201d adem\u00e1s que habr\u00e1 m\u00e1s de 200 mil turistas estar\u00e1n permanentemente en el estado. Si bien el Caribe Mexicano fue [&hellip;]\" \/>\n<meta name=\"twitter:image\" content=\"https:\/\/nitu.mx\/wp-content\/uploads\/2021\/05\/Carlos-Joaqui\u0301n-.jpg\" \/>\n<meta name=\"twitter:creator\" content=\"@Arturo_Medina_G\" \/>\n<meta name=\"twitter:site\" content=\"@Arturo_Medina_G\" \/>\n<meta name=\"twitter:label1\" content=\"Escrito por\" \/>\n\t<meta name=\"twitter:data1\" content=\"Arturo Medina\" \/>\n\t<meta name=\"twitter:label2\" content=\"Tiempo de lectura\" \/>\n\t<meta name=\"twitter:data2\" content=\"2 minutos\" \/>\n<script type=\"application\/ld+json\" class=\"yoast-schema-graph\">{\"@context\":\"https:\/\/schema.org\",\"@graph\":[{\"@type\":\"Article\",\"@id\":\"https:\/\/nitu.mx\/index.php\/2021\/12\/15\/alerta-carlos-joaquin-a-turisteros-para-evitar-contagios\/#article\",\"isPartOf\":{\"@id\":\"https:\/\/nitu.mx\/index.php\/2021\/12\/15\/alerta-carlos-joaquin-a-turisteros-para-evitar-contagios\/\"},\"author\":{\"name\":\"Arturo Medina\",\"@id\":\"https:\/\/nitu.mx\/#\/schema\/person\/ae7a53426417292d3dd07b45a33e01bc\"},\"headline\":\"Alerta Carlos Joaqu\u00edn a turisteros para evitar contagios\",\"datePublished\":\"2021-12-15T05:36:01+00:00\",\"dateModified\":\"2021-12-15T05:38:44+00:00\",\"mainEntityOfPage\":{\"@id\":\"https:\/\/nitu.mx\/index.php\/2021\/12\/15\/alerta-carlos-joaquin-a-turisteros-para-evitar-contagios\/\"},\"wordCount\":374,\"commentCount\":0,\"publisher\":{\"@id\":\"https:\/\/nitu.mx\/#\/schema\/person\/ae7a53426417292d3dd07b45a33e01bc\"},\"image\":{\"@id\":\"https:\/\/nitu.mx\/index.php\/2021\/12\/15\/alerta-carlos-joaquin-a-turisteros-para-evitar-contagios\/#primaryimage\"},\"thumbnailUrl\":\"https:\/\/nitu.mx\/wp-content\/uploads\/2021\/05\/Carlos-Joaqui\u0301n-.jpg\",\"keywords\":[\"Caribe mexicano\",\"Carlos Joaqu\u00edn Gonz\u00e1lez\",\"Quintana Roo\"],\"articleSection\":[\"Caribe Mexicano\"],\"inLanguage\":\"es-MX\",\"potentialAction\":[{\"@type\":\"CommentAction\",\"name\":\"Comment\",\"target\":[\"https:\/\/nitu.mx\/index.php\/2021\/12\/15\/alerta-carlos-joaquin-a-turisteros-para-evitar-contagios\/#respond\"]}]},{\"@type\":\"WebPage\",\"@id\":\"https:\/\/nitu.mx\/index.php\/2021\/12\/15\/alerta-carlos-joaquin-a-turisteros-para-evitar-contagios\/\",\"url\":\"https:\/\/nitu.mx\/index.php\/2021\/12\/15\/alerta-carlos-joaquin-a-turisteros-para-evitar-contagios\/\",\"name\":\"Alerta Carlos Joaqu\u00edn a turisteros para evitar contagios - Nitu - Noticias de la Industria Turistica\",\"isPartOf\":{\"@id\":\"https:\/\/nitu.mx\/#website\"},\"primaryImageOfPage\":{\"@id\":\"https:\/\/nitu.mx\/index.php\/2021\/12\/15\/alerta-carlos-joaquin-a-turisteros-para-evitar-contagios\/#primaryimage\"},\"image\":{\"@id\":\"https:\/\/nitu.mx\/index.php\/2021\/12\/15\/alerta-carlos-joaquin-a-turisteros-para-evitar-contagios\/#primaryimage\"},\"thumbnailUrl\":\"https:\/\/nitu.mx\/wp-content\/uploads\/2021\/05\/Carlos-Joaqui\u0301n-.jpg\",\"datePublished\":\"2021-12-15T05:36:01+00:00\",\"dateModified\":\"2021-12-15T05:38:44+00:00\",\"breadcrumb\":{\"@id\":\"https:\/\/nitu.mx\/index.php\/2021\/12\/15\/alerta-carlos-joaquin-a-turisteros-para-evitar-contagios\/#breadcrumb\"},\"inLanguage\":\"es-MX\",\"potentialAction\":[{\"@type\":\"ReadAction\",\"target\":[\"https:\/\/nitu.mx\/index.php\/2021\/12\/15\/alerta-carlos-joaquin-a-turisteros-para-evitar-contagios\/\"]}]},{\"@type\":\"ImageObject\",\"inLanguage\":\"es-MX\",\"@id\":\"https:\/\/nitu.mx\/index.php\/2021\/12\/15\/alerta-carlos-joaquin-a-turisteros-para-evitar-contagios\/#primaryimage\",\"url\":\"https:\/\/nitu.mx\/wp-content\/uploads\/2021\/05\/Carlos-Joaqui\u0301n-.jpg\",\"contentUrl\":\"https:\/\/nitu.mx\/wp-content\/uploads\/2021\/05\/Carlos-Joaqui\u0301n-.jpg\",\"width\":922,\"height\":466},{\"@type\":\"BreadcrumbList\",\"@id\":\"https:\/\/nitu.mx\/index.php\/2021\/12\/15\/alerta-carlos-joaquin-a-turisteros-para-evitar-contagios\/#breadcrumb\",\"itemListElement\":[{\"@type\":\"ListItem\",\"position\":1,\"name\":\"Inicio\",\"item\":\"https:\/\/nitu.mx\/\"},{\"@type\":\"ListItem\",\"position\":2,\"name\":\"Alerta Carlos Joaqu\u00edn a turisteros para evitar contagios\"}]},{\"@type\":\"WebSite\",\"@id\":\"https:\/\/nitu.mx\/#website\",\"url\":\"https:\/\/nitu.mx\/\",\"name\":\"Nitu - Noticias de la Industria Turistica\",\"description\":\"Noticias de la Industria Turistica\",\"publisher\":{\"@id\":\"https:\/\/nitu.mx\/#\/schema\/person\/ae7a53426417292d3dd07b45a33e01bc\"},\"alternateName\":\"Noticias de la Industria Turistica\",\"potentialAction\":[{\"@type\":\"SearchAction\",\"target\":{\"@type\":\"EntryPoint\",\"urlTemplate\":\"https:\/\/nitu.mx\/?s={search_term_string}\"},\"query-input\":\"required name=search_term_string\"}],\"inLanguage\":\"es-MX\"},{\"@type\":[\"Person\",\"Organization\"],\"@id\":\"https:\/\/nitu.mx\/#\/schema\/person\/ae7a53426417292d3dd07b45a33e01bc\",\"name\":\"Arturo Medina\",\"image\":{\"@type\":\"ImageObject\",\"inLanguage\":\"es-MX\",\"@id\":\"https:\/\/nitu.mx\/#\/schema\/person\/image\/\",\"url\":\"https:\/\/nitu.mx\/wp-content\/uploads\/2024\/04\/4A315622-1904-4D5C-B022-878CDC840E04-90x90-1.jpeg\",\"contentUrl\":\"https:\/\/nitu.mx\/wp-content\/uploads\/2024\/04\/4A315622-1904-4D5C-B022-878CDC840E04-90x90-1.jpeg\",\"width\":90,\"height\":90,\"caption\":\"Arturo Medina\"},\"logo\":{\"@id\":\"https:\/\/nitu.mx\/#\/schema\/person\/image\/\"},\"description\":\"Director NITU.mx, Egresado de la Escuela de Periodismo Carlos Septi\u00e9n Garc\u00eda. Periodista y analista especializado en turismo desde hace 35 a\u00f1os, radicado en Canc\u00fan Q.Roo. arturo@nitu.mx\",\"sameAs\":[\"https:\/\/nitu.mx\",\"https:\/\/www.facebook.com\/NITUmx\/\",\"medinacancun\",\"https:\/\/twitter.com\/@Arturo_Medina_G\"],\"url\":\"https:\/\/nitu.mx\/index.php\/author\/arturo-medina\/\"}]}<\/script>\n<!-- \/ Yoast SEO plugin. -->","yoast_head_json":{"title":"Alerta Carlos Joaqu\u00edn a turisteros para evitar contagios - Nitu - Noticias de la Industria Turistica","robots":{"index":"index","follow":"follow","max-snippet":"max-snippet:-1","max-image-preview":"max-image-preview:large","max-video-preview":"max-video-preview:-1"},"canonical":"https:\/\/nitu.mx\/index.php\/2021\/12\/15\/alerta-carlos-joaquin-a-turisteros-para-evitar-contagios\/","twitter_card":"summary_large_image","twitter_title":"Alerta Carlos Joaqu\u00edn a turisteros para evitar contagios - Nitu - Noticias de la Industria Turistica","twitter_description":"El gobernador Carlos Joaqu\u00edn Gonz\u00e1lez llam\u00f3 a reforzar las medidas sanitarias durante el marat\u00f3n Guadalupe-Reyes, que pasa por las posadas y festejos navide\u00f1os y de A\u00f1o Nuevo porque \u201cestamos muy cerca de retroceder al sem\u00e1foro amarillo\u201d adem\u00e1s que habr\u00e1 m\u00e1s de 200 mil turistas estar\u00e1n permanentemente en el estado. Si bien el Caribe Mexicano fue [&hellip;]","twitter_image":"https:\/\/nitu.mx\/wp-content\/uploads\/2021\/05\/Carlos-Joaqui\u0301n-.jpg","twitter_creator":"@Arturo_Medina_G","twitter_site":"@Arturo_Medina_G","twitter_misc":{"Escrito por":"Arturo Medina","Tiempo de lectura":"2 minutos"},"schema":{"@context":"https:\/\/schema.org","@graph":[{"@type":"Article","@id":"https:\/\/nitu.mx\/index.php\/2021\/12\/15\/alerta-carlos-joaquin-a-turisteros-para-evitar-contagios\/#article","isPartOf":{"@id":"https:\/\/nitu.mx\/index.php\/2021\/12\/15\/alerta-carlos-joaquin-a-turisteros-para-evitar-contagios\/"},"author":{"name":"Arturo Medina","@id":"https:\/\/nitu.mx\/#\/schema\/person\/ae7a53426417292d3dd07b45a33e01bc"},"headline":"Alerta Carlos Joaqu\u00edn a turisteros para evitar contagios","datePublished":"2021-12-15T05:36:01+00:00","dateModified":"2021-12-15T05:38:44+00:00","mainEntityOfPage":{"@id":"https:\/\/nitu.mx\/index.php\/2021\/12\/15\/alerta-carlos-joaquin-a-turisteros-para-evitar-contagios\/"},"wordCount":374,"commentCount":0,"publisher":{"@id":"https:\/\/nitu.mx\/#\/schema\/person\/ae7a53426417292d3dd07b45a33e01bc"},"image":{"@id":"https:\/\/nitu.mx\/index.php\/2021\/12\/15\/alerta-carlos-joaquin-a-turisteros-para-evitar-contagios\/#primaryimage"},"thumbnailUrl":"https:\/\/nitu.mx\/wp-content\/uploads\/2021\/05\/Carlos-Joaqui\u0301n-.jpg","keywords":["Caribe mexicano","Carlos Joaqu\u00edn Gonz\u00e1lez","Quintana Roo"],"articleSection":["Caribe Mexicano"],"inLanguage":"es-MX","potentialAction":[{"@type":"CommentAction","name":"Comment","target":["https:\/\/nitu.mx\/index.php\/2021\/12\/15\/alerta-carlos-joaquin-a-turisteros-para-evitar-contagios\/#respond"]}]},{"@type":"WebPage","@id":"https:\/\/nitu.mx\/index.php\/2021\/12\/15\/alerta-carlos-joaquin-a-turisteros-para-evitar-contagios\/","url":"https:\/\/nitu.mx\/index.php\/2021\/12\/15\/alerta-carlos-joaquin-a-turisteros-para-evitar-contagios\/","name":"Alerta Carlos Joaqu\u00edn a turisteros para evitar contagios - Nitu - Noticias de la Industria Turistica","isPartOf":{"@id":"https:\/\/nitu.mx\/#website"},"primaryImageOfPage":{"@id":"https:\/\/nitu.mx\/index.php\/2021\/12\/15\/alerta-carlos-joaquin-a-turisteros-para-evitar-contagios\/#primaryimage"},"image":{"@id":"https:\/\/nitu.mx\/index.php\/2021\/12\/15\/alerta-carlos-joaquin-a-turisteros-para-evitar-contagios\/#primaryimage"},"thumbnailUrl":"https:\/\/nitu.mx\/wp-content\/uploads\/2021\/05\/Carlos-Joaqui\u0301n-.jpg","datePublished":"2021-12-15T05:36:01+00:00","dateModified":"2021-12-15T05:38:44+00:00","breadcrumb":{"@id":"https:\/\/nitu.mx\/index.php\/2021\/12\/15\/alerta-carlos-joaquin-a-turisteros-para-evitar-contagios\/#breadcrumb"},"inLanguage":"es-MX","potentialAction":[{"@type":"ReadAction","target":["https:\/\/nitu.mx\/index.php\/2021\/12\/15\/alerta-carlos-joaquin-a-turisteros-para-evitar-contagios\/"]}]},{"@type":"ImageObject","inLanguage":"es-MX","@id":"https:\/\/nitu.mx\/index.php\/2021\/12\/15\/alerta-carlos-joaquin-a-turisteros-para-evitar-contagios\/#primaryimage","url":"https:\/\/nitu.mx\/wp-content\/uploads\/2021\/05\/Carlos-Joaqui\u0301n-.jpg","contentUrl":"https:\/\/nitu.mx\/wp-content\/uploads\/2021\/05\/Carlos-Joaqui\u0301n-.jpg","width":922,"height":466},{"@type":"BreadcrumbList","@id":"https:\/\/nitu.mx\/index.php\/2021\/12\/15\/alerta-carlos-joaquin-a-turisteros-para-evitar-contagios\/#breadcrumb","itemListElement":[{"@type":"ListItem","position":1,"name":"Inicio","item":"https:\/\/nitu.mx\/"},{"@type":"ListItem","position":2,"name":"Alerta Carlos Joaqu\u00edn a turisteros para evitar contagios"}]},{"@type":"WebSite","@id":"https:\/\/nitu.mx\/#website","url":"https:\/\/nitu.mx\/","name":"Nitu - Noticias de la Industria Turistica","description":"Noticias de la Industria Turistica","publisher":{"@id":"https:\/\/nitu.mx\/#\/schema\/person\/ae7a53426417292d3dd07b45a33e01bc"},"alternateName":"Noticias de la Industria Turistica","potentialAction":[{"@type":"SearchAction","target":{"@type":"EntryPoint","urlTemplate":"https:\/\/nitu.mx\/?s={search_term_string}"},"query-input":"required name=search_term_string"}],"inLanguage":"es-MX"},{"@type":["Person","Organization"],"@id":"https:\/\/nitu.mx\/#\/schema\/person\/ae7a53426417292d3dd07b45a33e01bc","name":"Arturo Medina","image":{"@type":"ImageObject","inLanguage":"es-MX","@id":"https:\/\/nitu.mx\/#\/schema\/person\/image\/","url":"https:\/\/nitu.mx\/wp-content\/uploads\/2024\/04\/4A315622-1904-4D5C-B022-878CDC840E04-90x90-1.jpeg","contentUrl":"https:\/\/nitu.mx\/wp-content\/uploads\/2024\/04\/4A315622-1904-4D5C-B022-878CDC840E04-90x90-1.jpeg","width":90,"height":90,"caption":"Arturo Medina"},"logo":{"@id":"https:\/\/nitu.mx\/#\/schema\/person\/image\/"},"description":"Director NITU.mx, Egresado de la Escuela de Periodismo Carlos Septi\u00e9n Garc\u00eda. Periodista y analista especializado en turismo desde hace 35 a\u00f1os, radicado en Canc\u00fan Q.Roo. arturo@nitu.mx","sameAs":["https:\/\/nitu.mx","https:\/\/www.facebook.com\/NITUmx\/","medinacancun","https:\/\/twitter.com\/@Arturo_Medina_G"],"url":"https:\/\/nitu.mx\/index.php\/author\/arturo-medina\/"}]}},"views":393,"_links":{"self":[{"href":"https:\/\/nitu.mx\/index.php\/wp-json\/wp\/v2\/posts\/57144"}],"collection":[{"href":"https:\/\/nitu.mx\/index.php\/wp-json\/wp\/v2\/posts"}],"about":[{"href":"https:\/\/nitu.mx\/index.php\/wp-json\/wp\/v2\/types\/post"}],"author":[{"embeddable":true,"href":"https:\/\/nitu.mx\/index.php\/wp-json\/wp\/v2\/users\/2"}],"replies":[{"embeddable":true,"href":"https:\/\/nitu.mx\/index.php\/wp-json\/wp\/v2\/comments?post=57144"}],"version-history":[{"count":2,"href":"https:\/\/nitu.mx\/index.php\/wp-json\/wp\/v2\/posts\/57144\/revisions"}],"predecessor-version":[{"id":57146,"href":"https:\/\/nitu.mx\/index.php\/wp-json\/wp\/v2\/posts\/57144\/revisions\/57146"}],"wp:featuredmedia":[{"embeddable":true,"href":"https:\/\/nitu.mx\/index.php\/wp-json\/wp\/v2\/media\/52388"}],"wp:attachment":[{"href":"https:\/\/nitu.mx\/index.php\/wp-json\/wp\/v2\/media?parent=57144"}],"wp:term":[{"taxonomy":"category","embeddable":true,"href":"https:\/\/nitu.mx\/index.php\/wp-json\/wp\/v2\/categories?post=57144"},{"taxonomy":"post_tag","embeddable":true,"href":"https:\/\/nitu.mx\/index.php\/wp-json\/wp\/v2\/tags?post=57144"}],"curies":[{"name":"wp","href":"https:\/\/api.w.org\/{rel}","templated":true}]}}