{"id":5712,"date":"2017-01-09T21:40:57","date_gmt":"2017-01-10T02:40:57","guid":{"rendered":"http:\/\/www.dev.nitu.mx\/?p=5712"},"modified":"2017-01-10T00:54:22","modified_gmt":"2017-01-10T05:54:22","slug":"vecinos-acusan-vidanta-ecocidio-nuevo-vallarta","status":"publish","type":"post","link":"https:\/\/nitu.mx\/index.php\/2017\/01\/09\/vecinos-acusan-vidanta-ecocidio-nuevo-vallarta\/","title":{"rendered":"Vecinos acusan a Vidanta de ecocidio en Nuevo Vallarta"},"content":{"rendered":"<p>Habitantes del poblado de Jarretaderas, en el municipio de Bah\u00eda de Banderas, Nayarit, denunciaron que la construcci\u00f3n del parque tem\u00e1tico del Cirque du Soleil que el consorcio de entretenimiento canadiense realiza en conjunto con grupo Vidanta en Nuevo Vallarta, representa un ecocidio que pone en riesgo la estabilidad y el medio ambiente de esta poblaci\u00f3n, al haber explotado los recursos del r\u00edo Ameca, frontera entre Jalisco y Nayarit.<\/p>\n<p>Los pobladores, en voz del ambientalista Librado Consuegra, denuncian que la construcci\u00f3n del complejo, cuya inversi\u00f3n ronda los 16 mil millones de pesos, ha violado diversas leyes locales y federales, al apoderarse de calles de la zona federal de Nuevo Vallarta y terrenos en las orillas del r\u00edo Ameca, del cual se han extra\u00eddo millones de metros c\u00fabicos de materiales p\u00e9treos para los inmueble del proyecto.<\/p>\n<p>Jarretaderas es la poblaci\u00f3n adyacente a la zona del desarrollo tur\u00edstico Nuevo Vallarta, ambos en el municipio de Bah\u00eda de Banderas. A decir del ambientalista, con la construcci\u00f3n se ha levantado el nivel de la calle entre metro y metro y medio, cuando el r\u00edo eleve su nivel, tomar\u00e1 como cauce el poblado, lo que le traer\u00e1 graves problemas.<\/p>\n<p>La poblaci\u00f3n presume que la estrategia de Vidanta sea forzar a los habitantes a dejar la zona, para que el consorcio hotelero se haga de los terrenos. Consuegra refiere que algo similar pas\u00f3 hace 20 a\u00f1os, s\u00f3lo que en aquella ocasi\u00f3n fueron desalojados con el uso de la fuerza, los pescadores de Corral del Risco en Punta de Mita. Agreg\u00f3 que las orillas del r\u00edo Ameca resultan atractivas para el grupo dirigido por Daniel Ch\u00e1vez.<\/p>\n<p>Los pobladores temen que no haya una respuesta a sus demandas, pues el proyecto fue bien recibido por las autoridades estatales, al llevar al estado una importante inversi\u00f3n para impulsar el turismo de alto impacto. El parque tem\u00e1tico del Cirque du Soleil est\u00e1 previsto abrir en 2018.<\/p>\n<p>Como informamos en NITU.mx, este a\u00f1o grupo Vidanta abrir\u00e1 un complejo en Los Cabos.\u00a0(<a title=\"En 2017 abrir\u00e1 en Los Cabos la primera inversi\u00f3n de Hakkasan Group con Grupo Vidanta\" href=\"http:\/\/www.dev.nitu.mx\/index.php\/2016\/10\/12\/en-2017-abrira-en-los-cabos-la-primera-inversion-de-hakkasan-group-con-grupo-vidanta\/\" rel=\"bookmark\">En 2017 abrir\u00e1 en Los Cabos la primera inversi\u00f3n de Hakkasan Group con Grupo Vidanta<\/a>).<\/p>\n","protected":false},"excerpt":{"rendered":"<p>Habitantes del poblado de Jarretaderas, en el municipio de Bah\u00eda de Banderas, Nayarit, denunciaron que la construcci\u00f3n del parque tem\u00e1tico del Cirque du Soleil que el consorcio de entretenimiento canadiense realiza en conjunto con grupo Vidanta en Nuevo Vallarta, representa un ecocidio que pone en riesgo la estabilidad y el medio ambiente de esta poblaci\u00f3n, [&hellip;]<\/p>\n","protected":false},"author":5,"featured_media":5713,"comment_status":"open","ping_status":"open","sticky":false,"template":"","format":"standard","meta":{"footnotes":""},"categories":[5,6],"tags":[2194,939,938,2583],"yoast_head":"<!-- This site is optimized with the Yoast SEO plugin v22.2 - https:\/\/yoast.com\/wordpress\/plugins\/seo\/ -->\n<title>Vecinos acusan a Vidanta de ecocidio en Nuevo Vallarta - Nitu - Noticias de la Industria Turistica<\/title>\n<meta name=\"description\" content=\"Habitantes de Jarretaderas denunciaron que la construcci\u00f3n del parque tem\u00e1tico del Cirque du Soleil de grupo Vidanta representa un ecocidio para la zona.\" \/>\n<meta name=\"robots\" content=\"index, follow, max-snippet:-1, max-image-preview:large, max-video-preview:-1\" \/>\n<link rel=\"canonical\" href=\"https:\/\/nitu.mx\/index.php\/2017\/01\/09\/vecinos-acusan-vidanta-ecocidio-nuevo-vallarta\/\" \/>\n<meta name=\"twitter:card\" content=\"summary_large_image\" \/>\n<meta name=\"twitter:title\" content=\"Vecinos acusan a Vidanta de ecocidio en Nuevo Vallarta - Nitu - Noticias de la Industria Turistica\" \/>\n<meta name=\"twitter:description\" content=\"Habitantes de Jarretaderas denunciaron que la construcci\u00f3n del parque tem\u00e1tico del Cirque du Soleil de grupo Vidanta representa un ecocidio para la zona.\" \/>\n<meta name=\"twitter:image\" content=\"https:\/\/nitu.mx\/wp-content\/uploads\/2017\/01\/Vidanta.jpg\" \/>\n<meta name=\"twitter:creator\" content=\"@NITUmx\" \/>\n<meta name=\"twitter:site\" content=\"@Arturo_Medina_G\" \/>\n<meta name=\"twitter:label1\" content=\"Escrito por\" \/>\n\t<meta name=\"twitter:data1\" content=\"Mari Soto\" \/>\n\t<meta name=\"twitter:label2\" content=\"Tiempo de lectura\" \/>\n\t<meta name=\"twitter:data2\" content=\"2 minutos\" \/>\n<script type=\"application\/ld+json\" class=\"yoast-schema-graph\">{\"@context\":\"https:\/\/schema.org\",\"@graph\":[{\"@type\":\"Article\",\"@id\":\"https:\/\/nitu.mx\/index.php\/2017\/01\/09\/vecinos-acusan-vidanta-ecocidio-nuevo-vallarta\/#article\",\"isPartOf\":{\"@id\":\"https:\/\/nitu.mx\/index.php\/2017\/01\/09\/vecinos-acusan-vidanta-ecocidio-nuevo-vallarta\/\"},\"author\":{\"name\":\"Mari Soto\",\"@id\":\"https:\/\/nitu.mx\/#\/schema\/person\/afc52e313e27e660739556d421d3d6b4\"},\"headline\":\"Vecinos acusan a Vidanta de ecocidio en Nuevo Vallarta\",\"datePublished\":\"2017-01-10T02:40:57+00:00\",\"dateModified\":\"2017-01-10T05:54:22+00:00\",\"mainEntityOfPage\":{\"@id\":\"https:\/\/nitu.mx\/index.php\/2017\/01\/09\/vecinos-acusan-vidanta-ecocidio-nuevo-vallarta\/\"},\"wordCount\":376,\"commentCount\":0,\"publisher\":{\"@id\":\"https:\/\/nitu.mx\/#\/schema\/person\/ae7a53426417292d3dd07b45a33e01bc\"},\"image\":{\"@id\":\"https:\/\/nitu.mx\/index.php\/2017\/01\/09\/vecinos-acusan-vidanta-ecocidio-nuevo-vallarta\/#primaryimage\"},\"thumbnailUrl\":\"https:\/\/nitu.mx\/wp-content\/uploads\/2017\/01\/Vidanta.jpg\",\"keywords\":[\"Cirque du Soleil\",\"Daniel Ch\u00e1vez\",\"Grupo Vidanta\",\"Nuevo Vallarta\"],\"articleSection\":[\"Destinos\",\"M\u00e9xico\"],\"inLanguage\":\"es-MX\",\"potentialAction\":[{\"@type\":\"CommentAction\",\"name\":\"Comment\",\"target\":[\"https:\/\/nitu.mx\/index.php\/2017\/01\/09\/vecinos-acusan-vidanta-ecocidio-nuevo-vallarta\/#respond\"]}]},{\"@type\":\"WebPage\",\"@id\":\"https:\/\/nitu.mx\/index.php\/2017\/01\/09\/vecinos-acusan-vidanta-ecocidio-nuevo-vallarta\/\",\"url\":\"https:\/\/nitu.mx\/index.php\/2017\/01\/09\/vecinos-acusan-vidanta-ecocidio-nuevo-vallarta\/\",\"name\":\"Vecinos acusan a Vidanta de ecocidio en Nuevo Vallarta - Nitu - Noticias de la Industria Turistica\",\"isPartOf\":{\"@id\":\"https:\/\/nitu.mx\/#website\"},\"primaryImageOfPage\":{\"@id\":\"https:\/\/nitu.mx\/index.php\/2017\/01\/09\/vecinos-acusan-vidanta-ecocidio-nuevo-vallarta\/#primaryimage\"},\"image\":{\"@id\":\"https:\/\/nitu.mx\/index.php\/2017\/01\/09\/vecinos-acusan-vidanta-ecocidio-nuevo-vallarta\/#primaryimage\"},\"thumbnailUrl\":\"https:\/\/nitu.mx\/wp-content\/uploads\/2017\/01\/Vidanta.jpg\",\"datePublished\":\"2017-01-10T02:40:57+00:00\",\"dateModified\":\"2017-01-10T05:54:22+00:00\",\"description\":\"Habitantes de Jarretaderas denunciaron que la construcci\u00f3n del parque tem\u00e1tico del Cirque du Soleil de grupo Vidanta representa un ecocidio para la zona.\",\"breadcrumb\":{\"@id\":\"https:\/\/nitu.mx\/index.php\/2017\/01\/09\/vecinos-acusan-vidanta-ecocidio-nuevo-vallarta\/#breadcrumb\"},\"inLanguage\":\"es-MX\",\"potentialAction\":[{\"@type\":\"ReadAction\",\"target\":[\"https:\/\/nitu.mx\/index.php\/2017\/01\/09\/vecinos-acusan-vidanta-ecocidio-nuevo-vallarta\/\"]}]},{\"@type\":\"ImageObject\",\"inLanguage\":\"es-MX\",\"@id\":\"https:\/\/nitu.mx\/index.php\/2017\/01\/09\/vecinos-acusan-vidanta-ecocidio-nuevo-vallarta\/#primaryimage\",\"url\":\"https:\/\/nitu.mx\/wp-content\/uploads\/2017\/01\/Vidanta.jpg\",\"contentUrl\":\"https:\/\/nitu.mx\/wp-content\/uploads\/2017\/01\/Vidanta.jpg\",\"width\":660,\"height\":526,\"caption\":\"Vidanta Nuevo Vallarta\"},{\"@type\":\"BreadcrumbList\",\"@id\":\"https:\/\/nitu.mx\/index.php\/2017\/01\/09\/vecinos-acusan-vidanta-ecocidio-nuevo-vallarta\/#breadcrumb\",\"itemListElement\":[{\"@type\":\"ListItem\",\"position\":1,\"name\":\"Inicio\",\"item\":\"https:\/\/nitu.mx\/\"},{\"@type\":\"ListItem\",\"position\":2,\"name\":\"Vecinos acusan a Vidanta de ecocidio en Nuevo Vallarta\"}]},{\"@type\":\"WebSite\",\"@id\":\"https:\/\/nitu.mx\/#website\",\"url\":\"https:\/\/nitu.mx\/\",\"name\":\"Nitu - Noticias de la Industria Turistica\",\"description\":\"Noticias de la Industria Turistica\",\"publisher\":{\"@id\":\"https:\/\/nitu.mx\/#\/schema\/person\/ae7a53426417292d3dd07b45a33e01bc\"},\"alternateName\":\"Noticias de la Industria Turistica\",\"potentialAction\":[{\"@type\":\"SearchAction\",\"target\":{\"@type\":\"EntryPoint\",\"urlTemplate\":\"https:\/\/nitu.mx\/?s={search_term_string}\"},\"query-input\":\"required name=search_term_string\"}],\"inLanguage\":\"es-MX\"},{\"@type\":[\"Person\",\"Organization\"],\"@id\":\"https:\/\/nitu.mx\/#\/schema\/person\/ae7a53426417292d3dd07b45a33e01bc\",\"name\":\"Arturo Medina\",\"image\":{\"@type\":\"ImageObject\",\"inLanguage\":\"es-MX\",\"@id\":\"https:\/\/nitu.mx\/#\/schema\/person\/image\/\",\"url\":\"https:\/\/nitu.mx\/wp-content\/uploads\/2024\/04\/4A315622-1904-4D5C-B022-878CDC840E04-90x90-1.jpeg\",\"contentUrl\":\"https:\/\/nitu.mx\/wp-content\/uploads\/2024\/04\/4A315622-1904-4D5C-B022-878CDC840E04-90x90-1.jpeg\",\"width\":90,\"height\":90,\"caption\":\"Arturo Medina\"},\"logo\":{\"@id\":\"https:\/\/nitu.mx\/#\/schema\/person\/image\/\"},\"description\":\"Director NITU.mx, Egresado de la Escuela de Periodismo Carlos Septi\u00e9n Garc\u00eda. Periodista y analista especializado en turismo desde hace 35 a\u00f1os, radicado en Canc\u00fan Q.Roo. arturo@nitu.mx\",\"sameAs\":[\"https:\/\/nitu.mx\",\"https:\/\/www.facebook.com\/NITUmx\/\",\"medinacancun\",\"https:\/\/twitter.com\/@Arturo_Medina_G\"]},{\"@type\":\"Person\",\"@id\":\"https:\/\/nitu.mx\/#\/schema\/person\/afc52e313e27e660739556d421d3d6b4\",\"name\":\"Mari Soto\",\"image\":{\"@type\":\"ImageObject\",\"inLanguage\":\"es-MX\",\"@id\":\"https:\/\/nitu.mx\/#\/schema\/person\/image\/\",\"url\":\"https:\/\/secure.gravatar.com\/avatar\/2619c282a180a20d89fcaea82a6736e2?s=96&d=mm&r=g\",\"contentUrl\":\"https:\/\/secure.gravatar.com\/avatar\/2619c282a180a20d89fcaea82a6736e2?s=96&d=mm&r=g\",\"caption\":\"Mari Soto\"},\"sameAs\":[\"https:\/\/nitu.mx\"],\"url\":\"https:\/\/nitu.mx\/index.php\/author\/guadalupe\/\"}]}<\/script>\n<!-- \/ Yoast SEO plugin. -->","yoast_head_json":{"title":"Vecinos acusan a Vidanta de ecocidio en Nuevo Vallarta - Nitu - Noticias de la Industria Turistica","description":"Habitantes de Jarretaderas denunciaron que la construcci\u00f3n del parque tem\u00e1tico del Cirque du Soleil de grupo Vidanta representa un ecocidio para la zona.","robots":{"index":"index","follow":"follow","max-snippet":"max-snippet:-1","max-image-preview":"max-image-preview:large","max-video-preview":"max-video-preview:-1"},"canonical":"https:\/\/nitu.mx\/index.php\/2017\/01\/09\/vecinos-acusan-vidanta-ecocidio-nuevo-vallarta\/","twitter_card":"summary_large_image","twitter_title":"Vecinos acusan a Vidanta de ecocidio en Nuevo Vallarta - Nitu - Noticias de la Industria Turistica","twitter_description":"Habitantes de Jarretaderas denunciaron que la construcci\u00f3n del parque tem\u00e1tico del Cirque du Soleil de grupo Vidanta representa un ecocidio para la zona.","twitter_image":"https:\/\/nitu.mx\/wp-content\/uploads\/2017\/01\/Vidanta.jpg","twitter_creator":"@NITUmx","twitter_site":"@Arturo_Medina_G","twitter_misc":{"Escrito por":"Mari Soto","Tiempo de lectura":"2 minutos"},"schema":{"@context":"https:\/\/schema.org","@graph":[{"@type":"Article","@id":"https:\/\/nitu.mx\/index.php\/2017\/01\/09\/vecinos-acusan-vidanta-ecocidio-nuevo-vallarta\/#article","isPartOf":{"@id":"https:\/\/nitu.mx\/index.php\/2017\/01\/09\/vecinos-acusan-vidanta-ecocidio-nuevo-vallarta\/"},"author":{"name":"Mari Soto","@id":"https:\/\/nitu.mx\/#\/schema\/person\/afc52e313e27e660739556d421d3d6b4"},"headline":"Vecinos acusan a Vidanta de ecocidio en Nuevo Vallarta","datePublished":"2017-01-10T02:40:57+00:00","dateModified":"2017-01-10T05:54:22+00:00","mainEntityOfPage":{"@id":"https:\/\/nitu.mx\/index.php\/2017\/01\/09\/vecinos-acusan-vidanta-ecocidio-nuevo-vallarta\/"},"wordCount":376,"commentCount":0,"publisher":{"@id":"https:\/\/nitu.mx\/#\/schema\/person\/ae7a53426417292d3dd07b45a33e01bc"},"image":{"@id":"https:\/\/nitu.mx\/index.php\/2017\/01\/09\/vecinos-acusan-vidanta-ecocidio-nuevo-vallarta\/#primaryimage"},"thumbnailUrl":"https:\/\/nitu.mx\/wp-content\/uploads\/2017\/01\/Vidanta.jpg","keywords":["Cirque du Soleil","Daniel Ch\u00e1vez","Grupo Vidanta","Nuevo Vallarta"],"articleSection":["Destinos","M\u00e9xico"],"inLanguage":"es-MX","potentialAction":[{"@type":"CommentAction","name":"Comment","target":["https:\/\/nitu.mx\/index.php\/2017\/01\/09\/vecinos-acusan-vidanta-ecocidio-nuevo-vallarta\/#respond"]}]},{"@type":"WebPage","@id":"https:\/\/nitu.mx\/index.php\/2017\/01\/09\/vecinos-acusan-vidanta-ecocidio-nuevo-vallarta\/","url":"https:\/\/nitu.mx\/index.php\/2017\/01\/09\/vecinos-acusan-vidanta-ecocidio-nuevo-vallarta\/","name":"Vecinos acusan a Vidanta de ecocidio en Nuevo Vallarta - Nitu - Noticias de la Industria Turistica","isPartOf":{"@id":"https:\/\/nitu.mx\/#website"},"primaryImageOfPage":{"@id":"https:\/\/nitu.mx\/index.php\/2017\/01\/09\/vecinos-acusan-vidanta-ecocidio-nuevo-vallarta\/#primaryimage"},"image":{"@id":"https:\/\/nitu.mx\/index.php\/2017\/01\/09\/vecinos-acusan-vidanta-ecocidio-nuevo-vallarta\/#primaryimage"},"thumbnailUrl":"https:\/\/nitu.mx\/wp-content\/uploads\/2017\/01\/Vidanta.jpg","datePublished":"2017-01-10T02:40:57+00:00","dateModified":"2017-01-10T05:54:22+00:00","description":"Habitantes de Jarretaderas denunciaron que la construcci\u00f3n del parque tem\u00e1tico del Cirque du Soleil de grupo Vidanta representa un ecocidio para la zona.","breadcrumb":{"@id":"https:\/\/nitu.mx\/index.php\/2017\/01\/09\/vecinos-acusan-vidanta-ecocidio-nuevo-vallarta\/#breadcrumb"},"inLanguage":"es-MX","potentialAction":[{"@type":"ReadAction","target":["https:\/\/nitu.mx\/index.php\/2017\/01\/09\/vecinos-acusan-vidanta-ecocidio-nuevo-vallarta\/"]}]},{"@type":"ImageObject","inLanguage":"es-MX","@id":"https:\/\/nitu.mx\/index.php\/2017\/01\/09\/vecinos-acusan-vidanta-ecocidio-nuevo-vallarta\/#primaryimage","url":"https:\/\/nitu.mx\/wp-content\/uploads\/2017\/01\/Vidanta.jpg","contentUrl":"https:\/\/nitu.mx\/wp-content\/uploads\/2017\/01\/Vidanta.jpg","width":660,"height":526,"caption":"Vidanta Nuevo Vallarta"},{"@type":"BreadcrumbList","@id":"https:\/\/nitu.mx\/index.php\/2017\/01\/09\/vecinos-acusan-vidanta-ecocidio-nuevo-vallarta\/#breadcrumb","itemListElement":[{"@type":"ListItem","position":1,"name":"Inicio","item":"https:\/\/nitu.mx\/"},{"@type":"ListItem","position":2,"name":"Vecinos acusan a Vidanta de ecocidio en Nuevo Vallarta"}]},{"@type":"WebSite","@id":"https:\/\/nitu.mx\/#website","url":"https:\/\/nitu.mx\/","name":"Nitu - Noticias de la Industria Turistica","description":"Noticias de la Industria Turistica","publisher":{"@id":"https:\/\/nitu.mx\/#\/schema\/person\/ae7a53426417292d3dd07b45a33e01bc"},"alternateName":"Noticias de la Industria Turistica","potentialAction":[{"@type":"SearchAction","target":{"@type":"EntryPoint","urlTemplate":"https:\/\/nitu.mx\/?s={search_term_string}"},"query-input":"required name=search_term_string"}],"inLanguage":"es-MX"},{"@type":["Person","Organization"],"@id":"https:\/\/nitu.mx\/#\/schema\/person\/ae7a53426417292d3dd07b45a33e01bc","name":"Arturo Medina","image":{"@type":"ImageObject","inLanguage":"es-MX","@id":"https:\/\/nitu.mx\/#\/schema\/person\/image\/","url":"https:\/\/nitu.mx\/wp-content\/uploads\/2024\/04\/4A315622-1904-4D5C-B022-878CDC840E04-90x90-1.jpeg","contentUrl":"https:\/\/nitu.mx\/wp-content\/uploads\/2024\/04\/4A315622-1904-4D5C-B022-878CDC840E04-90x90-1.jpeg","width":90,"height":90,"caption":"Arturo Medina"},"logo":{"@id":"https:\/\/nitu.mx\/#\/schema\/person\/image\/"},"description":"Director NITU.mx, Egresado de la Escuela de Periodismo Carlos Septi\u00e9n Garc\u00eda. Periodista y analista especializado en turismo desde hace 35 a\u00f1os, radicado en Canc\u00fan Q.Roo. arturo@nitu.mx","sameAs":["https:\/\/nitu.mx","https:\/\/www.facebook.com\/NITUmx\/","medinacancun","https:\/\/twitter.com\/@Arturo_Medina_G"]},{"@type":"Person","@id":"https:\/\/nitu.mx\/#\/schema\/person\/afc52e313e27e660739556d421d3d6b4","name":"Mari Soto","image":{"@type":"ImageObject","inLanguage":"es-MX","@id":"https:\/\/nitu.mx\/#\/schema\/person\/image\/","url":"https:\/\/secure.gravatar.com\/avatar\/2619c282a180a20d89fcaea82a6736e2?s=96&d=mm&r=g","contentUrl":"https:\/\/secure.gravatar.com\/avatar\/2619c282a180a20d89fcaea82a6736e2?s=96&d=mm&r=g","caption":"Mari Soto"},"sameAs":["https:\/\/nitu.mx"],"url":"https:\/\/nitu.mx\/index.php\/author\/guadalupe\/"}]}},"views":1240,"_links":{"self":[{"href":"https:\/\/nitu.mx\/index.php\/wp-json\/wp\/v2\/posts\/5712"}],"collection":[{"href":"https:\/\/nitu.mx\/index.php\/wp-json\/wp\/v2\/posts"}],"about":[{"href":"https:\/\/nitu.mx\/index.php\/wp-json\/wp\/v2\/types\/post"}],"author":[{"embeddable":true,"href":"https:\/\/nitu.mx\/index.php\/wp-json\/wp\/v2\/users\/5"}],"replies":[{"embeddable":true,"href":"https:\/\/nitu.mx\/index.php\/wp-json\/wp\/v2\/comments?post=5712"}],"version-history":[{"count":1,"href":"https:\/\/nitu.mx\/index.php\/wp-json\/wp\/v2\/posts\/5712\/revisions"}],"predecessor-version":[{"id":5714,"href":"https:\/\/nitu.mx\/index.php\/wp-json\/wp\/v2\/posts\/5712\/revisions\/5714"}],"wp:featuredmedia":[{"embeddable":true,"href":"https:\/\/nitu.mx\/index.php\/wp-json\/wp\/v2\/media\/5713"}],"wp:attachment":[{"href":"https:\/\/nitu.mx\/index.php\/wp-json\/wp\/v2\/media?parent=5712"}],"wp:term":[{"taxonomy":"category","embeddable":true,"href":"https:\/\/nitu.mx\/index.php\/wp-json\/wp\/v2\/categories?post=5712"},{"taxonomy":"post_tag","embeddable":true,"href":"https:\/\/nitu.mx\/index.php\/wp-json\/wp\/v2\/tags?post=5712"}],"curies":[{"name":"wp","href":"https:\/\/api.w.org\/{rel}","templated":true}]}}