{"id":57075,"date":"2021-12-10T00:44:16","date_gmt":"2021-12-10T05:44:16","guid":{"rendered":"https:\/\/www.dev.nitu.mx\/?p=57075"},"modified":"2021-12-10T01:31:30","modified_gmt":"2021-12-10T06:31:30","slug":"volaris-recibe-su-avion-100-que-cubrira-la-ruta-cancun-tijuana","status":"publish","type":"post","link":"https:\/\/nitu.mx\/index.php\/2021\/12\/10\/volaris-recibe-su-avion-100-que-cubrira-la-ruta-cancun-tijuana\/","title":{"rendered":"Volaris recibe su avi\u00f3n 100 que cubrir\u00e1 la ruta Canc\u00fan-Tijuana"},"content":{"rendered":"<p style=\"font-weight: 400;\">Volaris, la aerol\u00ednea de bajo costo que opera en M\u00e9xico, Estados Unidos, Centroam\u00e9rica y Sudam\u00e9rica, recibi\u00f3 su avi\u00f3n n\u00famero 100\u00a0en el Aeropuerto Internacional de Guadalajara.<\/p>\n<p style=\"font-weight: 400;\">El\u00a0Airbus\u00a0A320neo, matr\u00edcula XA-VSH,\u00a0servir\u00e1 a las rutas de Baj\u00edo-Tijuana y Canc\u00fan Tijuana, incrementando 22 y 33 por ciento, respectivamente, las frecuencias. Con la llegada del avi\u00f3n 100,\u00a0Volaris\u00a0tiene ahora m\u00e1s de 9 mil 500 asientos volando diario en sus 186 rutas.<\/p>\n<p style=\"font-weight: 400;\">\u201cEste hecho es hist\u00f3rico, especialmente porque sucede un a\u00f1o despu\u00e9s de la m\u00e1s grande crisis en la aviaci\u00f3n, la cual dej\u00f3 en tierra a 90 por ciento de la flota. Hoy, nuestro objetivo de invertir a largo plazo en el pa\u00eds y su desarrollo econ\u00f3mico se fortalece con la visi\u00f3n de seguir liderando la conectividad dom\u00e9stica e internacional\u201d, se\u00f1al\u00f3 Enrique Beltranena, presidente ejecutivo y CEO de\u00a0Volaris.<\/p>\n<p style=\"font-weight: 400;\">Solo de enero a noviembre, la aerol\u00ednea n\u00famero uno en M\u00e9xico transport\u00f3 a 21.7 millones de pasajeros, colocando sus niveles de recuperaci\u00f3n por encima de los de 2019, en alrededor de 24 por ciento.<\/p>\n<p style=\"font-weight: 400;\">Recientemente\u00a0Volaris\u00a0anunci\u00f3 tambi\u00e9n la orden de compra de 39 aeronaves Airbus A321 NEO y negoci\u00f3 20 conversiones de su orden actual a este mismo modelo para mantener su flota joven, a trav\u00e9s del reemplazo de equipos con mejor tecnolog\u00eda. Esto le permitir\u00e1 asegurar un crecimiento sustentable a largo plazo, al mejorar la eficiencia y el ahorro de combustible, as\u00ed como la reducci\u00f3n de emisiones contaminantes.<\/p>\n<p style=\"font-weight: 400;\">\u201cEs un gran orgullo que\u00a0Volaris\u00a0opere su avi\u00f3n n\u00famero 100. Esto confirma que la familia A320 es el modelo de pasillo \u00fanico m\u00e1s popular del mundo, as\u00ed como la mejor aeronave para seguir liderando el crecimiento de la aviaci\u00f3n mexicana. La Familia A320neo tiene un rendimiento de hasta 30% menos consumo de combustible, lo que va de la mano con los objetivos de crecimiento y sustentabilidad de\u00a0Volaris\u201d, dijo Arturo Barreira, presidente de Airbus para Am\u00e9rica Latina y el Caribe.<\/p>\n<p style=\"font-weight: 400;\">Volaris\u00a0tiene una de las flotas m\u00e1s j\u00f3venes del continente, con una edad promedio de 5.3 a\u00f1os. 44 por ciento pertenece a la familia NEO: 6\u00a0A319, 77 A320 (37 NEO) y 17 A321 (7 NEO), y en 2023 m\u00e1s de 50 por ciento de las aeronaves ser\u00e1n de este modelo.<\/p>\n<p style=\"font-weight: 400;\">\u201cNuestros primeros 100 aviones representan el esfuerzo para lograr la recuperaci\u00f3n, resiliencia y liderazgo en el mercado. Tambi\u00e9n son un aliciente para seguir uniendo personas y destinos de manera sostenible, siempre viendo por el bien de las comunidades donde operamos\u201d, finaliz\u00f3 Beltranena.<\/p>\n<p style=\"font-weight: 400;\">Como parte de su celebraci\u00f3n,\u00a0Volaris\u00a0lanz\u00f3 la campa\u00f1a \u201cPonle tu nombre a un avi\u00f3n extraordinario\u201d, con la cual busca los 100 nombres m\u00e1s originales para vestir una de sus aeronaves (<strong><a href=\"http:\/\/ponletunombreaunavionvolaris.com\/\" data-saferedirecturl=\"https:\/\/www.google.com\/url?q=http:\/\/ponletunombreaunavionvolaris.com&amp;source=gmail&amp;ust=1639198316823000&amp;usg=AOvVaw1ehzq1MkmsgtFGRZUgVtdd\">ponletunombreaunavionvolaris.com<\/a>)<\/strong>. De igual forma, del 8 al 10 de diciembre de 2021, la aerol\u00ednea tendr\u00e1 tarifas desde $100 pesos en vuelos nacionales y desde $100 d\u00f3lares en viajes internacionales en\u00a0<strong><a href=\"http:\/\/volaris.com\/\" data-saferedirecturl=\"https:\/\/www.google.com\/url?q=http:\/\/volaris.com&amp;source=gmail&amp;ust=1639198316823000&amp;usg=AOvVaw1NDgKYBcnfFijYsWORh-7B\">volaris.com<\/a><\/strong>.<\/p>\n","protected":false},"excerpt":{"rendered":"<p>Volaris, la aerol\u00ednea de bajo costo que opera en M\u00e9xico, Estados Unidos, Centroam\u00e9rica y Sudam\u00e9rica, recibi\u00f3 su avi\u00f3n n\u00famero 100\u00a0en el Aeropuerto Internacional de Guadalajara. El\u00a0Airbus\u00a0A320neo, matr\u00edcula XA-VSH,\u00a0servir\u00e1 a las rutas de Baj\u00edo-Tijuana y Canc\u00fan Tijuana, incrementando 22 y 33 por ciento, respectivamente, las frecuencias. Con la llegada del avi\u00f3n 100,\u00a0Volaris\u00a0tiene ahora m\u00e1s de 9 [&hellip;]<\/p>\n","protected":false},"author":17,"featured_media":57086,"comment_status":"open","ping_status":"open","sticky":false,"template":"","format":"standard","meta":{"footnotes":""},"categories":[29],"tags":[43,435,489,131],"yoast_head":"<!-- This site is optimized with the Yoast SEO plugin v22.2 - https:\/\/yoast.com\/wordpress\/plugins\/seo\/ -->\n<title>Volaris recibe su avi\u00f3n 100 que cubrir\u00e1 la ruta Canc\u00fan-Tijuana - Nitu - Noticias de la Industria Turistica<\/title>\n<meta name=\"robots\" content=\"index, follow, max-snippet:-1, max-image-preview:large, max-video-preview:-1\" \/>\n<link rel=\"canonical\" href=\"https:\/\/nitu.mx\/index.php\/2021\/12\/10\/volaris-recibe-su-avion-100-que-cubrira-la-ruta-cancun-tijuana\/\" \/>\n<meta name=\"twitter:card\" content=\"summary_large_image\" \/>\n<meta name=\"twitter:title\" content=\"Volaris recibe su avi\u00f3n 100 que cubrir\u00e1 la ruta Canc\u00fan-Tijuana - Nitu - Noticias de la Industria Turistica\" \/>\n<meta name=\"twitter:description\" content=\"Volaris, la aerol\u00ednea de bajo costo que opera en M\u00e9xico, Estados Unidos, Centroam\u00e9rica y Sudam\u00e9rica, recibi\u00f3 su avi\u00f3n n\u00famero 100\u00a0en el Aeropuerto Internacional de Guadalajara. El\u00a0Airbus\u00a0A320neo, matr\u00edcula XA-VSH,\u00a0servir\u00e1 a las rutas de Baj\u00edo-Tijuana y Canc\u00fan Tijuana, incrementando 22 y 33 por ciento, respectivamente, las frecuencias. Con la llegada del avi\u00f3n 100,\u00a0Volaris\u00a0tiene ahora m\u00e1s de 9 [&hellip;]\" \/>\n<meta name=\"twitter:image\" content=\"https:\/\/nitu.mx\/wp-content\/uploads\/2021\/12\/Volaris-avion-100.jpg\" \/>\n<meta name=\"twitter:creator\" content=\"@NITUmx\" \/>\n<meta name=\"twitter:site\" content=\"@Arturo_Medina_G\" \/>\n<meta name=\"twitter:label1\" content=\"Escrito por\" \/>\n\t<meta name=\"twitter:data1\" content=\"Redacci\u00f3n\" \/>\n\t<meta name=\"twitter:label2\" content=\"Tiempo de lectura\" \/>\n\t<meta name=\"twitter:data2\" content=\"2 minutos\" \/>\n<script type=\"application\/ld+json\" class=\"yoast-schema-graph\">{\"@context\":\"https:\/\/schema.org\",\"@graph\":[{\"@type\":\"Article\",\"@id\":\"https:\/\/nitu.mx\/index.php\/2021\/12\/10\/volaris-recibe-su-avion-100-que-cubrira-la-ruta-cancun-tijuana\/#article\",\"isPartOf\":{\"@id\":\"https:\/\/nitu.mx\/index.php\/2021\/12\/10\/volaris-recibe-su-avion-100-que-cubrira-la-ruta-cancun-tijuana\/\"},\"author\":{\"name\":\"Redacci\u00f3n\",\"@id\":\"https:\/\/nitu.mx\/#\/schema\/person\/4a28fe9bd65924f7c90623773daf1b0b\"},\"headline\":\"Volaris recibe su avi\u00f3n 100 que cubrir\u00e1 la ruta Canc\u00fan-Tijuana\",\"datePublished\":\"2021-12-10T05:44:16+00:00\",\"dateModified\":\"2021-12-10T06:31:30+00:00\",\"mainEntityOfPage\":{\"@id\":\"https:\/\/nitu.mx\/index.php\/2021\/12\/10\/volaris-recibe-su-avion-100-que-cubrira-la-ruta-cancun-tijuana\/\"},\"wordCount\":504,\"commentCount\":0,\"publisher\":{\"@id\":\"https:\/\/nitu.mx\/#\/schema\/person\/ae7a53426417292d3dd07b45a33e01bc\"},\"image\":{\"@id\":\"https:\/\/nitu.mx\/index.php\/2021\/12\/10\/volaris-recibe-su-avion-100-que-cubrira-la-ruta-cancun-tijuana\/#primaryimage\"},\"thumbnailUrl\":\"https:\/\/nitu.mx\/wp-content\/uploads\/2021\/12\/Volaris-avion-100.jpg\",\"keywords\":[\"Canc\u00fan\",\"Enrique Beltranena\",\"Tijuana\",\"Volaris\"],\"articleSection\":[\"Aerol\u00edneas\"],\"inLanguage\":\"es-MX\",\"potentialAction\":[{\"@type\":\"CommentAction\",\"name\":\"Comment\",\"target\":[\"https:\/\/nitu.mx\/index.php\/2021\/12\/10\/volaris-recibe-su-avion-100-que-cubrira-la-ruta-cancun-tijuana\/#respond\"]}]},{\"@type\":\"WebPage\",\"@id\":\"https:\/\/nitu.mx\/index.php\/2021\/12\/10\/volaris-recibe-su-avion-100-que-cubrira-la-ruta-cancun-tijuana\/\",\"url\":\"https:\/\/nitu.mx\/index.php\/2021\/12\/10\/volaris-recibe-su-avion-100-que-cubrira-la-ruta-cancun-tijuana\/\",\"name\":\"Volaris recibe su avi\u00f3n 100 que cubrir\u00e1 la ruta Canc\u00fan-Tijuana - Nitu - Noticias de la Industria Turistica\",\"isPartOf\":{\"@id\":\"https:\/\/nitu.mx\/#website\"},\"primaryImageOfPage\":{\"@id\":\"https:\/\/nitu.mx\/index.php\/2021\/12\/10\/volaris-recibe-su-avion-100-que-cubrira-la-ruta-cancun-tijuana\/#primaryimage\"},\"image\":{\"@id\":\"https:\/\/nitu.mx\/index.php\/2021\/12\/10\/volaris-recibe-su-avion-100-que-cubrira-la-ruta-cancun-tijuana\/#primaryimage\"},\"thumbnailUrl\":\"https:\/\/nitu.mx\/wp-content\/uploads\/2021\/12\/Volaris-avion-100.jpg\",\"datePublished\":\"2021-12-10T05:44:16+00:00\",\"dateModified\":\"2021-12-10T06:31:30+00:00\",\"breadcrumb\":{\"@id\":\"https:\/\/nitu.mx\/index.php\/2021\/12\/10\/volaris-recibe-su-avion-100-que-cubrira-la-ruta-cancun-tijuana\/#breadcrumb\"},\"inLanguage\":\"es-MX\",\"potentialAction\":[{\"@type\":\"ReadAction\",\"target\":[\"https:\/\/nitu.mx\/index.php\/2021\/12\/10\/volaris-recibe-su-avion-100-que-cubrira-la-ruta-cancun-tijuana\/\"]}]},{\"@type\":\"ImageObject\",\"inLanguage\":\"es-MX\",\"@id\":\"https:\/\/nitu.mx\/index.php\/2021\/12\/10\/volaris-recibe-su-avion-100-que-cubrira-la-ruta-cancun-tijuana\/#primaryimage\",\"url\":\"https:\/\/nitu.mx\/wp-content\/uploads\/2021\/12\/Volaris-avion-100.jpg\",\"contentUrl\":\"https:\/\/nitu.mx\/wp-content\/uploads\/2021\/12\/Volaris-avion-100.jpg\",\"width\":1200,\"height\":675,\"caption\":\"Volaris\"},{\"@type\":\"BreadcrumbList\",\"@id\":\"https:\/\/nitu.mx\/index.php\/2021\/12\/10\/volaris-recibe-su-avion-100-que-cubrira-la-ruta-cancun-tijuana\/#breadcrumb\",\"itemListElement\":[{\"@type\":\"ListItem\",\"position\":1,\"name\":\"Inicio\",\"item\":\"https:\/\/nitu.mx\/\"},{\"@type\":\"ListItem\",\"position\":2,\"name\":\"Volaris recibe su avi\u00f3n 100 que cubrir\u00e1 la ruta Canc\u00fan-Tijuana\"}]},{\"@type\":\"WebSite\",\"@id\":\"https:\/\/nitu.mx\/#website\",\"url\":\"https:\/\/nitu.mx\/\",\"name\":\"Nitu - Noticias de la Industria Turistica\",\"description\":\"Noticias de la Industria Turistica\",\"publisher\":{\"@id\":\"https:\/\/nitu.mx\/#\/schema\/person\/ae7a53426417292d3dd07b45a33e01bc\"},\"alternateName\":\"Noticias de la Industria Turistica\",\"potentialAction\":[{\"@type\":\"SearchAction\",\"target\":{\"@type\":\"EntryPoint\",\"urlTemplate\":\"https:\/\/nitu.mx\/?s={search_term_string}\"},\"query-input\":\"required name=search_term_string\"}],\"inLanguage\":\"es-MX\"},{\"@type\":[\"Person\",\"Organization\"],\"@id\":\"https:\/\/nitu.mx\/#\/schema\/person\/ae7a53426417292d3dd07b45a33e01bc\",\"name\":\"Arturo Medina\",\"image\":{\"@type\":\"ImageObject\",\"inLanguage\":\"es-MX\",\"@id\":\"https:\/\/nitu.mx\/#\/schema\/person\/image\/\",\"url\":\"https:\/\/nitu.mx\/wp-content\/uploads\/2024\/04\/4A315622-1904-4D5C-B022-878CDC840E04-90x90-1.jpeg\",\"contentUrl\":\"https:\/\/nitu.mx\/wp-content\/uploads\/2024\/04\/4A315622-1904-4D5C-B022-878CDC840E04-90x90-1.jpeg\",\"width\":90,\"height\":90,\"caption\":\"Arturo Medina\"},\"logo\":{\"@id\":\"https:\/\/nitu.mx\/#\/schema\/person\/image\/\"},\"description\":\"Director NITU.mx, Egresado de la Escuela de Periodismo Carlos Septi\u00e9n Garc\u00eda. Periodista y analista especializado en turismo desde hace 35 a\u00f1os, radicado en Canc\u00fan Q.Roo. arturo@nitu.mx\",\"sameAs\":[\"https:\/\/nitu.mx\",\"https:\/\/www.facebook.com\/NITUmx\/\",\"medinacancun\",\"https:\/\/twitter.com\/@Arturo_Medina_G\"]},{\"@type\":\"Person\",\"@id\":\"https:\/\/nitu.mx\/#\/schema\/person\/4a28fe9bd65924f7c90623773daf1b0b\",\"name\":\"Redacci\u00f3n\",\"image\":{\"@type\":\"ImageObject\",\"inLanguage\":\"es-MX\",\"@id\":\"https:\/\/nitu.mx\/#\/schema\/person\/image\/\",\"url\":\"https:\/\/secure.gravatar.com\/avatar\/5dd011c8ccfc5cd7e4c81e42252aab38?s=96&d=mm&r=g\",\"contentUrl\":\"https:\/\/secure.gravatar.com\/avatar\/5dd011c8ccfc5cd7e4c81e42252aab38?s=96&d=mm&r=g\",\"caption\":\"Redacci\u00f3n\"},\"url\":\"https:\/\/nitu.mx\/index.php\/author\/redaccion\/\"}]}<\/script>\n<!-- \/ Yoast SEO plugin. -->","yoast_head_json":{"title":"Volaris recibe su avi\u00f3n 100 que cubrir\u00e1 la ruta Canc\u00fan-Tijuana - Nitu - Noticias de la Industria Turistica","robots":{"index":"index","follow":"follow","max-snippet":"max-snippet:-1","max-image-preview":"max-image-preview:large","max-video-preview":"max-video-preview:-1"},"canonical":"https:\/\/nitu.mx\/index.php\/2021\/12\/10\/volaris-recibe-su-avion-100-que-cubrira-la-ruta-cancun-tijuana\/","twitter_card":"summary_large_image","twitter_title":"Volaris recibe su avi\u00f3n 100 que cubrir\u00e1 la ruta Canc\u00fan-Tijuana - Nitu - Noticias de la Industria Turistica","twitter_description":"Volaris, la aerol\u00ednea de bajo costo que opera en M\u00e9xico, Estados Unidos, Centroam\u00e9rica y Sudam\u00e9rica, recibi\u00f3 su avi\u00f3n n\u00famero 100\u00a0en el Aeropuerto Internacional de Guadalajara. El\u00a0Airbus\u00a0A320neo, matr\u00edcula XA-VSH,\u00a0servir\u00e1 a las rutas de Baj\u00edo-Tijuana y Canc\u00fan Tijuana, incrementando 22 y 33 por ciento, respectivamente, las frecuencias. Con la llegada del avi\u00f3n 100,\u00a0Volaris\u00a0tiene ahora m\u00e1s de 9 [&hellip;]","twitter_image":"https:\/\/nitu.mx\/wp-content\/uploads\/2021\/12\/Volaris-avion-100.jpg","twitter_creator":"@NITUmx","twitter_site":"@Arturo_Medina_G","twitter_misc":{"Escrito por":"Redacci\u00f3n","Tiempo de lectura":"2 minutos"},"schema":{"@context":"https:\/\/schema.org","@graph":[{"@type":"Article","@id":"https:\/\/nitu.mx\/index.php\/2021\/12\/10\/volaris-recibe-su-avion-100-que-cubrira-la-ruta-cancun-tijuana\/#article","isPartOf":{"@id":"https:\/\/nitu.mx\/index.php\/2021\/12\/10\/volaris-recibe-su-avion-100-que-cubrira-la-ruta-cancun-tijuana\/"},"author":{"name":"Redacci\u00f3n","@id":"https:\/\/nitu.mx\/#\/schema\/person\/4a28fe9bd65924f7c90623773daf1b0b"},"headline":"Volaris recibe su avi\u00f3n 100 que cubrir\u00e1 la ruta Canc\u00fan-Tijuana","datePublished":"2021-12-10T05:44:16+00:00","dateModified":"2021-12-10T06:31:30+00:00","mainEntityOfPage":{"@id":"https:\/\/nitu.mx\/index.php\/2021\/12\/10\/volaris-recibe-su-avion-100-que-cubrira-la-ruta-cancun-tijuana\/"},"wordCount":504,"commentCount":0,"publisher":{"@id":"https:\/\/nitu.mx\/#\/schema\/person\/ae7a53426417292d3dd07b45a33e01bc"},"image":{"@id":"https:\/\/nitu.mx\/index.php\/2021\/12\/10\/volaris-recibe-su-avion-100-que-cubrira-la-ruta-cancun-tijuana\/#primaryimage"},"thumbnailUrl":"https:\/\/nitu.mx\/wp-content\/uploads\/2021\/12\/Volaris-avion-100.jpg","keywords":["Canc\u00fan","Enrique Beltranena","Tijuana","Volaris"],"articleSection":["Aerol\u00edneas"],"inLanguage":"es-MX","potentialAction":[{"@type":"CommentAction","name":"Comment","target":["https:\/\/nitu.mx\/index.php\/2021\/12\/10\/volaris-recibe-su-avion-100-que-cubrira-la-ruta-cancun-tijuana\/#respond"]}]},{"@type":"WebPage","@id":"https:\/\/nitu.mx\/index.php\/2021\/12\/10\/volaris-recibe-su-avion-100-que-cubrira-la-ruta-cancun-tijuana\/","url":"https:\/\/nitu.mx\/index.php\/2021\/12\/10\/volaris-recibe-su-avion-100-que-cubrira-la-ruta-cancun-tijuana\/","name":"Volaris recibe su avi\u00f3n 100 que cubrir\u00e1 la ruta Canc\u00fan-Tijuana - Nitu - Noticias de la Industria Turistica","isPartOf":{"@id":"https:\/\/nitu.mx\/#website"},"primaryImageOfPage":{"@id":"https:\/\/nitu.mx\/index.php\/2021\/12\/10\/volaris-recibe-su-avion-100-que-cubrira-la-ruta-cancun-tijuana\/#primaryimage"},"image":{"@id":"https:\/\/nitu.mx\/index.php\/2021\/12\/10\/volaris-recibe-su-avion-100-que-cubrira-la-ruta-cancun-tijuana\/#primaryimage"},"thumbnailUrl":"https:\/\/nitu.mx\/wp-content\/uploads\/2021\/12\/Volaris-avion-100.jpg","datePublished":"2021-12-10T05:44:16+00:00","dateModified":"2021-12-10T06:31:30+00:00","breadcrumb":{"@id":"https:\/\/nitu.mx\/index.php\/2021\/12\/10\/volaris-recibe-su-avion-100-que-cubrira-la-ruta-cancun-tijuana\/#breadcrumb"},"inLanguage":"es-MX","potentialAction":[{"@type":"ReadAction","target":["https:\/\/nitu.mx\/index.php\/2021\/12\/10\/volaris-recibe-su-avion-100-que-cubrira-la-ruta-cancun-tijuana\/"]}]},{"@type":"ImageObject","inLanguage":"es-MX","@id":"https:\/\/nitu.mx\/index.php\/2021\/12\/10\/volaris-recibe-su-avion-100-que-cubrira-la-ruta-cancun-tijuana\/#primaryimage","url":"https:\/\/nitu.mx\/wp-content\/uploads\/2021\/12\/Volaris-avion-100.jpg","contentUrl":"https:\/\/nitu.mx\/wp-content\/uploads\/2021\/12\/Volaris-avion-100.jpg","width":1200,"height":675,"caption":"Volaris"},{"@type":"BreadcrumbList","@id":"https:\/\/nitu.mx\/index.php\/2021\/12\/10\/volaris-recibe-su-avion-100-que-cubrira-la-ruta-cancun-tijuana\/#breadcrumb","itemListElement":[{"@type":"ListItem","position":1,"name":"Inicio","item":"https:\/\/nitu.mx\/"},{"@type":"ListItem","position":2,"name":"Volaris recibe su avi\u00f3n 100 que cubrir\u00e1 la ruta Canc\u00fan-Tijuana"}]},{"@type":"WebSite","@id":"https:\/\/nitu.mx\/#website","url":"https:\/\/nitu.mx\/","name":"Nitu - Noticias de la Industria Turistica","description":"Noticias de la Industria Turistica","publisher":{"@id":"https:\/\/nitu.mx\/#\/schema\/person\/ae7a53426417292d3dd07b45a33e01bc"},"alternateName":"Noticias de la Industria Turistica","potentialAction":[{"@type":"SearchAction","target":{"@type":"EntryPoint","urlTemplate":"https:\/\/nitu.mx\/?s={search_term_string}"},"query-input":"required name=search_term_string"}],"inLanguage":"es-MX"},{"@type":["Person","Organization"],"@id":"https:\/\/nitu.mx\/#\/schema\/person\/ae7a53426417292d3dd07b45a33e01bc","name":"Arturo Medina","image":{"@type":"ImageObject","inLanguage":"es-MX","@id":"https:\/\/nitu.mx\/#\/schema\/person\/image\/","url":"https:\/\/nitu.mx\/wp-content\/uploads\/2024\/04\/4A315622-1904-4D5C-B022-878CDC840E04-90x90-1.jpeg","contentUrl":"https:\/\/nitu.mx\/wp-content\/uploads\/2024\/04\/4A315622-1904-4D5C-B022-878CDC840E04-90x90-1.jpeg","width":90,"height":90,"caption":"Arturo Medina"},"logo":{"@id":"https:\/\/nitu.mx\/#\/schema\/person\/image\/"},"description":"Director NITU.mx, Egresado de la Escuela de Periodismo Carlos Septi\u00e9n Garc\u00eda. Periodista y analista especializado en turismo desde hace 35 a\u00f1os, radicado en Canc\u00fan Q.Roo. arturo@nitu.mx","sameAs":["https:\/\/nitu.mx","https:\/\/www.facebook.com\/NITUmx\/","medinacancun","https:\/\/twitter.com\/@Arturo_Medina_G"]},{"@type":"Person","@id":"https:\/\/nitu.mx\/#\/schema\/person\/4a28fe9bd65924f7c90623773daf1b0b","name":"Redacci\u00f3n","image":{"@type":"ImageObject","inLanguage":"es-MX","@id":"https:\/\/nitu.mx\/#\/schema\/person\/image\/","url":"https:\/\/secure.gravatar.com\/avatar\/5dd011c8ccfc5cd7e4c81e42252aab38?s=96&d=mm&r=g","contentUrl":"https:\/\/secure.gravatar.com\/avatar\/5dd011c8ccfc5cd7e4c81e42252aab38?s=96&d=mm&r=g","caption":"Redacci\u00f3n"},"url":"https:\/\/nitu.mx\/index.php\/author\/redaccion\/"}]}},"views":481,"_links":{"self":[{"href":"https:\/\/nitu.mx\/index.php\/wp-json\/wp\/v2\/posts\/57075"}],"collection":[{"href":"https:\/\/nitu.mx\/index.php\/wp-json\/wp\/v2\/posts"}],"about":[{"href":"https:\/\/nitu.mx\/index.php\/wp-json\/wp\/v2\/types\/post"}],"author":[{"embeddable":true,"href":"https:\/\/nitu.mx\/index.php\/wp-json\/wp\/v2\/users\/17"}],"replies":[{"embeddable":true,"href":"https:\/\/nitu.mx\/index.php\/wp-json\/wp\/v2\/comments?post=57075"}],"version-history":[{"count":2,"href":"https:\/\/nitu.mx\/index.php\/wp-json\/wp\/v2\/posts\/57075\/revisions"}],"predecessor-version":[{"id":57077,"href":"https:\/\/nitu.mx\/index.php\/wp-json\/wp\/v2\/posts\/57075\/revisions\/57077"}],"wp:featuredmedia":[{"embeddable":true,"href":"https:\/\/nitu.mx\/index.php\/wp-json\/wp\/v2\/media\/57086"}],"wp:attachment":[{"href":"https:\/\/nitu.mx\/index.php\/wp-json\/wp\/v2\/media?parent=57075"}],"wp:term":[{"taxonomy":"category","embeddable":true,"href":"https:\/\/nitu.mx\/index.php\/wp-json\/wp\/v2\/categories?post=57075"},{"taxonomy":"post_tag","embeddable":true,"href":"https:\/\/nitu.mx\/index.php\/wp-json\/wp\/v2\/tags?post=57075"}],"curies":[{"name":"wp","href":"https:\/\/api.w.org\/{rel}","templated":true}]}}