{"id":57056,"date":"2021-12-09T16:59:26","date_gmt":"2021-12-09T21:59:26","guid":{"rendered":"https:\/\/www.dev.nitu.mx\/?p=57056"},"modified":"2021-12-10T01:32:05","modified_gmt":"2021-12-10T06:32:05","slug":"asa-firma-convenio-con-alta-para-impulsar-la-capacitacion-regional","status":"publish","type":"post","link":"https:\/\/nitu.mx\/index.php\/2021\/12\/09\/asa-firma-convenio-con-alta-para-impulsar-la-capacitacion-regional\/","title":{"rendered":"ASA firma convenio con ALTA para impulsar la capacitaci\u00f3n regional"},"content":{"rendered":"<p>Aeropuertos y Servicios Auxiliares (ASA) firm\u00f3 un convenio de colaboraci\u00f3n con la Asociaci\u00f3n Latinoamericana y del Caribe de Transporte A\u00e9reo (ALTA) para impulsar la instrucci\u00f3n y capacitaci\u00f3n de los profesionales del sector a\u00e9reo de la regi\u00f3n.<\/p>\n<p>ASA es el organismo descentralizado del gobierno mexicano para el dise\u00f1o y operaci\u00f3n de aeropuertos, \u00a0distribuci\u00f3n de combustible, as\u00ed como investigaci\u00f3n y capacitaci\u00f3n, que tambi\u00e9n se sum\u00f3 como miembro afiliado de ALTA.<\/p>\n<p>ALTA y ASA colaborar\u00e1n para ampliar el acceso a cursos, talleres y seminarios para profesionales aeron\u00e1uticos de la regi\u00f3n y, por tanto, al desarrollo de la industria en la regi\u00f3n de Latinoam\u00e9rica y el Caribe.<\/p>\n<p>La dependencia mexicana tambi\u00e9n brindar\u00e1 a los miembros de ALTA descuentos especiales en sus programas de Centro Internacional de Instrucci\u00f3n de Aeropuertos y Servicios Auxiliares (CIIASA).<\/p>\n<p>El director general de la dependencia, \u00d3scar Arguello, coment\u00f3 que con este convenio, transmitir\u00e1 el conocimiento adquirido en m\u00e1s de 50 a\u00f1os de experiencia en el sector aeron\u00e1utico y aprovechar los reconocimientos que tiene su Centro Internacional de Instrucci\u00f3n ASA (CIIASA) para contribuir con el desarrollo aeron\u00e1utico de la regi\u00f3n.<\/p>\n<p>El objetivo es contar con m\u00e1s y mejores profesionales del sector que brinden certeza, confianza y seguridad en cada una de las operaciones a\u00e9reas.<\/p>\n<p>Arguello destac\u00f3 que a trav\u00e9s de la colaboraci\u00f3n con ALTA se har\u00e1 un intercambio de experiencias para que el conocimiento llegue a un mayor n\u00famero de personas, de diferentes pa\u00edses para que la oferta educativa sea impartida y compartida a todos los pa\u00edses que forman parte del organismo internacional.<\/p>\n<p>En su oportunidad, Ricardo Botelho, director ejecutivo de ALTA, se\u00f1al\u00f3 que \u201ctras la reciente firma del acuerdo marco de colaboraci\u00f3n para fomentar el desarrollo de la aviaci\u00f3n y sus profesionales en la regi\u00f3n de Am\u00e9rica Latina y el Caribe a trav\u00e9s del CIIASA,\u00a0tenemos muchas oportunidades de trabajo conjunto en pro de la industria\u201d.<\/p>\n<p>Botelho agreg\u00f3 que eso es \u201cno solo en el \u00e1rea de capacitaci\u00f3n, que es una prioridad, sino tambi\u00e9n en el \u00e1rea de combustibles de aviaci\u00f3n que es de alta relevancia para las aerol\u00edneas\u201d.\u00a0<a title=\"Buscan CIIASA y AFAC recuperar categor\u00eda 1 en la aviaci\u00f3n a trav\u00e9s de alianza\" href=\"https:\/\/www.dev.nitu.mx\/index.php\/2021\/11\/09\/buscan-ciiasa-y-afac-recuperar-categoria-1-en-la-aviacion-a-traves-de-alianza\/\" rel=\"bookmark\">(Buscan CIIASA y AFAC recuperar categor\u00eda 1 en la aviaci\u00f3n a trav\u00e9s de alianza<\/a>).<\/p>\n","protected":false},"excerpt":{"rendered":"<p>Aeropuertos y Servicios Auxiliares (ASA) firm\u00f3 un convenio de colaboraci\u00f3n con la Asociaci\u00f3n Latinoamericana y del Caribe de Transporte A\u00e9reo (ALTA) para impulsar la instrucci\u00f3n y capacitaci\u00f3n de los profesionales del sector a\u00e9reo de la regi\u00f3n. ASA es el organismo descentralizado del gobierno mexicano para el dise\u00f1o y operaci\u00f3n de aeropuertos, \u00a0distribuci\u00f3n de combustible, as\u00ed [&hellip;]<\/p>\n","protected":false},"author":18,"featured_media":57060,"comment_status":"open","ping_status":"open","sticky":false,"template":"","format":"standard","meta":{"footnotes":""},"categories":[19462],"tags":[162,2137,5868,12017,22989,22988],"yoast_head":"<!-- This site is optimized with the Yoast SEO plugin v22.2 - https:\/\/yoast.com\/wordpress\/plugins\/seo\/ -->\n<title>ASA firma convenio con ALTA para impulsar la capacitaci\u00f3n regional - Nitu - Noticias de la Industria Turistica<\/title>\n<meta name=\"robots\" content=\"index, follow, max-snippet:-1, max-image-preview:large, max-video-preview:-1\" \/>\n<link rel=\"canonical\" href=\"https:\/\/nitu.mx\/index.php\/2021\/12\/09\/asa-firma-convenio-con-alta-para-impulsar-la-capacitacion-regional\/\" \/>\n<meta name=\"twitter:card\" content=\"summary_large_image\" \/>\n<meta name=\"twitter:title\" content=\"ASA firma convenio con ALTA para impulsar la capacitaci\u00f3n regional - Nitu - Noticias de la Industria Turistica\" \/>\n<meta name=\"twitter:description\" content=\"Aeropuertos y Servicios Auxiliares (ASA) firm\u00f3 un convenio de colaboraci\u00f3n con la Asociaci\u00f3n Latinoamericana y del Caribe de Transporte A\u00e9reo (ALTA) para impulsar la instrucci\u00f3n y capacitaci\u00f3n de los profesionales del sector a\u00e9reo de la regi\u00f3n. ASA es el organismo descentralizado del gobierno mexicano para el dise\u00f1o y operaci\u00f3n de aeropuertos, \u00a0distribuci\u00f3n de combustible, as\u00ed [&hellip;]\" \/>\n<meta name=\"twitter:image\" content=\"https:\/\/nitu.mx\/wp-content\/uploads\/2021\/12\/ASA-y-ALTA.jpg\" \/>\n<meta name=\"twitter:creator\" content=\"@NITUmx\" \/>\n<meta name=\"twitter:site\" content=\"@Arturo_Medina_G\" \/>\n<meta name=\"twitter:label1\" content=\"Escrito por\" \/>\n\t<meta name=\"twitter:data1\" content=\"Guadalupe Sixto\" \/>\n\t<meta name=\"twitter:label2\" content=\"Tiempo de lectura\" \/>\n\t<meta name=\"twitter:data2\" content=\"2 minutos\" \/>\n<script type=\"application\/ld+json\" class=\"yoast-schema-graph\">{\"@context\":\"https:\/\/schema.org\",\"@graph\":[{\"@type\":\"Article\",\"@id\":\"https:\/\/nitu.mx\/index.php\/2021\/12\/09\/asa-firma-convenio-con-alta-para-impulsar-la-capacitacion-regional\/#article\",\"isPartOf\":{\"@id\":\"https:\/\/nitu.mx\/index.php\/2021\/12\/09\/asa-firma-convenio-con-alta-para-impulsar-la-capacitacion-regional\/\"},\"author\":{\"name\":\"Guadalupe Sixto\",\"@id\":\"https:\/\/nitu.mx\/#\/schema\/person\/3df3082b5e46037e3f13614d28ee0b77\"},\"headline\":\"ASA firma convenio con ALTA para impulsar la capacitaci\u00f3n regional\",\"datePublished\":\"2021-12-09T21:59:26+00:00\",\"dateModified\":\"2021-12-10T06:32:05+00:00\",\"mainEntityOfPage\":{\"@id\":\"https:\/\/nitu.mx\/index.php\/2021\/12\/09\/asa-firma-convenio-con-alta-para-impulsar-la-capacitacion-regional\/\"},\"wordCount\":408,\"commentCount\":0,\"publisher\":{\"@id\":\"https:\/\/nitu.mx\/#\/schema\/person\/ae7a53426417292d3dd07b45a33e01bc\"},\"image\":{\"@id\":\"https:\/\/nitu.mx\/index.php\/2021\/12\/09\/asa-firma-convenio-con-alta-para-impulsar-la-capacitacion-regional\/#primaryimage\"},\"thumbnailUrl\":\"https:\/\/nitu.mx\/wp-content\/uploads\/2021\/12\/ASA-y-ALTA.jpg\",\"keywords\":[\"ALTA\",\"ASA\",\"aviaci\u00f3n\",\"capacitaci\u00f3n\",\"\u00d3scar Arguello\",\"Ricardo Botelho\"],\"articleSection\":[\"Aeropuertos\"],\"inLanguage\":\"es-MX\",\"potentialAction\":[{\"@type\":\"CommentAction\",\"name\":\"Comment\",\"target\":[\"https:\/\/nitu.mx\/index.php\/2021\/12\/09\/asa-firma-convenio-con-alta-para-impulsar-la-capacitacion-regional\/#respond\"]}]},{\"@type\":\"WebPage\",\"@id\":\"https:\/\/nitu.mx\/index.php\/2021\/12\/09\/asa-firma-convenio-con-alta-para-impulsar-la-capacitacion-regional\/\",\"url\":\"https:\/\/nitu.mx\/index.php\/2021\/12\/09\/asa-firma-convenio-con-alta-para-impulsar-la-capacitacion-regional\/\",\"name\":\"ASA firma convenio con ALTA para impulsar la capacitaci\u00f3n regional - Nitu - Noticias de la Industria Turistica\",\"isPartOf\":{\"@id\":\"https:\/\/nitu.mx\/#website\"},\"primaryImageOfPage\":{\"@id\":\"https:\/\/nitu.mx\/index.php\/2021\/12\/09\/asa-firma-convenio-con-alta-para-impulsar-la-capacitacion-regional\/#primaryimage\"},\"image\":{\"@id\":\"https:\/\/nitu.mx\/index.php\/2021\/12\/09\/asa-firma-convenio-con-alta-para-impulsar-la-capacitacion-regional\/#primaryimage\"},\"thumbnailUrl\":\"https:\/\/nitu.mx\/wp-content\/uploads\/2021\/12\/ASA-y-ALTA.jpg\",\"datePublished\":\"2021-12-09T21:59:26+00:00\",\"dateModified\":\"2021-12-10T06:32:05+00:00\",\"breadcrumb\":{\"@id\":\"https:\/\/nitu.mx\/index.php\/2021\/12\/09\/asa-firma-convenio-con-alta-para-impulsar-la-capacitacion-regional\/#breadcrumb\"},\"inLanguage\":\"es-MX\",\"potentialAction\":[{\"@type\":\"ReadAction\",\"target\":[\"https:\/\/nitu.mx\/index.php\/2021\/12\/09\/asa-firma-convenio-con-alta-para-impulsar-la-capacitacion-regional\/\"]}]},{\"@type\":\"ImageObject\",\"inLanguage\":\"es-MX\",\"@id\":\"https:\/\/nitu.mx\/index.php\/2021\/12\/09\/asa-firma-convenio-con-alta-para-impulsar-la-capacitacion-regional\/#primaryimage\",\"url\":\"https:\/\/nitu.mx\/wp-content\/uploads\/2021\/12\/ASA-y-ALTA.jpg\",\"contentUrl\":\"https:\/\/nitu.mx\/wp-content\/uploads\/2021\/12\/ASA-y-ALTA.jpg\",\"width\":1200,\"height\":675,\"caption\":\"ASA\"},{\"@type\":\"BreadcrumbList\",\"@id\":\"https:\/\/nitu.mx\/index.php\/2021\/12\/09\/asa-firma-convenio-con-alta-para-impulsar-la-capacitacion-regional\/#breadcrumb\",\"itemListElement\":[{\"@type\":\"ListItem\",\"position\":1,\"name\":\"Inicio\",\"item\":\"https:\/\/nitu.mx\/\"},{\"@type\":\"ListItem\",\"position\":2,\"name\":\"ASA firma convenio con ALTA para impulsar la capacitaci\u00f3n regional\"}]},{\"@type\":\"WebSite\",\"@id\":\"https:\/\/nitu.mx\/#website\",\"url\":\"https:\/\/nitu.mx\/\",\"name\":\"Nitu - Noticias de la Industria Turistica\",\"description\":\"Noticias de la Industria Turistica\",\"publisher\":{\"@id\":\"https:\/\/nitu.mx\/#\/schema\/person\/ae7a53426417292d3dd07b45a33e01bc\"},\"alternateName\":\"Noticias de la Industria Turistica\",\"potentialAction\":[{\"@type\":\"SearchAction\",\"target\":{\"@type\":\"EntryPoint\",\"urlTemplate\":\"https:\/\/nitu.mx\/?s={search_term_string}\"},\"query-input\":\"required name=search_term_string\"}],\"inLanguage\":\"es-MX\"},{\"@type\":[\"Person\",\"Organization\"],\"@id\":\"https:\/\/nitu.mx\/#\/schema\/person\/ae7a53426417292d3dd07b45a33e01bc\",\"name\":\"Arturo Medina\",\"image\":{\"@type\":\"ImageObject\",\"inLanguage\":\"es-MX\",\"@id\":\"https:\/\/nitu.mx\/#\/schema\/person\/image\/\",\"url\":\"https:\/\/nitu.mx\/wp-content\/uploads\/2024\/04\/4A315622-1904-4D5C-B022-878CDC840E04-90x90-1.jpeg\",\"contentUrl\":\"https:\/\/nitu.mx\/wp-content\/uploads\/2024\/04\/4A315622-1904-4D5C-B022-878CDC840E04-90x90-1.jpeg\",\"width\":90,\"height\":90,\"caption\":\"Arturo Medina\"},\"logo\":{\"@id\":\"https:\/\/nitu.mx\/#\/schema\/person\/image\/\"},\"description\":\"Director NITU.mx, Egresado de la Escuela de Periodismo Carlos Septi\u00e9n Garc\u00eda. Periodista y analista especializado en turismo desde hace 35 a\u00f1os, radicado en Canc\u00fan Q.Roo. arturo@nitu.mx\",\"sameAs\":[\"https:\/\/nitu.mx\",\"https:\/\/www.facebook.com\/NITUmx\/\",\"medinacancun\",\"https:\/\/twitter.com\/@Arturo_Medina_G\"]},{\"@type\":\"Person\",\"@id\":\"https:\/\/nitu.mx\/#\/schema\/person\/3df3082b5e46037e3f13614d28ee0b77\",\"name\":\"Guadalupe Sixto\",\"image\":{\"@type\":\"ImageObject\",\"inLanguage\":\"es-MX\",\"@id\":\"https:\/\/nitu.mx\/#\/schema\/person\/image\/\",\"url\":\"https:\/\/secure.gravatar.com\/avatar\/13914e1b0e1919e91f9539de4dc584c4?s=96&d=mm&r=g\",\"contentUrl\":\"https:\/\/secure.gravatar.com\/avatar\/13914e1b0e1919e91f9539de4dc584c4?s=96&d=mm&r=g\",\"caption\":\"Guadalupe Sixto\"},\"url\":\"https:\/\/nitu.mx\/index.php\/author\/gsixto\/\"}]}<\/script>\n<!-- \/ Yoast SEO plugin. -->","yoast_head_json":{"title":"ASA firma convenio con ALTA para impulsar la capacitaci\u00f3n regional - Nitu - Noticias de la Industria Turistica","robots":{"index":"index","follow":"follow","max-snippet":"max-snippet:-1","max-image-preview":"max-image-preview:large","max-video-preview":"max-video-preview:-1"},"canonical":"https:\/\/nitu.mx\/index.php\/2021\/12\/09\/asa-firma-convenio-con-alta-para-impulsar-la-capacitacion-regional\/","twitter_card":"summary_large_image","twitter_title":"ASA firma convenio con ALTA para impulsar la capacitaci\u00f3n regional - Nitu - Noticias de la Industria Turistica","twitter_description":"Aeropuertos y Servicios Auxiliares (ASA) firm\u00f3 un convenio de colaboraci\u00f3n con la Asociaci\u00f3n Latinoamericana y del Caribe de Transporte A\u00e9reo (ALTA) para impulsar la instrucci\u00f3n y capacitaci\u00f3n de los profesionales del sector a\u00e9reo de la regi\u00f3n. ASA es el organismo descentralizado del gobierno mexicano para el dise\u00f1o y operaci\u00f3n de aeropuertos, \u00a0distribuci\u00f3n de combustible, as\u00ed [&hellip;]","twitter_image":"https:\/\/nitu.mx\/wp-content\/uploads\/2021\/12\/ASA-y-ALTA.jpg","twitter_creator":"@NITUmx","twitter_site":"@Arturo_Medina_G","twitter_misc":{"Escrito por":"Guadalupe Sixto","Tiempo de lectura":"2 minutos"},"schema":{"@context":"https:\/\/schema.org","@graph":[{"@type":"Article","@id":"https:\/\/nitu.mx\/index.php\/2021\/12\/09\/asa-firma-convenio-con-alta-para-impulsar-la-capacitacion-regional\/#article","isPartOf":{"@id":"https:\/\/nitu.mx\/index.php\/2021\/12\/09\/asa-firma-convenio-con-alta-para-impulsar-la-capacitacion-regional\/"},"author":{"name":"Guadalupe Sixto","@id":"https:\/\/nitu.mx\/#\/schema\/person\/3df3082b5e46037e3f13614d28ee0b77"},"headline":"ASA firma convenio con ALTA para impulsar la capacitaci\u00f3n regional","datePublished":"2021-12-09T21:59:26+00:00","dateModified":"2021-12-10T06:32:05+00:00","mainEntityOfPage":{"@id":"https:\/\/nitu.mx\/index.php\/2021\/12\/09\/asa-firma-convenio-con-alta-para-impulsar-la-capacitacion-regional\/"},"wordCount":408,"commentCount":0,"publisher":{"@id":"https:\/\/nitu.mx\/#\/schema\/person\/ae7a53426417292d3dd07b45a33e01bc"},"image":{"@id":"https:\/\/nitu.mx\/index.php\/2021\/12\/09\/asa-firma-convenio-con-alta-para-impulsar-la-capacitacion-regional\/#primaryimage"},"thumbnailUrl":"https:\/\/nitu.mx\/wp-content\/uploads\/2021\/12\/ASA-y-ALTA.jpg","keywords":["ALTA","ASA","aviaci\u00f3n","capacitaci\u00f3n","\u00d3scar Arguello","Ricardo Botelho"],"articleSection":["Aeropuertos"],"inLanguage":"es-MX","potentialAction":[{"@type":"CommentAction","name":"Comment","target":["https:\/\/nitu.mx\/index.php\/2021\/12\/09\/asa-firma-convenio-con-alta-para-impulsar-la-capacitacion-regional\/#respond"]}]},{"@type":"WebPage","@id":"https:\/\/nitu.mx\/index.php\/2021\/12\/09\/asa-firma-convenio-con-alta-para-impulsar-la-capacitacion-regional\/","url":"https:\/\/nitu.mx\/index.php\/2021\/12\/09\/asa-firma-convenio-con-alta-para-impulsar-la-capacitacion-regional\/","name":"ASA firma convenio con ALTA para impulsar la capacitaci\u00f3n regional - Nitu - Noticias de la Industria Turistica","isPartOf":{"@id":"https:\/\/nitu.mx\/#website"},"primaryImageOfPage":{"@id":"https:\/\/nitu.mx\/index.php\/2021\/12\/09\/asa-firma-convenio-con-alta-para-impulsar-la-capacitacion-regional\/#primaryimage"},"image":{"@id":"https:\/\/nitu.mx\/index.php\/2021\/12\/09\/asa-firma-convenio-con-alta-para-impulsar-la-capacitacion-regional\/#primaryimage"},"thumbnailUrl":"https:\/\/nitu.mx\/wp-content\/uploads\/2021\/12\/ASA-y-ALTA.jpg","datePublished":"2021-12-09T21:59:26+00:00","dateModified":"2021-12-10T06:32:05+00:00","breadcrumb":{"@id":"https:\/\/nitu.mx\/index.php\/2021\/12\/09\/asa-firma-convenio-con-alta-para-impulsar-la-capacitacion-regional\/#breadcrumb"},"inLanguage":"es-MX","potentialAction":[{"@type":"ReadAction","target":["https:\/\/nitu.mx\/index.php\/2021\/12\/09\/asa-firma-convenio-con-alta-para-impulsar-la-capacitacion-regional\/"]}]},{"@type":"ImageObject","inLanguage":"es-MX","@id":"https:\/\/nitu.mx\/index.php\/2021\/12\/09\/asa-firma-convenio-con-alta-para-impulsar-la-capacitacion-regional\/#primaryimage","url":"https:\/\/nitu.mx\/wp-content\/uploads\/2021\/12\/ASA-y-ALTA.jpg","contentUrl":"https:\/\/nitu.mx\/wp-content\/uploads\/2021\/12\/ASA-y-ALTA.jpg","width":1200,"height":675,"caption":"ASA"},{"@type":"BreadcrumbList","@id":"https:\/\/nitu.mx\/index.php\/2021\/12\/09\/asa-firma-convenio-con-alta-para-impulsar-la-capacitacion-regional\/#breadcrumb","itemListElement":[{"@type":"ListItem","position":1,"name":"Inicio","item":"https:\/\/nitu.mx\/"},{"@type":"ListItem","position":2,"name":"ASA firma convenio con ALTA para impulsar la capacitaci\u00f3n regional"}]},{"@type":"WebSite","@id":"https:\/\/nitu.mx\/#website","url":"https:\/\/nitu.mx\/","name":"Nitu - Noticias de la Industria Turistica","description":"Noticias de la Industria Turistica","publisher":{"@id":"https:\/\/nitu.mx\/#\/schema\/person\/ae7a53426417292d3dd07b45a33e01bc"},"alternateName":"Noticias de la Industria Turistica","potentialAction":[{"@type":"SearchAction","target":{"@type":"EntryPoint","urlTemplate":"https:\/\/nitu.mx\/?s={search_term_string}"},"query-input":"required name=search_term_string"}],"inLanguage":"es-MX"},{"@type":["Person","Organization"],"@id":"https:\/\/nitu.mx\/#\/schema\/person\/ae7a53426417292d3dd07b45a33e01bc","name":"Arturo Medina","image":{"@type":"ImageObject","inLanguage":"es-MX","@id":"https:\/\/nitu.mx\/#\/schema\/person\/image\/","url":"https:\/\/nitu.mx\/wp-content\/uploads\/2024\/04\/4A315622-1904-4D5C-B022-878CDC840E04-90x90-1.jpeg","contentUrl":"https:\/\/nitu.mx\/wp-content\/uploads\/2024\/04\/4A315622-1904-4D5C-B022-878CDC840E04-90x90-1.jpeg","width":90,"height":90,"caption":"Arturo Medina"},"logo":{"@id":"https:\/\/nitu.mx\/#\/schema\/person\/image\/"},"description":"Director NITU.mx, Egresado de la Escuela de Periodismo Carlos Septi\u00e9n Garc\u00eda. Periodista y analista especializado en turismo desde hace 35 a\u00f1os, radicado en Canc\u00fan Q.Roo. arturo@nitu.mx","sameAs":["https:\/\/nitu.mx","https:\/\/www.facebook.com\/NITUmx\/","medinacancun","https:\/\/twitter.com\/@Arturo_Medina_G"]},{"@type":"Person","@id":"https:\/\/nitu.mx\/#\/schema\/person\/3df3082b5e46037e3f13614d28ee0b77","name":"Guadalupe Sixto","image":{"@type":"ImageObject","inLanguage":"es-MX","@id":"https:\/\/nitu.mx\/#\/schema\/person\/image\/","url":"https:\/\/secure.gravatar.com\/avatar\/13914e1b0e1919e91f9539de4dc584c4?s=96&d=mm&r=g","contentUrl":"https:\/\/secure.gravatar.com\/avatar\/13914e1b0e1919e91f9539de4dc584c4?s=96&d=mm&r=g","caption":"Guadalupe Sixto"},"url":"https:\/\/nitu.mx\/index.php\/author\/gsixto\/"}]}},"views":457,"_links":{"self":[{"href":"https:\/\/nitu.mx\/index.php\/wp-json\/wp\/v2\/posts\/57056"}],"collection":[{"href":"https:\/\/nitu.mx\/index.php\/wp-json\/wp\/v2\/posts"}],"about":[{"href":"https:\/\/nitu.mx\/index.php\/wp-json\/wp\/v2\/types\/post"}],"author":[{"embeddable":true,"href":"https:\/\/nitu.mx\/index.php\/wp-json\/wp\/v2\/users\/18"}],"replies":[{"embeddable":true,"href":"https:\/\/nitu.mx\/index.php\/wp-json\/wp\/v2\/comments?post=57056"}],"version-history":[{"count":3,"href":"https:\/\/nitu.mx\/index.php\/wp-json\/wp\/v2\/posts\/57056\/revisions"}],"predecessor-version":[{"id":57059,"href":"https:\/\/nitu.mx\/index.php\/wp-json\/wp\/v2\/posts\/57056\/revisions\/57059"}],"wp:featuredmedia":[{"embeddable":true,"href":"https:\/\/nitu.mx\/index.php\/wp-json\/wp\/v2\/media\/57060"}],"wp:attachment":[{"href":"https:\/\/nitu.mx\/index.php\/wp-json\/wp\/v2\/media?parent=57056"}],"wp:term":[{"taxonomy":"category","embeddable":true,"href":"https:\/\/nitu.mx\/index.php\/wp-json\/wp\/v2\/categories?post=57056"},{"taxonomy":"post_tag","embeddable":true,"href":"https:\/\/nitu.mx\/index.php\/wp-json\/wp\/v2\/tags?post=57056"}],"curies":[{"name":"wp","href":"https:\/\/api.w.org\/{rel}","templated":true}]}}