{"id":56823,"date":"2021-11-29T18:04:27","date_gmt":"2021-11-29T23:04:27","guid":{"rendered":"https:\/\/www.dev.nitu.mx\/?p=56823"},"modified":"2021-11-30T00:40:02","modified_gmt":"2021-11-30T05:40:02","slug":"ixtapa-zihuatanejo-recibira-la-convencion-nacional-de-amav-2022","status":"publish","type":"post","link":"https:\/\/nitu.mx\/index.php\/2021\/11\/29\/ixtapa-zihuatanejo-recibira-la-convencion-nacional-de-amav-2022\/","title":{"rendered":"Ixtapa Zihuatanejo recibir\u00e1 la Convenci\u00f3n Nacional de AMAV 2022"},"content":{"rendered":"<p>Como parte de las acciones que realiz\u00f3 Ixtapa Zihuatanejo en el Tianguis Tur\u00edstico de M\u00e9rida, la Oficina de Convenciones y Visitantes (OCV) del destino confirm\u00f3 que ser\u00e1 sede de la Convenci\u00f3n Anual 2022 de la Asociaci\u00f3n Mexicana de Agencias de Viajes (AMAV).<\/p>\n<p>La OCV agradeci\u00f3 el apoyo del secretario de Turismo de Guerrero, Santos Ram\u00edrez Cuevas, para realizar la reuni\u00f3n de trabajo con Eduardo Paniagua, presidente de AMAV.<\/p>\n<p>En el encuentro, Jorge S\u00e1nchez Allec, presidente municipal de Zihuatanejo, y empresarios del sector tur\u00edstico del destino guerrerense revisaron los detalles y confirmaron la realizaci\u00f3n del evento que espera la asistencia de 500 socios nacionales.<\/p>\n<p>La reuni\u00f3n de trabajo con AMAV fue una de las m\u00e1s de 70 que llevaron a cabo las autoridades y representantes de la OCV de Ixtapa Zihuatanejo en la pasada edici\u00f3n del Tianguis Tur\u00edstico, que arroj\u00f3 otros logros importantes.<\/p>\n<p>En conjunto con ejecutivos de Aeromar, se anunci\u00f3 la nueva ruta Puebla-Zihuatanejo y se revisaron las estrategias de promoci\u00f3n de las frecuencias actuales desde CDMX. Tambi\u00e9n se desarrollar\u00e1n estrategias para promover las rutas de Puebla a este destino y a Acapulco.<\/p>\n<p>Para esto, se realizar\u00e1 una propuesta en conjunto entre los fideicomisos de los dos destinos y Aeromar. La gobernadora de Guerrero, Evelyn Salgado hizo el anuncio oficial de la ruta que se prev\u00e9 inicie en abril de 2022.<\/p>\n<p>Ixtapa Zihuatanejo particip\u00f3 en el Tianguis Tur\u00edstico en el pabell\u00f3n de Guerrero que cont\u00f3 con casi 80 expositores de los diferentes municipios de la entidad.<\/p>\n<p>El director ejecutivo de la OCV del binomio tur\u00edstico, Pedro Castel\u00e1n Reyna, afirm\u00f3 que el evento de M\u00e9rida \u201ces sin duda un detonante para el turismo en Ixtapa Zihuatanejo, es la plataforma perfecta para dar a conocer la belleza y atractivos de nuestro para\u00edso, iniciar pl\u00e1ticas con los l\u00edderes del ramo y concretar nuevos proyectos en beneficio de nuestro bello Guerrero\u201d.<\/p>\n<p>Durante los d\u00edas del evento, se llevaron a cabo diversas reuniones con los principales socios nacionales e internacionales, l\u00edneas a\u00e9reas, tour operadores, agencias mayoristas y minoristas, asociaciones y secretarios de Turismo de otros estados para estrechar lazos y potenciar acciones de promoci\u00f3n tur\u00edstica cruzadas, resaltado los buenos resultados e incrementos en los indicadores para este 2021 en el que se vislumbra el comienzo de la recuperaci\u00f3n tur\u00edstica para el destino.\u00a0<a title=\"Ixtapa Zihuatanejo hace gira de promoci\u00f3n tur\u00edstica por CDMX\" href=\"https:\/\/www.dev.nitu.mx\/index.php\/2021\/10\/29\/ixtapa-zihuatanejo-hace-gira-de-promocion-turistica-por-cdmx\/\" rel=\"bookmark\">(Ixtapa Zihuatanejo hace gira de promoci\u00f3n tur\u00edstica por CDMX<\/a>).<\/p>\n","protected":false},"excerpt":{"rendered":"<p>Como parte de las acciones que realiz\u00f3 Ixtapa Zihuatanejo en el Tianguis Tur\u00edstico de M\u00e9rida, la Oficina de Convenciones y Visitantes (OCV) del destino confirm\u00f3 que ser\u00e1 sede de la Convenci\u00f3n Anual 2022 de la Asociaci\u00f3n Mexicana de Agencias de Viajes (AMAV). La OCV agradeci\u00f3 el apoyo del secretario de Turismo de Guerrero, Santos Ram\u00edrez [&hellip;]<\/p>\n","protected":false},"author":17,"featured_media":56831,"comment_status":"open","ping_status":"open","sticky":false,"template":"","format":"standard","meta":{"footnotes":""},"categories":[5],"tags":[473,849,22805,214,212,1064],"yoast_head":"<!-- This site is optimized with the Yoast SEO plugin v22.2 - https:\/\/yoast.com\/wordpress\/plugins\/seo\/ -->\n<title>Ixtapa Zihuatanejo recibir\u00e1 la Convenci\u00f3n Nacional de AMAV 2022 - Nitu - Noticias de la Industria Turistica<\/title>\n<meta name=\"robots\" content=\"index, follow, max-snippet:-1, max-image-preview:large, max-video-preview:-1\" \/>\n<link rel=\"canonical\" href=\"https:\/\/nitu.mx\/index.php\/2021\/11\/29\/ixtapa-zihuatanejo-recibira-la-convencion-nacional-de-amav-2022\/\" \/>\n<meta name=\"twitter:card\" content=\"summary_large_image\" \/>\n<meta name=\"twitter:title\" content=\"Ixtapa Zihuatanejo recibir\u00e1 la Convenci\u00f3n Nacional de AMAV 2022 - Nitu - Noticias de la Industria Turistica\" \/>\n<meta name=\"twitter:description\" content=\"Como parte de las acciones que realiz\u00f3 Ixtapa Zihuatanejo en el Tianguis Tur\u00edstico de M\u00e9rida, la Oficina de Convenciones y Visitantes (OCV) del destino confirm\u00f3 que ser\u00e1 sede de la Convenci\u00f3n Anual 2022 de la Asociaci\u00f3n Mexicana de Agencias de Viajes (AMAV). La OCV agradeci\u00f3 el apoyo del secretario de Turismo de Guerrero, Santos Ram\u00edrez [&hellip;]\" \/>\n<meta name=\"twitter:image\" content=\"https:\/\/nitu.mx\/wp-content\/uploads\/2021\/11\/Ixtapa-Zihuatanejo.jpg\" \/>\n<meta name=\"twitter:creator\" content=\"@NITUmx\" \/>\n<meta name=\"twitter:site\" content=\"@Arturo_Medina_G\" \/>\n<meta name=\"twitter:label1\" content=\"Escrito por\" \/>\n\t<meta name=\"twitter:data1\" content=\"Redacci\u00f3n\" \/>\n\t<meta name=\"twitter:label2\" content=\"Tiempo de lectura\" \/>\n\t<meta name=\"twitter:data2\" content=\"2 minutos\" \/>\n<script type=\"application\/ld+json\" class=\"yoast-schema-graph\">{\"@context\":\"https:\/\/schema.org\",\"@graph\":[{\"@type\":\"Article\",\"@id\":\"https:\/\/nitu.mx\/index.php\/2021\/11\/29\/ixtapa-zihuatanejo-recibira-la-convencion-nacional-de-amav-2022\/#article\",\"isPartOf\":{\"@id\":\"https:\/\/nitu.mx\/index.php\/2021\/11\/29\/ixtapa-zihuatanejo-recibira-la-convencion-nacional-de-amav-2022\/\"},\"author\":{\"name\":\"Redacci\u00f3n\",\"@id\":\"https:\/\/nitu.mx\/#\/schema\/person\/4a28fe9bd65924f7c90623773daf1b0b\"},\"headline\":\"Ixtapa Zihuatanejo recibir\u00e1 la Convenci\u00f3n Nacional de AMAV 2022\",\"datePublished\":\"2021-11-29T23:04:27+00:00\",\"dateModified\":\"2021-11-30T05:40:02+00:00\",\"mainEntityOfPage\":{\"@id\":\"https:\/\/nitu.mx\/index.php\/2021\/11\/29\/ixtapa-zihuatanejo-recibira-la-convencion-nacional-de-amav-2022\/\"},\"wordCount\":422,\"commentCount\":0,\"publisher\":{\"@id\":\"https:\/\/nitu.mx\/#\/schema\/person\/ae7a53426417292d3dd07b45a33e01bc\"},\"image\":{\"@id\":\"https:\/\/nitu.mx\/index.php\/2021\/11\/29\/ixtapa-zihuatanejo-recibira-la-convencion-nacional-de-amav-2022\/#primaryimage\"},\"thumbnailUrl\":\"https:\/\/nitu.mx\/wp-content\/uploads\/2021\/11\/Ixtapa-Zihuatanejo.jpg\",\"keywords\":[\"Aeromar\",\"AMAV\",\"convenci\u00f3n\",\"Ixtapa Zihuatanejo\",\"Pedro Castel\u00e1n\",\"Tianguis Tur\u00edstico\"],\"articleSection\":[\"Destinos\"],\"inLanguage\":\"es-MX\",\"potentialAction\":[{\"@type\":\"CommentAction\",\"name\":\"Comment\",\"target\":[\"https:\/\/nitu.mx\/index.php\/2021\/11\/29\/ixtapa-zihuatanejo-recibira-la-convencion-nacional-de-amav-2022\/#respond\"]}]},{\"@type\":\"WebPage\",\"@id\":\"https:\/\/nitu.mx\/index.php\/2021\/11\/29\/ixtapa-zihuatanejo-recibira-la-convencion-nacional-de-amav-2022\/\",\"url\":\"https:\/\/nitu.mx\/index.php\/2021\/11\/29\/ixtapa-zihuatanejo-recibira-la-convencion-nacional-de-amav-2022\/\",\"name\":\"Ixtapa Zihuatanejo recibir\u00e1 la Convenci\u00f3n Nacional de AMAV 2022 - Nitu - Noticias de la Industria Turistica\",\"isPartOf\":{\"@id\":\"https:\/\/nitu.mx\/#website\"},\"primaryImageOfPage\":{\"@id\":\"https:\/\/nitu.mx\/index.php\/2021\/11\/29\/ixtapa-zihuatanejo-recibira-la-convencion-nacional-de-amav-2022\/#primaryimage\"},\"image\":{\"@id\":\"https:\/\/nitu.mx\/index.php\/2021\/11\/29\/ixtapa-zihuatanejo-recibira-la-convencion-nacional-de-amav-2022\/#primaryimage\"},\"thumbnailUrl\":\"https:\/\/nitu.mx\/wp-content\/uploads\/2021\/11\/Ixtapa-Zihuatanejo.jpg\",\"datePublished\":\"2021-11-29T23:04:27+00:00\",\"dateModified\":\"2021-11-30T05:40:02+00:00\",\"breadcrumb\":{\"@id\":\"https:\/\/nitu.mx\/index.php\/2021\/11\/29\/ixtapa-zihuatanejo-recibira-la-convencion-nacional-de-amav-2022\/#breadcrumb\"},\"inLanguage\":\"es-MX\",\"potentialAction\":[{\"@type\":\"ReadAction\",\"target\":[\"https:\/\/nitu.mx\/index.php\/2021\/11\/29\/ixtapa-zihuatanejo-recibira-la-convencion-nacional-de-amav-2022\/\"]}]},{\"@type\":\"ImageObject\",\"inLanguage\":\"es-MX\",\"@id\":\"https:\/\/nitu.mx\/index.php\/2021\/11\/29\/ixtapa-zihuatanejo-recibira-la-convencion-nacional-de-amav-2022\/#primaryimage\",\"url\":\"https:\/\/nitu.mx\/wp-content\/uploads\/2021\/11\/Ixtapa-Zihuatanejo.jpg\",\"contentUrl\":\"https:\/\/nitu.mx\/wp-content\/uploads\/2021\/11\/Ixtapa-Zihuatanejo.jpg\",\"width\":1200,\"height\":675,\"caption\":\"Ixtapa Zihuatanejo\"},{\"@type\":\"BreadcrumbList\",\"@id\":\"https:\/\/nitu.mx\/index.php\/2021\/11\/29\/ixtapa-zihuatanejo-recibira-la-convencion-nacional-de-amav-2022\/#breadcrumb\",\"itemListElement\":[{\"@type\":\"ListItem\",\"position\":1,\"name\":\"Inicio\",\"item\":\"https:\/\/nitu.mx\/\"},{\"@type\":\"ListItem\",\"position\":2,\"name\":\"Ixtapa Zihuatanejo recibir\u00e1 la Convenci\u00f3n Nacional de AMAV 2022\"}]},{\"@type\":\"WebSite\",\"@id\":\"https:\/\/nitu.mx\/#website\",\"url\":\"https:\/\/nitu.mx\/\",\"name\":\"Nitu - Noticias de la Industria Turistica\",\"description\":\"Noticias de la Industria Turistica\",\"publisher\":{\"@id\":\"https:\/\/nitu.mx\/#\/schema\/person\/ae7a53426417292d3dd07b45a33e01bc\"},\"alternateName\":\"Noticias de la Industria Turistica\",\"potentialAction\":[{\"@type\":\"SearchAction\",\"target\":{\"@type\":\"EntryPoint\",\"urlTemplate\":\"https:\/\/nitu.mx\/?s={search_term_string}\"},\"query-input\":\"required name=search_term_string\"}],\"inLanguage\":\"es-MX\"},{\"@type\":[\"Person\",\"Organization\"],\"@id\":\"https:\/\/nitu.mx\/#\/schema\/person\/ae7a53426417292d3dd07b45a33e01bc\",\"name\":\"Arturo Medina\",\"image\":{\"@type\":\"ImageObject\",\"inLanguage\":\"es-MX\",\"@id\":\"https:\/\/nitu.mx\/#\/schema\/person\/image\/\",\"url\":\"https:\/\/nitu.mx\/wp-content\/uploads\/2024\/04\/4A315622-1904-4D5C-B022-878CDC840E04-90x90-1.jpeg\",\"contentUrl\":\"https:\/\/nitu.mx\/wp-content\/uploads\/2024\/04\/4A315622-1904-4D5C-B022-878CDC840E04-90x90-1.jpeg\",\"width\":90,\"height\":90,\"caption\":\"Arturo Medina\"},\"logo\":{\"@id\":\"https:\/\/nitu.mx\/#\/schema\/person\/image\/\"},\"description\":\"Director NITU.mx, Egresado de la Escuela de Periodismo Carlos Septi\u00e9n Garc\u00eda. Periodista y analista especializado en turismo desde hace 35 a\u00f1os, radicado en Canc\u00fan Q.Roo. arturo@nitu.mx\",\"sameAs\":[\"https:\/\/nitu.mx\",\"https:\/\/www.facebook.com\/NITUmx\/\",\"medinacancun\",\"https:\/\/twitter.com\/@Arturo_Medina_G\"]},{\"@type\":\"Person\",\"@id\":\"https:\/\/nitu.mx\/#\/schema\/person\/4a28fe9bd65924f7c90623773daf1b0b\",\"name\":\"Redacci\u00f3n\",\"image\":{\"@type\":\"ImageObject\",\"inLanguage\":\"es-MX\",\"@id\":\"https:\/\/nitu.mx\/#\/schema\/person\/image\/\",\"url\":\"https:\/\/secure.gravatar.com\/avatar\/5dd011c8ccfc5cd7e4c81e42252aab38?s=96&d=mm&r=g\",\"contentUrl\":\"https:\/\/secure.gravatar.com\/avatar\/5dd011c8ccfc5cd7e4c81e42252aab38?s=96&d=mm&r=g\",\"caption\":\"Redacci\u00f3n\"},\"url\":\"https:\/\/nitu.mx\/index.php\/author\/redaccion\/\"}]}<\/script>\n<!-- \/ Yoast SEO plugin. -->","yoast_head_json":{"title":"Ixtapa Zihuatanejo recibir\u00e1 la Convenci\u00f3n Nacional de AMAV 2022 - Nitu - Noticias de la Industria Turistica","robots":{"index":"index","follow":"follow","max-snippet":"max-snippet:-1","max-image-preview":"max-image-preview:large","max-video-preview":"max-video-preview:-1"},"canonical":"https:\/\/nitu.mx\/index.php\/2021\/11\/29\/ixtapa-zihuatanejo-recibira-la-convencion-nacional-de-amav-2022\/","twitter_card":"summary_large_image","twitter_title":"Ixtapa Zihuatanejo recibir\u00e1 la Convenci\u00f3n Nacional de AMAV 2022 - Nitu - Noticias de la Industria Turistica","twitter_description":"Como parte de las acciones que realiz\u00f3 Ixtapa Zihuatanejo en el Tianguis Tur\u00edstico de M\u00e9rida, la Oficina de Convenciones y Visitantes (OCV) del destino confirm\u00f3 que ser\u00e1 sede de la Convenci\u00f3n Anual 2022 de la Asociaci\u00f3n Mexicana de Agencias de Viajes (AMAV). La OCV agradeci\u00f3 el apoyo del secretario de Turismo de Guerrero, Santos Ram\u00edrez [&hellip;]","twitter_image":"https:\/\/nitu.mx\/wp-content\/uploads\/2021\/11\/Ixtapa-Zihuatanejo.jpg","twitter_creator":"@NITUmx","twitter_site":"@Arturo_Medina_G","twitter_misc":{"Escrito por":"Redacci\u00f3n","Tiempo de lectura":"2 minutos"},"schema":{"@context":"https:\/\/schema.org","@graph":[{"@type":"Article","@id":"https:\/\/nitu.mx\/index.php\/2021\/11\/29\/ixtapa-zihuatanejo-recibira-la-convencion-nacional-de-amav-2022\/#article","isPartOf":{"@id":"https:\/\/nitu.mx\/index.php\/2021\/11\/29\/ixtapa-zihuatanejo-recibira-la-convencion-nacional-de-amav-2022\/"},"author":{"name":"Redacci\u00f3n","@id":"https:\/\/nitu.mx\/#\/schema\/person\/4a28fe9bd65924f7c90623773daf1b0b"},"headline":"Ixtapa Zihuatanejo recibir\u00e1 la Convenci\u00f3n Nacional de AMAV 2022","datePublished":"2021-11-29T23:04:27+00:00","dateModified":"2021-11-30T05:40:02+00:00","mainEntityOfPage":{"@id":"https:\/\/nitu.mx\/index.php\/2021\/11\/29\/ixtapa-zihuatanejo-recibira-la-convencion-nacional-de-amav-2022\/"},"wordCount":422,"commentCount":0,"publisher":{"@id":"https:\/\/nitu.mx\/#\/schema\/person\/ae7a53426417292d3dd07b45a33e01bc"},"image":{"@id":"https:\/\/nitu.mx\/index.php\/2021\/11\/29\/ixtapa-zihuatanejo-recibira-la-convencion-nacional-de-amav-2022\/#primaryimage"},"thumbnailUrl":"https:\/\/nitu.mx\/wp-content\/uploads\/2021\/11\/Ixtapa-Zihuatanejo.jpg","keywords":["Aeromar","AMAV","convenci\u00f3n","Ixtapa Zihuatanejo","Pedro Castel\u00e1n","Tianguis Tur\u00edstico"],"articleSection":["Destinos"],"inLanguage":"es-MX","potentialAction":[{"@type":"CommentAction","name":"Comment","target":["https:\/\/nitu.mx\/index.php\/2021\/11\/29\/ixtapa-zihuatanejo-recibira-la-convencion-nacional-de-amav-2022\/#respond"]}]},{"@type":"WebPage","@id":"https:\/\/nitu.mx\/index.php\/2021\/11\/29\/ixtapa-zihuatanejo-recibira-la-convencion-nacional-de-amav-2022\/","url":"https:\/\/nitu.mx\/index.php\/2021\/11\/29\/ixtapa-zihuatanejo-recibira-la-convencion-nacional-de-amav-2022\/","name":"Ixtapa Zihuatanejo recibir\u00e1 la Convenci\u00f3n Nacional de AMAV 2022 - Nitu - Noticias de la Industria Turistica","isPartOf":{"@id":"https:\/\/nitu.mx\/#website"},"primaryImageOfPage":{"@id":"https:\/\/nitu.mx\/index.php\/2021\/11\/29\/ixtapa-zihuatanejo-recibira-la-convencion-nacional-de-amav-2022\/#primaryimage"},"image":{"@id":"https:\/\/nitu.mx\/index.php\/2021\/11\/29\/ixtapa-zihuatanejo-recibira-la-convencion-nacional-de-amav-2022\/#primaryimage"},"thumbnailUrl":"https:\/\/nitu.mx\/wp-content\/uploads\/2021\/11\/Ixtapa-Zihuatanejo.jpg","datePublished":"2021-11-29T23:04:27+00:00","dateModified":"2021-11-30T05:40:02+00:00","breadcrumb":{"@id":"https:\/\/nitu.mx\/index.php\/2021\/11\/29\/ixtapa-zihuatanejo-recibira-la-convencion-nacional-de-amav-2022\/#breadcrumb"},"inLanguage":"es-MX","potentialAction":[{"@type":"ReadAction","target":["https:\/\/nitu.mx\/index.php\/2021\/11\/29\/ixtapa-zihuatanejo-recibira-la-convencion-nacional-de-amav-2022\/"]}]},{"@type":"ImageObject","inLanguage":"es-MX","@id":"https:\/\/nitu.mx\/index.php\/2021\/11\/29\/ixtapa-zihuatanejo-recibira-la-convencion-nacional-de-amav-2022\/#primaryimage","url":"https:\/\/nitu.mx\/wp-content\/uploads\/2021\/11\/Ixtapa-Zihuatanejo.jpg","contentUrl":"https:\/\/nitu.mx\/wp-content\/uploads\/2021\/11\/Ixtapa-Zihuatanejo.jpg","width":1200,"height":675,"caption":"Ixtapa Zihuatanejo"},{"@type":"BreadcrumbList","@id":"https:\/\/nitu.mx\/index.php\/2021\/11\/29\/ixtapa-zihuatanejo-recibira-la-convencion-nacional-de-amav-2022\/#breadcrumb","itemListElement":[{"@type":"ListItem","position":1,"name":"Inicio","item":"https:\/\/nitu.mx\/"},{"@type":"ListItem","position":2,"name":"Ixtapa Zihuatanejo recibir\u00e1 la Convenci\u00f3n Nacional de AMAV 2022"}]},{"@type":"WebSite","@id":"https:\/\/nitu.mx\/#website","url":"https:\/\/nitu.mx\/","name":"Nitu - Noticias de la Industria Turistica","description":"Noticias de la Industria Turistica","publisher":{"@id":"https:\/\/nitu.mx\/#\/schema\/person\/ae7a53426417292d3dd07b45a33e01bc"},"alternateName":"Noticias de la Industria Turistica","potentialAction":[{"@type":"SearchAction","target":{"@type":"EntryPoint","urlTemplate":"https:\/\/nitu.mx\/?s={search_term_string}"},"query-input":"required name=search_term_string"}],"inLanguage":"es-MX"},{"@type":["Person","Organization"],"@id":"https:\/\/nitu.mx\/#\/schema\/person\/ae7a53426417292d3dd07b45a33e01bc","name":"Arturo Medina","image":{"@type":"ImageObject","inLanguage":"es-MX","@id":"https:\/\/nitu.mx\/#\/schema\/person\/image\/","url":"https:\/\/nitu.mx\/wp-content\/uploads\/2024\/04\/4A315622-1904-4D5C-B022-878CDC840E04-90x90-1.jpeg","contentUrl":"https:\/\/nitu.mx\/wp-content\/uploads\/2024\/04\/4A315622-1904-4D5C-B022-878CDC840E04-90x90-1.jpeg","width":90,"height":90,"caption":"Arturo Medina"},"logo":{"@id":"https:\/\/nitu.mx\/#\/schema\/person\/image\/"},"description":"Director NITU.mx, Egresado de la Escuela de Periodismo Carlos Septi\u00e9n Garc\u00eda. Periodista y analista especializado en turismo desde hace 35 a\u00f1os, radicado en Canc\u00fan Q.Roo. arturo@nitu.mx","sameAs":["https:\/\/nitu.mx","https:\/\/www.facebook.com\/NITUmx\/","medinacancun","https:\/\/twitter.com\/@Arturo_Medina_G"]},{"@type":"Person","@id":"https:\/\/nitu.mx\/#\/schema\/person\/4a28fe9bd65924f7c90623773daf1b0b","name":"Redacci\u00f3n","image":{"@type":"ImageObject","inLanguage":"es-MX","@id":"https:\/\/nitu.mx\/#\/schema\/person\/image\/","url":"https:\/\/secure.gravatar.com\/avatar\/5dd011c8ccfc5cd7e4c81e42252aab38?s=96&d=mm&r=g","contentUrl":"https:\/\/secure.gravatar.com\/avatar\/5dd011c8ccfc5cd7e4c81e42252aab38?s=96&d=mm&r=g","caption":"Redacci\u00f3n"},"url":"https:\/\/nitu.mx\/index.php\/author\/redaccion\/"}]}},"views":614,"_links":{"self":[{"href":"https:\/\/nitu.mx\/index.php\/wp-json\/wp\/v2\/posts\/56823"}],"collection":[{"href":"https:\/\/nitu.mx\/index.php\/wp-json\/wp\/v2\/posts"}],"about":[{"href":"https:\/\/nitu.mx\/index.php\/wp-json\/wp\/v2\/types\/post"}],"author":[{"embeddable":true,"href":"https:\/\/nitu.mx\/index.php\/wp-json\/wp\/v2\/users\/17"}],"replies":[{"embeddable":true,"href":"https:\/\/nitu.mx\/index.php\/wp-json\/wp\/v2\/comments?post=56823"}],"version-history":[{"count":2,"href":"https:\/\/nitu.mx\/index.php\/wp-json\/wp\/v2\/posts\/56823\/revisions"}],"predecessor-version":[{"id":56832,"href":"https:\/\/nitu.mx\/index.php\/wp-json\/wp\/v2\/posts\/56823\/revisions\/56832"}],"wp:featuredmedia":[{"embeddable":true,"href":"https:\/\/nitu.mx\/index.php\/wp-json\/wp\/v2\/media\/56831"}],"wp:attachment":[{"href":"https:\/\/nitu.mx\/index.php\/wp-json\/wp\/v2\/media?parent=56823"}],"wp:term":[{"taxonomy":"category","embeddable":true,"href":"https:\/\/nitu.mx\/index.php\/wp-json\/wp\/v2\/categories?post=56823"},{"taxonomy":"post_tag","embeddable":true,"href":"https:\/\/nitu.mx\/index.php\/wp-json\/wp\/v2\/tags?post=56823"}],"curies":[{"name":"wp","href":"https:\/\/api.w.org\/{rel}","templated":true}]}}