{"id":56798,"date":"2021-11-28T15:03:39","date_gmt":"2021-11-28T20:03:39","guid":{"rendered":"https:\/\/www.dev.nitu.mx\/?p=56798"},"modified":"2021-11-29T00:08:17","modified_gmt":"2021-11-29T05:08:17","slug":"los-cabos-y-cancun-el-1-y-2-de-ocupacion-hotelera-con-mas-de-70","status":"publish","type":"post","link":"https:\/\/nitu.mx\/index.php\/2021\/11\/28\/los-cabos-y-cancun-el-1-y-2-de-ocupacion-hotelera-con-mas-de-70\/","title":{"rendered":"Los Cabos y Canc\u00fan, el 1 y 2 de ocupaci\u00f3n hotelera con m\u00e1s de 70%"},"content":{"rendered":"<p class=\"m_-5053891167529559733MsoNoSpacing\">El secretario de Turismo, Miguel Torruco Marqu\u00e9s, dio a conocer que durante la semana 46 del presente a\u00f1o, que comprendi\u00f3 los d\u00edas del 15 al 21 de noviembre, en promedio se registr\u00f3 un porcentaje de ocupaci\u00f3n hotelera del 54.3 por ciento.<u><\/u><u><\/u><\/p>\n<p class=\"m_-5053891167529559733MsoNoSpacing\">Precis\u00f3 que en este muestreo de Datatur, que abarca 12 de los principales destinos del pa\u00eds, fue Los Cabos, ubicado en Baja California Sur, el que obtuvo el mayor porcentaje de ocupaci\u00f3n al alcanzar 70.7 por ciento, superando en 0.6 puntos porcentuales a la semana previa. En segundo lugar aparece Canc\u00fan, Quintana Roo, con 70.5 por ciento; y Puerto Vallarta, Jalisco, con 69.2 por ciento de ocupaci\u00f3n. \u00a0<u><\/u><u><\/u><\/p>\n<p class=\"m_-5053891167529559733MsoNoSpacing\">El resto de los destinos monitoreados registr\u00f3 la siguiente ocupaci\u00f3n hotelera: Aguascalientes 63.8 por ciento; Villahermosa, 50.2 por ciento; Ciudad de M\u00e9xico 48 por ciento; Acapulco, 38.9 por ciento; Puebla, 38.3 por ciento; Quer\u00e9taro, 36.5 por ciento; San Crist\u00f3bal de las Casas, 34.2 por ciento; San Miguel de Allende 30.1 por ciento y Tuxtla Guti\u00e9rrez, con 30.1 por ciento.<u><\/u><u><\/u><\/p>\n<p class=\"m_-5053891167529559733MsoNoSpacing\">El titular de la Secretar\u00eda de Turismo (Sectur) puntualiz\u00f3 que en la misma semana 46 del a\u00f1o pasado, se tuvo en estos mismos 12 destinos una ocupaci\u00f3n hotelera promedio de 34.4 por ciento, por lo que la diferencia de esta misma semana 46 con la de 2021 es de m\u00e1s 19.9 puntos porcentuales.\u00a0<a title=\"Roza Canc\u00fan 500 operaciones en lunes y hoteles llegan a 75% de ocupaci\u00f3n\" href=\"https:\/\/www.dev.nitu.mx\/index.php\/2021\/11\/23\/roza-cancun-500-operaciones-en-lunes-y-hoteles-llegan-a-75-de-ocupacion\/\" rel=\"bookmark\">(Roza Canc\u00fan 500 operaciones en lunes y hoteles llegan a 75% de ocupaci\u00f3n<\/a>)<\/p>\n","protected":false},"excerpt":{"rendered":"<p>El secretario de Turismo, Miguel Torruco Marqu\u00e9s, dio a conocer que durante la semana 46 del presente a\u00f1o, que comprendi\u00f3 los d\u00edas del 15 al 21 de noviembre, en promedio se registr\u00f3 un porcentaje de ocupaci\u00f3n hotelera del 54.3 por ciento. Precis\u00f3 que en este muestreo de Datatur, que abarca 12 de los principales destinos [&hellip;]<\/p>\n","protected":false},"author":17,"featured_media":27034,"comment_status":"open","ping_status":"open","sticky":false,"template":"","format":"standard","meta":{"footnotes":""},"categories":[5],"tags":[43,130,910,7398,93],"yoast_head":"<!-- This site is optimized with the Yoast SEO plugin v22.2 - https:\/\/yoast.com\/wordpress\/plugins\/seo\/ -->\n<title>Los Cabos y Canc\u00fan, el 1 y 2 de ocupaci\u00f3n hotelera con m\u00e1s de 70% - Nitu - Noticias de la Industria Turistica<\/title>\n<meta name=\"robots\" content=\"index, follow, max-snippet:-1, max-image-preview:large, max-video-preview:-1\" \/>\n<link rel=\"canonical\" href=\"https:\/\/nitu.mx\/index.php\/2021\/11\/28\/los-cabos-y-cancun-el-1-y-2-de-ocupacion-hotelera-con-mas-de-70\/\" \/>\n<meta name=\"twitter:card\" content=\"summary_large_image\" \/>\n<meta name=\"twitter:title\" content=\"Los Cabos y Canc\u00fan, el 1 y 2 de ocupaci\u00f3n hotelera con m\u00e1s de 70% - Nitu - Noticias de la Industria Turistica\" \/>\n<meta name=\"twitter:description\" content=\"El secretario de Turismo, Miguel Torruco Marqu\u00e9s, dio a conocer que durante la semana 46 del presente a\u00f1o, que comprendi\u00f3 los d\u00edas del 15 al 21 de noviembre, en promedio se registr\u00f3 un porcentaje de ocupaci\u00f3n hotelera del 54.3 por ciento. Precis\u00f3 que en este muestreo de Datatur, que abarca 12 de los principales destinos [&hellip;]\" \/>\n<meta name=\"twitter:image\" content=\"https:\/\/nitu.mx\/wp-content\/uploads\/2018\/11\/Acotur-Canc\u00fan.jpg\" \/>\n<meta name=\"twitter:creator\" content=\"@NITUmx\" \/>\n<meta name=\"twitter:site\" content=\"@Arturo_Medina_G\" \/>\n<meta name=\"twitter:label1\" content=\"Escrito por\" \/>\n\t<meta name=\"twitter:data1\" content=\"Redacci\u00f3n\" \/>\n\t<meta name=\"twitter:label2\" content=\"Tiempo de lectura\" \/>\n\t<meta name=\"twitter:data2\" content=\"1 minuto\" \/>\n<script type=\"application\/ld+json\" class=\"yoast-schema-graph\">{\"@context\":\"https:\/\/schema.org\",\"@graph\":[{\"@type\":\"Article\",\"@id\":\"https:\/\/nitu.mx\/index.php\/2021\/11\/28\/los-cabos-y-cancun-el-1-y-2-de-ocupacion-hotelera-con-mas-de-70\/#article\",\"isPartOf\":{\"@id\":\"https:\/\/nitu.mx\/index.php\/2021\/11\/28\/los-cabos-y-cancun-el-1-y-2-de-ocupacion-hotelera-con-mas-de-70\/\"},\"author\":{\"name\":\"Redacci\u00f3n\",\"@id\":\"https:\/\/nitu.mx\/#\/schema\/person\/4a28fe9bd65924f7c90623773daf1b0b\"},\"headline\":\"Los Cabos y Canc\u00fan, el 1 y 2 de ocupaci\u00f3n hotelera con m\u00e1s de 70%\",\"datePublished\":\"2021-11-28T20:03:39+00:00\",\"dateModified\":\"2021-11-29T05:08:17+00:00\",\"mainEntityOfPage\":{\"@id\":\"https:\/\/nitu.mx\/index.php\/2021\/11\/28\/los-cabos-y-cancun-el-1-y-2-de-ocupacion-hotelera-con-mas-de-70\/\"},\"wordCount\":241,\"commentCount\":0,\"publisher\":{\"@id\":\"https:\/\/nitu.mx\/#\/schema\/person\/ae7a53426417292d3dd07b45a33e01bc\"},\"image\":{\"@id\":\"https:\/\/nitu.mx\/index.php\/2021\/11\/28\/los-cabos-y-cancun-el-1-y-2-de-ocupacion-hotelera-con-mas-de-70\/#primaryimage\"},\"thumbnailUrl\":\"https:\/\/nitu.mx\/wp-content\/uploads\/2018\/11\/Acotur-Canc\u00fan.jpg\",\"keywords\":[\"Canc\u00fan\",\"Los Cabos\",\"Miguel Torruco\",\"ocupaci\u00f3n hotelera\",\"Sectur\"],\"articleSection\":[\"Destinos\"],\"inLanguage\":\"es-MX\",\"potentialAction\":[{\"@type\":\"CommentAction\",\"name\":\"Comment\",\"target\":[\"https:\/\/nitu.mx\/index.php\/2021\/11\/28\/los-cabos-y-cancun-el-1-y-2-de-ocupacion-hotelera-con-mas-de-70\/#respond\"]}]},{\"@type\":\"WebPage\",\"@id\":\"https:\/\/nitu.mx\/index.php\/2021\/11\/28\/los-cabos-y-cancun-el-1-y-2-de-ocupacion-hotelera-con-mas-de-70\/\",\"url\":\"https:\/\/nitu.mx\/index.php\/2021\/11\/28\/los-cabos-y-cancun-el-1-y-2-de-ocupacion-hotelera-con-mas-de-70\/\",\"name\":\"Los Cabos y Canc\u00fan, el 1 y 2 de ocupaci\u00f3n hotelera con m\u00e1s de 70% - Nitu - Noticias de la Industria Turistica\",\"isPartOf\":{\"@id\":\"https:\/\/nitu.mx\/#website\"},\"primaryImageOfPage\":{\"@id\":\"https:\/\/nitu.mx\/index.php\/2021\/11\/28\/los-cabos-y-cancun-el-1-y-2-de-ocupacion-hotelera-con-mas-de-70\/#primaryimage\"},\"image\":{\"@id\":\"https:\/\/nitu.mx\/index.php\/2021\/11\/28\/los-cabos-y-cancun-el-1-y-2-de-ocupacion-hotelera-con-mas-de-70\/#primaryimage\"},\"thumbnailUrl\":\"https:\/\/nitu.mx\/wp-content\/uploads\/2018\/11\/Acotur-Canc\u00fan.jpg\",\"datePublished\":\"2021-11-28T20:03:39+00:00\",\"dateModified\":\"2021-11-29T05:08:17+00:00\",\"breadcrumb\":{\"@id\":\"https:\/\/nitu.mx\/index.php\/2021\/11\/28\/los-cabos-y-cancun-el-1-y-2-de-ocupacion-hotelera-con-mas-de-70\/#breadcrumb\"},\"inLanguage\":\"es-MX\",\"potentialAction\":[{\"@type\":\"ReadAction\",\"target\":[\"https:\/\/nitu.mx\/index.php\/2021\/11\/28\/los-cabos-y-cancun-el-1-y-2-de-ocupacion-hotelera-con-mas-de-70\/\"]}]},{\"@type\":\"ImageObject\",\"inLanguage\":\"es-MX\",\"@id\":\"https:\/\/nitu.mx\/index.php\/2021\/11\/28\/los-cabos-y-cancun-el-1-y-2-de-ocupacion-hotelera-con-mas-de-70\/#primaryimage\",\"url\":\"https:\/\/nitu.mx\/wp-content\/uploads\/2018\/11\/Acotur-Canc\u00fan.jpg\",\"contentUrl\":\"https:\/\/nitu.mx\/wp-content\/uploads\/2018\/11\/Acotur-Canc\u00fan.jpg\",\"width\":850,\"height\":480,\"caption\":\"Acotur Canc\u00fan CPTM CPTQ Quintana Roo Kayak Caribe Mexicano\"},{\"@type\":\"BreadcrumbList\",\"@id\":\"https:\/\/nitu.mx\/index.php\/2021\/11\/28\/los-cabos-y-cancun-el-1-y-2-de-ocupacion-hotelera-con-mas-de-70\/#breadcrumb\",\"itemListElement\":[{\"@type\":\"ListItem\",\"position\":1,\"name\":\"Inicio\",\"item\":\"https:\/\/nitu.mx\/\"},{\"@type\":\"ListItem\",\"position\":2,\"name\":\"Los Cabos y Canc\u00fan, el 1 y 2 de ocupaci\u00f3n hotelera con m\u00e1s de 70%\"}]},{\"@type\":\"WebSite\",\"@id\":\"https:\/\/nitu.mx\/#website\",\"url\":\"https:\/\/nitu.mx\/\",\"name\":\"Nitu - Noticias de la Industria Turistica\",\"description\":\"Noticias de la Industria Turistica\",\"publisher\":{\"@id\":\"https:\/\/nitu.mx\/#\/schema\/person\/ae7a53426417292d3dd07b45a33e01bc\"},\"alternateName\":\"Noticias de la Industria Turistica\",\"potentialAction\":[{\"@type\":\"SearchAction\",\"target\":{\"@type\":\"EntryPoint\",\"urlTemplate\":\"https:\/\/nitu.mx\/?s={search_term_string}\"},\"query-input\":\"required name=search_term_string\"}],\"inLanguage\":\"es-MX\"},{\"@type\":[\"Person\",\"Organization\"],\"@id\":\"https:\/\/nitu.mx\/#\/schema\/person\/ae7a53426417292d3dd07b45a33e01bc\",\"name\":\"Arturo Medina\",\"image\":{\"@type\":\"ImageObject\",\"inLanguage\":\"es-MX\",\"@id\":\"https:\/\/nitu.mx\/#\/schema\/person\/image\/\",\"url\":\"https:\/\/nitu.mx\/wp-content\/uploads\/2024\/04\/4A315622-1904-4D5C-B022-878CDC840E04-90x90-1.jpeg\",\"contentUrl\":\"https:\/\/nitu.mx\/wp-content\/uploads\/2024\/04\/4A315622-1904-4D5C-B022-878CDC840E04-90x90-1.jpeg\",\"width\":90,\"height\":90,\"caption\":\"Arturo Medina\"},\"logo\":{\"@id\":\"https:\/\/nitu.mx\/#\/schema\/person\/image\/\"},\"description\":\"Director NITU.mx, Egresado de la Escuela de Periodismo Carlos Septi\u00e9n Garc\u00eda. Periodista y analista especializado en turismo desde hace 35 a\u00f1os, radicado en Canc\u00fan Q.Roo. arturo@nitu.mx\",\"sameAs\":[\"https:\/\/nitu.mx\",\"https:\/\/www.facebook.com\/NITUmx\/\",\"medinacancun\",\"https:\/\/twitter.com\/@Arturo_Medina_G\"]},{\"@type\":\"Person\",\"@id\":\"https:\/\/nitu.mx\/#\/schema\/person\/4a28fe9bd65924f7c90623773daf1b0b\",\"name\":\"Redacci\u00f3n\",\"image\":{\"@type\":\"ImageObject\",\"inLanguage\":\"es-MX\",\"@id\":\"https:\/\/nitu.mx\/#\/schema\/person\/image\/\",\"url\":\"https:\/\/secure.gravatar.com\/avatar\/5dd011c8ccfc5cd7e4c81e42252aab38?s=96&d=mm&r=g\",\"contentUrl\":\"https:\/\/secure.gravatar.com\/avatar\/5dd011c8ccfc5cd7e4c81e42252aab38?s=96&d=mm&r=g\",\"caption\":\"Redacci\u00f3n\"},\"url\":\"https:\/\/nitu.mx\/index.php\/author\/redaccion\/\"}]}<\/script>\n<!-- \/ Yoast SEO plugin. -->","yoast_head_json":{"title":"Los Cabos y Canc\u00fan, el 1 y 2 de ocupaci\u00f3n hotelera con m\u00e1s de 70% - Nitu - Noticias de la Industria Turistica","robots":{"index":"index","follow":"follow","max-snippet":"max-snippet:-1","max-image-preview":"max-image-preview:large","max-video-preview":"max-video-preview:-1"},"canonical":"https:\/\/nitu.mx\/index.php\/2021\/11\/28\/los-cabos-y-cancun-el-1-y-2-de-ocupacion-hotelera-con-mas-de-70\/","twitter_card":"summary_large_image","twitter_title":"Los Cabos y Canc\u00fan, el 1 y 2 de ocupaci\u00f3n hotelera con m\u00e1s de 70% - Nitu - Noticias de la Industria Turistica","twitter_description":"El secretario de Turismo, Miguel Torruco Marqu\u00e9s, dio a conocer que durante la semana 46 del presente a\u00f1o, que comprendi\u00f3 los d\u00edas del 15 al 21 de noviembre, en promedio se registr\u00f3 un porcentaje de ocupaci\u00f3n hotelera del 54.3 por ciento. Precis\u00f3 que en este muestreo de Datatur, que abarca 12 de los principales destinos [&hellip;]","twitter_image":"https:\/\/nitu.mx\/wp-content\/uploads\/2018\/11\/Acotur-Canc\u00fan.jpg","twitter_creator":"@NITUmx","twitter_site":"@Arturo_Medina_G","twitter_misc":{"Escrito por":"Redacci\u00f3n","Tiempo de lectura":"1 minuto"},"schema":{"@context":"https:\/\/schema.org","@graph":[{"@type":"Article","@id":"https:\/\/nitu.mx\/index.php\/2021\/11\/28\/los-cabos-y-cancun-el-1-y-2-de-ocupacion-hotelera-con-mas-de-70\/#article","isPartOf":{"@id":"https:\/\/nitu.mx\/index.php\/2021\/11\/28\/los-cabos-y-cancun-el-1-y-2-de-ocupacion-hotelera-con-mas-de-70\/"},"author":{"name":"Redacci\u00f3n","@id":"https:\/\/nitu.mx\/#\/schema\/person\/4a28fe9bd65924f7c90623773daf1b0b"},"headline":"Los Cabos y Canc\u00fan, el 1 y 2 de ocupaci\u00f3n hotelera con m\u00e1s de 70%","datePublished":"2021-11-28T20:03:39+00:00","dateModified":"2021-11-29T05:08:17+00:00","mainEntityOfPage":{"@id":"https:\/\/nitu.mx\/index.php\/2021\/11\/28\/los-cabos-y-cancun-el-1-y-2-de-ocupacion-hotelera-con-mas-de-70\/"},"wordCount":241,"commentCount":0,"publisher":{"@id":"https:\/\/nitu.mx\/#\/schema\/person\/ae7a53426417292d3dd07b45a33e01bc"},"image":{"@id":"https:\/\/nitu.mx\/index.php\/2021\/11\/28\/los-cabos-y-cancun-el-1-y-2-de-ocupacion-hotelera-con-mas-de-70\/#primaryimage"},"thumbnailUrl":"https:\/\/nitu.mx\/wp-content\/uploads\/2018\/11\/Acotur-Canc\u00fan.jpg","keywords":["Canc\u00fan","Los Cabos","Miguel Torruco","ocupaci\u00f3n hotelera","Sectur"],"articleSection":["Destinos"],"inLanguage":"es-MX","potentialAction":[{"@type":"CommentAction","name":"Comment","target":["https:\/\/nitu.mx\/index.php\/2021\/11\/28\/los-cabos-y-cancun-el-1-y-2-de-ocupacion-hotelera-con-mas-de-70\/#respond"]}]},{"@type":"WebPage","@id":"https:\/\/nitu.mx\/index.php\/2021\/11\/28\/los-cabos-y-cancun-el-1-y-2-de-ocupacion-hotelera-con-mas-de-70\/","url":"https:\/\/nitu.mx\/index.php\/2021\/11\/28\/los-cabos-y-cancun-el-1-y-2-de-ocupacion-hotelera-con-mas-de-70\/","name":"Los Cabos y Canc\u00fan, el 1 y 2 de ocupaci\u00f3n hotelera con m\u00e1s de 70% - Nitu - Noticias de la Industria Turistica","isPartOf":{"@id":"https:\/\/nitu.mx\/#website"},"primaryImageOfPage":{"@id":"https:\/\/nitu.mx\/index.php\/2021\/11\/28\/los-cabos-y-cancun-el-1-y-2-de-ocupacion-hotelera-con-mas-de-70\/#primaryimage"},"image":{"@id":"https:\/\/nitu.mx\/index.php\/2021\/11\/28\/los-cabos-y-cancun-el-1-y-2-de-ocupacion-hotelera-con-mas-de-70\/#primaryimage"},"thumbnailUrl":"https:\/\/nitu.mx\/wp-content\/uploads\/2018\/11\/Acotur-Canc\u00fan.jpg","datePublished":"2021-11-28T20:03:39+00:00","dateModified":"2021-11-29T05:08:17+00:00","breadcrumb":{"@id":"https:\/\/nitu.mx\/index.php\/2021\/11\/28\/los-cabos-y-cancun-el-1-y-2-de-ocupacion-hotelera-con-mas-de-70\/#breadcrumb"},"inLanguage":"es-MX","potentialAction":[{"@type":"ReadAction","target":["https:\/\/nitu.mx\/index.php\/2021\/11\/28\/los-cabos-y-cancun-el-1-y-2-de-ocupacion-hotelera-con-mas-de-70\/"]}]},{"@type":"ImageObject","inLanguage":"es-MX","@id":"https:\/\/nitu.mx\/index.php\/2021\/11\/28\/los-cabos-y-cancun-el-1-y-2-de-ocupacion-hotelera-con-mas-de-70\/#primaryimage","url":"https:\/\/nitu.mx\/wp-content\/uploads\/2018\/11\/Acotur-Canc\u00fan.jpg","contentUrl":"https:\/\/nitu.mx\/wp-content\/uploads\/2018\/11\/Acotur-Canc\u00fan.jpg","width":850,"height":480,"caption":"Acotur Canc\u00fan CPTM CPTQ Quintana Roo Kayak Caribe Mexicano"},{"@type":"BreadcrumbList","@id":"https:\/\/nitu.mx\/index.php\/2021\/11\/28\/los-cabos-y-cancun-el-1-y-2-de-ocupacion-hotelera-con-mas-de-70\/#breadcrumb","itemListElement":[{"@type":"ListItem","position":1,"name":"Inicio","item":"https:\/\/nitu.mx\/"},{"@type":"ListItem","position":2,"name":"Los Cabos y Canc\u00fan, el 1 y 2 de ocupaci\u00f3n hotelera con m\u00e1s de 70%"}]},{"@type":"WebSite","@id":"https:\/\/nitu.mx\/#website","url":"https:\/\/nitu.mx\/","name":"Nitu - Noticias de la Industria Turistica","description":"Noticias de la Industria Turistica","publisher":{"@id":"https:\/\/nitu.mx\/#\/schema\/person\/ae7a53426417292d3dd07b45a33e01bc"},"alternateName":"Noticias de la Industria Turistica","potentialAction":[{"@type":"SearchAction","target":{"@type":"EntryPoint","urlTemplate":"https:\/\/nitu.mx\/?s={search_term_string}"},"query-input":"required name=search_term_string"}],"inLanguage":"es-MX"},{"@type":["Person","Organization"],"@id":"https:\/\/nitu.mx\/#\/schema\/person\/ae7a53426417292d3dd07b45a33e01bc","name":"Arturo Medina","image":{"@type":"ImageObject","inLanguage":"es-MX","@id":"https:\/\/nitu.mx\/#\/schema\/person\/image\/","url":"https:\/\/nitu.mx\/wp-content\/uploads\/2024\/04\/4A315622-1904-4D5C-B022-878CDC840E04-90x90-1.jpeg","contentUrl":"https:\/\/nitu.mx\/wp-content\/uploads\/2024\/04\/4A315622-1904-4D5C-B022-878CDC840E04-90x90-1.jpeg","width":90,"height":90,"caption":"Arturo Medina"},"logo":{"@id":"https:\/\/nitu.mx\/#\/schema\/person\/image\/"},"description":"Director NITU.mx, Egresado de la Escuela de Periodismo Carlos Septi\u00e9n Garc\u00eda. Periodista y analista especializado en turismo desde hace 35 a\u00f1os, radicado en Canc\u00fan Q.Roo. arturo@nitu.mx","sameAs":["https:\/\/nitu.mx","https:\/\/www.facebook.com\/NITUmx\/","medinacancun","https:\/\/twitter.com\/@Arturo_Medina_G"]},{"@type":"Person","@id":"https:\/\/nitu.mx\/#\/schema\/person\/4a28fe9bd65924f7c90623773daf1b0b","name":"Redacci\u00f3n","image":{"@type":"ImageObject","inLanguage":"es-MX","@id":"https:\/\/nitu.mx\/#\/schema\/person\/image\/","url":"https:\/\/secure.gravatar.com\/avatar\/5dd011c8ccfc5cd7e4c81e42252aab38?s=96&d=mm&r=g","contentUrl":"https:\/\/secure.gravatar.com\/avatar\/5dd011c8ccfc5cd7e4c81e42252aab38?s=96&d=mm&r=g","caption":"Redacci\u00f3n"},"url":"https:\/\/nitu.mx\/index.php\/author\/redaccion\/"}]}},"views":310,"_links":{"self":[{"href":"https:\/\/nitu.mx\/index.php\/wp-json\/wp\/v2\/posts\/56798"}],"collection":[{"href":"https:\/\/nitu.mx\/index.php\/wp-json\/wp\/v2\/posts"}],"about":[{"href":"https:\/\/nitu.mx\/index.php\/wp-json\/wp\/v2\/types\/post"}],"author":[{"embeddable":true,"href":"https:\/\/nitu.mx\/index.php\/wp-json\/wp\/v2\/users\/17"}],"replies":[{"embeddable":true,"href":"https:\/\/nitu.mx\/index.php\/wp-json\/wp\/v2\/comments?post=56798"}],"version-history":[{"count":3,"href":"https:\/\/nitu.mx\/index.php\/wp-json\/wp\/v2\/posts\/56798\/revisions"}],"predecessor-version":[{"id":56802,"href":"https:\/\/nitu.mx\/index.php\/wp-json\/wp\/v2\/posts\/56798\/revisions\/56802"}],"wp:featuredmedia":[{"embeddable":true,"href":"https:\/\/nitu.mx\/index.php\/wp-json\/wp\/v2\/media\/27034"}],"wp:attachment":[{"href":"https:\/\/nitu.mx\/index.php\/wp-json\/wp\/v2\/media?parent=56798"}],"wp:term":[{"taxonomy":"category","embeddable":true,"href":"https:\/\/nitu.mx\/index.php\/wp-json\/wp\/v2\/categories?post=56798"},{"taxonomy":"post_tag","embeddable":true,"href":"https:\/\/nitu.mx\/index.php\/wp-json\/wp\/v2\/tags?post=56798"}],"curies":[{"name":"wp","href":"https:\/\/api.w.org\/{rel}","templated":true}]}}