{"id":56773,"date":"2021-11-26T01:00:27","date_gmt":"2021-11-26T06:00:27","guid":{"rendered":"https:\/\/www.dev.nitu.mx\/?p=56773"},"modified":"2021-11-26T01:08:19","modified_gmt":"2021-11-26T06:08:19","slug":"dona-fonatur-predios-para-proyecto-de-puente-lagunar-en-cancun","status":"publish","type":"post","link":"https:\/\/nitu.mx\/index.php\/2021\/11\/26\/dona-fonatur-predios-para-proyecto-de-puente-lagunar-en-cancun\/","title":{"rendered":"Dona Fonatur predios para proyecto de Puente Lagunar en Canc\u00fan"},"content":{"rendered":"<p>A trav\u00e9s de sus redes sociales, la Agencia de Proyectos Estrat\u00e9gicos (Agepro) dio a conocer que recibi\u00f3 del Fondo Nacional de Fomento al Turismo (Fonatur) las escrituras de dos predios donados como parte de los trabajos coordinados con el gobierno federal para consolidar el proyecto del Puente Lagunar Nichupt\u00e9.<\/p>\n<p>Lo anterior se acompa\u00f1a de un par de fotograf\u00edas en la que se observa que la entrega de las escrituras fue hecha por Ra\u00fal Berm\u00fadez Arreola, encargado de despacho del Centro Integralmente Planeado (CIP) Canc\u00fan, luego de que se dio a conocer que Fonatur cancel\u00f3 la aportaci\u00f3n de dos mil millones de pesos para la construcci\u00f3n de dicho puente vehicular y que se estar\u00eda construyendo con una inversi\u00f3n 100% privada.<\/p>\n<blockquote class=\"twitter-tweet\" data-width=\"550\" data-dnt=\"true\">\n<p lang=\"es\" dir=\"ltr\">Esta ma\u00f1ana, nuestro director general <a href=\"https:\/\/twitter.com\/eortizjasso?ref_src=twsrc%5Etfw\">@eortizjasso<\/a> recibi\u00f3 a nombre de la <a href=\"https:\/\/twitter.com\/hashtag\/AGEPRO?src=hash&amp;ref_src=twsrc%5Etfw\">#AGEPRO<\/a> las escrituras de 2 predios donados por <a href=\"https:\/\/twitter.com\/FonaturMX?ref_src=twsrc%5Etfw\">@FonaturMX<\/a> como parte de los trabajos coordinados con el gobierno federal para consolidar el proyecto del <a href=\"https:\/\/twitter.com\/hashtag\/PuenteNichupt%C3%A9?src=hash&amp;ref_src=twsrc%5Etfw\">#PuenteNichupt\u00e9<\/a>. <a href=\"https:\/\/twitter.com\/CarlosJoaquin?ref_src=twsrc%5Etfw\">@CarlosJoaquin<\/a> <a href=\"https:\/\/twitter.com\/GobQuintanaRoo?ref_src=twsrc%5Etfw\">@GobQuintanaRoo<\/a> <a href=\"https:\/\/t.co\/dNdom2kow3\">pic.twitter.com\/dNdom2kow3<\/a><\/p>\n<p>&mdash; AGEPRO QRoo (@AgeproQ) <a href=\"https:\/\/twitter.com\/AgeproQ\/status\/1463944289801719816?ref_src=twsrc%5Etfw\">November 25, 2021<\/a><\/p><\/blockquote>\n<p><script async src=\"https:\/\/platform.twitter.com\/widgets.js\" charset=\"utf-8\"><\/script><\/p>\n<p>Cabe recordar que el proyecto del Puente Nichupt\u00e9 en Canc\u00fan no tendr\u00e1 modificaciones, sino todo lo contrario seguir\u00e1 tal cual fue autorizado en el decreto oficial, adem\u00e1s de que en el ejercicio fiscal del gobierno del estado no se contemplan recursos para llevarse a cabo, habr\u00eda declarado, Yohanet Torres Mu\u00f1oz, titular de la Secretar\u00eda de Finanzas y Planeaci\u00f3n (Sefiplan) tras hacer la entrega del paquete econ\u00f3mico 2022 en el Congreso de Quintana Roo.<\/p>\n<p>En diciembre de 2020, el Congreso de Quintana Roo aprob\u00f3 el proyecto con una inversi\u00f3n estimada de 4 mil 675 millones de pesos, el 57% lo cubrir\u00eda iniciativa privada y el 43% del Gobierno Federal, pero lo cierto es que este \u00faltimo no lo contemplo en el paquete presupuestal federal para el pr\u00f3ximo a\u00f1o.<\/p>\n","protected":false},"excerpt":{"rendered":"<p>A trav\u00e9s de sus redes sociales, la Agencia de Proyectos Estrat\u00e9gicos (Agepro) dio a conocer que recibi\u00f3 del Fondo Nacional de Fomento al Turismo (Fonatur) las escrituras de dos predios donados como parte de los trabajos coordinados con el gobierno federal para consolidar el proyecto del Puente Lagunar Nichupt\u00e9. Lo anterior se acompa\u00f1a de un [&hellip;]<\/p>\n","protected":false},"author":17,"featured_media":56791,"comment_status":"open","ping_status":"open","sticky":false,"template":"","format":"standard","meta":{"footnotes":""},"categories":[21403],"tags":[43,83,889,6759],"yoast_head":"<!-- This site is optimized with the Yoast SEO plugin v22.2 - https:\/\/yoast.com\/wordpress\/plugins\/seo\/ -->\n<title>Dona Fonatur predios para proyecto de Puente Lagunar en Canc\u00fan - Nitu - Noticias de la Industria Turistica<\/title>\n<meta name=\"robots\" content=\"index, follow, max-snippet:-1, max-image-preview:large, max-video-preview:-1\" \/>\n<link rel=\"canonical\" href=\"https:\/\/nitu.mx\/index.php\/2021\/11\/26\/dona-fonatur-predios-para-proyecto-de-puente-lagunar-en-cancun\/\" \/>\n<meta name=\"twitter:card\" content=\"summary_large_image\" \/>\n<meta name=\"twitter:title\" content=\"Dona Fonatur predios para proyecto de Puente Lagunar en Canc\u00fan - Nitu - Noticias de la Industria Turistica\" \/>\n<meta name=\"twitter:description\" content=\"A trav\u00e9s de sus redes sociales, la Agencia de Proyectos Estrat\u00e9gicos (Agepro) dio a conocer que recibi\u00f3 del Fondo Nacional de Fomento al Turismo (Fonatur) las escrituras de dos predios donados como parte de los trabajos coordinados con el gobierno federal para consolidar el proyecto del Puente Lagunar Nichupt\u00e9. Lo anterior se acompa\u00f1a de un [&hellip;]\" \/>\n<meta name=\"twitter:image\" content=\"https:\/\/nitu.mx\/wp-content\/uploads\/2021\/11\/Laguna-Nichupte\u0301.jpg\" \/>\n<meta name=\"twitter:creator\" content=\"@NITUmx\" \/>\n<meta name=\"twitter:site\" content=\"@Arturo_Medina_G\" \/>\n<meta name=\"twitter:label1\" content=\"Escrito por\" \/>\n\t<meta name=\"twitter:data1\" content=\"Redacci\u00f3n\" \/>\n\t<meta name=\"twitter:label2\" content=\"Tiempo de lectura\" \/>\n\t<meta name=\"twitter:data2\" content=\"1 minuto\" \/>\n<script type=\"application\/ld+json\" class=\"yoast-schema-graph\">{\"@context\":\"https:\/\/schema.org\",\"@graph\":[{\"@type\":\"Article\",\"@id\":\"https:\/\/nitu.mx\/index.php\/2021\/11\/26\/dona-fonatur-predios-para-proyecto-de-puente-lagunar-en-cancun\/#article\",\"isPartOf\":{\"@id\":\"https:\/\/nitu.mx\/index.php\/2021\/11\/26\/dona-fonatur-predios-para-proyecto-de-puente-lagunar-en-cancun\/\"},\"author\":{\"name\":\"Redacci\u00f3n\",\"@id\":\"https:\/\/nitu.mx\/#\/schema\/person\/4a28fe9bd65924f7c90623773daf1b0b\"},\"headline\":\"Dona Fonatur predios para proyecto de Puente Lagunar en Canc\u00fan\",\"datePublished\":\"2021-11-26T06:00:27+00:00\",\"dateModified\":\"2021-11-26T06:08:19+00:00\",\"mainEntityOfPage\":{\"@id\":\"https:\/\/nitu.mx\/index.php\/2021\/11\/26\/dona-fonatur-predios-para-proyecto-de-puente-lagunar-en-cancun\/\"},\"wordCount\":278,\"commentCount\":0,\"publisher\":{\"@id\":\"https:\/\/nitu.mx\/#\/schema\/person\/ae7a53426417292d3dd07b45a33e01bc\"},\"image\":{\"@id\":\"https:\/\/nitu.mx\/index.php\/2021\/11\/26\/dona-fonatur-predios-para-proyecto-de-puente-lagunar-en-cancun\/#primaryimage\"},\"thumbnailUrl\":\"https:\/\/nitu.mx\/wp-content\/uploads\/2021\/11\/Laguna-Nichupte\u0301.jpg\",\"keywords\":[\"Canc\u00fan\",\"Caribe mexicano\",\"Fonatur\",\"Laguna Nichupt\u00e9\"],\"articleSection\":[\"Canc\u00fan\"],\"inLanguage\":\"es-MX\",\"potentialAction\":[{\"@type\":\"CommentAction\",\"name\":\"Comment\",\"target\":[\"https:\/\/nitu.mx\/index.php\/2021\/11\/26\/dona-fonatur-predios-para-proyecto-de-puente-lagunar-en-cancun\/#respond\"]}]},{\"@type\":\"WebPage\",\"@id\":\"https:\/\/nitu.mx\/index.php\/2021\/11\/26\/dona-fonatur-predios-para-proyecto-de-puente-lagunar-en-cancun\/\",\"url\":\"https:\/\/nitu.mx\/index.php\/2021\/11\/26\/dona-fonatur-predios-para-proyecto-de-puente-lagunar-en-cancun\/\",\"name\":\"Dona Fonatur predios para proyecto de Puente Lagunar en Canc\u00fan - Nitu - Noticias de la Industria Turistica\",\"isPartOf\":{\"@id\":\"https:\/\/nitu.mx\/#website\"},\"primaryImageOfPage\":{\"@id\":\"https:\/\/nitu.mx\/index.php\/2021\/11\/26\/dona-fonatur-predios-para-proyecto-de-puente-lagunar-en-cancun\/#primaryimage\"},\"image\":{\"@id\":\"https:\/\/nitu.mx\/index.php\/2021\/11\/26\/dona-fonatur-predios-para-proyecto-de-puente-lagunar-en-cancun\/#primaryimage\"},\"thumbnailUrl\":\"https:\/\/nitu.mx\/wp-content\/uploads\/2021\/11\/Laguna-Nichupte\u0301.jpg\",\"datePublished\":\"2021-11-26T06:00:27+00:00\",\"dateModified\":\"2021-11-26T06:08:19+00:00\",\"breadcrumb\":{\"@id\":\"https:\/\/nitu.mx\/index.php\/2021\/11\/26\/dona-fonatur-predios-para-proyecto-de-puente-lagunar-en-cancun\/#breadcrumb\"},\"inLanguage\":\"es-MX\",\"potentialAction\":[{\"@type\":\"ReadAction\",\"target\":[\"https:\/\/nitu.mx\/index.php\/2021\/11\/26\/dona-fonatur-predios-para-proyecto-de-puente-lagunar-en-cancun\/\"]}]},{\"@type\":\"ImageObject\",\"inLanguage\":\"es-MX\",\"@id\":\"https:\/\/nitu.mx\/index.php\/2021\/11\/26\/dona-fonatur-predios-para-proyecto-de-puente-lagunar-en-cancun\/#primaryimage\",\"url\":\"https:\/\/nitu.mx\/wp-content\/uploads\/2021\/11\/Laguna-Nichupte\u0301.jpg\",\"contentUrl\":\"https:\/\/nitu.mx\/wp-content\/uploads\/2021\/11\/Laguna-Nichupte\u0301.jpg\",\"width\":1200,\"height\":675,\"caption\":\"Laguna Nichupte\u0301\"},{\"@type\":\"BreadcrumbList\",\"@id\":\"https:\/\/nitu.mx\/index.php\/2021\/11\/26\/dona-fonatur-predios-para-proyecto-de-puente-lagunar-en-cancun\/#breadcrumb\",\"itemListElement\":[{\"@type\":\"ListItem\",\"position\":1,\"name\":\"Inicio\",\"item\":\"https:\/\/nitu.mx\/\"},{\"@type\":\"ListItem\",\"position\":2,\"name\":\"Dona Fonatur predios para proyecto de Puente Lagunar en Canc\u00fan\"}]},{\"@type\":\"WebSite\",\"@id\":\"https:\/\/nitu.mx\/#website\",\"url\":\"https:\/\/nitu.mx\/\",\"name\":\"Nitu - Noticias de la Industria Turistica\",\"description\":\"Noticias de la Industria Turistica\",\"publisher\":{\"@id\":\"https:\/\/nitu.mx\/#\/schema\/person\/ae7a53426417292d3dd07b45a33e01bc\"},\"alternateName\":\"Noticias de la Industria Turistica\",\"potentialAction\":[{\"@type\":\"SearchAction\",\"target\":{\"@type\":\"EntryPoint\",\"urlTemplate\":\"https:\/\/nitu.mx\/?s={search_term_string}\"},\"query-input\":\"required name=search_term_string\"}],\"inLanguage\":\"es-MX\"},{\"@type\":[\"Person\",\"Organization\"],\"@id\":\"https:\/\/nitu.mx\/#\/schema\/person\/ae7a53426417292d3dd07b45a33e01bc\",\"name\":\"Arturo Medina\",\"image\":{\"@type\":\"ImageObject\",\"inLanguage\":\"es-MX\",\"@id\":\"https:\/\/nitu.mx\/#\/schema\/person\/image\/\",\"url\":\"https:\/\/nitu.mx\/wp-content\/uploads\/2024\/04\/4A315622-1904-4D5C-B022-878CDC840E04-90x90-1.jpeg\",\"contentUrl\":\"https:\/\/nitu.mx\/wp-content\/uploads\/2024\/04\/4A315622-1904-4D5C-B022-878CDC840E04-90x90-1.jpeg\",\"width\":90,\"height\":90,\"caption\":\"Arturo Medina\"},\"logo\":{\"@id\":\"https:\/\/nitu.mx\/#\/schema\/person\/image\/\"},\"description\":\"Director NITU.mx, Egresado de la Escuela de Periodismo Carlos Septi\u00e9n Garc\u00eda. Periodista y analista especializado en turismo desde hace 35 a\u00f1os, radicado en Canc\u00fan Q.Roo. arturo@nitu.mx\",\"sameAs\":[\"https:\/\/nitu.mx\",\"https:\/\/www.facebook.com\/NITUmx\/\",\"medinacancun\",\"https:\/\/twitter.com\/@Arturo_Medina_G\"]},{\"@type\":\"Person\",\"@id\":\"https:\/\/nitu.mx\/#\/schema\/person\/4a28fe9bd65924f7c90623773daf1b0b\",\"name\":\"Redacci\u00f3n\",\"image\":{\"@type\":\"ImageObject\",\"inLanguage\":\"es-MX\",\"@id\":\"https:\/\/nitu.mx\/#\/schema\/person\/image\/\",\"url\":\"https:\/\/secure.gravatar.com\/avatar\/5dd011c8ccfc5cd7e4c81e42252aab38?s=96&d=mm&r=g\",\"contentUrl\":\"https:\/\/secure.gravatar.com\/avatar\/5dd011c8ccfc5cd7e4c81e42252aab38?s=96&d=mm&r=g\",\"caption\":\"Redacci\u00f3n\"},\"url\":\"https:\/\/nitu.mx\/index.php\/author\/redaccion\/\"}]}<\/script>\n<!-- \/ Yoast SEO plugin. -->","yoast_head_json":{"title":"Dona Fonatur predios para proyecto de Puente Lagunar en Canc\u00fan - Nitu - Noticias de la Industria Turistica","robots":{"index":"index","follow":"follow","max-snippet":"max-snippet:-1","max-image-preview":"max-image-preview:large","max-video-preview":"max-video-preview:-1"},"canonical":"https:\/\/nitu.mx\/index.php\/2021\/11\/26\/dona-fonatur-predios-para-proyecto-de-puente-lagunar-en-cancun\/","twitter_card":"summary_large_image","twitter_title":"Dona Fonatur predios para proyecto de Puente Lagunar en Canc\u00fan - Nitu - Noticias de la Industria Turistica","twitter_description":"A trav\u00e9s de sus redes sociales, la Agencia de Proyectos Estrat\u00e9gicos (Agepro) dio a conocer que recibi\u00f3 del Fondo Nacional de Fomento al Turismo (Fonatur) las escrituras de dos predios donados como parte de los trabajos coordinados con el gobierno federal para consolidar el proyecto del Puente Lagunar Nichupt\u00e9. Lo anterior se acompa\u00f1a de un [&hellip;]","twitter_image":"https:\/\/nitu.mx\/wp-content\/uploads\/2021\/11\/Laguna-Nichupte\u0301.jpg","twitter_creator":"@NITUmx","twitter_site":"@Arturo_Medina_G","twitter_misc":{"Escrito por":"Redacci\u00f3n","Tiempo de lectura":"1 minuto"},"schema":{"@context":"https:\/\/schema.org","@graph":[{"@type":"Article","@id":"https:\/\/nitu.mx\/index.php\/2021\/11\/26\/dona-fonatur-predios-para-proyecto-de-puente-lagunar-en-cancun\/#article","isPartOf":{"@id":"https:\/\/nitu.mx\/index.php\/2021\/11\/26\/dona-fonatur-predios-para-proyecto-de-puente-lagunar-en-cancun\/"},"author":{"name":"Redacci\u00f3n","@id":"https:\/\/nitu.mx\/#\/schema\/person\/4a28fe9bd65924f7c90623773daf1b0b"},"headline":"Dona Fonatur predios para proyecto de Puente Lagunar en Canc\u00fan","datePublished":"2021-11-26T06:00:27+00:00","dateModified":"2021-11-26T06:08:19+00:00","mainEntityOfPage":{"@id":"https:\/\/nitu.mx\/index.php\/2021\/11\/26\/dona-fonatur-predios-para-proyecto-de-puente-lagunar-en-cancun\/"},"wordCount":278,"commentCount":0,"publisher":{"@id":"https:\/\/nitu.mx\/#\/schema\/person\/ae7a53426417292d3dd07b45a33e01bc"},"image":{"@id":"https:\/\/nitu.mx\/index.php\/2021\/11\/26\/dona-fonatur-predios-para-proyecto-de-puente-lagunar-en-cancun\/#primaryimage"},"thumbnailUrl":"https:\/\/nitu.mx\/wp-content\/uploads\/2021\/11\/Laguna-Nichupte\u0301.jpg","keywords":["Canc\u00fan","Caribe mexicano","Fonatur","Laguna Nichupt\u00e9"],"articleSection":["Canc\u00fan"],"inLanguage":"es-MX","potentialAction":[{"@type":"CommentAction","name":"Comment","target":["https:\/\/nitu.mx\/index.php\/2021\/11\/26\/dona-fonatur-predios-para-proyecto-de-puente-lagunar-en-cancun\/#respond"]}]},{"@type":"WebPage","@id":"https:\/\/nitu.mx\/index.php\/2021\/11\/26\/dona-fonatur-predios-para-proyecto-de-puente-lagunar-en-cancun\/","url":"https:\/\/nitu.mx\/index.php\/2021\/11\/26\/dona-fonatur-predios-para-proyecto-de-puente-lagunar-en-cancun\/","name":"Dona Fonatur predios para proyecto de Puente Lagunar en Canc\u00fan - Nitu - Noticias de la Industria Turistica","isPartOf":{"@id":"https:\/\/nitu.mx\/#website"},"primaryImageOfPage":{"@id":"https:\/\/nitu.mx\/index.php\/2021\/11\/26\/dona-fonatur-predios-para-proyecto-de-puente-lagunar-en-cancun\/#primaryimage"},"image":{"@id":"https:\/\/nitu.mx\/index.php\/2021\/11\/26\/dona-fonatur-predios-para-proyecto-de-puente-lagunar-en-cancun\/#primaryimage"},"thumbnailUrl":"https:\/\/nitu.mx\/wp-content\/uploads\/2021\/11\/Laguna-Nichupte\u0301.jpg","datePublished":"2021-11-26T06:00:27+00:00","dateModified":"2021-11-26T06:08:19+00:00","breadcrumb":{"@id":"https:\/\/nitu.mx\/index.php\/2021\/11\/26\/dona-fonatur-predios-para-proyecto-de-puente-lagunar-en-cancun\/#breadcrumb"},"inLanguage":"es-MX","potentialAction":[{"@type":"ReadAction","target":["https:\/\/nitu.mx\/index.php\/2021\/11\/26\/dona-fonatur-predios-para-proyecto-de-puente-lagunar-en-cancun\/"]}]},{"@type":"ImageObject","inLanguage":"es-MX","@id":"https:\/\/nitu.mx\/index.php\/2021\/11\/26\/dona-fonatur-predios-para-proyecto-de-puente-lagunar-en-cancun\/#primaryimage","url":"https:\/\/nitu.mx\/wp-content\/uploads\/2021\/11\/Laguna-Nichupte\u0301.jpg","contentUrl":"https:\/\/nitu.mx\/wp-content\/uploads\/2021\/11\/Laguna-Nichupte\u0301.jpg","width":1200,"height":675,"caption":"Laguna Nichupte\u0301"},{"@type":"BreadcrumbList","@id":"https:\/\/nitu.mx\/index.php\/2021\/11\/26\/dona-fonatur-predios-para-proyecto-de-puente-lagunar-en-cancun\/#breadcrumb","itemListElement":[{"@type":"ListItem","position":1,"name":"Inicio","item":"https:\/\/nitu.mx\/"},{"@type":"ListItem","position":2,"name":"Dona Fonatur predios para proyecto de Puente Lagunar en Canc\u00fan"}]},{"@type":"WebSite","@id":"https:\/\/nitu.mx\/#website","url":"https:\/\/nitu.mx\/","name":"Nitu - Noticias de la Industria Turistica","description":"Noticias de la Industria Turistica","publisher":{"@id":"https:\/\/nitu.mx\/#\/schema\/person\/ae7a53426417292d3dd07b45a33e01bc"},"alternateName":"Noticias de la Industria Turistica","potentialAction":[{"@type":"SearchAction","target":{"@type":"EntryPoint","urlTemplate":"https:\/\/nitu.mx\/?s={search_term_string}"},"query-input":"required name=search_term_string"}],"inLanguage":"es-MX"},{"@type":["Person","Organization"],"@id":"https:\/\/nitu.mx\/#\/schema\/person\/ae7a53426417292d3dd07b45a33e01bc","name":"Arturo Medina","image":{"@type":"ImageObject","inLanguage":"es-MX","@id":"https:\/\/nitu.mx\/#\/schema\/person\/image\/","url":"https:\/\/nitu.mx\/wp-content\/uploads\/2024\/04\/4A315622-1904-4D5C-B022-878CDC840E04-90x90-1.jpeg","contentUrl":"https:\/\/nitu.mx\/wp-content\/uploads\/2024\/04\/4A315622-1904-4D5C-B022-878CDC840E04-90x90-1.jpeg","width":90,"height":90,"caption":"Arturo Medina"},"logo":{"@id":"https:\/\/nitu.mx\/#\/schema\/person\/image\/"},"description":"Director NITU.mx, Egresado de la Escuela de Periodismo Carlos Septi\u00e9n Garc\u00eda. Periodista y analista especializado en turismo desde hace 35 a\u00f1os, radicado en Canc\u00fan Q.Roo. arturo@nitu.mx","sameAs":["https:\/\/nitu.mx","https:\/\/www.facebook.com\/NITUmx\/","medinacancun","https:\/\/twitter.com\/@Arturo_Medina_G"]},{"@type":"Person","@id":"https:\/\/nitu.mx\/#\/schema\/person\/4a28fe9bd65924f7c90623773daf1b0b","name":"Redacci\u00f3n","image":{"@type":"ImageObject","inLanguage":"es-MX","@id":"https:\/\/nitu.mx\/#\/schema\/person\/image\/","url":"https:\/\/secure.gravatar.com\/avatar\/5dd011c8ccfc5cd7e4c81e42252aab38?s=96&d=mm&r=g","contentUrl":"https:\/\/secure.gravatar.com\/avatar\/5dd011c8ccfc5cd7e4c81e42252aab38?s=96&d=mm&r=g","caption":"Redacci\u00f3n"},"url":"https:\/\/nitu.mx\/index.php\/author\/redaccion\/"}]}},"views":369,"_links":{"self":[{"href":"https:\/\/nitu.mx\/index.php\/wp-json\/wp\/v2\/posts\/56773"}],"collection":[{"href":"https:\/\/nitu.mx\/index.php\/wp-json\/wp\/v2\/posts"}],"about":[{"href":"https:\/\/nitu.mx\/index.php\/wp-json\/wp\/v2\/types\/post"}],"author":[{"embeddable":true,"href":"https:\/\/nitu.mx\/index.php\/wp-json\/wp\/v2\/users\/17"}],"replies":[{"embeddable":true,"href":"https:\/\/nitu.mx\/index.php\/wp-json\/wp\/v2\/comments?post=56773"}],"version-history":[{"count":5,"href":"https:\/\/nitu.mx\/index.php\/wp-json\/wp\/v2\/posts\/56773\/revisions"}],"predecessor-version":[{"id":56792,"href":"https:\/\/nitu.mx\/index.php\/wp-json\/wp\/v2\/posts\/56773\/revisions\/56792"}],"wp:featuredmedia":[{"embeddable":true,"href":"https:\/\/nitu.mx\/index.php\/wp-json\/wp\/v2\/media\/56791"}],"wp:attachment":[{"href":"https:\/\/nitu.mx\/index.php\/wp-json\/wp\/v2\/media?parent=56773"}],"wp:term":[{"taxonomy":"category","embeddable":true,"href":"https:\/\/nitu.mx\/index.php\/wp-json\/wp\/v2\/categories?post=56773"},{"taxonomy":"post_tag","embeddable":true,"href":"https:\/\/nitu.mx\/index.php\/wp-json\/wp\/v2\/tags?post=56773"}],"curies":[{"name":"wp","href":"https:\/\/api.w.org\/{rel}","templated":true}]}}