{"id":56728,"date":"2021-11-24T15:49:13","date_gmt":"2021-11-24T20:49:13","guid":{"rendered":"https:\/\/www.dev.nitu.mx\/?p=56728"},"modified":"2021-11-25T01:17:57","modified_gmt":"2021-11-25T06:17:57","slug":"viva-aerobus-anuncia-rutas-desde-al-aifa-aeromexico-sigue-renuente","status":"publish","type":"post","link":"https:\/\/nitu.mx\/index.php\/2021\/11\/24\/viva-aerobus-anuncia-rutas-desde-al-aifa-aeromexico-sigue-renuente\/","title":{"rendered":"Viva Aerobus anuncia rutas al AIFA, Aerom\u00e9xico sigue renuente"},"content":{"rendered":"<p>Viva Aerobus confirm\u00f3 que iniciar\u00e1 operaciones en el Aeropuerto Internacional Felipe \u00c1ngeles (AIFA) a partir del 21 de marzo, fecha programada para su inauguraci\u00f3n, con el lanzamiento de dos rutas, en tanto que Aerom\u00e9xico insiste en que no ve viable volar desde aqu\u00ed.<\/p>\n<p>La aerol\u00ednea de bajo costo operar\u00e1 vuelos a Monterrey y Guadalajara con una frecuencia diaria, con tarifas desde los 304 pesos en vuelo sencillo, y complementar\u00e1n la oferta que tiene actualmente en el Aeropuerto Internacional de la Ciudad de M\u00e9xico (AICM).<\/p>\n<p>Adem\u00e1s, Viva Aerobus tambi\u00e9n anunci\u00f3 el lanzamiento de su servicio de transporte \u201cViva Bus\u201d, exclusivos para los pasajeros de la aerol\u00ednea, que los llevar\u00e1 desde y hacia la Central de Autobuses del Norte de CDMX al AIFA.<\/p>\n<p>Las salidas est\u00e1n programadas para empatar con los horarios de los vuelos y tendr\u00e1 un costo de 75 pesos. Los boletos de este servicio estar\u00e1n disponibles en la p\u00e1gina web, Viva Tiendas, la Central de Autobuses o con los sobrecargos durante el vuelo.<\/p>\n<p>El director general de Viva Aerobus, Juan Carlos Zuazua, coment\u00f3 \u201cIniciar una operaci\u00f3n comercial en el Aeropuerto Felipe \u00c1ngeles responde a la creciente demanda que se ha registrado en los \u00faltimos a\u00f1os en la Zona Metropolitana del Valle de M\u00e9xico. El compromiso de Viva Aerobus es seguir conectando destinos para que cada vez m\u00e1s personas tengan la oportunidad de acceder a un transporte a\u00e9reo conveniente, seguro y confiable\u201d.<\/p>\n<p>Los horarios de la ruta desde Monterrey al AIFA ser\u00e1 con salida a las 10:30 horas con llegada a las 12:00 y el regreso de 12:30 con llegada a las 14:10 h. El vuelo de Guadalajara despega a las 9:45 y llegar\u00e1 a las 11:00, para regresas a las 11:30 aterrizando a las 13:00 horas.<\/p>\n<p>Mientras las aerol\u00edneas de bajo costo ya dieron su visto bueno para operar desde el AIFA, Aerom\u00e9xico mantiene su postura para no tener rutas en el nuevo aeropuerto, por un tema comercial.\u00a0<a title=\"Volaris da espaldarazo a \u201cSanta Luc\u00eda\u201d, inicia operaciones 22 marzo\" href=\"https:\/\/www.dev.nitu.mx\/index.php\/2021\/10\/27\/volaris-da-espaldarazo-a-santa-lucia-inicia-operaciones-22-marzo\/\" rel=\"bookmark\">(Volaris da espaldarazo a \u201cSanta Luc\u00eda\u201d, inicia operaciones 22 marzo<\/a>).<\/p>\n<p>Al participar en el XIII Encuentro de Seguridad A\u00e9rea, Juan Carlos Gonz\u00e1lez Curzio, director de seguridad a\u00e9rea de la aerol\u00ednea bandera de M\u00e9xico, precis\u00f3 que el AIFA cuenta con los est\u00e1ndares de seguridad para operar.<\/p>\n<p>Sin embargo, dividir las operaciones entre esta terminal y el AICM resultan poco viables a nivel comercial, por lo que la apuesta es a ampliar su presencia en la T1 del aeropuerto capitalino, como ocurrir\u00e1 en diciembre pr\u00f3ximo.\u00a0<a title=\"Aerom\u00e9xico descarta AIFA y se extiende en T1 del AICM\" href=\"https:\/\/www.dev.nitu.mx\/index.php\/2021\/11\/01\/aeromexico-descarta-aifa-y-se-extiende-en-t1-del-aicm\/\" rel=\"bookmark\">(Aerom\u00e9xico descarta AIFA y se extiende en T1 del AICM<\/a>).<\/p>\n","protected":false},"excerpt":{"rendered":"<p>Viva Aerobus confirm\u00f3 que iniciar\u00e1 operaciones en el Aeropuerto Internacional Felipe \u00c1ngeles (AIFA) a partir del 21 de marzo, fecha programada para su inauguraci\u00f3n, con el lanzamiento de dos rutas, en tanto que Aerom\u00e9xico insiste en que no ve viable volar desde aqu\u00ed. La aerol\u00ednea de bajo costo operar\u00e1 vuelos a Monterrey y Guadalajara con [&hellip;]<\/p>\n","protected":false},"author":17,"featured_media":47779,"comment_status":"open","ping_status":"open","sticky":false,"template":"","format":"standard","meta":{"footnotes":""},"categories":[29],"tags":[30,21925,587,490,295,491,2102],"yoast_head":"<!-- This site is optimized with the Yoast SEO plugin v22.2 - https:\/\/yoast.com\/wordpress\/plugins\/seo\/ -->\n<title>Viva Aerobus anuncia rutas al AIFA, Aerom\u00e9xico sigue renuente - Nitu - Noticias de la Industria Turistica<\/title>\n<meta name=\"robots\" content=\"index, follow, max-snippet:-1, max-image-preview:large, max-video-preview:-1\" \/>\n<link rel=\"canonical\" href=\"https:\/\/nitu.mx\/index.php\/2021\/11\/24\/viva-aerobus-anuncia-rutas-desde-al-aifa-aeromexico-sigue-renuente\/\" \/>\n<meta name=\"twitter:card\" content=\"summary_large_image\" \/>\n<meta name=\"twitter:title\" content=\"Viva Aerobus anuncia rutas al AIFA, Aerom\u00e9xico sigue renuente - Nitu - Noticias de la Industria Turistica\" \/>\n<meta name=\"twitter:description\" content=\"Viva Aerobus confirm\u00f3 que iniciar\u00e1 operaciones en el Aeropuerto Internacional Felipe \u00c1ngeles (AIFA) a partir del 21 de marzo, fecha programada para su inauguraci\u00f3n, con el lanzamiento de dos rutas, en tanto que Aerom\u00e9xico insiste en que no ve viable volar desde aqu\u00ed. La aerol\u00ednea de bajo costo operar\u00e1 vuelos a Monterrey y Guadalajara con [&hellip;]\" \/>\n<meta name=\"twitter:image\" content=\"https:\/\/nitu.mx\/wp-content\/uploads\/2020\/11\/Viva-aerobus.jpg\" \/>\n<meta name=\"twitter:creator\" content=\"@NITUmx\" \/>\n<meta name=\"twitter:site\" content=\"@Arturo_Medina_G\" \/>\n<meta name=\"twitter:label1\" content=\"Escrito por\" \/>\n\t<meta name=\"twitter:data1\" content=\"Redacci\u00f3n\" \/>\n\t<meta name=\"twitter:label2\" content=\"Tiempo de lectura\" \/>\n\t<meta name=\"twitter:data2\" content=\"2 minutos\" \/>\n<script type=\"application\/ld+json\" class=\"yoast-schema-graph\">{\"@context\":\"https:\/\/schema.org\",\"@graph\":[{\"@type\":\"Article\",\"@id\":\"https:\/\/nitu.mx\/index.php\/2021\/11\/24\/viva-aerobus-anuncia-rutas-desde-al-aifa-aeromexico-sigue-renuente\/#article\",\"isPartOf\":{\"@id\":\"https:\/\/nitu.mx\/index.php\/2021\/11\/24\/viva-aerobus-anuncia-rutas-desde-al-aifa-aeromexico-sigue-renuente\/\"},\"author\":{\"name\":\"Redacci\u00f3n\",\"@id\":\"https:\/\/nitu.mx\/#\/schema\/person\/4a28fe9bd65924f7c90623773daf1b0b\"},\"headline\":\"Viva Aerobus anuncia rutas al AIFA, Aerom\u00e9xico sigue renuente\",\"datePublished\":\"2021-11-24T20:49:13+00:00\",\"dateModified\":\"2021-11-25T06:17:57+00:00\",\"mainEntityOfPage\":{\"@id\":\"https:\/\/nitu.mx\/index.php\/2021\/11\/24\/viva-aerobus-anuncia-rutas-desde-al-aifa-aeromexico-sigue-renuente\/\"},\"wordCount\":437,\"commentCount\":0,\"publisher\":{\"@id\":\"https:\/\/nitu.mx\/#\/schema\/person\/ae7a53426417292d3dd07b45a33e01bc\"},\"image\":{\"@id\":\"https:\/\/nitu.mx\/index.php\/2021\/11\/24\/viva-aerobus-anuncia-rutas-desde-al-aifa-aeromexico-sigue-renuente\/#primaryimage\"},\"thumbnailUrl\":\"https:\/\/nitu.mx\/wp-content\/uploads\/2020\/11\/Viva-aerobus.jpg\",\"keywords\":[\"Aerom\u00e9xico\",\"AIFA\",\"CDMX\",\"Guadalajara\",\"Juan Carlos Zuazua\",\"Monterrey\",\"Viva Aerobus\"],\"articleSection\":[\"Aerol\u00edneas\"],\"inLanguage\":\"es-MX\",\"potentialAction\":[{\"@type\":\"CommentAction\",\"name\":\"Comment\",\"target\":[\"https:\/\/nitu.mx\/index.php\/2021\/11\/24\/viva-aerobus-anuncia-rutas-desde-al-aifa-aeromexico-sigue-renuente\/#respond\"]}]},{\"@type\":\"WebPage\",\"@id\":\"https:\/\/nitu.mx\/index.php\/2021\/11\/24\/viva-aerobus-anuncia-rutas-desde-al-aifa-aeromexico-sigue-renuente\/\",\"url\":\"https:\/\/nitu.mx\/index.php\/2021\/11\/24\/viva-aerobus-anuncia-rutas-desde-al-aifa-aeromexico-sigue-renuente\/\",\"name\":\"Viva Aerobus anuncia rutas al AIFA, Aerom\u00e9xico sigue renuente - Nitu - Noticias de la Industria Turistica\",\"isPartOf\":{\"@id\":\"https:\/\/nitu.mx\/#website\"},\"primaryImageOfPage\":{\"@id\":\"https:\/\/nitu.mx\/index.php\/2021\/11\/24\/viva-aerobus-anuncia-rutas-desde-al-aifa-aeromexico-sigue-renuente\/#primaryimage\"},\"image\":{\"@id\":\"https:\/\/nitu.mx\/index.php\/2021\/11\/24\/viva-aerobus-anuncia-rutas-desde-al-aifa-aeromexico-sigue-renuente\/#primaryimage\"},\"thumbnailUrl\":\"https:\/\/nitu.mx\/wp-content\/uploads\/2020\/11\/Viva-aerobus.jpg\",\"datePublished\":\"2021-11-24T20:49:13+00:00\",\"dateModified\":\"2021-11-25T06:17:57+00:00\",\"breadcrumb\":{\"@id\":\"https:\/\/nitu.mx\/index.php\/2021\/11\/24\/viva-aerobus-anuncia-rutas-desde-al-aifa-aeromexico-sigue-renuente\/#breadcrumb\"},\"inLanguage\":\"es-MX\",\"potentialAction\":[{\"@type\":\"ReadAction\",\"target\":[\"https:\/\/nitu.mx\/index.php\/2021\/11\/24\/viva-aerobus-anuncia-rutas-desde-al-aifa-aeromexico-sigue-renuente\/\"]}]},{\"@type\":\"ImageObject\",\"inLanguage\":\"es-MX\",\"@id\":\"https:\/\/nitu.mx\/index.php\/2021\/11\/24\/viva-aerobus-anuncia-rutas-desde-al-aifa-aeromexico-sigue-renuente\/#primaryimage\",\"url\":\"https:\/\/nitu.mx\/wp-content\/uploads\/2020\/11\/Viva-aerobus.jpg\",\"contentUrl\":\"https:\/\/nitu.mx\/wp-content\/uploads\/2020\/11\/Viva-aerobus.jpg\",\"width\":1200,\"height\":675,\"caption\":\"Viva Aerobus\"},{\"@type\":\"BreadcrumbList\",\"@id\":\"https:\/\/nitu.mx\/index.php\/2021\/11\/24\/viva-aerobus-anuncia-rutas-desde-al-aifa-aeromexico-sigue-renuente\/#breadcrumb\",\"itemListElement\":[{\"@type\":\"ListItem\",\"position\":1,\"name\":\"Inicio\",\"item\":\"https:\/\/nitu.mx\/\"},{\"@type\":\"ListItem\",\"position\":2,\"name\":\"Viva Aerobus anuncia rutas al AIFA, Aerom\u00e9xico sigue renuente\"}]},{\"@type\":\"WebSite\",\"@id\":\"https:\/\/nitu.mx\/#website\",\"url\":\"https:\/\/nitu.mx\/\",\"name\":\"Nitu - Noticias de la Industria Turistica\",\"description\":\"Noticias de la Industria Turistica\",\"publisher\":{\"@id\":\"https:\/\/nitu.mx\/#\/schema\/person\/ae7a53426417292d3dd07b45a33e01bc\"},\"alternateName\":\"Noticias de la Industria Turistica\",\"potentialAction\":[{\"@type\":\"SearchAction\",\"target\":{\"@type\":\"EntryPoint\",\"urlTemplate\":\"https:\/\/nitu.mx\/?s={search_term_string}\"},\"query-input\":\"required name=search_term_string\"}],\"inLanguage\":\"es-MX\"},{\"@type\":[\"Person\",\"Organization\"],\"@id\":\"https:\/\/nitu.mx\/#\/schema\/person\/ae7a53426417292d3dd07b45a33e01bc\",\"name\":\"Arturo Medina\",\"image\":{\"@type\":\"ImageObject\",\"inLanguage\":\"es-MX\",\"@id\":\"https:\/\/nitu.mx\/#\/schema\/person\/image\/\",\"url\":\"https:\/\/nitu.mx\/wp-content\/uploads\/2024\/04\/4A315622-1904-4D5C-B022-878CDC840E04-90x90-1.jpeg\",\"contentUrl\":\"https:\/\/nitu.mx\/wp-content\/uploads\/2024\/04\/4A315622-1904-4D5C-B022-878CDC840E04-90x90-1.jpeg\",\"width\":90,\"height\":90,\"caption\":\"Arturo Medina\"},\"logo\":{\"@id\":\"https:\/\/nitu.mx\/#\/schema\/person\/image\/\"},\"description\":\"Director NITU.mx, Egresado de la Escuela de Periodismo Carlos Septi\u00e9n Garc\u00eda. Periodista y analista especializado en turismo desde hace 35 a\u00f1os, radicado en Canc\u00fan Q.Roo. arturo@nitu.mx\",\"sameAs\":[\"https:\/\/nitu.mx\",\"https:\/\/www.facebook.com\/NITUmx\/\",\"medinacancun\",\"https:\/\/twitter.com\/@Arturo_Medina_G\"]},{\"@type\":\"Person\",\"@id\":\"https:\/\/nitu.mx\/#\/schema\/person\/4a28fe9bd65924f7c90623773daf1b0b\",\"name\":\"Redacci\u00f3n\",\"image\":{\"@type\":\"ImageObject\",\"inLanguage\":\"es-MX\",\"@id\":\"https:\/\/nitu.mx\/#\/schema\/person\/image\/\",\"url\":\"https:\/\/secure.gravatar.com\/avatar\/5dd011c8ccfc5cd7e4c81e42252aab38?s=96&d=mm&r=g\",\"contentUrl\":\"https:\/\/secure.gravatar.com\/avatar\/5dd011c8ccfc5cd7e4c81e42252aab38?s=96&d=mm&r=g\",\"caption\":\"Redacci\u00f3n\"},\"url\":\"https:\/\/nitu.mx\/index.php\/author\/redaccion\/\"}]}<\/script>\n<!-- \/ Yoast SEO plugin. -->","yoast_head_json":{"title":"Viva Aerobus anuncia rutas al AIFA, Aerom\u00e9xico sigue renuente - Nitu - Noticias de la Industria Turistica","robots":{"index":"index","follow":"follow","max-snippet":"max-snippet:-1","max-image-preview":"max-image-preview:large","max-video-preview":"max-video-preview:-1"},"canonical":"https:\/\/nitu.mx\/index.php\/2021\/11\/24\/viva-aerobus-anuncia-rutas-desde-al-aifa-aeromexico-sigue-renuente\/","twitter_card":"summary_large_image","twitter_title":"Viva Aerobus anuncia rutas al AIFA, Aerom\u00e9xico sigue renuente - Nitu - Noticias de la Industria Turistica","twitter_description":"Viva Aerobus confirm\u00f3 que iniciar\u00e1 operaciones en el Aeropuerto Internacional Felipe \u00c1ngeles (AIFA) a partir del 21 de marzo, fecha programada para su inauguraci\u00f3n, con el lanzamiento de dos rutas, en tanto que Aerom\u00e9xico insiste en que no ve viable volar desde aqu\u00ed. La aerol\u00ednea de bajo costo operar\u00e1 vuelos a Monterrey y Guadalajara con [&hellip;]","twitter_image":"https:\/\/nitu.mx\/wp-content\/uploads\/2020\/11\/Viva-aerobus.jpg","twitter_creator":"@NITUmx","twitter_site":"@Arturo_Medina_G","twitter_misc":{"Escrito por":"Redacci\u00f3n","Tiempo de lectura":"2 minutos"},"schema":{"@context":"https:\/\/schema.org","@graph":[{"@type":"Article","@id":"https:\/\/nitu.mx\/index.php\/2021\/11\/24\/viva-aerobus-anuncia-rutas-desde-al-aifa-aeromexico-sigue-renuente\/#article","isPartOf":{"@id":"https:\/\/nitu.mx\/index.php\/2021\/11\/24\/viva-aerobus-anuncia-rutas-desde-al-aifa-aeromexico-sigue-renuente\/"},"author":{"name":"Redacci\u00f3n","@id":"https:\/\/nitu.mx\/#\/schema\/person\/4a28fe9bd65924f7c90623773daf1b0b"},"headline":"Viva Aerobus anuncia rutas al AIFA, Aerom\u00e9xico sigue renuente","datePublished":"2021-11-24T20:49:13+00:00","dateModified":"2021-11-25T06:17:57+00:00","mainEntityOfPage":{"@id":"https:\/\/nitu.mx\/index.php\/2021\/11\/24\/viva-aerobus-anuncia-rutas-desde-al-aifa-aeromexico-sigue-renuente\/"},"wordCount":437,"commentCount":0,"publisher":{"@id":"https:\/\/nitu.mx\/#\/schema\/person\/ae7a53426417292d3dd07b45a33e01bc"},"image":{"@id":"https:\/\/nitu.mx\/index.php\/2021\/11\/24\/viva-aerobus-anuncia-rutas-desde-al-aifa-aeromexico-sigue-renuente\/#primaryimage"},"thumbnailUrl":"https:\/\/nitu.mx\/wp-content\/uploads\/2020\/11\/Viva-aerobus.jpg","keywords":["Aerom\u00e9xico","AIFA","CDMX","Guadalajara","Juan Carlos Zuazua","Monterrey","Viva Aerobus"],"articleSection":["Aerol\u00edneas"],"inLanguage":"es-MX","potentialAction":[{"@type":"CommentAction","name":"Comment","target":["https:\/\/nitu.mx\/index.php\/2021\/11\/24\/viva-aerobus-anuncia-rutas-desde-al-aifa-aeromexico-sigue-renuente\/#respond"]}]},{"@type":"WebPage","@id":"https:\/\/nitu.mx\/index.php\/2021\/11\/24\/viva-aerobus-anuncia-rutas-desde-al-aifa-aeromexico-sigue-renuente\/","url":"https:\/\/nitu.mx\/index.php\/2021\/11\/24\/viva-aerobus-anuncia-rutas-desde-al-aifa-aeromexico-sigue-renuente\/","name":"Viva Aerobus anuncia rutas al AIFA, Aerom\u00e9xico sigue renuente - Nitu - Noticias de la Industria Turistica","isPartOf":{"@id":"https:\/\/nitu.mx\/#website"},"primaryImageOfPage":{"@id":"https:\/\/nitu.mx\/index.php\/2021\/11\/24\/viva-aerobus-anuncia-rutas-desde-al-aifa-aeromexico-sigue-renuente\/#primaryimage"},"image":{"@id":"https:\/\/nitu.mx\/index.php\/2021\/11\/24\/viva-aerobus-anuncia-rutas-desde-al-aifa-aeromexico-sigue-renuente\/#primaryimage"},"thumbnailUrl":"https:\/\/nitu.mx\/wp-content\/uploads\/2020\/11\/Viva-aerobus.jpg","datePublished":"2021-11-24T20:49:13+00:00","dateModified":"2021-11-25T06:17:57+00:00","breadcrumb":{"@id":"https:\/\/nitu.mx\/index.php\/2021\/11\/24\/viva-aerobus-anuncia-rutas-desde-al-aifa-aeromexico-sigue-renuente\/#breadcrumb"},"inLanguage":"es-MX","potentialAction":[{"@type":"ReadAction","target":["https:\/\/nitu.mx\/index.php\/2021\/11\/24\/viva-aerobus-anuncia-rutas-desde-al-aifa-aeromexico-sigue-renuente\/"]}]},{"@type":"ImageObject","inLanguage":"es-MX","@id":"https:\/\/nitu.mx\/index.php\/2021\/11\/24\/viva-aerobus-anuncia-rutas-desde-al-aifa-aeromexico-sigue-renuente\/#primaryimage","url":"https:\/\/nitu.mx\/wp-content\/uploads\/2020\/11\/Viva-aerobus.jpg","contentUrl":"https:\/\/nitu.mx\/wp-content\/uploads\/2020\/11\/Viva-aerobus.jpg","width":1200,"height":675,"caption":"Viva Aerobus"},{"@type":"BreadcrumbList","@id":"https:\/\/nitu.mx\/index.php\/2021\/11\/24\/viva-aerobus-anuncia-rutas-desde-al-aifa-aeromexico-sigue-renuente\/#breadcrumb","itemListElement":[{"@type":"ListItem","position":1,"name":"Inicio","item":"https:\/\/nitu.mx\/"},{"@type":"ListItem","position":2,"name":"Viva Aerobus anuncia rutas al AIFA, Aerom\u00e9xico sigue renuente"}]},{"@type":"WebSite","@id":"https:\/\/nitu.mx\/#website","url":"https:\/\/nitu.mx\/","name":"Nitu - Noticias de la Industria Turistica","description":"Noticias de la Industria Turistica","publisher":{"@id":"https:\/\/nitu.mx\/#\/schema\/person\/ae7a53426417292d3dd07b45a33e01bc"},"alternateName":"Noticias de la Industria Turistica","potentialAction":[{"@type":"SearchAction","target":{"@type":"EntryPoint","urlTemplate":"https:\/\/nitu.mx\/?s={search_term_string}"},"query-input":"required name=search_term_string"}],"inLanguage":"es-MX"},{"@type":["Person","Organization"],"@id":"https:\/\/nitu.mx\/#\/schema\/person\/ae7a53426417292d3dd07b45a33e01bc","name":"Arturo Medina","image":{"@type":"ImageObject","inLanguage":"es-MX","@id":"https:\/\/nitu.mx\/#\/schema\/person\/image\/","url":"https:\/\/nitu.mx\/wp-content\/uploads\/2024\/04\/4A315622-1904-4D5C-B022-878CDC840E04-90x90-1.jpeg","contentUrl":"https:\/\/nitu.mx\/wp-content\/uploads\/2024\/04\/4A315622-1904-4D5C-B022-878CDC840E04-90x90-1.jpeg","width":90,"height":90,"caption":"Arturo Medina"},"logo":{"@id":"https:\/\/nitu.mx\/#\/schema\/person\/image\/"},"description":"Director NITU.mx, Egresado de la Escuela de Periodismo Carlos Septi\u00e9n Garc\u00eda. Periodista y analista especializado en turismo desde hace 35 a\u00f1os, radicado en Canc\u00fan Q.Roo. arturo@nitu.mx","sameAs":["https:\/\/nitu.mx","https:\/\/www.facebook.com\/NITUmx\/","medinacancun","https:\/\/twitter.com\/@Arturo_Medina_G"]},{"@type":"Person","@id":"https:\/\/nitu.mx\/#\/schema\/person\/4a28fe9bd65924f7c90623773daf1b0b","name":"Redacci\u00f3n","image":{"@type":"ImageObject","inLanguage":"es-MX","@id":"https:\/\/nitu.mx\/#\/schema\/person\/image\/","url":"https:\/\/secure.gravatar.com\/avatar\/5dd011c8ccfc5cd7e4c81e42252aab38?s=96&d=mm&r=g","contentUrl":"https:\/\/secure.gravatar.com\/avatar\/5dd011c8ccfc5cd7e4c81e42252aab38?s=96&d=mm&r=g","caption":"Redacci\u00f3n"},"url":"https:\/\/nitu.mx\/index.php\/author\/redaccion\/"}]}},"views":301,"_links":{"self":[{"href":"https:\/\/nitu.mx\/index.php\/wp-json\/wp\/v2\/posts\/56728"}],"collection":[{"href":"https:\/\/nitu.mx\/index.php\/wp-json\/wp\/v2\/posts"}],"about":[{"href":"https:\/\/nitu.mx\/index.php\/wp-json\/wp\/v2\/types\/post"}],"author":[{"embeddable":true,"href":"https:\/\/nitu.mx\/index.php\/wp-json\/wp\/v2\/users\/17"}],"replies":[{"embeddable":true,"href":"https:\/\/nitu.mx\/index.php\/wp-json\/wp\/v2\/comments?post=56728"}],"version-history":[{"count":3,"href":"https:\/\/nitu.mx\/index.php\/wp-json\/wp\/v2\/posts\/56728\/revisions"}],"predecessor-version":[{"id":56753,"href":"https:\/\/nitu.mx\/index.php\/wp-json\/wp\/v2\/posts\/56728\/revisions\/56753"}],"wp:featuredmedia":[{"embeddable":true,"href":"https:\/\/nitu.mx\/index.php\/wp-json\/wp\/v2\/media\/47779"}],"wp:attachment":[{"href":"https:\/\/nitu.mx\/index.php\/wp-json\/wp\/v2\/media?parent=56728"}],"wp:term":[{"taxonomy":"category","embeddable":true,"href":"https:\/\/nitu.mx\/index.php\/wp-json\/wp\/v2\/categories?post=56728"},{"taxonomy":"post_tag","embeddable":true,"href":"https:\/\/nitu.mx\/index.php\/wp-json\/wp\/v2\/tags?post=56728"}],"curies":[{"name":"wp","href":"https:\/\/api.w.org\/{rel}","templated":true}]}}