{"id":56701,"date":"2021-11-23T19:17:05","date_gmt":"2021-11-24T00:17:05","guid":{"rendered":"https:\/\/www.dev.nitu.mx\/?p=56701"},"modified":"2021-11-24T01:24:14","modified_gmt":"2021-11-24T06:24:14","slug":"afeet-celebra-51-anos-como-referente-de-la-empresaria-turistica","status":"publish","type":"post","link":"https:\/\/nitu.mx\/index.php\/2021\/11\/23\/afeet-celebra-51-anos-como-referente-de-la-empresaria-turistica\/","title":{"rendered":"AFEET celebra 51 a\u00f1os como referente de la empresaria tur\u00edstica"},"content":{"rendered":"<p>Este 21 de noviembre, la Asociaci\u00f3n Femenil de Ejecutivas de Empresas Tur\u00edsticas (AFEET) celebr\u00f3 51 a\u00f1os de haberse fundado, tiempo en el que ha hecho historia como referente de la mujer empresaria dedicada al turismo.<\/p>\n<p>AFEET naci\u00f3 en 1970, cuando 5 mujeres decididas, emprendedoras y entusiastas, deciden unirse para crear una asociaci\u00f3n exclusiva de mujeres, en el tiempo de una industria liderada en su mayor\u00eda por hombres.<\/p>\n<p>Irma Bravo, socia fundadora de la asociaci\u00f3n, narr\u00f3 c\u00f3mo fue este inicio al ser convocada a una reuni\u00f3n liderada en ese entonces por Carolina Guti\u00e9rrez, quien trabajaba en ese entonces para una de las aerol\u00edneas internacionales m\u00e1s importantes de la industria, y la idea surgi\u00f3 porque en ese entonces en Estados Unidos y en Europa ya se estaban formando clubes de mujeres activas dentro de la industria tur\u00edstica.<\/p>\n<p>De ah\u00ed vinieron varias reuniones, la primera con cinco asistentes y que poco a poco fueron increment\u00e1ndose hasta formar la primera Mesa Directiva de AFEET con Cecilia Martin como primera Presidenta, la segunda Presidenta fue Ma. Teresa P\u00e9rez y la tercera Irma Bravo.<\/p>\n<p>Luego de los tr\u00e1mites necesarios para el registro formal del organismo, se integr\u00f3 a la asociaci\u00f3n internacional IFTWO, entre otras, y de las 30 socias que la integraron en su momento, r\u00e1pidamente pasaron a 100.<\/p>\n<p>En los primeros 10 a\u00f1os de AFEET tambi\u00e9n lleg\u00f3 su expansi\u00f3n a trav\u00e9s de las filiales en los estados del pa\u00eds. Actualmente, cuenta con m\u00e1s de 400 socias activas en 11 Cap\u00edtulos Filiales Acapulco, Campeche, Coahuila, Guadalajara, Guanajuato, Monterrey, Oaxaca, Quer\u00e9taro, Quintana Roo, Sinaloa y Yucat\u00e1n, y dos internacionales.<\/p>\n<p>Adem\u00e1s, AFEET es miembro de organismos internacionales como el WTTC, OMT y CNET y mantiene compromiso especial con la UNICEF, entre otros programas sociales que apoya.\u00a0<a title=\"AFEET lista para Tianguis Tur\u00edstico con 64 socias\" href=\"https:\/\/www.dev.nitu.mx\/index.php\/2021\/10\/29\/afeet-lista-para-tianguis-turistico-con-64-socias\/\" rel=\"bookmark\">(AFEET lista para Tianguis Tur\u00edstico con 64 socias<\/a>).<\/p>\n","protected":false},"excerpt":{"rendered":"<p>Este 21 de noviembre, la Asociaci\u00f3n Femenil de Ejecutivas de Empresas Tur\u00edsticas (AFEET) celebr\u00f3 51 a\u00f1os de haberse fundado, tiempo en el que ha hecho historia como referente de la mujer empresaria dedicada al turismo. AFEET naci\u00f3 en 1970, cuando 5 mujeres decididas, emprendedoras y entusiastas, deciden unirse para crear una asociaci\u00f3n exclusiva de mujeres, [&hellip;]<\/p>\n","protected":false},"author":18,"featured_media":56705,"comment_status":"open","ping_status":"open","sticky":false,"template":"","format":"standard","meta":{"footnotes":""},"categories":[3],"tags":[2078,22933,834,22934,17451,1960,4931],"yoast_head":"<!-- This site is optimized with the Yoast SEO plugin v22.2 - https:\/\/yoast.com\/wordpress\/plugins\/seo\/ -->\n<title>AFEET celebra 51 a\u00f1os como referente de la empresaria tur\u00edstica - Nitu - Noticias de la Industria Turistica<\/title>\n<meta name=\"robots\" content=\"index, follow, max-snippet:-1, max-image-preview:large, max-video-preview:-1\" \/>\n<link rel=\"canonical\" href=\"https:\/\/nitu.mx\/index.php\/2021\/11\/23\/afeet-celebra-51-anos-como-referente-de-la-empresaria-turistica\/\" \/>\n<meta name=\"twitter:card\" content=\"summary_large_image\" \/>\n<meta name=\"twitter:title\" content=\"AFEET celebra 51 a\u00f1os como referente de la empresaria tur\u00edstica - Nitu - Noticias de la Industria Turistica\" \/>\n<meta name=\"twitter:description\" content=\"Este 21 de noviembre, la Asociaci\u00f3n Femenil de Ejecutivas de Empresas Tur\u00edsticas (AFEET) celebr\u00f3 51 a\u00f1os de haberse fundado, tiempo en el que ha hecho historia como referente de la mujer empresaria dedicada al turismo. AFEET naci\u00f3 en 1970, cuando 5 mujeres decididas, emprendedoras y entusiastas, deciden unirse para crear una asociaci\u00f3n exclusiva de mujeres, [&hellip;]\" \/>\n<meta name=\"twitter:image\" content=\"https:\/\/nitu.mx\/wp-content\/uploads\/2021\/11\/AFEET-51-a\u00f1os.jpg\" \/>\n<meta name=\"twitter:creator\" content=\"@NITUmx\" \/>\n<meta name=\"twitter:site\" content=\"@Arturo_Medina_G\" \/>\n<meta name=\"twitter:label1\" content=\"Escrito por\" \/>\n\t<meta name=\"twitter:data1\" content=\"Guadalupe Sixto\" \/>\n\t<meta name=\"twitter:label2\" content=\"Tiempo de lectura\" \/>\n\t<meta name=\"twitter:data2\" content=\"2 minutos\" \/>\n<script type=\"application\/ld+json\" class=\"yoast-schema-graph\">{\"@context\":\"https:\/\/schema.org\",\"@graph\":[{\"@type\":\"Article\",\"@id\":\"https:\/\/nitu.mx\/index.php\/2021\/11\/23\/afeet-celebra-51-anos-como-referente-de-la-empresaria-turistica\/#article\",\"isPartOf\":{\"@id\":\"https:\/\/nitu.mx\/index.php\/2021\/11\/23\/afeet-celebra-51-anos-como-referente-de-la-empresaria-turistica\/\"},\"author\":{\"name\":\"Guadalupe Sixto\",\"@id\":\"https:\/\/nitu.mx\/#\/schema\/person\/3df3082b5e46037e3f13614d28ee0b77\"},\"headline\":\"AFEET celebra 51 a\u00f1os como referente de la empresaria tur\u00edstica\",\"datePublished\":\"2021-11-24T00:17:05+00:00\",\"dateModified\":\"2021-11-24T06:24:14+00:00\",\"mainEntityOfPage\":{\"@id\":\"https:\/\/nitu.mx\/index.php\/2021\/11\/23\/afeet-celebra-51-anos-como-referente-de-la-empresaria-turistica\/\"},\"wordCount\":325,\"commentCount\":0,\"publisher\":{\"@id\":\"https:\/\/nitu.mx\/#\/schema\/person\/ae7a53426417292d3dd07b45a33e01bc\"},\"image\":{\"@id\":\"https:\/\/nitu.mx\/index.php\/2021\/11\/23\/afeet-celebra-51-anos-como-referente-de-la-empresaria-turistica\/#primaryimage\"},\"thumbnailUrl\":\"https:\/\/nitu.mx\/wp-content\/uploads\/2021\/11\/AFEET-51-a\u00f1os.jpg\",\"keywords\":[\"AFEET\",\"cap\u00edtulos\",\"CNET\",\"empresarias\",\"Filiales\",\"OMT\",\"WTTC\"],\"articleSection\":[\"Agencias de Viajes\"],\"inLanguage\":\"es-MX\",\"potentialAction\":[{\"@type\":\"CommentAction\",\"name\":\"Comment\",\"target\":[\"https:\/\/nitu.mx\/index.php\/2021\/11\/23\/afeet-celebra-51-anos-como-referente-de-la-empresaria-turistica\/#respond\"]}]},{\"@type\":\"WebPage\",\"@id\":\"https:\/\/nitu.mx\/index.php\/2021\/11\/23\/afeet-celebra-51-anos-como-referente-de-la-empresaria-turistica\/\",\"url\":\"https:\/\/nitu.mx\/index.php\/2021\/11\/23\/afeet-celebra-51-anos-como-referente-de-la-empresaria-turistica\/\",\"name\":\"AFEET celebra 51 a\u00f1os como referente de la empresaria tur\u00edstica - Nitu - Noticias de la Industria Turistica\",\"isPartOf\":{\"@id\":\"https:\/\/nitu.mx\/#website\"},\"primaryImageOfPage\":{\"@id\":\"https:\/\/nitu.mx\/index.php\/2021\/11\/23\/afeet-celebra-51-anos-como-referente-de-la-empresaria-turistica\/#primaryimage\"},\"image\":{\"@id\":\"https:\/\/nitu.mx\/index.php\/2021\/11\/23\/afeet-celebra-51-anos-como-referente-de-la-empresaria-turistica\/#primaryimage\"},\"thumbnailUrl\":\"https:\/\/nitu.mx\/wp-content\/uploads\/2021\/11\/AFEET-51-a\u00f1os.jpg\",\"datePublished\":\"2021-11-24T00:17:05+00:00\",\"dateModified\":\"2021-11-24T06:24:14+00:00\",\"breadcrumb\":{\"@id\":\"https:\/\/nitu.mx\/index.php\/2021\/11\/23\/afeet-celebra-51-anos-como-referente-de-la-empresaria-turistica\/#breadcrumb\"},\"inLanguage\":\"es-MX\",\"potentialAction\":[{\"@type\":\"ReadAction\",\"target\":[\"https:\/\/nitu.mx\/index.php\/2021\/11\/23\/afeet-celebra-51-anos-como-referente-de-la-empresaria-turistica\/\"]}]},{\"@type\":\"ImageObject\",\"inLanguage\":\"es-MX\",\"@id\":\"https:\/\/nitu.mx\/index.php\/2021\/11\/23\/afeet-celebra-51-anos-como-referente-de-la-empresaria-turistica\/#primaryimage\",\"url\":\"https:\/\/nitu.mx\/wp-content\/uploads\/2021\/11\/AFEET-51-a\u00f1os.jpg\",\"contentUrl\":\"https:\/\/nitu.mx\/wp-content\/uploads\/2021\/11\/AFEET-51-a\u00f1os.jpg\",\"width\":1200,\"height\":675,\"caption\":\"AFEET\"},{\"@type\":\"BreadcrumbList\",\"@id\":\"https:\/\/nitu.mx\/index.php\/2021\/11\/23\/afeet-celebra-51-anos-como-referente-de-la-empresaria-turistica\/#breadcrumb\",\"itemListElement\":[{\"@type\":\"ListItem\",\"position\":1,\"name\":\"Inicio\",\"item\":\"https:\/\/nitu.mx\/\"},{\"@type\":\"ListItem\",\"position\":2,\"name\":\"AFEET celebra 51 a\u00f1os como referente de la empresaria tur\u00edstica\"}]},{\"@type\":\"WebSite\",\"@id\":\"https:\/\/nitu.mx\/#website\",\"url\":\"https:\/\/nitu.mx\/\",\"name\":\"Nitu - Noticias de la Industria Turistica\",\"description\":\"Noticias de la Industria Turistica\",\"publisher\":{\"@id\":\"https:\/\/nitu.mx\/#\/schema\/person\/ae7a53426417292d3dd07b45a33e01bc\"},\"alternateName\":\"Noticias de la Industria Turistica\",\"potentialAction\":[{\"@type\":\"SearchAction\",\"target\":{\"@type\":\"EntryPoint\",\"urlTemplate\":\"https:\/\/nitu.mx\/?s={search_term_string}\"},\"query-input\":\"required name=search_term_string\"}],\"inLanguage\":\"es-MX\"},{\"@type\":[\"Person\",\"Organization\"],\"@id\":\"https:\/\/nitu.mx\/#\/schema\/person\/ae7a53426417292d3dd07b45a33e01bc\",\"name\":\"Arturo Medina\",\"image\":{\"@type\":\"ImageObject\",\"inLanguage\":\"es-MX\",\"@id\":\"https:\/\/nitu.mx\/#\/schema\/person\/image\/\",\"url\":\"https:\/\/nitu.mx\/wp-content\/uploads\/2024\/04\/4A315622-1904-4D5C-B022-878CDC840E04-90x90-1.jpeg\",\"contentUrl\":\"https:\/\/nitu.mx\/wp-content\/uploads\/2024\/04\/4A315622-1904-4D5C-B022-878CDC840E04-90x90-1.jpeg\",\"width\":90,\"height\":90,\"caption\":\"Arturo Medina\"},\"logo\":{\"@id\":\"https:\/\/nitu.mx\/#\/schema\/person\/image\/\"},\"description\":\"Director NITU.mx, Egresado de la Escuela de Periodismo Carlos Septi\u00e9n Garc\u00eda. Periodista y analista especializado en turismo desde hace 35 a\u00f1os, radicado en Canc\u00fan Q.Roo. arturo@nitu.mx\",\"sameAs\":[\"https:\/\/nitu.mx\",\"https:\/\/www.facebook.com\/NITUmx\/\",\"medinacancun\",\"https:\/\/twitter.com\/@Arturo_Medina_G\"]},{\"@type\":\"Person\",\"@id\":\"https:\/\/nitu.mx\/#\/schema\/person\/3df3082b5e46037e3f13614d28ee0b77\",\"name\":\"Guadalupe Sixto\",\"image\":{\"@type\":\"ImageObject\",\"inLanguage\":\"es-MX\",\"@id\":\"https:\/\/nitu.mx\/#\/schema\/person\/image\/\",\"url\":\"https:\/\/secure.gravatar.com\/avatar\/13914e1b0e1919e91f9539de4dc584c4?s=96&d=mm&r=g\",\"contentUrl\":\"https:\/\/secure.gravatar.com\/avatar\/13914e1b0e1919e91f9539de4dc584c4?s=96&d=mm&r=g\",\"caption\":\"Guadalupe Sixto\"},\"url\":\"https:\/\/nitu.mx\/index.php\/author\/gsixto\/\"}]}<\/script>\n<!-- \/ Yoast SEO plugin. -->","yoast_head_json":{"title":"AFEET celebra 51 a\u00f1os como referente de la empresaria tur\u00edstica - Nitu - Noticias de la Industria Turistica","robots":{"index":"index","follow":"follow","max-snippet":"max-snippet:-1","max-image-preview":"max-image-preview:large","max-video-preview":"max-video-preview:-1"},"canonical":"https:\/\/nitu.mx\/index.php\/2021\/11\/23\/afeet-celebra-51-anos-como-referente-de-la-empresaria-turistica\/","twitter_card":"summary_large_image","twitter_title":"AFEET celebra 51 a\u00f1os como referente de la empresaria tur\u00edstica - Nitu - Noticias de la Industria Turistica","twitter_description":"Este 21 de noviembre, la Asociaci\u00f3n Femenil de Ejecutivas de Empresas Tur\u00edsticas (AFEET) celebr\u00f3 51 a\u00f1os de haberse fundado, tiempo en el que ha hecho historia como referente de la mujer empresaria dedicada al turismo. AFEET naci\u00f3 en 1970, cuando 5 mujeres decididas, emprendedoras y entusiastas, deciden unirse para crear una asociaci\u00f3n exclusiva de mujeres, [&hellip;]","twitter_image":"https:\/\/nitu.mx\/wp-content\/uploads\/2021\/11\/AFEET-51-a\u00f1os.jpg","twitter_creator":"@NITUmx","twitter_site":"@Arturo_Medina_G","twitter_misc":{"Escrito por":"Guadalupe Sixto","Tiempo de lectura":"2 minutos"},"schema":{"@context":"https:\/\/schema.org","@graph":[{"@type":"Article","@id":"https:\/\/nitu.mx\/index.php\/2021\/11\/23\/afeet-celebra-51-anos-como-referente-de-la-empresaria-turistica\/#article","isPartOf":{"@id":"https:\/\/nitu.mx\/index.php\/2021\/11\/23\/afeet-celebra-51-anos-como-referente-de-la-empresaria-turistica\/"},"author":{"name":"Guadalupe Sixto","@id":"https:\/\/nitu.mx\/#\/schema\/person\/3df3082b5e46037e3f13614d28ee0b77"},"headline":"AFEET celebra 51 a\u00f1os como referente de la empresaria tur\u00edstica","datePublished":"2021-11-24T00:17:05+00:00","dateModified":"2021-11-24T06:24:14+00:00","mainEntityOfPage":{"@id":"https:\/\/nitu.mx\/index.php\/2021\/11\/23\/afeet-celebra-51-anos-como-referente-de-la-empresaria-turistica\/"},"wordCount":325,"commentCount":0,"publisher":{"@id":"https:\/\/nitu.mx\/#\/schema\/person\/ae7a53426417292d3dd07b45a33e01bc"},"image":{"@id":"https:\/\/nitu.mx\/index.php\/2021\/11\/23\/afeet-celebra-51-anos-como-referente-de-la-empresaria-turistica\/#primaryimage"},"thumbnailUrl":"https:\/\/nitu.mx\/wp-content\/uploads\/2021\/11\/AFEET-51-a\u00f1os.jpg","keywords":["AFEET","cap\u00edtulos","CNET","empresarias","Filiales","OMT","WTTC"],"articleSection":["Agencias de Viajes"],"inLanguage":"es-MX","potentialAction":[{"@type":"CommentAction","name":"Comment","target":["https:\/\/nitu.mx\/index.php\/2021\/11\/23\/afeet-celebra-51-anos-como-referente-de-la-empresaria-turistica\/#respond"]}]},{"@type":"WebPage","@id":"https:\/\/nitu.mx\/index.php\/2021\/11\/23\/afeet-celebra-51-anos-como-referente-de-la-empresaria-turistica\/","url":"https:\/\/nitu.mx\/index.php\/2021\/11\/23\/afeet-celebra-51-anos-como-referente-de-la-empresaria-turistica\/","name":"AFEET celebra 51 a\u00f1os como referente de la empresaria tur\u00edstica - Nitu - Noticias de la Industria Turistica","isPartOf":{"@id":"https:\/\/nitu.mx\/#website"},"primaryImageOfPage":{"@id":"https:\/\/nitu.mx\/index.php\/2021\/11\/23\/afeet-celebra-51-anos-como-referente-de-la-empresaria-turistica\/#primaryimage"},"image":{"@id":"https:\/\/nitu.mx\/index.php\/2021\/11\/23\/afeet-celebra-51-anos-como-referente-de-la-empresaria-turistica\/#primaryimage"},"thumbnailUrl":"https:\/\/nitu.mx\/wp-content\/uploads\/2021\/11\/AFEET-51-a\u00f1os.jpg","datePublished":"2021-11-24T00:17:05+00:00","dateModified":"2021-11-24T06:24:14+00:00","breadcrumb":{"@id":"https:\/\/nitu.mx\/index.php\/2021\/11\/23\/afeet-celebra-51-anos-como-referente-de-la-empresaria-turistica\/#breadcrumb"},"inLanguage":"es-MX","potentialAction":[{"@type":"ReadAction","target":["https:\/\/nitu.mx\/index.php\/2021\/11\/23\/afeet-celebra-51-anos-como-referente-de-la-empresaria-turistica\/"]}]},{"@type":"ImageObject","inLanguage":"es-MX","@id":"https:\/\/nitu.mx\/index.php\/2021\/11\/23\/afeet-celebra-51-anos-como-referente-de-la-empresaria-turistica\/#primaryimage","url":"https:\/\/nitu.mx\/wp-content\/uploads\/2021\/11\/AFEET-51-a\u00f1os.jpg","contentUrl":"https:\/\/nitu.mx\/wp-content\/uploads\/2021\/11\/AFEET-51-a\u00f1os.jpg","width":1200,"height":675,"caption":"AFEET"},{"@type":"BreadcrumbList","@id":"https:\/\/nitu.mx\/index.php\/2021\/11\/23\/afeet-celebra-51-anos-como-referente-de-la-empresaria-turistica\/#breadcrumb","itemListElement":[{"@type":"ListItem","position":1,"name":"Inicio","item":"https:\/\/nitu.mx\/"},{"@type":"ListItem","position":2,"name":"AFEET celebra 51 a\u00f1os como referente de la empresaria tur\u00edstica"}]},{"@type":"WebSite","@id":"https:\/\/nitu.mx\/#website","url":"https:\/\/nitu.mx\/","name":"Nitu - Noticias de la Industria Turistica","description":"Noticias de la Industria Turistica","publisher":{"@id":"https:\/\/nitu.mx\/#\/schema\/person\/ae7a53426417292d3dd07b45a33e01bc"},"alternateName":"Noticias de la Industria Turistica","potentialAction":[{"@type":"SearchAction","target":{"@type":"EntryPoint","urlTemplate":"https:\/\/nitu.mx\/?s={search_term_string}"},"query-input":"required name=search_term_string"}],"inLanguage":"es-MX"},{"@type":["Person","Organization"],"@id":"https:\/\/nitu.mx\/#\/schema\/person\/ae7a53426417292d3dd07b45a33e01bc","name":"Arturo Medina","image":{"@type":"ImageObject","inLanguage":"es-MX","@id":"https:\/\/nitu.mx\/#\/schema\/person\/image\/","url":"https:\/\/nitu.mx\/wp-content\/uploads\/2024\/04\/4A315622-1904-4D5C-B022-878CDC840E04-90x90-1.jpeg","contentUrl":"https:\/\/nitu.mx\/wp-content\/uploads\/2024\/04\/4A315622-1904-4D5C-B022-878CDC840E04-90x90-1.jpeg","width":90,"height":90,"caption":"Arturo Medina"},"logo":{"@id":"https:\/\/nitu.mx\/#\/schema\/person\/image\/"},"description":"Director NITU.mx, Egresado de la Escuela de Periodismo Carlos Septi\u00e9n Garc\u00eda. Periodista y analista especializado en turismo desde hace 35 a\u00f1os, radicado en Canc\u00fan Q.Roo. arturo@nitu.mx","sameAs":["https:\/\/nitu.mx","https:\/\/www.facebook.com\/NITUmx\/","medinacancun","https:\/\/twitter.com\/@Arturo_Medina_G"]},{"@type":"Person","@id":"https:\/\/nitu.mx\/#\/schema\/person\/3df3082b5e46037e3f13614d28ee0b77","name":"Guadalupe Sixto","image":{"@type":"ImageObject","inLanguage":"es-MX","@id":"https:\/\/nitu.mx\/#\/schema\/person\/image\/","url":"https:\/\/secure.gravatar.com\/avatar\/13914e1b0e1919e91f9539de4dc584c4?s=96&d=mm&r=g","contentUrl":"https:\/\/secure.gravatar.com\/avatar\/13914e1b0e1919e91f9539de4dc584c4?s=96&d=mm&r=g","caption":"Guadalupe Sixto"},"url":"https:\/\/nitu.mx\/index.php\/author\/gsixto\/"}]}},"views":232,"_links":{"self":[{"href":"https:\/\/nitu.mx\/index.php\/wp-json\/wp\/v2\/posts\/56701"}],"collection":[{"href":"https:\/\/nitu.mx\/index.php\/wp-json\/wp\/v2\/posts"}],"about":[{"href":"https:\/\/nitu.mx\/index.php\/wp-json\/wp\/v2\/types\/post"}],"author":[{"embeddable":true,"href":"https:\/\/nitu.mx\/index.php\/wp-json\/wp\/v2\/users\/18"}],"replies":[{"embeddable":true,"href":"https:\/\/nitu.mx\/index.php\/wp-json\/wp\/v2\/comments?post=56701"}],"version-history":[{"count":3,"href":"https:\/\/nitu.mx\/index.php\/wp-json\/wp\/v2\/posts\/56701\/revisions"}],"predecessor-version":[{"id":56704,"href":"https:\/\/nitu.mx\/index.php\/wp-json\/wp\/v2\/posts\/56701\/revisions\/56704"}],"wp:featuredmedia":[{"embeddable":true,"href":"https:\/\/nitu.mx\/index.php\/wp-json\/wp\/v2\/media\/56705"}],"wp:attachment":[{"href":"https:\/\/nitu.mx\/index.php\/wp-json\/wp\/v2\/media?parent=56701"}],"wp:term":[{"taxonomy":"category","embeddable":true,"href":"https:\/\/nitu.mx\/index.php\/wp-json\/wp\/v2\/categories?post=56701"},{"taxonomy":"post_tag","embeddable":true,"href":"https:\/\/nitu.mx\/index.php\/wp-json\/wp\/v2\/tags?post=56701"}],"curies":[{"name":"wp","href":"https:\/\/api.w.org\/{rel}","templated":true}]}}