{"id":56650,"date":"2021-11-22T00:17:59","date_gmt":"2021-11-22T05:17:59","guid":{"rendered":"https:\/\/www.dev.nitu.mx\/?p=56650"},"modified":"2021-11-22T00:34:13","modified_gmt":"2021-11-22T05:34:13","slug":"best-day-y-despegar-participan-de-forma-conjunta-en-tianguis-turistico","status":"publish","type":"post","link":"https:\/\/nitu.mx\/index.php\/2021\/11\/22\/best-day-y-despegar-participan-de-forma-conjunta-en-tianguis-turistico\/","title":{"rendered":"Best Day y Despegar participan de forma conjunta en Tianguis Tur\u00edstico"},"content":{"rendered":"<p>Best Day Travel Group y Despegar tuvieron presencia en un mismo stand en el Tianguis Tur\u00edstico que se realiz\u00f3 en M\u00e9rida del 16 al 19 de noviembre, tras la uni\u00f3n de ambas compa\u00f1\u00edas en 2020.<\/p>\n<p>El CEO de Best Day y country manager de Despegar M\u00e9xico, Alejandro Calligaris, destac\u00f3 la importancia de participar en el evento m\u00e1s importante de la industria tur\u00edstica del pa\u00eds, como un solo grupo pero con las dos marcas.<\/p>\n<p>Calligaris asegur\u00f3 que ambas marcas tienen un buen posicionamiento y clientes fieles por lo que era necesario conservarlas. Despegar m\u00e1s enfocada en el tema a\u00e9reo y viajes internacionales y Best Day con el mercado dom\u00e9stico, paquetes de viaje y hoteles.<\/p>\n<p>\u201cLos clientes quieren volver a viajar, en la medida que tengan m\u00e1s opciones estar\u00e1n m\u00e1s contentos, y es importante que las marcas permanezcan porque hay mucha lealtad hacia ellas\u201d, coment\u00f3 el ejecutivo.<\/p>\n<p>El CEO de\u00a0Despegar\u00a0y Best Day recalc\u00f3 la importancia del\u00a0Tianguis Tur\u00edstico\u00a0pese a que hay algunas tecnolog\u00edas, es importante el contacto humano.<\/p>\n<p>\u201cTecnol\u00f3gicamente es muy f\u00e1cil continuar los negocios que uno ya tiene armados, pero los nuevos negocios, los nuevos desarrollos requieren de esta relaci\u00f3n humana, de esto, la importancia de de poder hablar con las personas y poder ir creando los nuevos negocios, eso es lo que realmente estamos haciendo en el tianguis\u201d, dijo Alejandro.<\/p>\n<p>Coment\u00f3 que dentro de los cambios que surgieron con la pandemia fueron las pol\u00edticas de cancelaci\u00f3n y cambios en boletos de avi\u00f3n y reservas hoteleras, que antes eran muy restrictivas y ahora bastante flexibles.<\/p>\n<p>El directivo prev\u00e9 que estas medidas seguir\u00e1n durante un buen rato. Adem\u00e1s, las compa\u00f1\u00edas ahora est\u00e1n m\u00e1s capacitadas para actuar en esos casos.<\/p>\n<p>\u201cLas pol\u00edticas de aerol\u00edneas y hoteles no estaban preparadas para situaciones como la pandemia, muchos procesos son autom\u00e1ticos. Tenemos 270 compa\u00f1\u00edas a\u00e9reas conectadas a nuestra plataforma y nunca se hab\u00edan necesitado tantos cambios, y ahora ya se hicieron ajustes para hacerlo mejor y m\u00e1s r\u00e1pido\u201d, dijo Alejandro Calligaris. (<a title=\"Despegar y Best Day logran complementar sus propuestas de valor: Calligaris\" href=\"https:\/\/www.dev.nitu.mx\/index.php\/2021\/07\/18\/despegar-y-best-day-logran-complementar-sus-propuestas-de-valor-calligaris\/\" rel=\"bookmark\">Despegar y Best Day logran complementar sus propuestas de valor: Calligaris<\/a>).<\/p>\n","protected":false},"excerpt":{"rendered":"<p>Best Day Travel Group y Despegar tuvieron presencia en un mismo stand en el Tianguis Tur\u00edstico que se realiz\u00f3 en M\u00e9rida del 16 al 19 de noviembre, tras la uni\u00f3n de ambas compa\u00f1\u00edas en 2020. El CEO de Best Day y country manager de Despegar M\u00e9xico, Alejandro Calligaris, destac\u00f3 la importancia de participar en el [&hellip;]<\/p>\n","protected":false},"author":17,"featured_media":56656,"comment_status":"open","ping_status":"open","sticky":false,"template":"","format":"standard","meta":{"footnotes":""},"categories":[3],"tags":[10252,755,2130,1064],"yoast_head":"<!-- This site is optimized with the Yoast SEO plugin v22.2 - https:\/\/yoast.com\/wordpress\/plugins\/seo\/ -->\n<title>Best Day y Despegar participan de forma conjunta en Tianguis Tur\u00edstico - Nitu - Noticias de la Industria Turistica<\/title>\n<meta name=\"robots\" content=\"index, follow, max-snippet:-1, max-image-preview:large, max-video-preview:-1\" \/>\n<link rel=\"canonical\" href=\"https:\/\/nitu.mx\/index.php\/2021\/11\/22\/best-day-y-despegar-participan-de-forma-conjunta-en-tianguis-turistico\/\" \/>\n<meta name=\"twitter:card\" content=\"summary_large_image\" \/>\n<meta name=\"twitter:title\" content=\"Best Day y Despegar participan de forma conjunta en Tianguis Tur\u00edstico - Nitu - Noticias de la Industria Turistica\" \/>\n<meta name=\"twitter:description\" content=\"Best Day Travel Group y Despegar tuvieron presencia en un mismo stand en el Tianguis Tur\u00edstico que se realiz\u00f3 en M\u00e9rida del 16 al 19 de noviembre, tras la uni\u00f3n de ambas compa\u00f1\u00edas en 2020. El CEO de Best Day y country manager de Despegar M\u00e9xico, Alejandro Calligaris, destac\u00f3 la importancia de participar en el [&hellip;]\" \/>\n<meta name=\"twitter:image\" content=\"https:\/\/nitu.mx\/wp-content\/uploads\/2021\/11\/Best-Day-Alejandro-Calligaris.jpg\" \/>\n<meta name=\"twitter:creator\" content=\"@NITUmx\" \/>\n<meta name=\"twitter:site\" content=\"@Arturo_Medina_G\" \/>\n<meta name=\"twitter:label1\" content=\"Escrito por\" \/>\n\t<meta name=\"twitter:data1\" content=\"Redacci\u00f3n\" \/>\n\t<meta name=\"twitter:label2\" content=\"Tiempo de lectura\" \/>\n\t<meta name=\"twitter:data2\" content=\"2 minutos\" \/>\n<script type=\"application\/ld+json\" class=\"yoast-schema-graph\">{\"@context\":\"https:\/\/schema.org\",\"@graph\":[{\"@type\":\"Article\",\"@id\":\"https:\/\/nitu.mx\/index.php\/2021\/11\/22\/best-day-y-despegar-participan-de-forma-conjunta-en-tianguis-turistico\/#article\",\"isPartOf\":{\"@id\":\"https:\/\/nitu.mx\/index.php\/2021\/11\/22\/best-day-y-despegar-participan-de-forma-conjunta-en-tianguis-turistico\/\"},\"author\":{\"name\":\"Redacci\u00f3n\",\"@id\":\"https:\/\/nitu.mx\/#\/schema\/person\/4a28fe9bd65924f7c90623773daf1b0b\"},\"headline\":\"Best Day y Despegar participan de forma conjunta en Tianguis Tur\u00edstico\",\"datePublished\":\"2021-11-22T05:17:59+00:00\",\"dateModified\":\"2021-11-22T05:34:13+00:00\",\"mainEntityOfPage\":{\"@id\":\"https:\/\/nitu.mx\/index.php\/2021\/11\/22\/best-day-y-despegar-participan-de-forma-conjunta-en-tianguis-turistico\/\"},\"wordCount\":382,\"commentCount\":0,\"publisher\":{\"@id\":\"https:\/\/nitu.mx\/#\/schema\/person\/ae7a53426417292d3dd07b45a33e01bc\"},\"image\":{\"@id\":\"https:\/\/nitu.mx\/index.php\/2021\/11\/22\/best-day-y-despegar-participan-de-forma-conjunta-en-tianguis-turistico\/#primaryimage\"},\"thumbnailUrl\":\"https:\/\/nitu.mx\/wp-content\/uploads\/2021\/11\/Best-Day-Alejandro-Calligaris.jpg\",\"keywords\":[\"Alejandro Calligaris\",\"Best Day\",\"Despegar\",\"Tianguis Tur\u00edstico\"],\"articleSection\":[\"Agencias de Viajes\"],\"inLanguage\":\"es-MX\",\"potentialAction\":[{\"@type\":\"CommentAction\",\"name\":\"Comment\",\"target\":[\"https:\/\/nitu.mx\/index.php\/2021\/11\/22\/best-day-y-despegar-participan-de-forma-conjunta-en-tianguis-turistico\/#respond\"]}]},{\"@type\":\"WebPage\",\"@id\":\"https:\/\/nitu.mx\/index.php\/2021\/11\/22\/best-day-y-despegar-participan-de-forma-conjunta-en-tianguis-turistico\/\",\"url\":\"https:\/\/nitu.mx\/index.php\/2021\/11\/22\/best-day-y-despegar-participan-de-forma-conjunta-en-tianguis-turistico\/\",\"name\":\"Best Day y Despegar participan de forma conjunta en Tianguis Tur\u00edstico - Nitu - Noticias de la Industria Turistica\",\"isPartOf\":{\"@id\":\"https:\/\/nitu.mx\/#website\"},\"primaryImageOfPage\":{\"@id\":\"https:\/\/nitu.mx\/index.php\/2021\/11\/22\/best-day-y-despegar-participan-de-forma-conjunta-en-tianguis-turistico\/#primaryimage\"},\"image\":{\"@id\":\"https:\/\/nitu.mx\/index.php\/2021\/11\/22\/best-day-y-despegar-participan-de-forma-conjunta-en-tianguis-turistico\/#primaryimage\"},\"thumbnailUrl\":\"https:\/\/nitu.mx\/wp-content\/uploads\/2021\/11\/Best-Day-Alejandro-Calligaris.jpg\",\"datePublished\":\"2021-11-22T05:17:59+00:00\",\"dateModified\":\"2021-11-22T05:34:13+00:00\",\"breadcrumb\":{\"@id\":\"https:\/\/nitu.mx\/index.php\/2021\/11\/22\/best-day-y-despegar-participan-de-forma-conjunta-en-tianguis-turistico\/#breadcrumb\"},\"inLanguage\":\"es-MX\",\"potentialAction\":[{\"@type\":\"ReadAction\",\"target\":[\"https:\/\/nitu.mx\/index.php\/2021\/11\/22\/best-day-y-despegar-participan-de-forma-conjunta-en-tianguis-turistico\/\"]}]},{\"@type\":\"ImageObject\",\"inLanguage\":\"es-MX\",\"@id\":\"https:\/\/nitu.mx\/index.php\/2021\/11\/22\/best-day-y-despegar-participan-de-forma-conjunta-en-tianguis-turistico\/#primaryimage\",\"url\":\"https:\/\/nitu.mx\/wp-content\/uploads\/2021\/11\/Best-Day-Alejandro-Calligaris.jpg\",\"contentUrl\":\"https:\/\/nitu.mx\/wp-content\/uploads\/2021\/11\/Best-Day-Alejandro-Calligaris.jpg\",\"width\":1200,\"height\":675},{\"@type\":\"BreadcrumbList\",\"@id\":\"https:\/\/nitu.mx\/index.php\/2021\/11\/22\/best-day-y-despegar-participan-de-forma-conjunta-en-tianguis-turistico\/#breadcrumb\",\"itemListElement\":[{\"@type\":\"ListItem\",\"position\":1,\"name\":\"Inicio\",\"item\":\"https:\/\/nitu.mx\/\"},{\"@type\":\"ListItem\",\"position\":2,\"name\":\"Best Day y Despegar participan de forma conjunta en Tianguis Tur\u00edstico\"}]},{\"@type\":\"WebSite\",\"@id\":\"https:\/\/nitu.mx\/#website\",\"url\":\"https:\/\/nitu.mx\/\",\"name\":\"Nitu - Noticias de la Industria Turistica\",\"description\":\"Noticias de la Industria Turistica\",\"publisher\":{\"@id\":\"https:\/\/nitu.mx\/#\/schema\/person\/ae7a53426417292d3dd07b45a33e01bc\"},\"alternateName\":\"Noticias de la Industria Turistica\",\"potentialAction\":[{\"@type\":\"SearchAction\",\"target\":{\"@type\":\"EntryPoint\",\"urlTemplate\":\"https:\/\/nitu.mx\/?s={search_term_string}\"},\"query-input\":\"required name=search_term_string\"}],\"inLanguage\":\"es-MX\"},{\"@type\":[\"Person\",\"Organization\"],\"@id\":\"https:\/\/nitu.mx\/#\/schema\/person\/ae7a53426417292d3dd07b45a33e01bc\",\"name\":\"Arturo Medina\",\"image\":{\"@type\":\"ImageObject\",\"inLanguage\":\"es-MX\",\"@id\":\"https:\/\/nitu.mx\/#\/schema\/person\/image\/\",\"url\":\"https:\/\/nitu.mx\/wp-content\/uploads\/2024\/04\/4A315622-1904-4D5C-B022-878CDC840E04-90x90-1.jpeg\",\"contentUrl\":\"https:\/\/nitu.mx\/wp-content\/uploads\/2024\/04\/4A315622-1904-4D5C-B022-878CDC840E04-90x90-1.jpeg\",\"width\":90,\"height\":90,\"caption\":\"Arturo Medina\"},\"logo\":{\"@id\":\"https:\/\/nitu.mx\/#\/schema\/person\/image\/\"},\"description\":\"Director NITU.mx, Egresado de la Escuela de Periodismo Carlos Septi\u00e9n Garc\u00eda. Periodista y analista especializado en turismo desde hace 35 a\u00f1os, radicado en Canc\u00fan Q.Roo. arturo@nitu.mx\",\"sameAs\":[\"https:\/\/nitu.mx\",\"https:\/\/www.facebook.com\/NITUmx\/\",\"medinacancun\",\"https:\/\/twitter.com\/@Arturo_Medina_G\"]},{\"@type\":\"Person\",\"@id\":\"https:\/\/nitu.mx\/#\/schema\/person\/4a28fe9bd65924f7c90623773daf1b0b\",\"name\":\"Redacci\u00f3n\",\"image\":{\"@type\":\"ImageObject\",\"inLanguage\":\"es-MX\",\"@id\":\"https:\/\/nitu.mx\/#\/schema\/person\/image\/\",\"url\":\"https:\/\/secure.gravatar.com\/avatar\/5dd011c8ccfc5cd7e4c81e42252aab38?s=96&d=mm&r=g\",\"contentUrl\":\"https:\/\/secure.gravatar.com\/avatar\/5dd011c8ccfc5cd7e4c81e42252aab38?s=96&d=mm&r=g\",\"caption\":\"Redacci\u00f3n\"},\"url\":\"https:\/\/nitu.mx\/index.php\/author\/redaccion\/\"}]}<\/script>\n<!-- \/ Yoast SEO plugin. -->","yoast_head_json":{"title":"Best Day y Despegar participan de forma conjunta en Tianguis Tur\u00edstico - Nitu - Noticias de la Industria Turistica","robots":{"index":"index","follow":"follow","max-snippet":"max-snippet:-1","max-image-preview":"max-image-preview:large","max-video-preview":"max-video-preview:-1"},"canonical":"https:\/\/nitu.mx\/index.php\/2021\/11\/22\/best-day-y-despegar-participan-de-forma-conjunta-en-tianguis-turistico\/","twitter_card":"summary_large_image","twitter_title":"Best Day y Despegar participan de forma conjunta en Tianguis Tur\u00edstico - Nitu - Noticias de la Industria Turistica","twitter_description":"Best Day Travel Group y Despegar tuvieron presencia en un mismo stand en el Tianguis Tur\u00edstico que se realiz\u00f3 en M\u00e9rida del 16 al 19 de noviembre, tras la uni\u00f3n de ambas compa\u00f1\u00edas en 2020. El CEO de Best Day y country manager de Despegar M\u00e9xico, Alejandro Calligaris, destac\u00f3 la importancia de participar en el [&hellip;]","twitter_image":"https:\/\/nitu.mx\/wp-content\/uploads\/2021\/11\/Best-Day-Alejandro-Calligaris.jpg","twitter_creator":"@NITUmx","twitter_site":"@Arturo_Medina_G","twitter_misc":{"Escrito por":"Redacci\u00f3n","Tiempo de lectura":"2 minutos"},"schema":{"@context":"https:\/\/schema.org","@graph":[{"@type":"Article","@id":"https:\/\/nitu.mx\/index.php\/2021\/11\/22\/best-day-y-despegar-participan-de-forma-conjunta-en-tianguis-turistico\/#article","isPartOf":{"@id":"https:\/\/nitu.mx\/index.php\/2021\/11\/22\/best-day-y-despegar-participan-de-forma-conjunta-en-tianguis-turistico\/"},"author":{"name":"Redacci\u00f3n","@id":"https:\/\/nitu.mx\/#\/schema\/person\/4a28fe9bd65924f7c90623773daf1b0b"},"headline":"Best Day y Despegar participan de forma conjunta en Tianguis Tur\u00edstico","datePublished":"2021-11-22T05:17:59+00:00","dateModified":"2021-11-22T05:34:13+00:00","mainEntityOfPage":{"@id":"https:\/\/nitu.mx\/index.php\/2021\/11\/22\/best-day-y-despegar-participan-de-forma-conjunta-en-tianguis-turistico\/"},"wordCount":382,"commentCount":0,"publisher":{"@id":"https:\/\/nitu.mx\/#\/schema\/person\/ae7a53426417292d3dd07b45a33e01bc"},"image":{"@id":"https:\/\/nitu.mx\/index.php\/2021\/11\/22\/best-day-y-despegar-participan-de-forma-conjunta-en-tianguis-turistico\/#primaryimage"},"thumbnailUrl":"https:\/\/nitu.mx\/wp-content\/uploads\/2021\/11\/Best-Day-Alejandro-Calligaris.jpg","keywords":["Alejandro Calligaris","Best Day","Despegar","Tianguis Tur\u00edstico"],"articleSection":["Agencias de Viajes"],"inLanguage":"es-MX","potentialAction":[{"@type":"CommentAction","name":"Comment","target":["https:\/\/nitu.mx\/index.php\/2021\/11\/22\/best-day-y-despegar-participan-de-forma-conjunta-en-tianguis-turistico\/#respond"]}]},{"@type":"WebPage","@id":"https:\/\/nitu.mx\/index.php\/2021\/11\/22\/best-day-y-despegar-participan-de-forma-conjunta-en-tianguis-turistico\/","url":"https:\/\/nitu.mx\/index.php\/2021\/11\/22\/best-day-y-despegar-participan-de-forma-conjunta-en-tianguis-turistico\/","name":"Best Day y Despegar participan de forma conjunta en Tianguis Tur\u00edstico - Nitu - Noticias de la Industria Turistica","isPartOf":{"@id":"https:\/\/nitu.mx\/#website"},"primaryImageOfPage":{"@id":"https:\/\/nitu.mx\/index.php\/2021\/11\/22\/best-day-y-despegar-participan-de-forma-conjunta-en-tianguis-turistico\/#primaryimage"},"image":{"@id":"https:\/\/nitu.mx\/index.php\/2021\/11\/22\/best-day-y-despegar-participan-de-forma-conjunta-en-tianguis-turistico\/#primaryimage"},"thumbnailUrl":"https:\/\/nitu.mx\/wp-content\/uploads\/2021\/11\/Best-Day-Alejandro-Calligaris.jpg","datePublished":"2021-11-22T05:17:59+00:00","dateModified":"2021-11-22T05:34:13+00:00","breadcrumb":{"@id":"https:\/\/nitu.mx\/index.php\/2021\/11\/22\/best-day-y-despegar-participan-de-forma-conjunta-en-tianguis-turistico\/#breadcrumb"},"inLanguage":"es-MX","potentialAction":[{"@type":"ReadAction","target":["https:\/\/nitu.mx\/index.php\/2021\/11\/22\/best-day-y-despegar-participan-de-forma-conjunta-en-tianguis-turistico\/"]}]},{"@type":"ImageObject","inLanguage":"es-MX","@id":"https:\/\/nitu.mx\/index.php\/2021\/11\/22\/best-day-y-despegar-participan-de-forma-conjunta-en-tianguis-turistico\/#primaryimage","url":"https:\/\/nitu.mx\/wp-content\/uploads\/2021\/11\/Best-Day-Alejandro-Calligaris.jpg","contentUrl":"https:\/\/nitu.mx\/wp-content\/uploads\/2021\/11\/Best-Day-Alejandro-Calligaris.jpg","width":1200,"height":675},{"@type":"BreadcrumbList","@id":"https:\/\/nitu.mx\/index.php\/2021\/11\/22\/best-day-y-despegar-participan-de-forma-conjunta-en-tianguis-turistico\/#breadcrumb","itemListElement":[{"@type":"ListItem","position":1,"name":"Inicio","item":"https:\/\/nitu.mx\/"},{"@type":"ListItem","position":2,"name":"Best Day y Despegar participan de forma conjunta en Tianguis Tur\u00edstico"}]},{"@type":"WebSite","@id":"https:\/\/nitu.mx\/#website","url":"https:\/\/nitu.mx\/","name":"Nitu - Noticias de la Industria Turistica","description":"Noticias de la Industria Turistica","publisher":{"@id":"https:\/\/nitu.mx\/#\/schema\/person\/ae7a53426417292d3dd07b45a33e01bc"},"alternateName":"Noticias de la Industria Turistica","potentialAction":[{"@type":"SearchAction","target":{"@type":"EntryPoint","urlTemplate":"https:\/\/nitu.mx\/?s={search_term_string}"},"query-input":"required name=search_term_string"}],"inLanguage":"es-MX"},{"@type":["Person","Organization"],"@id":"https:\/\/nitu.mx\/#\/schema\/person\/ae7a53426417292d3dd07b45a33e01bc","name":"Arturo Medina","image":{"@type":"ImageObject","inLanguage":"es-MX","@id":"https:\/\/nitu.mx\/#\/schema\/person\/image\/","url":"https:\/\/nitu.mx\/wp-content\/uploads\/2024\/04\/4A315622-1904-4D5C-B022-878CDC840E04-90x90-1.jpeg","contentUrl":"https:\/\/nitu.mx\/wp-content\/uploads\/2024\/04\/4A315622-1904-4D5C-B022-878CDC840E04-90x90-1.jpeg","width":90,"height":90,"caption":"Arturo Medina"},"logo":{"@id":"https:\/\/nitu.mx\/#\/schema\/person\/image\/"},"description":"Director NITU.mx, Egresado de la Escuela de Periodismo Carlos Septi\u00e9n Garc\u00eda. Periodista y analista especializado en turismo desde hace 35 a\u00f1os, radicado en Canc\u00fan Q.Roo. arturo@nitu.mx","sameAs":["https:\/\/nitu.mx","https:\/\/www.facebook.com\/NITUmx\/","medinacancun","https:\/\/twitter.com\/@Arturo_Medina_G"]},{"@type":"Person","@id":"https:\/\/nitu.mx\/#\/schema\/person\/4a28fe9bd65924f7c90623773daf1b0b","name":"Redacci\u00f3n","image":{"@type":"ImageObject","inLanguage":"es-MX","@id":"https:\/\/nitu.mx\/#\/schema\/person\/image\/","url":"https:\/\/secure.gravatar.com\/avatar\/5dd011c8ccfc5cd7e4c81e42252aab38?s=96&d=mm&r=g","contentUrl":"https:\/\/secure.gravatar.com\/avatar\/5dd011c8ccfc5cd7e4c81e42252aab38?s=96&d=mm&r=g","caption":"Redacci\u00f3n"},"url":"https:\/\/nitu.mx\/index.php\/author\/redaccion\/"}]}},"views":308,"_links":{"self":[{"href":"https:\/\/nitu.mx\/index.php\/wp-json\/wp\/v2\/posts\/56650"}],"collection":[{"href":"https:\/\/nitu.mx\/index.php\/wp-json\/wp\/v2\/posts"}],"about":[{"href":"https:\/\/nitu.mx\/index.php\/wp-json\/wp\/v2\/types\/post"}],"author":[{"embeddable":true,"href":"https:\/\/nitu.mx\/index.php\/wp-json\/wp\/v2\/users\/17"}],"replies":[{"embeddable":true,"href":"https:\/\/nitu.mx\/index.php\/wp-json\/wp\/v2\/comments?post=56650"}],"version-history":[{"count":2,"href":"https:\/\/nitu.mx\/index.php\/wp-json\/wp\/v2\/posts\/56650\/revisions"}],"predecessor-version":[{"id":56657,"href":"https:\/\/nitu.mx\/index.php\/wp-json\/wp\/v2\/posts\/56650\/revisions\/56657"}],"wp:featuredmedia":[{"embeddable":true,"href":"https:\/\/nitu.mx\/index.php\/wp-json\/wp\/v2\/media\/56656"}],"wp:attachment":[{"href":"https:\/\/nitu.mx\/index.php\/wp-json\/wp\/v2\/media?parent=56650"}],"wp:term":[{"taxonomy":"category","embeddable":true,"href":"https:\/\/nitu.mx\/index.php\/wp-json\/wp\/v2\/categories?post=56650"},{"taxonomy":"post_tag","embeddable":true,"href":"https:\/\/nitu.mx\/index.php\/wp-json\/wp\/v2\/tags?post=56650"}],"curies":[{"name":"wp","href":"https:\/\/api.w.org\/{rel}","templated":true}]}}