{"id":5665,"date":"2017-01-08T23:30:28","date_gmt":"2017-01-09T04:30:28","guid":{"rendered":"http:\/\/www.dev.nitu.mx\/?p=5665"},"modified":"2017-01-09T00:47:00","modified_gmt":"2017-01-09T05:47:00","slug":"volaris-crecio-en-pasajeros-un-25-2-en-2016","status":"publish","type":"post","link":"https:\/\/nitu.mx\/index.php\/2017\/01\/08\/volaris-crecio-en-pasajeros-un-25-2-en-2016\/","title":{"rendered":"Volaris creci\u00f3 en pasajeros un 25.2 por ciento en 2016"},"content":{"rendered":"<p>En un comunicado enviado a la Bolsa Mexicana de Valores (BMV), Volaris agreg\u00f3 que su capacidad total medida en t\u00e9rminos de asientos-milla disponibles (ASMs, por sus siglas en ingl\u00e9s) aument\u00f3 en un 18.9 por ciento.<\/p>\n<p>La demanda total medida en pasajeros-milla reservados (RPMs, por sus siglas en ingl\u00e9s) creci\u00f3 23 por ciento, comparado contra el mismo periodo del a\u00f1o anterior.<\/p>\n<p>En 2016, Volaris increment\u00f3 los ASMs nacionales e internacionales en 17.8 y 21.4 por ciento, respectivamente, y el factor de ocupaci\u00f3n alcanz\u00f3 85.8 por ciento, un incremento de 3.5 puntos porcentuales comparados contra 2015.<\/p>\n<p>Precis\u00f3 que en el mes de diciembre transport\u00f3 un total de 1.5 millones de pasajeros, un incremento de 21.3 por ciento comparado contra el mismo periodo del 2015, informa El Financiero.<\/p>\n<p>El mes pasado, la aerol\u00ednea anunci\u00f3 dos nuevas rutas desde la capital jaliscience, como lo reportamos en <em><strong>NITU.mx\u00a0<\/strong><\/em>(<a title=\"Volaris incrementa conectividad desde Guadalajara con dos nuevas rutas\" href=\"http:\/\/www.dev.nitu.mx\/index.php\/2016\/12\/14\/volaris-incrementa-conectividad-desde-guadalajara-con-dos-nuevas-rutas\/\" rel=\"bookmark\">Volaris incrementa conectividad desde Guadalajara con dos nuevas rutas<\/a>).<\/p>\n","protected":false},"excerpt":{"rendered":"<p>En un comunicado enviado a la Bolsa Mexicana de Valores (BMV), Volaris agreg\u00f3 que su capacidad total medida en t\u00e9rminos de asientos-milla disponibles (ASMs, por sus siglas en ingl\u00e9s) aument\u00f3 en un 18.9 por ciento. La demanda total medida en pasajeros-milla reservados (RPMs, por sus siglas en ingl\u00e9s) creci\u00f3 23 por ciento, comparado contra el [&hellip;]<\/p>\n","protected":false},"author":17,"featured_media":3711,"comment_status":"open","ping_status":"open","sticky":false,"template":"","format":"standard","meta":{"footnotes":""},"categories":[29,6],"tags":[63,131],"yoast_head":"<!-- This site is optimized with the Yoast SEO plugin v22.2 - https:\/\/yoast.com\/wordpress\/plugins\/seo\/ -->\n<title>Volaris creci\u00f3 en pasajeros un 25.2 por ciento en 2016 - Nitu - Noticias de la Industria Turistica<\/title>\n<meta name=\"description\" content=\"Volaris agreg\u00f3 que su capacidad total medida en t\u00e9rminos de asientos-milla disponibles (ASMs, por sus siglas en ingl\u00e9s) aument\u00f3 en un 18.9 por ciento.\" \/>\n<meta name=\"robots\" content=\"index, follow, max-snippet:-1, max-image-preview:large, max-video-preview:-1\" \/>\n<link rel=\"canonical\" href=\"https:\/\/nitu.mx\/index.php\/2017\/01\/08\/volaris-crecio-en-pasajeros-un-25-2-en-2016\/\" \/>\n<meta name=\"twitter:card\" content=\"summary_large_image\" \/>\n<meta name=\"twitter:title\" content=\"Volaris creci\u00f3 en pasajeros un 25.2 por ciento en 2016 - Nitu - Noticias de la Industria Turistica\" \/>\n<meta name=\"twitter:description\" content=\"Volaris agreg\u00f3 que su capacidad total medida en t\u00e9rminos de asientos-milla disponibles (ASMs, por sus siglas en ingl\u00e9s) aument\u00f3 en un 18.9 por ciento.\" \/>\n<meta name=\"twitter:image\" content=\"https:\/\/nitu.mx\/wp-content\/uploads\/2016\/11\/VOLARIS-CRECIMIENTO.png\" \/>\n<meta name=\"twitter:creator\" content=\"@NITUmx\" \/>\n<meta name=\"twitter:site\" content=\"@Arturo_Medina_G\" \/>\n<meta name=\"twitter:label1\" content=\"Escrito por\" \/>\n\t<meta name=\"twitter:data1\" content=\"Redacci\u00f3n\" \/>\n\t<meta name=\"twitter:label2\" content=\"Tiempo de lectura\" \/>\n\t<meta name=\"twitter:data2\" content=\"1 minuto\" \/>\n<script type=\"application\/ld+json\" class=\"yoast-schema-graph\">{\"@context\":\"https:\/\/schema.org\",\"@graph\":[{\"@type\":\"Article\",\"@id\":\"https:\/\/nitu.mx\/index.php\/2017\/01\/08\/volaris-crecio-en-pasajeros-un-25-2-en-2016\/#article\",\"isPartOf\":{\"@id\":\"https:\/\/nitu.mx\/index.php\/2017\/01\/08\/volaris-crecio-en-pasajeros-un-25-2-en-2016\/\"},\"author\":{\"name\":\"Redacci\u00f3n\",\"@id\":\"https:\/\/nitu.mx\/#\/schema\/person\/4a28fe9bd65924f7c90623773daf1b0b\"},\"headline\":\"Volaris creci\u00f3 en pasajeros un 25.2 por ciento en 2016\",\"datePublished\":\"2017-01-09T04:30:28+00:00\",\"dateModified\":\"2017-01-09T05:47:00+00:00\",\"mainEntityOfPage\":{\"@id\":\"https:\/\/nitu.mx\/index.php\/2017\/01\/08\/volaris-crecio-en-pasajeros-un-25-2-en-2016\/\"},\"wordCount\":156,\"commentCount\":0,\"publisher\":{\"@id\":\"https:\/\/nitu.mx\/#\/schema\/person\/ae7a53426417292d3dd07b45a33e01bc\"},\"image\":{\"@id\":\"https:\/\/nitu.mx\/index.php\/2017\/01\/08\/volaris-crecio-en-pasajeros-un-25-2-en-2016\/#primaryimage\"},\"thumbnailUrl\":\"https:\/\/nitu.mx\/wp-content\/uploads\/2016\/11\/VOLARIS-CRECIMIENTO.png\",\"keywords\":[\"Bolsa Mexicana de Valores\",\"Volaris\"],\"articleSection\":[\"Aerol\u00edneas\",\"M\u00e9xico\"],\"inLanguage\":\"es-MX\",\"potentialAction\":[{\"@type\":\"CommentAction\",\"name\":\"Comment\",\"target\":[\"https:\/\/nitu.mx\/index.php\/2017\/01\/08\/volaris-crecio-en-pasajeros-un-25-2-en-2016\/#respond\"]}]},{\"@type\":\"WebPage\",\"@id\":\"https:\/\/nitu.mx\/index.php\/2017\/01\/08\/volaris-crecio-en-pasajeros-un-25-2-en-2016\/\",\"url\":\"https:\/\/nitu.mx\/index.php\/2017\/01\/08\/volaris-crecio-en-pasajeros-un-25-2-en-2016\/\",\"name\":\"Volaris creci\u00f3 en pasajeros un 25.2 por ciento en 2016 - Nitu - Noticias de la Industria Turistica\",\"isPartOf\":{\"@id\":\"https:\/\/nitu.mx\/#website\"},\"primaryImageOfPage\":{\"@id\":\"https:\/\/nitu.mx\/index.php\/2017\/01\/08\/volaris-crecio-en-pasajeros-un-25-2-en-2016\/#primaryimage\"},\"image\":{\"@id\":\"https:\/\/nitu.mx\/index.php\/2017\/01\/08\/volaris-crecio-en-pasajeros-un-25-2-en-2016\/#primaryimage\"},\"thumbnailUrl\":\"https:\/\/nitu.mx\/wp-content\/uploads\/2016\/11\/VOLARIS-CRECIMIENTO.png\",\"datePublished\":\"2017-01-09T04:30:28+00:00\",\"dateModified\":\"2017-01-09T05:47:00+00:00\",\"description\":\"Volaris agreg\u00f3 que su capacidad total medida en t\u00e9rminos de asientos-milla disponibles (ASMs, por sus siglas en ingl\u00e9s) aument\u00f3 en un 18.9 por ciento.\",\"breadcrumb\":{\"@id\":\"https:\/\/nitu.mx\/index.php\/2017\/01\/08\/volaris-crecio-en-pasajeros-un-25-2-en-2016\/#breadcrumb\"},\"inLanguage\":\"es-MX\",\"potentialAction\":[{\"@type\":\"ReadAction\",\"target\":[\"https:\/\/nitu.mx\/index.php\/2017\/01\/08\/volaris-crecio-en-pasajeros-un-25-2-en-2016\/\"]}]},{\"@type\":\"ImageObject\",\"inLanguage\":\"es-MX\",\"@id\":\"https:\/\/nitu.mx\/index.php\/2017\/01\/08\/volaris-crecio-en-pasajeros-un-25-2-en-2016\/#primaryimage\",\"url\":\"https:\/\/nitu.mx\/wp-content\/uploads\/2016\/11\/VOLARIS-CRECIMIENTO.png\",\"contentUrl\":\"https:\/\/nitu.mx\/wp-content\/uploads\/2016\/11\/VOLARIS-CRECIMIENTO.png\",\"width\":972,\"height\":599,\"caption\":\"volaris crecimiento\"},{\"@type\":\"BreadcrumbList\",\"@id\":\"https:\/\/nitu.mx\/index.php\/2017\/01\/08\/volaris-crecio-en-pasajeros-un-25-2-en-2016\/#breadcrumb\",\"itemListElement\":[{\"@type\":\"ListItem\",\"position\":1,\"name\":\"Inicio\",\"item\":\"https:\/\/nitu.mx\/\"},{\"@type\":\"ListItem\",\"position\":2,\"name\":\"Volaris creci\u00f3 en pasajeros un 25.2 por ciento en 2016\"}]},{\"@type\":\"WebSite\",\"@id\":\"https:\/\/nitu.mx\/#website\",\"url\":\"https:\/\/nitu.mx\/\",\"name\":\"Nitu - Noticias de la Industria Turistica\",\"description\":\"Noticias de la Industria Turistica\",\"publisher\":{\"@id\":\"https:\/\/nitu.mx\/#\/schema\/person\/ae7a53426417292d3dd07b45a33e01bc\"},\"alternateName\":\"Noticias de la Industria Turistica\",\"potentialAction\":[{\"@type\":\"SearchAction\",\"target\":{\"@type\":\"EntryPoint\",\"urlTemplate\":\"https:\/\/nitu.mx\/?s={search_term_string}\"},\"query-input\":\"required name=search_term_string\"}],\"inLanguage\":\"es-MX\"},{\"@type\":[\"Person\",\"Organization\"],\"@id\":\"https:\/\/nitu.mx\/#\/schema\/person\/ae7a53426417292d3dd07b45a33e01bc\",\"name\":\"Arturo Medina\",\"image\":{\"@type\":\"ImageObject\",\"inLanguage\":\"es-MX\",\"@id\":\"https:\/\/nitu.mx\/#\/schema\/person\/image\/\",\"url\":\"https:\/\/nitu.mx\/wp-content\/uploads\/2024\/04\/4A315622-1904-4D5C-B022-878CDC840E04-90x90-1.jpeg\",\"contentUrl\":\"https:\/\/nitu.mx\/wp-content\/uploads\/2024\/04\/4A315622-1904-4D5C-B022-878CDC840E04-90x90-1.jpeg\",\"width\":90,\"height\":90,\"caption\":\"Arturo Medina\"},\"logo\":{\"@id\":\"https:\/\/nitu.mx\/#\/schema\/person\/image\/\"},\"description\":\"Director NITU.mx, Egresado de la Escuela de Periodismo Carlos Septi\u00e9n Garc\u00eda. Periodista y analista especializado en turismo desde hace 35 a\u00f1os, radicado en Canc\u00fan Q.Roo. arturo@nitu.mx\",\"sameAs\":[\"https:\/\/nitu.mx\",\"https:\/\/www.facebook.com\/NITUmx\/\",\"medinacancun\",\"https:\/\/twitter.com\/@Arturo_Medina_G\"]},{\"@type\":\"Person\",\"@id\":\"https:\/\/nitu.mx\/#\/schema\/person\/4a28fe9bd65924f7c90623773daf1b0b\",\"name\":\"Redacci\u00f3n\",\"image\":{\"@type\":\"ImageObject\",\"inLanguage\":\"es-MX\",\"@id\":\"https:\/\/nitu.mx\/#\/schema\/person\/image\/\",\"url\":\"https:\/\/secure.gravatar.com\/avatar\/5dd011c8ccfc5cd7e4c81e42252aab38?s=96&d=mm&r=g\",\"contentUrl\":\"https:\/\/secure.gravatar.com\/avatar\/5dd011c8ccfc5cd7e4c81e42252aab38?s=96&d=mm&r=g\",\"caption\":\"Redacci\u00f3n\"},\"url\":\"https:\/\/nitu.mx\/index.php\/author\/redaccion\/\"}]}<\/script>\n<!-- \/ Yoast SEO plugin. -->","yoast_head_json":{"title":"Volaris creci\u00f3 en pasajeros un 25.2 por ciento en 2016 - Nitu - Noticias de la Industria Turistica","description":"Volaris agreg\u00f3 que su capacidad total medida en t\u00e9rminos de asientos-milla disponibles (ASMs, por sus siglas en ingl\u00e9s) aument\u00f3 en un 18.9 por ciento.","robots":{"index":"index","follow":"follow","max-snippet":"max-snippet:-1","max-image-preview":"max-image-preview:large","max-video-preview":"max-video-preview:-1"},"canonical":"https:\/\/nitu.mx\/index.php\/2017\/01\/08\/volaris-crecio-en-pasajeros-un-25-2-en-2016\/","twitter_card":"summary_large_image","twitter_title":"Volaris creci\u00f3 en pasajeros un 25.2 por ciento en 2016 - Nitu - Noticias de la Industria Turistica","twitter_description":"Volaris agreg\u00f3 que su capacidad total medida en t\u00e9rminos de asientos-milla disponibles (ASMs, por sus siglas en ingl\u00e9s) aument\u00f3 en un 18.9 por ciento.","twitter_image":"https:\/\/nitu.mx\/wp-content\/uploads\/2016\/11\/VOLARIS-CRECIMIENTO.png","twitter_creator":"@NITUmx","twitter_site":"@Arturo_Medina_G","twitter_misc":{"Escrito por":"Redacci\u00f3n","Tiempo de lectura":"1 minuto"},"schema":{"@context":"https:\/\/schema.org","@graph":[{"@type":"Article","@id":"https:\/\/nitu.mx\/index.php\/2017\/01\/08\/volaris-crecio-en-pasajeros-un-25-2-en-2016\/#article","isPartOf":{"@id":"https:\/\/nitu.mx\/index.php\/2017\/01\/08\/volaris-crecio-en-pasajeros-un-25-2-en-2016\/"},"author":{"name":"Redacci\u00f3n","@id":"https:\/\/nitu.mx\/#\/schema\/person\/4a28fe9bd65924f7c90623773daf1b0b"},"headline":"Volaris creci\u00f3 en pasajeros un 25.2 por ciento en 2016","datePublished":"2017-01-09T04:30:28+00:00","dateModified":"2017-01-09T05:47:00+00:00","mainEntityOfPage":{"@id":"https:\/\/nitu.mx\/index.php\/2017\/01\/08\/volaris-crecio-en-pasajeros-un-25-2-en-2016\/"},"wordCount":156,"commentCount":0,"publisher":{"@id":"https:\/\/nitu.mx\/#\/schema\/person\/ae7a53426417292d3dd07b45a33e01bc"},"image":{"@id":"https:\/\/nitu.mx\/index.php\/2017\/01\/08\/volaris-crecio-en-pasajeros-un-25-2-en-2016\/#primaryimage"},"thumbnailUrl":"https:\/\/nitu.mx\/wp-content\/uploads\/2016\/11\/VOLARIS-CRECIMIENTO.png","keywords":["Bolsa Mexicana de Valores","Volaris"],"articleSection":["Aerol\u00edneas","M\u00e9xico"],"inLanguage":"es-MX","potentialAction":[{"@type":"CommentAction","name":"Comment","target":["https:\/\/nitu.mx\/index.php\/2017\/01\/08\/volaris-crecio-en-pasajeros-un-25-2-en-2016\/#respond"]}]},{"@type":"WebPage","@id":"https:\/\/nitu.mx\/index.php\/2017\/01\/08\/volaris-crecio-en-pasajeros-un-25-2-en-2016\/","url":"https:\/\/nitu.mx\/index.php\/2017\/01\/08\/volaris-crecio-en-pasajeros-un-25-2-en-2016\/","name":"Volaris creci\u00f3 en pasajeros un 25.2 por ciento en 2016 - Nitu - Noticias de la Industria Turistica","isPartOf":{"@id":"https:\/\/nitu.mx\/#website"},"primaryImageOfPage":{"@id":"https:\/\/nitu.mx\/index.php\/2017\/01\/08\/volaris-crecio-en-pasajeros-un-25-2-en-2016\/#primaryimage"},"image":{"@id":"https:\/\/nitu.mx\/index.php\/2017\/01\/08\/volaris-crecio-en-pasajeros-un-25-2-en-2016\/#primaryimage"},"thumbnailUrl":"https:\/\/nitu.mx\/wp-content\/uploads\/2016\/11\/VOLARIS-CRECIMIENTO.png","datePublished":"2017-01-09T04:30:28+00:00","dateModified":"2017-01-09T05:47:00+00:00","description":"Volaris agreg\u00f3 que su capacidad total medida en t\u00e9rminos de asientos-milla disponibles (ASMs, por sus siglas en ingl\u00e9s) aument\u00f3 en un 18.9 por ciento.","breadcrumb":{"@id":"https:\/\/nitu.mx\/index.php\/2017\/01\/08\/volaris-crecio-en-pasajeros-un-25-2-en-2016\/#breadcrumb"},"inLanguage":"es-MX","potentialAction":[{"@type":"ReadAction","target":["https:\/\/nitu.mx\/index.php\/2017\/01\/08\/volaris-crecio-en-pasajeros-un-25-2-en-2016\/"]}]},{"@type":"ImageObject","inLanguage":"es-MX","@id":"https:\/\/nitu.mx\/index.php\/2017\/01\/08\/volaris-crecio-en-pasajeros-un-25-2-en-2016\/#primaryimage","url":"https:\/\/nitu.mx\/wp-content\/uploads\/2016\/11\/VOLARIS-CRECIMIENTO.png","contentUrl":"https:\/\/nitu.mx\/wp-content\/uploads\/2016\/11\/VOLARIS-CRECIMIENTO.png","width":972,"height":599,"caption":"volaris crecimiento"},{"@type":"BreadcrumbList","@id":"https:\/\/nitu.mx\/index.php\/2017\/01\/08\/volaris-crecio-en-pasajeros-un-25-2-en-2016\/#breadcrumb","itemListElement":[{"@type":"ListItem","position":1,"name":"Inicio","item":"https:\/\/nitu.mx\/"},{"@type":"ListItem","position":2,"name":"Volaris creci\u00f3 en pasajeros un 25.2 por ciento en 2016"}]},{"@type":"WebSite","@id":"https:\/\/nitu.mx\/#website","url":"https:\/\/nitu.mx\/","name":"Nitu - Noticias de la Industria Turistica","description":"Noticias de la Industria Turistica","publisher":{"@id":"https:\/\/nitu.mx\/#\/schema\/person\/ae7a53426417292d3dd07b45a33e01bc"},"alternateName":"Noticias de la Industria Turistica","potentialAction":[{"@type":"SearchAction","target":{"@type":"EntryPoint","urlTemplate":"https:\/\/nitu.mx\/?s={search_term_string}"},"query-input":"required name=search_term_string"}],"inLanguage":"es-MX"},{"@type":["Person","Organization"],"@id":"https:\/\/nitu.mx\/#\/schema\/person\/ae7a53426417292d3dd07b45a33e01bc","name":"Arturo Medina","image":{"@type":"ImageObject","inLanguage":"es-MX","@id":"https:\/\/nitu.mx\/#\/schema\/person\/image\/","url":"https:\/\/nitu.mx\/wp-content\/uploads\/2024\/04\/4A315622-1904-4D5C-B022-878CDC840E04-90x90-1.jpeg","contentUrl":"https:\/\/nitu.mx\/wp-content\/uploads\/2024\/04\/4A315622-1904-4D5C-B022-878CDC840E04-90x90-1.jpeg","width":90,"height":90,"caption":"Arturo Medina"},"logo":{"@id":"https:\/\/nitu.mx\/#\/schema\/person\/image\/"},"description":"Director NITU.mx, Egresado de la Escuela de Periodismo Carlos Septi\u00e9n Garc\u00eda. Periodista y analista especializado en turismo desde hace 35 a\u00f1os, radicado en Canc\u00fan Q.Roo. arturo@nitu.mx","sameAs":["https:\/\/nitu.mx","https:\/\/www.facebook.com\/NITUmx\/","medinacancun","https:\/\/twitter.com\/@Arturo_Medina_G"]},{"@type":"Person","@id":"https:\/\/nitu.mx\/#\/schema\/person\/4a28fe9bd65924f7c90623773daf1b0b","name":"Redacci\u00f3n","image":{"@type":"ImageObject","inLanguage":"es-MX","@id":"https:\/\/nitu.mx\/#\/schema\/person\/image\/","url":"https:\/\/secure.gravatar.com\/avatar\/5dd011c8ccfc5cd7e4c81e42252aab38?s=96&d=mm&r=g","contentUrl":"https:\/\/secure.gravatar.com\/avatar\/5dd011c8ccfc5cd7e4c81e42252aab38?s=96&d=mm&r=g","caption":"Redacci\u00f3n"},"url":"https:\/\/nitu.mx\/index.php\/author\/redaccion\/"}]}},"views":219,"_links":{"self":[{"href":"https:\/\/nitu.mx\/index.php\/wp-json\/wp\/v2\/posts\/5665"}],"collection":[{"href":"https:\/\/nitu.mx\/index.php\/wp-json\/wp\/v2\/posts"}],"about":[{"href":"https:\/\/nitu.mx\/index.php\/wp-json\/wp\/v2\/types\/post"}],"author":[{"embeddable":true,"href":"https:\/\/nitu.mx\/index.php\/wp-json\/wp\/v2\/users\/17"}],"replies":[{"embeddable":true,"href":"https:\/\/nitu.mx\/index.php\/wp-json\/wp\/v2\/comments?post=5665"}],"version-history":[{"count":4,"href":"https:\/\/nitu.mx\/index.php\/wp-json\/wp\/v2\/posts\/5665\/revisions"}],"predecessor-version":[{"id":5679,"href":"https:\/\/nitu.mx\/index.php\/wp-json\/wp\/v2\/posts\/5665\/revisions\/5679"}],"wp:featuredmedia":[{"embeddable":true,"href":"https:\/\/nitu.mx\/index.php\/wp-json\/wp\/v2\/media\/3711"}],"wp:attachment":[{"href":"https:\/\/nitu.mx\/index.php\/wp-json\/wp\/v2\/media?parent=5665"}],"wp:term":[{"taxonomy":"category","embeddable":true,"href":"https:\/\/nitu.mx\/index.php\/wp-json\/wp\/v2\/categories?post=5665"},{"taxonomy":"post_tag","embeddable":true,"href":"https:\/\/nitu.mx\/index.php\/wp-json\/wp\/v2\/tags?post=5665"}],"curies":[{"name":"wp","href":"https:\/\/api.w.org\/{rel}","templated":true}]}}