{"id":56393,"date":"2021-11-09T23:11:43","date_gmt":"2021-11-10T04:11:43","guid":{"rendered":"https:\/\/www.dev.nitu.mx\/?p=56393"},"modified":"2021-11-10T01:09:51","modified_gmt":"2021-11-10T06:09:51","slug":"pricetravel-reservas-para-navidad-y-fin-de-ano-superan-a-2019","status":"publish","type":"post","link":"https:\/\/nitu.mx\/index.php\/2021\/11\/09\/pricetravel-reservas-para-navidad-y-fin-de-ano-superan-a-2019\/","title":{"rendered":"PriceTravel, reservas para Navidad y Fin de A\u00f1o superan a 2019"},"content":{"rendered":"<p>La recuperaci\u00f3n del turismo es evidente seg\u00fan los reportes de PriceTravel Holding que arrojan m\u00e1s reservaciones para Navidad y A\u00f1o Nuevo que lo que se ten\u00eda en el mismo periodo de 2019.<\/p>\n<p>As\u00ed lo dieron a conocer los directivos del corporativo de viajes, Juan Socas, director de Alianzas Comerciales, y Rafael Durand, COO de la compa\u00f1\u00eda, quienes revelaron interesantes datos sobre la reactivaci\u00f3n del sector.<\/p>\n<p>En 2021, PriceTravel Holding tendr\u00e1 un crecimiento a doble d\u00edgito respecto al a\u00f1o previo a la pandemia, impulsado principalmente por la venta en los canales en l\u00ednea, con 60 por ciento de las transacciones, contra 40 por ciento de las ventas offline, dijo Durand.<\/p>\n<p>Como lo indicaban las tendencias, los destinos nacionales son los de mayor crecimiento, y hay una preferencia de 70 por ciento para los destinos de playa, aunque cada vez m\u00e1s las ciudades y destinos internacionales de corto alcancen recuperar las preferencias.<\/p>\n<p>Para mantener la racha ascendente, PriceTravel Holding reforz\u00f3 su modelo de negocio con 40 alianzas comerciales y as\u00ed fortalecer la red de distribuci\u00f3n y dar m\u00e1s valor a los clientes, coment\u00f3 Juan Socas.<\/p>\n<p>El directivo destac\u00f3 los cuatro pilares de la empresa como es basto contenido de producto, vanguardia tecnol\u00f3gica en los canales de venta, diversidad de canales de venta y l\u00edneas de negocio y altos est\u00e1ndares de servicio.<\/p>\n<p>Algunas de las estrategias comerciales que contribuyen con la recuperaci\u00f3n del turismo son el Buen Fin y el Hot Sale, que estimulan la venta en los canales online.<\/p>\n<p>PriceTravel Holding tambi\u00e9n participar\u00e1 en el Tianguis Tur\u00edstico de M\u00e9rida donde contar\u00e1 con las mejores ofertas, y seguir\u00e1 el trabajo con aerol\u00edneas, hoteles, bancos, dependencias gubernamentales de turismo para acercar la oferta a los consumidores.<\/p>\n<p>La recuperaci\u00f3n del sector tur\u00edstico trae consigo tambi\u00e9n el incremento de las tarifas que cayeron fuertemente, pero poco a poco comienzan a recuperarse sobre todo en destinos de playa.<\/p>\n<p>Los h\u00e1bitos de compra de los viajeros tambi\u00e9n se modificaron y ahora se redujo el tiempo de antelaci\u00f3n de las reservas, se viaja a distancias m\u00e1s cortas y hay un inter\u00e9s por habitaciones de mayor categor\u00eda, refiere Juan Socas.\u00a0<a title=\"PriceTravel y Seadust Canc\u00fan firman alianza comercial\" href=\"https:\/\/www.dev.nitu.mx\/index.php\/2021\/11\/02\/pricetravel-y-seadust-cancun-firman-alianza-comercial\/\" rel=\"bookmark\">(PriceTravel y Seadust Canc\u00fan firman alianza comercial<\/a>).<\/p>\n","protected":false},"excerpt":{"rendered":"<p>La recuperaci\u00f3n del turismo es evidente seg\u00fan los reportes de PriceTravel Holding que arrojan m\u00e1s reservaciones para Navidad y A\u00f1o Nuevo que lo que se ten\u00eda en el mismo periodo de 2019. As\u00ed lo dieron a conocer los directivos del corporativo de viajes, Juan Socas, director de Alianzas Comerciales, y Rafael Durand, COO de la [&hellip;]<\/p>\n","protected":false},"author":18,"featured_media":34790,"comment_status":"open","ping_status":"open","sticky":false,"template":"","format":"standard","meta":{"footnotes":""},"categories":[3],"tags":[2842,2840,3088,6431,20747,1064],"yoast_head":"<!-- This site is optimized with the Yoast SEO plugin v22.2 - https:\/\/yoast.com\/wordpress\/plugins\/seo\/ -->\n<title>PriceTravel, reservas para Navidad y Fin de A\u00f1o superan a 2019 - Nitu - Noticias de la Industria Turistica<\/title>\n<meta name=\"robots\" content=\"index, follow, max-snippet:-1, max-image-preview:large, max-video-preview:-1\" \/>\n<link rel=\"canonical\" href=\"https:\/\/nitu.mx\/index.php\/2021\/11\/09\/pricetravel-reservas-para-navidad-y-fin-de-ano-superan-a-2019\/\" \/>\n<meta name=\"twitter:card\" content=\"summary_large_image\" \/>\n<meta name=\"twitter:title\" content=\"PriceTravel, reservas para Navidad y Fin de A\u00f1o superan a 2019 - Nitu - Noticias de la Industria Turistica\" \/>\n<meta name=\"twitter:description\" content=\"La recuperaci\u00f3n del turismo es evidente seg\u00fan los reportes de PriceTravel Holding que arrojan m\u00e1s reservaciones para Navidad y A\u00f1o Nuevo que lo que se ten\u00eda en el mismo periodo de 2019. As\u00ed lo dieron a conocer los directivos del corporativo de viajes, Juan Socas, director de Alianzas Comerciales, y Rafael Durand, COO de la [&hellip;]\" \/>\n<meta name=\"twitter:image\" content=\"https:\/\/nitu.mx\/wp-content\/uploads\/2019\/08\/PriceTravel-verano-2019.jpg\" \/>\n<meta name=\"twitter:creator\" content=\"@NITUmx\" \/>\n<meta name=\"twitter:site\" content=\"@Arturo_Medina_G\" \/>\n<meta name=\"twitter:label1\" content=\"Escrito por\" \/>\n\t<meta name=\"twitter:data1\" content=\"Guadalupe Sixto\" \/>\n\t<meta name=\"twitter:label2\" content=\"Tiempo de lectura\" \/>\n\t<meta name=\"twitter:data2\" content=\"2 minutos\" \/>\n<script type=\"application\/ld+json\" class=\"yoast-schema-graph\">{\"@context\":\"https:\/\/schema.org\",\"@graph\":[{\"@type\":\"Article\",\"@id\":\"https:\/\/nitu.mx\/index.php\/2021\/11\/09\/pricetravel-reservas-para-navidad-y-fin-de-ano-superan-a-2019\/#article\",\"isPartOf\":{\"@id\":\"https:\/\/nitu.mx\/index.php\/2021\/11\/09\/pricetravel-reservas-para-navidad-y-fin-de-ano-superan-a-2019\/\"},\"author\":{\"name\":\"Guadalupe Sixto\",\"@id\":\"https:\/\/nitu.mx\/#\/schema\/person\/3df3082b5e46037e3f13614d28ee0b77\"},\"headline\":\"PriceTravel, reservas para Navidad y Fin de A\u00f1o superan a 2019\",\"datePublished\":\"2021-11-10T04:11:43+00:00\",\"dateModified\":\"2021-11-10T06:09:51+00:00\",\"mainEntityOfPage\":{\"@id\":\"https:\/\/nitu.mx\/index.php\/2021\/11\/09\/pricetravel-reservas-para-navidad-y-fin-de-ano-superan-a-2019\/\"},\"wordCount\":393,\"commentCount\":0,\"publisher\":{\"@id\":\"https:\/\/nitu.mx\/#\/schema\/person\/ae7a53426417292d3dd07b45a33e01bc\"},\"image\":{\"@id\":\"https:\/\/nitu.mx\/index.php\/2021\/11\/09\/pricetravel-reservas-para-navidad-y-fin-de-ano-superan-a-2019\/#primaryimage\"},\"thumbnailUrl\":\"https:\/\/nitu.mx\/wp-content\/uploads\/2019\/08\/PriceTravel-verano-2019.jpg\",\"keywords\":[\"Juan Socas\",\"PriceTravel Holding\",\"Rafael Durand\",\"Reservaciones\",\"tendencias\",\"Tianguis Tur\u00edstico\"],\"articleSection\":[\"Agencias de Viajes\"],\"inLanguage\":\"es-MX\",\"potentialAction\":[{\"@type\":\"CommentAction\",\"name\":\"Comment\",\"target\":[\"https:\/\/nitu.mx\/index.php\/2021\/11\/09\/pricetravel-reservas-para-navidad-y-fin-de-ano-superan-a-2019\/#respond\"]}]},{\"@type\":\"WebPage\",\"@id\":\"https:\/\/nitu.mx\/index.php\/2021\/11\/09\/pricetravel-reservas-para-navidad-y-fin-de-ano-superan-a-2019\/\",\"url\":\"https:\/\/nitu.mx\/index.php\/2021\/11\/09\/pricetravel-reservas-para-navidad-y-fin-de-ano-superan-a-2019\/\",\"name\":\"PriceTravel, reservas para Navidad y Fin de A\u00f1o superan a 2019 - Nitu - Noticias de la Industria Turistica\",\"isPartOf\":{\"@id\":\"https:\/\/nitu.mx\/#website\"},\"primaryImageOfPage\":{\"@id\":\"https:\/\/nitu.mx\/index.php\/2021\/11\/09\/pricetravel-reservas-para-navidad-y-fin-de-ano-superan-a-2019\/#primaryimage\"},\"image\":{\"@id\":\"https:\/\/nitu.mx\/index.php\/2021\/11\/09\/pricetravel-reservas-para-navidad-y-fin-de-ano-superan-a-2019\/#primaryimage\"},\"thumbnailUrl\":\"https:\/\/nitu.mx\/wp-content\/uploads\/2019\/08\/PriceTravel-verano-2019.jpg\",\"datePublished\":\"2021-11-10T04:11:43+00:00\",\"dateModified\":\"2021-11-10T06:09:51+00:00\",\"breadcrumb\":{\"@id\":\"https:\/\/nitu.mx\/index.php\/2021\/11\/09\/pricetravel-reservas-para-navidad-y-fin-de-ano-superan-a-2019\/#breadcrumb\"},\"inLanguage\":\"es-MX\",\"potentialAction\":[{\"@type\":\"ReadAction\",\"target\":[\"https:\/\/nitu.mx\/index.php\/2021\/11\/09\/pricetravel-reservas-para-navidad-y-fin-de-ano-superan-a-2019\/\"]}]},{\"@type\":\"ImageObject\",\"inLanguage\":\"es-MX\",\"@id\":\"https:\/\/nitu.mx\/index.php\/2021\/11\/09\/pricetravel-reservas-para-navidad-y-fin-de-ano-superan-a-2019\/#primaryimage\",\"url\":\"https:\/\/nitu.mx\/wp-content\/uploads\/2019\/08\/PriceTravel-verano-2019.jpg\",\"contentUrl\":\"https:\/\/nitu.mx\/wp-content\/uploads\/2019\/08\/PriceTravel-verano-2019.jpg\",\"width\":850,\"height\":480,\"caption\":\"PriceTravel\"},{\"@type\":\"BreadcrumbList\",\"@id\":\"https:\/\/nitu.mx\/index.php\/2021\/11\/09\/pricetravel-reservas-para-navidad-y-fin-de-ano-superan-a-2019\/#breadcrumb\",\"itemListElement\":[{\"@type\":\"ListItem\",\"position\":1,\"name\":\"Inicio\",\"item\":\"https:\/\/nitu.mx\/\"},{\"@type\":\"ListItem\",\"position\":2,\"name\":\"PriceTravel, reservas para Navidad y Fin de A\u00f1o superan a 2019\"}]},{\"@type\":\"WebSite\",\"@id\":\"https:\/\/nitu.mx\/#website\",\"url\":\"https:\/\/nitu.mx\/\",\"name\":\"Nitu - Noticias de la Industria Turistica\",\"description\":\"Noticias de la Industria Turistica\",\"publisher\":{\"@id\":\"https:\/\/nitu.mx\/#\/schema\/person\/ae7a53426417292d3dd07b45a33e01bc\"},\"alternateName\":\"Noticias de la Industria Turistica\",\"potentialAction\":[{\"@type\":\"SearchAction\",\"target\":{\"@type\":\"EntryPoint\",\"urlTemplate\":\"https:\/\/nitu.mx\/?s={search_term_string}\"},\"query-input\":\"required name=search_term_string\"}],\"inLanguage\":\"es-MX\"},{\"@type\":[\"Person\",\"Organization\"],\"@id\":\"https:\/\/nitu.mx\/#\/schema\/person\/ae7a53426417292d3dd07b45a33e01bc\",\"name\":\"Arturo Medina\",\"image\":{\"@type\":\"ImageObject\",\"inLanguage\":\"es-MX\",\"@id\":\"https:\/\/nitu.mx\/#\/schema\/person\/image\/\",\"url\":\"https:\/\/nitu.mx\/wp-content\/uploads\/2024\/04\/4A315622-1904-4D5C-B022-878CDC840E04-90x90-1.jpeg\",\"contentUrl\":\"https:\/\/nitu.mx\/wp-content\/uploads\/2024\/04\/4A315622-1904-4D5C-B022-878CDC840E04-90x90-1.jpeg\",\"width\":90,\"height\":90,\"caption\":\"Arturo Medina\"},\"logo\":{\"@id\":\"https:\/\/nitu.mx\/#\/schema\/person\/image\/\"},\"description\":\"Director NITU.mx, Egresado de la Escuela de Periodismo Carlos Septi\u00e9n Garc\u00eda. Periodista y analista especializado en turismo desde hace 35 a\u00f1os, radicado en Canc\u00fan Q.Roo. arturo@nitu.mx\",\"sameAs\":[\"https:\/\/nitu.mx\",\"https:\/\/www.facebook.com\/NITUmx\/\",\"medinacancun\",\"https:\/\/twitter.com\/@Arturo_Medina_G\"]},{\"@type\":\"Person\",\"@id\":\"https:\/\/nitu.mx\/#\/schema\/person\/3df3082b5e46037e3f13614d28ee0b77\",\"name\":\"Guadalupe Sixto\",\"image\":{\"@type\":\"ImageObject\",\"inLanguage\":\"es-MX\",\"@id\":\"https:\/\/nitu.mx\/#\/schema\/person\/image\/\",\"url\":\"https:\/\/secure.gravatar.com\/avatar\/13914e1b0e1919e91f9539de4dc584c4?s=96&d=mm&r=g\",\"contentUrl\":\"https:\/\/secure.gravatar.com\/avatar\/13914e1b0e1919e91f9539de4dc584c4?s=96&d=mm&r=g\",\"caption\":\"Guadalupe Sixto\"},\"url\":\"https:\/\/nitu.mx\/index.php\/author\/gsixto\/\"}]}<\/script>\n<!-- \/ Yoast SEO plugin. -->","yoast_head_json":{"title":"PriceTravel, reservas para Navidad y Fin de A\u00f1o superan a 2019 - Nitu - Noticias de la Industria Turistica","robots":{"index":"index","follow":"follow","max-snippet":"max-snippet:-1","max-image-preview":"max-image-preview:large","max-video-preview":"max-video-preview:-1"},"canonical":"https:\/\/nitu.mx\/index.php\/2021\/11\/09\/pricetravel-reservas-para-navidad-y-fin-de-ano-superan-a-2019\/","twitter_card":"summary_large_image","twitter_title":"PriceTravel, reservas para Navidad y Fin de A\u00f1o superan a 2019 - Nitu - Noticias de la Industria Turistica","twitter_description":"La recuperaci\u00f3n del turismo es evidente seg\u00fan los reportes de PriceTravel Holding que arrojan m\u00e1s reservaciones para Navidad y A\u00f1o Nuevo que lo que se ten\u00eda en el mismo periodo de 2019. As\u00ed lo dieron a conocer los directivos del corporativo de viajes, Juan Socas, director de Alianzas Comerciales, y Rafael Durand, COO de la [&hellip;]","twitter_image":"https:\/\/nitu.mx\/wp-content\/uploads\/2019\/08\/PriceTravel-verano-2019.jpg","twitter_creator":"@NITUmx","twitter_site":"@Arturo_Medina_G","twitter_misc":{"Escrito por":"Guadalupe Sixto","Tiempo de lectura":"2 minutos"},"schema":{"@context":"https:\/\/schema.org","@graph":[{"@type":"Article","@id":"https:\/\/nitu.mx\/index.php\/2021\/11\/09\/pricetravel-reservas-para-navidad-y-fin-de-ano-superan-a-2019\/#article","isPartOf":{"@id":"https:\/\/nitu.mx\/index.php\/2021\/11\/09\/pricetravel-reservas-para-navidad-y-fin-de-ano-superan-a-2019\/"},"author":{"name":"Guadalupe Sixto","@id":"https:\/\/nitu.mx\/#\/schema\/person\/3df3082b5e46037e3f13614d28ee0b77"},"headline":"PriceTravel, reservas para Navidad y Fin de A\u00f1o superan a 2019","datePublished":"2021-11-10T04:11:43+00:00","dateModified":"2021-11-10T06:09:51+00:00","mainEntityOfPage":{"@id":"https:\/\/nitu.mx\/index.php\/2021\/11\/09\/pricetravel-reservas-para-navidad-y-fin-de-ano-superan-a-2019\/"},"wordCount":393,"commentCount":0,"publisher":{"@id":"https:\/\/nitu.mx\/#\/schema\/person\/ae7a53426417292d3dd07b45a33e01bc"},"image":{"@id":"https:\/\/nitu.mx\/index.php\/2021\/11\/09\/pricetravel-reservas-para-navidad-y-fin-de-ano-superan-a-2019\/#primaryimage"},"thumbnailUrl":"https:\/\/nitu.mx\/wp-content\/uploads\/2019\/08\/PriceTravel-verano-2019.jpg","keywords":["Juan Socas","PriceTravel Holding","Rafael Durand","Reservaciones","tendencias","Tianguis Tur\u00edstico"],"articleSection":["Agencias de Viajes"],"inLanguage":"es-MX","potentialAction":[{"@type":"CommentAction","name":"Comment","target":["https:\/\/nitu.mx\/index.php\/2021\/11\/09\/pricetravel-reservas-para-navidad-y-fin-de-ano-superan-a-2019\/#respond"]}]},{"@type":"WebPage","@id":"https:\/\/nitu.mx\/index.php\/2021\/11\/09\/pricetravel-reservas-para-navidad-y-fin-de-ano-superan-a-2019\/","url":"https:\/\/nitu.mx\/index.php\/2021\/11\/09\/pricetravel-reservas-para-navidad-y-fin-de-ano-superan-a-2019\/","name":"PriceTravel, reservas para Navidad y Fin de A\u00f1o superan a 2019 - Nitu - Noticias de la Industria Turistica","isPartOf":{"@id":"https:\/\/nitu.mx\/#website"},"primaryImageOfPage":{"@id":"https:\/\/nitu.mx\/index.php\/2021\/11\/09\/pricetravel-reservas-para-navidad-y-fin-de-ano-superan-a-2019\/#primaryimage"},"image":{"@id":"https:\/\/nitu.mx\/index.php\/2021\/11\/09\/pricetravel-reservas-para-navidad-y-fin-de-ano-superan-a-2019\/#primaryimage"},"thumbnailUrl":"https:\/\/nitu.mx\/wp-content\/uploads\/2019\/08\/PriceTravel-verano-2019.jpg","datePublished":"2021-11-10T04:11:43+00:00","dateModified":"2021-11-10T06:09:51+00:00","breadcrumb":{"@id":"https:\/\/nitu.mx\/index.php\/2021\/11\/09\/pricetravel-reservas-para-navidad-y-fin-de-ano-superan-a-2019\/#breadcrumb"},"inLanguage":"es-MX","potentialAction":[{"@type":"ReadAction","target":["https:\/\/nitu.mx\/index.php\/2021\/11\/09\/pricetravel-reservas-para-navidad-y-fin-de-ano-superan-a-2019\/"]}]},{"@type":"ImageObject","inLanguage":"es-MX","@id":"https:\/\/nitu.mx\/index.php\/2021\/11\/09\/pricetravel-reservas-para-navidad-y-fin-de-ano-superan-a-2019\/#primaryimage","url":"https:\/\/nitu.mx\/wp-content\/uploads\/2019\/08\/PriceTravel-verano-2019.jpg","contentUrl":"https:\/\/nitu.mx\/wp-content\/uploads\/2019\/08\/PriceTravel-verano-2019.jpg","width":850,"height":480,"caption":"PriceTravel"},{"@type":"BreadcrumbList","@id":"https:\/\/nitu.mx\/index.php\/2021\/11\/09\/pricetravel-reservas-para-navidad-y-fin-de-ano-superan-a-2019\/#breadcrumb","itemListElement":[{"@type":"ListItem","position":1,"name":"Inicio","item":"https:\/\/nitu.mx\/"},{"@type":"ListItem","position":2,"name":"PriceTravel, reservas para Navidad y Fin de A\u00f1o superan a 2019"}]},{"@type":"WebSite","@id":"https:\/\/nitu.mx\/#website","url":"https:\/\/nitu.mx\/","name":"Nitu - Noticias de la Industria Turistica","description":"Noticias de la Industria Turistica","publisher":{"@id":"https:\/\/nitu.mx\/#\/schema\/person\/ae7a53426417292d3dd07b45a33e01bc"},"alternateName":"Noticias de la Industria Turistica","potentialAction":[{"@type":"SearchAction","target":{"@type":"EntryPoint","urlTemplate":"https:\/\/nitu.mx\/?s={search_term_string}"},"query-input":"required name=search_term_string"}],"inLanguage":"es-MX"},{"@type":["Person","Organization"],"@id":"https:\/\/nitu.mx\/#\/schema\/person\/ae7a53426417292d3dd07b45a33e01bc","name":"Arturo Medina","image":{"@type":"ImageObject","inLanguage":"es-MX","@id":"https:\/\/nitu.mx\/#\/schema\/person\/image\/","url":"https:\/\/nitu.mx\/wp-content\/uploads\/2024\/04\/4A315622-1904-4D5C-B022-878CDC840E04-90x90-1.jpeg","contentUrl":"https:\/\/nitu.mx\/wp-content\/uploads\/2024\/04\/4A315622-1904-4D5C-B022-878CDC840E04-90x90-1.jpeg","width":90,"height":90,"caption":"Arturo Medina"},"logo":{"@id":"https:\/\/nitu.mx\/#\/schema\/person\/image\/"},"description":"Director NITU.mx, Egresado de la Escuela de Periodismo Carlos Septi\u00e9n Garc\u00eda. Periodista y analista especializado en turismo desde hace 35 a\u00f1os, radicado en Canc\u00fan Q.Roo. arturo@nitu.mx","sameAs":["https:\/\/nitu.mx","https:\/\/www.facebook.com\/NITUmx\/","medinacancun","https:\/\/twitter.com\/@Arturo_Medina_G"]},{"@type":"Person","@id":"https:\/\/nitu.mx\/#\/schema\/person\/3df3082b5e46037e3f13614d28ee0b77","name":"Guadalupe Sixto","image":{"@type":"ImageObject","inLanguage":"es-MX","@id":"https:\/\/nitu.mx\/#\/schema\/person\/image\/","url":"https:\/\/secure.gravatar.com\/avatar\/13914e1b0e1919e91f9539de4dc584c4?s=96&d=mm&r=g","contentUrl":"https:\/\/secure.gravatar.com\/avatar\/13914e1b0e1919e91f9539de4dc584c4?s=96&d=mm&r=g","caption":"Guadalupe Sixto"},"url":"https:\/\/nitu.mx\/index.php\/author\/gsixto\/"}]}},"views":502,"_links":{"self":[{"href":"https:\/\/nitu.mx\/index.php\/wp-json\/wp\/v2\/posts\/56393"}],"collection":[{"href":"https:\/\/nitu.mx\/index.php\/wp-json\/wp\/v2\/posts"}],"about":[{"href":"https:\/\/nitu.mx\/index.php\/wp-json\/wp\/v2\/types\/post"}],"author":[{"embeddable":true,"href":"https:\/\/nitu.mx\/index.php\/wp-json\/wp\/v2\/users\/18"}],"replies":[{"embeddable":true,"href":"https:\/\/nitu.mx\/index.php\/wp-json\/wp\/v2\/comments?post=56393"}],"version-history":[{"count":2,"href":"https:\/\/nitu.mx\/index.php\/wp-json\/wp\/v2\/posts\/56393\/revisions"}],"predecessor-version":[{"id":56399,"href":"https:\/\/nitu.mx\/index.php\/wp-json\/wp\/v2\/posts\/56393\/revisions\/56399"}],"wp:featuredmedia":[{"embeddable":true,"href":"https:\/\/nitu.mx\/index.php\/wp-json\/wp\/v2\/media\/34790"}],"wp:attachment":[{"href":"https:\/\/nitu.mx\/index.php\/wp-json\/wp\/v2\/media?parent=56393"}],"wp:term":[{"taxonomy":"category","embeddable":true,"href":"https:\/\/nitu.mx\/index.php\/wp-json\/wp\/v2\/categories?post=56393"},{"taxonomy":"post_tag","embeddable":true,"href":"https:\/\/nitu.mx\/index.php\/wp-json\/wp\/v2\/tags?post=56393"}],"curies":[{"name":"wp","href":"https:\/\/api.w.org\/{rel}","templated":true}]}}