{"id":56263,"date":"2021-11-02T17:34:43","date_gmt":"2021-11-02T22:34:43","guid":{"rendered":"https:\/\/www.dev.nitu.mx\/?p=56263"},"modified":"2021-11-03T01:04:32","modified_gmt":"2021-11-03T06:04:32","slug":"pricetravel-y-seadust-cancun-firman-alianza-comercial","status":"publish","type":"post","link":"https:\/\/nitu.mx\/index.php\/2021\/11\/02\/pricetravel-y-seadust-cancun-firman-alianza-comercial\/","title":{"rendered":"PriceTravel y Seadust Canc\u00fan firman alianza comercial"},"content":{"rendered":"<p>Seadust Canc\u00fan Family Resort impulsar\u00e1 la venta de paquetes din\u00e1micos con vuelo y hotel apoyados de la plataforma B2B2C de PriceTravel Holding.<\/p>\n<p>La compa\u00f1\u00eda de viajes y el resort firmaron una alianza comercial que le ofrecer\u00e1 un motor de reservaciones probado con el look &amp; feel de su imagen para que promueva a los clientes sus atractivos precios y promociones.<\/p>\n<p>Seadust Canc\u00fan Family Resort tendr\u00e1 a su disposici\u00f3n tambi\u00e9n un call center con l\u00ednea de atenci\u00f3n personalizada, que atienden expertos en viajes las 24 horas del d\u00eda los 365 d\u00edas del a\u00f1o, y un equipo de marketing digital para generar ofertas espec\u00edficas basadas en los intereses de los viajeros.<\/p>\n<p>El resort se suma a las m\u00e1s de 250 empresas que depositan su confianza en el motor de reservas de PriceTravel Holding, tanto para el desarrollo de sus plataformas digitales como la venta de los paquetes de viaje.<\/p>\n<p>El corporativo tur\u00edstico cuenta con tecnolog\u00eda de punta, una eficiente plataforma de venta, producto diferenciado, y altos est\u00e1ndares de servicio, junto con una destacada presencia comercial a nivel global.<\/p>\n<p>Estos son algunos de los diferenciadores que consider\u00f3 Seadust Canc\u00fan Family Resort para firmar con este acuerdo comercial con PriceTravel Holding.<\/p>\n<p>\u201cEstamos muy contentos con esta nueva alianza comercial, con la cual estamos seguros que sumaremos m\u00e1s clientes contentos tanto nacionales como internacionales para ambas compa\u00f1\u00edas\u201d, coment\u00f3 Belem Sandoval, directora Comercial de Seadust Canc\u00fan Family Resort.<\/p>\n<p>Por su parte, Juan Socas, director de Alianzas Comerciales de PriceTravel Holding, se\u00f1al\u00f3: \u201cUn gusto poder ofrecer a Seadust Canc\u00fan Family Resort un dise\u00f1o integral de viajes, a trav\u00e9s de una plataforma intuitiva, confiable y segura; adem\u00e1s de ofrecer a sus clientes unas vacaciones inolvidables en el destino n\u00famero uno del pa\u00eds, con excelentes precios, grandes promociones y una poderosa pasarela de pagos con los principales bancos del pa\u00eds\u201d.\u00a0\u00a0<a title=\"PriceTravel Holding firma alianza con TAR Aerol\u00edneas\" href=\"https:\/\/www.dev.nitu.mx\/index.php\/2021\/10\/26\/pricetravel-holding-firma-alianza-con-tar-aerolineas\/\" rel=\"bookmark\">(PriceTravel Holding firma alianza con TAR Aerol\u00edneas<\/a>).<\/p>\n","protected":false},"excerpt":{"rendered":"<p>Seadust Canc\u00fan Family Resort impulsar\u00e1 la venta de paquetes din\u00e1micos con vuelo y hotel apoyados de la plataforma B2B2C de PriceTravel Holding. La compa\u00f1\u00eda de viajes y el resort firmaron una alianza comercial que le ofrecer\u00e1 un motor de reservaciones probado con el look &amp; feel de su imagen para que promueva a los clientes [&hellip;]<\/p>\n","protected":false},"author":17,"featured_media":56274,"comment_status":"open","ping_status":"open","sticky":false,"template":"","format":"standard","meta":{"footnotes":""},"categories":[3],"tags":[22893,2842,22894,12487,2840,5845],"yoast_head":"<!-- This site is optimized with the Yoast SEO plugin v22.2 - https:\/\/yoast.com\/wordpress\/plugins\/seo\/ -->\n<title>PriceTravel y Seadust Canc\u00fan firman alianza comercial - Nitu - Noticias de la Industria Turistica<\/title>\n<meta name=\"robots\" content=\"index, follow, max-snippet:-1, max-image-preview:large, max-video-preview:-1\" \/>\n<link rel=\"canonical\" href=\"https:\/\/nitu.mx\/index.php\/2021\/11\/02\/pricetravel-y-seadust-cancun-firman-alianza-comercial\/\" \/>\n<meta name=\"twitter:card\" content=\"summary_large_image\" \/>\n<meta name=\"twitter:title\" content=\"PriceTravel y Seadust Canc\u00fan firman alianza comercial - Nitu - Noticias de la Industria Turistica\" \/>\n<meta name=\"twitter:description\" content=\"Seadust Canc\u00fan Family Resort impulsar\u00e1 la venta de paquetes din\u00e1micos con vuelo y hotel apoyados de la plataforma B2B2C de PriceTravel Holding. La compa\u00f1\u00eda de viajes y el resort firmaron una alianza comercial que le ofrecer\u00e1 un motor de reservaciones probado con el look &amp; feel de su imagen para que promueva a los clientes [&hellip;]\" \/>\n<meta name=\"twitter:image\" content=\"https:\/\/nitu.mx\/wp-content\/uploads\/2021\/11\/PriceTravel-Seadust.jpg\" \/>\n<meta name=\"twitter:creator\" content=\"@NITUmx\" \/>\n<meta name=\"twitter:site\" content=\"@Arturo_Medina_G\" \/>\n<meta name=\"twitter:label1\" content=\"Escrito por\" \/>\n\t<meta name=\"twitter:data1\" content=\"Redacci\u00f3n\" \/>\n\t<meta name=\"twitter:label2\" content=\"Tiempo de lectura\" \/>\n\t<meta name=\"twitter:data2\" content=\"2 minutos\" \/>\n<script type=\"application\/ld+json\" class=\"yoast-schema-graph\">{\"@context\":\"https:\/\/schema.org\",\"@graph\":[{\"@type\":\"Article\",\"@id\":\"https:\/\/nitu.mx\/index.php\/2021\/11\/02\/pricetravel-y-seadust-cancun-firman-alianza-comercial\/#article\",\"isPartOf\":{\"@id\":\"https:\/\/nitu.mx\/index.php\/2021\/11\/02\/pricetravel-y-seadust-cancun-firman-alianza-comercial\/\"},\"author\":{\"name\":\"Redacci\u00f3n\",\"@id\":\"https:\/\/nitu.mx\/#\/schema\/person\/4a28fe9bd65924f7c90623773daf1b0b\"},\"headline\":\"PriceTravel y Seadust Canc\u00fan firman alianza comercial\",\"datePublished\":\"2021-11-02T22:34:43+00:00\",\"dateModified\":\"2021-11-03T06:04:32+00:00\",\"mainEntityOfPage\":{\"@id\":\"https:\/\/nitu.mx\/index.php\/2021\/11\/02\/pricetravel-y-seadust-cancun-firman-alianza-comercial\/\"},\"wordCount\":344,\"commentCount\":0,\"publisher\":{\"@id\":\"https:\/\/nitu.mx\/#\/schema\/person\/ae7a53426417292d3dd07b45a33e01bc\"},\"image\":{\"@id\":\"https:\/\/nitu.mx\/index.php\/2021\/11\/02\/pricetravel-y-seadust-cancun-firman-alianza-comercial\/#primaryimage\"},\"thumbnailUrl\":\"https:\/\/nitu.mx\/wp-content\/uploads\/2021\/11\/PriceTravel-Seadust.jpg\",\"keywords\":[\"Belem Sandoval\",\"Juan Socas\",\"paquetes de viajes\",\"plataforma tecnol\u00f3gica\",\"PriceTravel Holding\",\"Seadust Canc\u00fan Family Resort\"],\"articleSection\":[\"Agencias de Viajes\"],\"inLanguage\":\"es-MX\",\"potentialAction\":[{\"@type\":\"CommentAction\",\"name\":\"Comment\",\"target\":[\"https:\/\/nitu.mx\/index.php\/2021\/11\/02\/pricetravel-y-seadust-cancun-firman-alianza-comercial\/#respond\"]}]},{\"@type\":\"WebPage\",\"@id\":\"https:\/\/nitu.mx\/index.php\/2021\/11\/02\/pricetravel-y-seadust-cancun-firman-alianza-comercial\/\",\"url\":\"https:\/\/nitu.mx\/index.php\/2021\/11\/02\/pricetravel-y-seadust-cancun-firman-alianza-comercial\/\",\"name\":\"PriceTravel y Seadust Canc\u00fan firman alianza comercial - Nitu - Noticias de la Industria Turistica\",\"isPartOf\":{\"@id\":\"https:\/\/nitu.mx\/#website\"},\"primaryImageOfPage\":{\"@id\":\"https:\/\/nitu.mx\/index.php\/2021\/11\/02\/pricetravel-y-seadust-cancun-firman-alianza-comercial\/#primaryimage\"},\"image\":{\"@id\":\"https:\/\/nitu.mx\/index.php\/2021\/11\/02\/pricetravel-y-seadust-cancun-firman-alianza-comercial\/#primaryimage\"},\"thumbnailUrl\":\"https:\/\/nitu.mx\/wp-content\/uploads\/2021\/11\/PriceTravel-Seadust.jpg\",\"datePublished\":\"2021-11-02T22:34:43+00:00\",\"dateModified\":\"2021-11-03T06:04:32+00:00\",\"breadcrumb\":{\"@id\":\"https:\/\/nitu.mx\/index.php\/2021\/11\/02\/pricetravel-y-seadust-cancun-firman-alianza-comercial\/#breadcrumb\"},\"inLanguage\":\"es-MX\",\"potentialAction\":[{\"@type\":\"ReadAction\",\"target\":[\"https:\/\/nitu.mx\/index.php\/2021\/11\/02\/pricetravel-y-seadust-cancun-firman-alianza-comercial\/\"]}]},{\"@type\":\"ImageObject\",\"inLanguage\":\"es-MX\",\"@id\":\"https:\/\/nitu.mx\/index.php\/2021\/11\/02\/pricetravel-y-seadust-cancun-firman-alianza-comercial\/#primaryimage\",\"url\":\"https:\/\/nitu.mx\/wp-content\/uploads\/2021\/11\/PriceTravel-Seadust.jpg\",\"contentUrl\":\"https:\/\/nitu.mx\/wp-content\/uploads\/2021\/11\/PriceTravel-Seadust.jpg\",\"width\":1200,\"height\":675,\"caption\":\"PriceTravel Holding\"},{\"@type\":\"BreadcrumbList\",\"@id\":\"https:\/\/nitu.mx\/index.php\/2021\/11\/02\/pricetravel-y-seadust-cancun-firman-alianza-comercial\/#breadcrumb\",\"itemListElement\":[{\"@type\":\"ListItem\",\"position\":1,\"name\":\"Inicio\",\"item\":\"https:\/\/nitu.mx\/\"},{\"@type\":\"ListItem\",\"position\":2,\"name\":\"PriceTravel y Seadust Canc\u00fan firman alianza comercial\"}]},{\"@type\":\"WebSite\",\"@id\":\"https:\/\/nitu.mx\/#website\",\"url\":\"https:\/\/nitu.mx\/\",\"name\":\"Nitu - Noticias de la Industria Turistica\",\"description\":\"Noticias de la Industria Turistica\",\"publisher\":{\"@id\":\"https:\/\/nitu.mx\/#\/schema\/person\/ae7a53426417292d3dd07b45a33e01bc\"},\"alternateName\":\"Noticias de la Industria Turistica\",\"potentialAction\":[{\"@type\":\"SearchAction\",\"target\":{\"@type\":\"EntryPoint\",\"urlTemplate\":\"https:\/\/nitu.mx\/?s={search_term_string}\"},\"query-input\":\"required name=search_term_string\"}],\"inLanguage\":\"es-MX\"},{\"@type\":[\"Person\",\"Organization\"],\"@id\":\"https:\/\/nitu.mx\/#\/schema\/person\/ae7a53426417292d3dd07b45a33e01bc\",\"name\":\"Arturo Medina\",\"image\":{\"@type\":\"ImageObject\",\"inLanguage\":\"es-MX\",\"@id\":\"https:\/\/nitu.mx\/#\/schema\/person\/image\/\",\"url\":\"https:\/\/nitu.mx\/wp-content\/uploads\/2024\/04\/4A315622-1904-4D5C-B022-878CDC840E04-90x90-1.jpeg\",\"contentUrl\":\"https:\/\/nitu.mx\/wp-content\/uploads\/2024\/04\/4A315622-1904-4D5C-B022-878CDC840E04-90x90-1.jpeg\",\"width\":90,\"height\":90,\"caption\":\"Arturo Medina\"},\"logo\":{\"@id\":\"https:\/\/nitu.mx\/#\/schema\/person\/image\/\"},\"description\":\"Director NITU.mx, Egresado de la Escuela de Periodismo Carlos Septi\u00e9n Garc\u00eda. Periodista y analista especializado en turismo desde hace 35 a\u00f1os, radicado en Canc\u00fan Q.Roo. arturo@nitu.mx\",\"sameAs\":[\"https:\/\/nitu.mx\",\"https:\/\/www.facebook.com\/NITUmx\/\",\"medinacancun\",\"https:\/\/twitter.com\/@Arturo_Medina_G\"]},{\"@type\":\"Person\",\"@id\":\"https:\/\/nitu.mx\/#\/schema\/person\/4a28fe9bd65924f7c90623773daf1b0b\",\"name\":\"Redacci\u00f3n\",\"image\":{\"@type\":\"ImageObject\",\"inLanguage\":\"es-MX\",\"@id\":\"https:\/\/nitu.mx\/#\/schema\/person\/image\/\",\"url\":\"https:\/\/secure.gravatar.com\/avatar\/5dd011c8ccfc5cd7e4c81e42252aab38?s=96&d=mm&r=g\",\"contentUrl\":\"https:\/\/secure.gravatar.com\/avatar\/5dd011c8ccfc5cd7e4c81e42252aab38?s=96&d=mm&r=g\",\"caption\":\"Redacci\u00f3n\"},\"url\":\"https:\/\/nitu.mx\/index.php\/author\/redaccion\/\"}]}<\/script>\n<!-- \/ Yoast SEO plugin. -->","yoast_head_json":{"title":"PriceTravel y Seadust Canc\u00fan firman alianza comercial - Nitu - Noticias de la Industria Turistica","robots":{"index":"index","follow":"follow","max-snippet":"max-snippet:-1","max-image-preview":"max-image-preview:large","max-video-preview":"max-video-preview:-1"},"canonical":"https:\/\/nitu.mx\/index.php\/2021\/11\/02\/pricetravel-y-seadust-cancun-firman-alianza-comercial\/","twitter_card":"summary_large_image","twitter_title":"PriceTravel y Seadust Canc\u00fan firman alianza comercial - Nitu - Noticias de la Industria Turistica","twitter_description":"Seadust Canc\u00fan Family Resort impulsar\u00e1 la venta de paquetes din\u00e1micos con vuelo y hotel apoyados de la plataforma B2B2C de PriceTravel Holding. La compa\u00f1\u00eda de viajes y el resort firmaron una alianza comercial que le ofrecer\u00e1 un motor de reservaciones probado con el look &amp; feel de su imagen para que promueva a los clientes [&hellip;]","twitter_image":"https:\/\/nitu.mx\/wp-content\/uploads\/2021\/11\/PriceTravel-Seadust.jpg","twitter_creator":"@NITUmx","twitter_site":"@Arturo_Medina_G","twitter_misc":{"Escrito por":"Redacci\u00f3n","Tiempo de lectura":"2 minutos"},"schema":{"@context":"https:\/\/schema.org","@graph":[{"@type":"Article","@id":"https:\/\/nitu.mx\/index.php\/2021\/11\/02\/pricetravel-y-seadust-cancun-firman-alianza-comercial\/#article","isPartOf":{"@id":"https:\/\/nitu.mx\/index.php\/2021\/11\/02\/pricetravel-y-seadust-cancun-firman-alianza-comercial\/"},"author":{"name":"Redacci\u00f3n","@id":"https:\/\/nitu.mx\/#\/schema\/person\/4a28fe9bd65924f7c90623773daf1b0b"},"headline":"PriceTravel y Seadust Canc\u00fan firman alianza comercial","datePublished":"2021-11-02T22:34:43+00:00","dateModified":"2021-11-03T06:04:32+00:00","mainEntityOfPage":{"@id":"https:\/\/nitu.mx\/index.php\/2021\/11\/02\/pricetravel-y-seadust-cancun-firman-alianza-comercial\/"},"wordCount":344,"commentCount":0,"publisher":{"@id":"https:\/\/nitu.mx\/#\/schema\/person\/ae7a53426417292d3dd07b45a33e01bc"},"image":{"@id":"https:\/\/nitu.mx\/index.php\/2021\/11\/02\/pricetravel-y-seadust-cancun-firman-alianza-comercial\/#primaryimage"},"thumbnailUrl":"https:\/\/nitu.mx\/wp-content\/uploads\/2021\/11\/PriceTravel-Seadust.jpg","keywords":["Belem Sandoval","Juan Socas","paquetes de viajes","plataforma tecnol\u00f3gica","PriceTravel Holding","Seadust Canc\u00fan Family Resort"],"articleSection":["Agencias de Viajes"],"inLanguage":"es-MX","potentialAction":[{"@type":"CommentAction","name":"Comment","target":["https:\/\/nitu.mx\/index.php\/2021\/11\/02\/pricetravel-y-seadust-cancun-firman-alianza-comercial\/#respond"]}]},{"@type":"WebPage","@id":"https:\/\/nitu.mx\/index.php\/2021\/11\/02\/pricetravel-y-seadust-cancun-firman-alianza-comercial\/","url":"https:\/\/nitu.mx\/index.php\/2021\/11\/02\/pricetravel-y-seadust-cancun-firman-alianza-comercial\/","name":"PriceTravel y Seadust Canc\u00fan firman alianza comercial - Nitu - Noticias de la Industria Turistica","isPartOf":{"@id":"https:\/\/nitu.mx\/#website"},"primaryImageOfPage":{"@id":"https:\/\/nitu.mx\/index.php\/2021\/11\/02\/pricetravel-y-seadust-cancun-firman-alianza-comercial\/#primaryimage"},"image":{"@id":"https:\/\/nitu.mx\/index.php\/2021\/11\/02\/pricetravel-y-seadust-cancun-firman-alianza-comercial\/#primaryimage"},"thumbnailUrl":"https:\/\/nitu.mx\/wp-content\/uploads\/2021\/11\/PriceTravel-Seadust.jpg","datePublished":"2021-11-02T22:34:43+00:00","dateModified":"2021-11-03T06:04:32+00:00","breadcrumb":{"@id":"https:\/\/nitu.mx\/index.php\/2021\/11\/02\/pricetravel-y-seadust-cancun-firman-alianza-comercial\/#breadcrumb"},"inLanguage":"es-MX","potentialAction":[{"@type":"ReadAction","target":["https:\/\/nitu.mx\/index.php\/2021\/11\/02\/pricetravel-y-seadust-cancun-firman-alianza-comercial\/"]}]},{"@type":"ImageObject","inLanguage":"es-MX","@id":"https:\/\/nitu.mx\/index.php\/2021\/11\/02\/pricetravel-y-seadust-cancun-firman-alianza-comercial\/#primaryimage","url":"https:\/\/nitu.mx\/wp-content\/uploads\/2021\/11\/PriceTravel-Seadust.jpg","contentUrl":"https:\/\/nitu.mx\/wp-content\/uploads\/2021\/11\/PriceTravel-Seadust.jpg","width":1200,"height":675,"caption":"PriceTravel Holding"},{"@type":"BreadcrumbList","@id":"https:\/\/nitu.mx\/index.php\/2021\/11\/02\/pricetravel-y-seadust-cancun-firman-alianza-comercial\/#breadcrumb","itemListElement":[{"@type":"ListItem","position":1,"name":"Inicio","item":"https:\/\/nitu.mx\/"},{"@type":"ListItem","position":2,"name":"PriceTravel y Seadust Canc\u00fan firman alianza comercial"}]},{"@type":"WebSite","@id":"https:\/\/nitu.mx\/#website","url":"https:\/\/nitu.mx\/","name":"Nitu - Noticias de la Industria Turistica","description":"Noticias de la Industria Turistica","publisher":{"@id":"https:\/\/nitu.mx\/#\/schema\/person\/ae7a53426417292d3dd07b45a33e01bc"},"alternateName":"Noticias de la Industria Turistica","potentialAction":[{"@type":"SearchAction","target":{"@type":"EntryPoint","urlTemplate":"https:\/\/nitu.mx\/?s={search_term_string}"},"query-input":"required name=search_term_string"}],"inLanguage":"es-MX"},{"@type":["Person","Organization"],"@id":"https:\/\/nitu.mx\/#\/schema\/person\/ae7a53426417292d3dd07b45a33e01bc","name":"Arturo Medina","image":{"@type":"ImageObject","inLanguage":"es-MX","@id":"https:\/\/nitu.mx\/#\/schema\/person\/image\/","url":"https:\/\/nitu.mx\/wp-content\/uploads\/2024\/04\/4A315622-1904-4D5C-B022-878CDC840E04-90x90-1.jpeg","contentUrl":"https:\/\/nitu.mx\/wp-content\/uploads\/2024\/04\/4A315622-1904-4D5C-B022-878CDC840E04-90x90-1.jpeg","width":90,"height":90,"caption":"Arturo Medina"},"logo":{"@id":"https:\/\/nitu.mx\/#\/schema\/person\/image\/"},"description":"Director NITU.mx, Egresado de la Escuela de Periodismo Carlos Septi\u00e9n Garc\u00eda. Periodista y analista especializado en turismo desde hace 35 a\u00f1os, radicado en Canc\u00fan Q.Roo. arturo@nitu.mx","sameAs":["https:\/\/nitu.mx","https:\/\/www.facebook.com\/NITUmx\/","medinacancun","https:\/\/twitter.com\/@Arturo_Medina_G"]},{"@type":"Person","@id":"https:\/\/nitu.mx\/#\/schema\/person\/4a28fe9bd65924f7c90623773daf1b0b","name":"Redacci\u00f3n","image":{"@type":"ImageObject","inLanguage":"es-MX","@id":"https:\/\/nitu.mx\/#\/schema\/person\/image\/","url":"https:\/\/secure.gravatar.com\/avatar\/5dd011c8ccfc5cd7e4c81e42252aab38?s=96&d=mm&r=g","contentUrl":"https:\/\/secure.gravatar.com\/avatar\/5dd011c8ccfc5cd7e4c81e42252aab38?s=96&d=mm&r=g","caption":"Redacci\u00f3n"},"url":"https:\/\/nitu.mx\/index.php\/author\/redaccion\/"}]}},"views":652,"_links":{"self":[{"href":"https:\/\/nitu.mx\/index.php\/wp-json\/wp\/v2\/posts\/56263"}],"collection":[{"href":"https:\/\/nitu.mx\/index.php\/wp-json\/wp\/v2\/posts"}],"about":[{"href":"https:\/\/nitu.mx\/index.php\/wp-json\/wp\/v2\/types\/post"}],"author":[{"embeddable":true,"href":"https:\/\/nitu.mx\/index.php\/wp-json\/wp\/v2\/users\/17"}],"replies":[{"embeddable":true,"href":"https:\/\/nitu.mx\/index.php\/wp-json\/wp\/v2\/comments?post=56263"}],"version-history":[{"count":2,"href":"https:\/\/nitu.mx\/index.php\/wp-json\/wp\/v2\/posts\/56263\/revisions"}],"predecessor-version":[{"id":56273,"href":"https:\/\/nitu.mx\/index.php\/wp-json\/wp\/v2\/posts\/56263\/revisions\/56273"}],"wp:featuredmedia":[{"embeddable":true,"href":"https:\/\/nitu.mx\/index.php\/wp-json\/wp\/v2\/media\/56274"}],"wp:attachment":[{"href":"https:\/\/nitu.mx\/index.php\/wp-json\/wp\/v2\/media?parent=56263"}],"wp:term":[{"taxonomy":"category","embeddable":true,"href":"https:\/\/nitu.mx\/index.php\/wp-json\/wp\/v2\/categories?post=56263"},{"taxonomy":"post_tag","embeddable":true,"href":"https:\/\/nitu.mx\/index.php\/wp-json\/wp\/v2\/tags?post=56263"}],"curies":[{"name":"wp","href":"https:\/\/api.w.org\/{rel}","templated":true}]}}