{"id":56028,"date":"2021-10-19T23:45:59","date_gmt":"2021-10-20T04:45:59","guid":{"rendered":"https:\/\/www.dev.nitu.mx\/?p=56028"},"modified":"2021-10-20T00:42:15","modified_gmt":"2021-10-20T05:42:15","slug":"aumentan-a-85-entrada-a-la-zona-arqueologica-de-tulum","status":"publish","type":"post","link":"https:\/\/nitu.mx\/index.php\/2021\/10\/19\/aumentan-a-85-entrada-a-la-zona-arqueologica-de-tulum\/","title":{"rendered":"Aumentan a 85 entrada a la zona arqueol\u00f3gica de Tulum"},"content":{"rendered":"<p>La Comisi\u00f3n de Hacienda de la C\u00e1mara de Diputados aprob\u00f3 por mayor\u00eda el dictamen con proyecto de Decreto de la Ley Federal de Derechos, donde se acuerda aumento en cobro de entrada a las zonas arqueol\u00f3gicas. Las ruinas de Tulum, las m\u00e1s visitadas de Quintana Roo, se ubican en la categor\u00eda I, y ahora su cuota de ingreso ser\u00e1 de 85 pesos por persona, lo que ser\u00e1 ben\u00e9fico para el destino pues estos recursos estar\u00e1n destinados a los pueblos originarios, destac\u00f3 Eugenio Barbachano Losa, titular de la direcci\u00f3n General de Turismo Municipal.<\/p>\n<p>El funcionario indic\u00f3 que 85 pesos sigue siendo una cantidad m\u00f3dica para entrar a una zona arqueol\u00f3gica, en comparaci\u00f3n por ejemplo a Chich\u00e9n Itz\u00e1, donde se cobran 85 pesos m\u00e1s 400 por parte de Cultur (una paraestatal del gobierno del estado de Yucat\u00e1n): \u201cEl aumento a la cuota de entrada a las zonas arqueol\u00f3gicas de M\u00e9xico, donde en el caso de Tulum pasa de 75 pesos a 85 pesos, me parece justo y correcto y sin duda se pone un poquito m\u00e1s cerca a los cobros que hay en otros sitios arqueol\u00f3gicos y similares en el mundo\u201d.<\/p>\n<p>Resalt\u00f3 que para entrar a Chich\u00e9n Itz\u00e1 se est\u00e1 pagando casi 500 por persona y para entrar a Tulum 85, \u201clo cual nos dice que considerando que los dos tienen una afluencia muy similar de tres millones de personas al a\u00f1o, se est\u00e1 quedando dinero en la mesa que muy bien pod\u00eda ir para beneficiar al estado y en particular el municipio\u201d. Tulum, juntando las zonas arqueol\u00f3gicas de Cob\u00e1 y la de la cabecera, es el municipio que m\u00e1s recibe visitas arqueol\u00f3gicas internacionales en el pa\u00eds, seguido por Chich\u00e9n Itz\u00e1. (<a title=\"Pide Hacienda 11 mil mdp para el aeropuerto de Tulum\" href=\"https:\/\/www.dev.nitu.mx\/index.php\/2021\/10\/01\/pide-hacienda-11-mil-mdp-para-el-aeropuerto-de-tulum\/\" rel=\"bookmark\">Pide Hacienda 11 mil mdp para el aeropuerto de Tulum<\/a>).<\/p>\n<p>Coment\u00f3 que se requiere entrar en di\u00e1logo con el INAH y con otras instancias de la federaci\u00f3n a ver qu\u00e9 se puede hacer en este sentido, y lo m\u00e1s importante es que las zonas arqueol\u00f3gicas deber\u00edan de redituar directamente sobre la cultura maya viva. Del pago por entrada, asent\u00f3, se pueden sacar fondos directamente para las comunidades mayas para apoyo en educaci\u00f3n, en fomento a la cultura, capacitaci\u00f3n en agricultura, en artesan\u00edas y un sinf\u00edn de sectores.<\/p>\n<p>\u201cSon un sinf\u00edn de aspectos en los que la comunidad maya deber\u00eda de verse directamente beneficiada, veo que de las zonas arqueol\u00f3gicas puede haber una fuente de recursos muy generosa precisamente para beneficiar tanto a la gente que nos visita como a la gente que son parte del legado de esas mismas zonas que son o deber\u00edan de ser los primeros beneficiados de lo que eso produce\u201d, finaliz\u00f3.<\/p>\n","protected":false},"excerpt":{"rendered":"<p>La Comisi\u00f3n de Hacienda de la C\u00e1mara de Diputados aprob\u00f3 por mayor\u00eda el dictamen con proyecto de Decreto de la Ley Federal de Derechos, donde se acuerda aumento en cobro de entrada a las zonas arqueol\u00f3gicas. Las ruinas de Tulum, las m\u00e1s visitadas de Quintana Roo, se ubican en la categor\u00eda I, y ahora su [&hellip;]<\/p>\n","protected":false},"author":17,"featured_media":30549,"comment_status":"open","ping_status":"open","sticky":false,"template":"","format":"standard","meta":{"footnotes":""},"categories":[5],"tags":[520,3206,260,390],"yoast_head":"<!-- This site is optimized with the Yoast SEO plugin v22.2 - https:\/\/yoast.com\/wordpress\/plugins\/seo\/ -->\n<title>Aumentan a 85 entrada a la zona arqueol\u00f3gica de Tulum - Nitu - Noticias de la Industria Turistica<\/title>\n<meta name=\"robots\" content=\"index, follow, max-snippet:-1, max-image-preview:large, max-video-preview:-1\" \/>\n<link rel=\"canonical\" href=\"https:\/\/nitu.mx\/index.php\/2021\/10\/19\/aumentan-a-85-entrada-a-la-zona-arqueologica-de-tulum\/\" \/>\n<meta name=\"twitter:card\" content=\"summary_large_image\" \/>\n<meta name=\"twitter:title\" content=\"Aumentan a 85 entrada a la zona arqueol\u00f3gica de Tulum - Nitu - Noticias de la Industria Turistica\" \/>\n<meta name=\"twitter:description\" content=\"La Comisi\u00f3n de Hacienda de la C\u00e1mara de Diputados aprob\u00f3 por mayor\u00eda el dictamen con proyecto de Decreto de la Ley Federal de Derechos, donde se acuerda aumento en cobro de entrada a las zonas arqueol\u00f3gicas. Las ruinas de Tulum, las m\u00e1s visitadas de Quintana Roo, se ubican en la categor\u00eda I, y ahora su [&hellip;]\" \/>\n<meta name=\"twitter:image\" content=\"https:\/\/nitu.mx\/wp-content\/uploads\/2019\/03\/tulum.jpg\" \/>\n<meta name=\"twitter:creator\" content=\"@NITUmx\" \/>\n<meta name=\"twitter:site\" content=\"@Arturo_Medina_G\" \/>\n<meta name=\"twitter:label1\" content=\"Escrito por\" \/>\n\t<meta name=\"twitter:data1\" content=\"Redacci\u00f3n\" \/>\n\t<meta name=\"twitter:label2\" content=\"Tiempo de lectura\" \/>\n\t<meta name=\"twitter:data2\" content=\"2 minutos\" \/>\n<script type=\"application\/ld+json\" class=\"yoast-schema-graph\">{\"@context\":\"https:\/\/schema.org\",\"@graph\":[{\"@type\":\"Article\",\"@id\":\"https:\/\/nitu.mx\/index.php\/2021\/10\/19\/aumentan-a-85-entrada-a-la-zona-arqueologica-de-tulum\/#article\",\"isPartOf\":{\"@id\":\"https:\/\/nitu.mx\/index.php\/2021\/10\/19\/aumentan-a-85-entrada-a-la-zona-arqueologica-de-tulum\/\"},\"author\":{\"name\":\"Redacci\u00f3n\",\"@id\":\"https:\/\/nitu.mx\/#\/schema\/person\/4a28fe9bd65924f7c90623773daf1b0b\"},\"headline\":\"Aumentan a 85 entrada a la zona arqueol\u00f3gica de Tulum\",\"datePublished\":\"2021-10-20T04:45:59+00:00\",\"dateModified\":\"2021-10-20T05:42:15+00:00\",\"mainEntityOfPage\":{\"@id\":\"https:\/\/nitu.mx\/index.php\/2021\/10\/19\/aumentan-a-85-entrada-a-la-zona-arqueologica-de-tulum\/\"},\"wordCount\":475,\"commentCount\":0,\"publisher\":{\"@id\":\"https:\/\/nitu.mx\/#\/schema\/person\/ae7a53426417292d3dd07b45a33e01bc\"},\"image\":{\"@id\":\"https:\/\/nitu.mx\/index.php\/2021\/10\/19\/aumentan-a-85-entrada-a-la-zona-arqueologica-de-tulum\/#primaryimage\"},\"thumbnailUrl\":\"https:\/\/nitu.mx\/wp-content\/uploads\/2019\/03\/tulum.jpg\",\"keywords\":[\"Chich\u00e9n Itz\u00e1\",\"INAH\",\"Quintana Roo\",\"Tulum\"],\"articleSection\":[\"Destinos\"],\"inLanguage\":\"es-MX\",\"potentialAction\":[{\"@type\":\"CommentAction\",\"name\":\"Comment\",\"target\":[\"https:\/\/nitu.mx\/index.php\/2021\/10\/19\/aumentan-a-85-entrada-a-la-zona-arqueologica-de-tulum\/#respond\"]}]},{\"@type\":\"WebPage\",\"@id\":\"https:\/\/nitu.mx\/index.php\/2021\/10\/19\/aumentan-a-85-entrada-a-la-zona-arqueologica-de-tulum\/\",\"url\":\"https:\/\/nitu.mx\/index.php\/2021\/10\/19\/aumentan-a-85-entrada-a-la-zona-arqueologica-de-tulum\/\",\"name\":\"Aumentan a 85 entrada a la zona arqueol\u00f3gica de Tulum - Nitu - Noticias de la Industria Turistica\",\"isPartOf\":{\"@id\":\"https:\/\/nitu.mx\/#website\"},\"primaryImageOfPage\":{\"@id\":\"https:\/\/nitu.mx\/index.php\/2021\/10\/19\/aumentan-a-85-entrada-a-la-zona-arqueologica-de-tulum\/#primaryimage\"},\"image\":{\"@id\":\"https:\/\/nitu.mx\/index.php\/2021\/10\/19\/aumentan-a-85-entrada-a-la-zona-arqueologica-de-tulum\/#primaryimage\"},\"thumbnailUrl\":\"https:\/\/nitu.mx\/wp-content\/uploads\/2019\/03\/tulum.jpg\",\"datePublished\":\"2021-10-20T04:45:59+00:00\",\"dateModified\":\"2021-10-20T05:42:15+00:00\",\"breadcrumb\":{\"@id\":\"https:\/\/nitu.mx\/index.php\/2021\/10\/19\/aumentan-a-85-entrada-a-la-zona-arqueologica-de-tulum\/#breadcrumb\"},\"inLanguage\":\"es-MX\",\"potentialAction\":[{\"@type\":\"ReadAction\",\"target\":[\"https:\/\/nitu.mx\/index.php\/2021\/10\/19\/aumentan-a-85-entrada-a-la-zona-arqueologica-de-tulum\/\"]}]},{\"@type\":\"ImageObject\",\"inLanguage\":\"es-MX\",\"@id\":\"https:\/\/nitu.mx\/index.php\/2021\/10\/19\/aumentan-a-85-entrada-a-la-zona-arqueologica-de-tulum\/#primaryimage\",\"url\":\"https:\/\/nitu.mx\/wp-content\/uploads\/2019\/03\/tulum.jpg\",\"contentUrl\":\"https:\/\/nitu.mx\/wp-content\/uploads\/2019\/03\/tulum.jpg\",\"width\":850,\"height\":480,\"caption\":\"tulum\"},{\"@type\":\"BreadcrumbList\",\"@id\":\"https:\/\/nitu.mx\/index.php\/2021\/10\/19\/aumentan-a-85-entrada-a-la-zona-arqueologica-de-tulum\/#breadcrumb\",\"itemListElement\":[{\"@type\":\"ListItem\",\"position\":1,\"name\":\"Inicio\",\"item\":\"https:\/\/nitu.mx\/\"},{\"@type\":\"ListItem\",\"position\":2,\"name\":\"Aumentan a 85 entrada a la zona arqueol\u00f3gica de Tulum\"}]},{\"@type\":\"WebSite\",\"@id\":\"https:\/\/nitu.mx\/#website\",\"url\":\"https:\/\/nitu.mx\/\",\"name\":\"Nitu - Noticias de la Industria Turistica\",\"description\":\"Noticias de la Industria Turistica\",\"publisher\":{\"@id\":\"https:\/\/nitu.mx\/#\/schema\/person\/ae7a53426417292d3dd07b45a33e01bc\"},\"alternateName\":\"Noticias de la Industria Turistica\",\"potentialAction\":[{\"@type\":\"SearchAction\",\"target\":{\"@type\":\"EntryPoint\",\"urlTemplate\":\"https:\/\/nitu.mx\/?s={search_term_string}\"},\"query-input\":\"required name=search_term_string\"}],\"inLanguage\":\"es-MX\"},{\"@type\":[\"Person\",\"Organization\"],\"@id\":\"https:\/\/nitu.mx\/#\/schema\/person\/ae7a53426417292d3dd07b45a33e01bc\",\"name\":\"Arturo Medina\",\"image\":{\"@type\":\"ImageObject\",\"inLanguage\":\"es-MX\",\"@id\":\"https:\/\/nitu.mx\/#\/schema\/person\/image\/\",\"url\":\"https:\/\/nitu.mx\/wp-content\/uploads\/2024\/04\/4A315622-1904-4D5C-B022-878CDC840E04-90x90-1.jpeg\",\"contentUrl\":\"https:\/\/nitu.mx\/wp-content\/uploads\/2024\/04\/4A315622-1904-4D5C-B022-878CDC840E04-90x90-1.jpeg\",\"width\":90,\"height\":90,\"caption\":\"Arturo Medina\"},\"logo\":{\"@id\":\"https:\/\/nitu.mx\/#\/schema\/person\/image\/\"},\"description\":\"Director NITU.mx, Egresado de la Escuela de Periodismo Carlos Septi\u00e9n Garc\u00eda. Periodista y analista especializado en turismo desde hace 35 a\u00f1os, radicado en Canc\u00fan Q.Roo. arturo@nitu.mx\",\"sameAs\":[\"https:\/\/nitu.mx\",\"https:\/\/www.facebook.com\/NITUmx\/\",\"medinacancun\",\"https:\/\/twitter.com\/@Arturo_Medina_G\"]},{\"@type\":\"Person\",\"@id\":\"https:\/\/nitu.mx\/#\/schema\/person\/4a28fe9bd65924f7c90623773daf1b0b\",\"name\":\"Redacci\u00f3n\",\"image\":{\"@type\":\"ImageObject\",\"inLanguage\":\"es-MX\",\"@id\":\"https:\/\/nitu.mx\/#\/schema\/person\/image\/\",\"url\":\"https:\/\/secure.gravatar.com\/avatar\/5dd011c8ccfc5cd7e4c81e42252aab38?s=96&d=mm&r=g\",\"contentUrl\":\"https:\/\/secure.gravatar.com\/avatar\/5dd011c8ccfc5cd7e4c81e42252aab38?s=96&d=mm&r=g\",\"caption\":\"Redacci\u00f3n\"},\"url\":\"https:\/\/nitu.mx\/index.php\/author\/redaccion\/\"}]}<\/script>\n<!-- \/ Yoast SEO plugin. -->","yoast_head_json":{"title":"Aumentan a 85 entrada a la zona arqueol\u00f3gica de Tulum - Nitu - Noticias de la Industria Turistica","robots":{"index":"index","follow":"follow","max-snippet":"max-snippet:-1","max-image-preview":"max-image-preview:large","max-video-preview":"max-video-preview:-1"},"canonical":"https:\/\/nitu.mx\/index.php\/2021\/10\/19\/aumentan-a-85-entrada-a-la-zona-arqueologica-de-tulum\/","twitter_card":"summary_large_image","twitter_title":"Aumentan a 85 entrada a la zona arqueol\u00f3gica de Tulum - Nitu - Noticias de la Industria Turistica","twitter_description":"La Comisi\u00f3n de Hacienda de la C\u00e1mara de Diputados aprob\u00f3 por mayor\u00eda el dictamen con proyecto de Decreto de la Ley Federal de Derechos, donde se acuerda aumento en cobro de entrada a las zonas arqueol\u00f3gicas. Las ruinas de Tulum, las m\u00e1s visitadas de Quintana Roo, se ubican en la categor\u00eda I, y ahora su [&hellip;]","twitter_image":"https:\/\/nitu.mx\/wp-content\/uploads\/2019\/03\/tulum.jpg","twitter_creator":"@NITUmx","twitter_site":"@Arturo_Medina_G","twitter_misc":{"Escrito por":"Redacci\u00f3n","Tiempo de lectura":"2 minutos"},"schema":{"@context":"https:\/\/schema.org","@graph":[{"@type":"Article","@id":"https:\/\/nitu.mx\/index.php\/2021\/10\/19\/aumentan-a-85-entrada-a-la-zona-arqueologica-de-tulum\/#article","isPartOf":{"@id":"https:\/\/nitu.mx\/index.php\/2021\/10\/19\/aumentan-a-85-entrada-a-la-zona-arqueologica-de-tulum\/"},"author":{"name":"Redacci\u00f3n","@id":"https:\/\/nitu.mx\/#\/schema\/person\/4a28fe9bd65924f7c90623773daf1b0b"},"headline":"Aumentan a 85 entrada a la zona arqueol\u00f3gica de Tulum","datePublished":"2021-10-20T04:45:59+00:00","dateModified":"2021-10-20T05:42:15+00:00","mainEntityOfPage":{"@id":"https:\/\/nitu.mx\/index.php\/2021\/10\/19\/aumentan-a-85-entrada-a-la-zona-arqueologica-de-tulum\/"},"wordCount":475,"commentCount":0,"publisher":{"@id":"https:\/\/nitu.mx\/#\/schema\/person\/ae7a53426417292d3dd07b45a33e01bc"},"image":{"@id":"https:\/\/nitu.mx\/index.php\/2021\/10\/19\/aumentan-a-85-entrada-a-la-zona-arqueologica-de-tulum\/#primaryimage"},"thumbnailUrl":"https:\/\/nitu.mx\/wp-content\/uploads\/2019\/03\/tulum.jpg","keywords":["Chich\u00e9n Itz\u00e1","INAH","Quintana Roo","Tulum"],"articleSection":["Destinos"],"inLanguage":"es-MX","potentialAction":[{"@type":"CommentAction","name":"Comment","target":["https:\/\/nitu.mx\/index.php\/2021\/10\/19\/aumentan-a-85-entrada-a-la-zona-arqueologica-de-tulum\/#respond"]}]},{"@type":"WebPage","@id":"https:\/\/nitu.mx\/index.php\/2021\/10\/19\/aumentan-a-85-entrada-a-la-zona-arqueologica-de-tulum\/","url":"https:\/\/nitu.mx\/index.php\/2021\/10\/19\/aumentan-a-85-entrada-a-la-zona-arqueologica-de-tulum\/","name":"Aumentan a 85 entrada a la zona arqueol\u00f3gica de Tulum - Nitu - Noticias de la Industria Turistica","isPartOf":{"@id":"https:\/\/nitu.mx\/#website"},"primaryImageOfPage":{"@id":"https:\/\/nitu.mx\/index.php\/2021\/10\/19\/aumentan-a-85-entrada-a-la-zona-arqueologica-de-tulum\/#primaryimage"},"image":{"@id":"https:\/\/nitu.mx\/index.php\/2021\/10\/19\/aumentan-a-85-entrada-a-la-zona-arqueologica-de-tulum\/#primaryimage"},"thumbnailUrl":"https:\/\/nitu.mx\/wp-content\/uploads\/2019\/03\/tulum.jpg","datePublished":"2021-10-20T04:45:59+00:00","dateModified":"2021-10-20T05:42:15+00:00","breadcrumb":{"@id":"https:\/\/nitu.mx\/index.php\/2021\/10\/19\/aumentan-a-85-entrada-a-la-zona-arqueologica-de-tulum\/#breadcrumb"},"inLanguage":"es-MX","potentialAction":[{"@type":"ReadAction","target":["https:\/\/nitu.mx\/index.php\/2021\/10\/19\/aumentan-a-85-entrada-a-la-zona-arqueologica-de-tulum\/"]}]},{"@type":"ImageObject","inLanguage":"es-MX","@id":"https:\/\/nitu.mx\/index.php\/2021\/10\/19\/aumentan-a-85-entrada-a-la-zona-arqueologica-de-tulum\/#primaryimage","url":"https:\/\/nitu.mx\/wp-content\/uploads\/2019\/03\/tulum.jpg","contentUrl":"https:\/\/nitu.mx\/wp-content\/uploads\/2019\/03\/tulum.jpg","width":850,"height":480,"caption":"tulum"},{"@type":"BreadcrumbList","@id":"https:\/\/nitu.mx\/index.php\/2021\/10\/19\/aumentan-a-85-entrada-a-la-zona-arqueologica-de-tulum\/#breadcrumb","itemListElement":[{"@type":"ListItem","position":1,"name":"Inicio","item":"https:\/\/nitu.mx\/"},{"@type":"ListItem","position":2,"name":"Aumentan a 85 entrada a la zona arqueol\u00f3gica de Tulum"}]},{"@type":"WebSite","@id":"https:\/\/nitu.mx\/#website","url":"https:\/\/nitu.mx\/","name":"Nitu - Noticias de la Industria Turistica","description":"Noticias de la Industria Turistica","publisher":{"@id":"https:\/\/nitu.mx\/#\/schema\/person\/ae7a53426417292d3dd07b45a33e01bc"},"alternateName":"Noticias de la Industria Turistica","potentialAction":[{"@type":"SearchAction","target":{"@type":"EntryPoint","urlTemplate":"https:\/\/nitu.mx\/?s={search_term_string}"},"query-input":"required name=search_term_string"}],"inLanguage":"es-MX"},{"@type":["Person","Organization"],"@id":"https:\/\/nitu.mx\/#\/schema\/person\/ae7a53426417292d3dd07b45a33e01bc","name":"Arturo Medina","image":{"@type":"ImageObject","inLanguage":"es-MX","@id":"https:\/\/nitu.mx\/#\/schema\/person\/image\/","url":"https:\/\/nitu.mx\/wp-content\/uploads\/2024\/04\/4A315622-1904-4D5C-B022-878CDC840E04-90x90-1.jpeg","contentUrl":"https:\/\/nitu.mx\/wp-content\/uploads\/2024\/04\/4A315622-1904-4D5C-B022-878CDC840E04-90x90-1.jpeg","width":90,"height":90,"caption":"Arturo Medina"},"logo":{"@id":"https:\/\/nitu.mx\/#\/schema\/person\/image\/"},"description":"Director NITU.mx, Egresado de la Escuela de Periodismo Carlos Septi\u00e9n Garc\u00eda. Periodista y analista especializado en turismo desde hace 35 a\u00f1os, radicado en Canc\u00fan Q.Roo. arturo@nitu.mx","sameAs":["https:\/\/nitu.mx","https:\/\/www.facebook.com\/NITUmx\/","medinacancun","https:\/\/twitter.com\/@Arturo_Medina_G"]},{"@type":"Person","@id":"https:\/\/nitu.mx\/#\/schema\/person\/4a28fe9bd65924f7c90623773daf1b0b","name":"Redacci\u00f3n","image":{"@type":"ImageObject","inLanguage":"es-MX","@id":"https:\/\/nitu.mx\/#\/schema\/person\/image\/","url":"https:\/\/secure.gravatar.com\/avatar\/5dd011c8ccfc5cd7e4c81e42252aab38?s=96&d=mm&r=g","contentUrl":"https:\/\/secure.gravatar.com\/avatar\/5dd011c8ccfc5cd7e4c81e42252aab38?s=96&d=mm&r=g","caption":"Redacci\u00f3n"},"url":"https:\/\/nitu.mx\/index.php\/author\/redaccion\/"}]}},"views":346,"_links":{"self":[{"href":"https:\/\/nitu.mx\/index.php\/wp-json\/wp\/v2\/posts\/56028"}],"collection":[{"href":"https:\/\/nitu.mx\/index.php\/wp-json\/wp\/v2\/posts"}],"about":[{"href":"https:\/\/nitu.mx\/index.php\/wp-json\/wp\/v2\/types\/post"}],"author":[{"embeddable":true,"href":"https:\/\/nitu.mx\/index.php\/wp-json\/wp\/v2\/users\/17"}],"replies":[{"embeddable":true,"href":"https:\/\/nitu.mx\/index.php\/wp-json\/wp\/v2\/comments?post=56028"}],"version-history":[{"count":3,"href":"https:\/\/nitu.mx\/index.php\/wp-json\/wp\/v2\/posts\/56028\/revisions"}],"predecessor-version":[{"id":56036,"href":"https:\/\/nitu.mx\/index.php\/wp-json\/wp\/v2\/posts\/56028\/revisions\/56036"}],"wp:featuredmedia":[{"embeddable":true,"href":"https:\/\/nitu.mx\/index.php\/wp-json\/wp\/v2\/media\/30549"}],"wp:attachment":[{"href":"https:\/\/nitu.mx\/index.php\/wp-json\/wp\/v2\/media?parent=56028"}],"wp:term":[{"taxonomy":"category","embeddable":true,"href":"https:\/\/nitu.mx\/index.php\/wp-json\/wp\/v2\/categories?post=56028"},{"taxonomy":"post_tag","embeddable":true,"href":"https:\/\/nitu.mx\/index.php\/wp-json\/wp\/v2\/tags?post=56028"}],"curies":[{"name":"wp","href":"https:\/\/api.w.org\/{rel}","templated":true}]}}