{"id":55825,"date":"2021-10-12T00:03:37","date_gmt":"2021-10-12T05:03:37","guid":{"rendered":"https:\/\/www.dev.nitu.mx\/?p=55825"},"modified":"2021-10-12T00:14:08","modified_gmt":"2021-10-12T05:14:08","slug":"hoteleros-de-quintana-roo-confirman-travel-mart-presencial","status":"publish","type":"post","link":"https:\/\/nitu.mx\/index.php\/2021\/10\/12\/hoteleros-de-quintana-roo-confirman-travel-mart-presencial\/","title":{"rendered":"Hoteleros de Quintana Roo confirman Travel Mart presencial"},"content":{"rendered":"<p>La Asociaci\u00f3n \u00a0de Hoteles de Canc\u00fan, Puerto Morelos e Isla Mujeres, que preside Roberto Cintr\u00f3n, confirm\u00f3 que el Travel Mart de este a\u00f1o ser\u00e1 presencial la pr\u00f3xima semana.<\/p>\n<p>Confirmaron tambi\u00e9n el cambio de sede, que por muchos a\u00f1os fue el Cancun Center, por la pandemia cerr\u00f3 sus puertas y apenas hace unas semanas reinici\u00f3 operaciones. La nueva sede del evento ser\u00e1 el hotel Iberostar.<\/p>\n<p>Seg\u00fan el comunicado se ha confirmado la participaci\u00f3n de al menos 500 asistentes entre delegados, proveedores y compradores. Esta ser\u00e1 la edici\u00f3n 33 del Travel Mart que surgi\u00f3 despu\u00e9s del hurac\u00e1n Gilberto en 1988 y que solamente la edici\u00f3n 2020, debido a la pandemia se ha dejado de celebrar.<\/p>\n<p>Se espera que la actividad comercial del \u201cCanc\u00fan Travel Mart M\u00e9xico Summit 2021\u201d\u00a0se recupere y que se lleven a cabo buena cantidad de encuentros de negocios,\u00a0realizar actividades de comercializaci\u00f3n y promoci\u00f3n de productos, as\u00ed como de los destinos tur\u00edsticos de Quintana Roo Estado. (<a title=\"Se deben frenar los excesos para evitar campa\u00f1as vs. Canc\u00fan: Cintr\u00f3n\" href=\"https:\/\/www.dev.nitu.mx\/index.php\/2021\/03\/22\/se-deben-frenar-los-excesos-para-evitar-campanas-vs-cancun-cintron\/\" rel=\"bookmark\">Se deben frenar los excesos para evitar campa\u00f1as vs. Canc\u00fan: Cintr\u00f3n<\/a>).<\/p>\n<p>La Asociaci\u00f3n tambi\u00e9n aclar\u00f3 que el evento contar\u00e1 con todas las medidas sanitarias pertinentes y estar\u00e1n presentes en la ceremonia de inauguraci\u00f3n el lunes 18 de octubre, todas las autoridades de los 3 niveles de gobierno.<\/p>\n","protected":false},"excerpt":{"rendered":"<p>La Asociaci\u00f3n \u00a0de Hoteles de Canc\u00fan, Puerto Morelos e Isla Mujeres, que preside Roberto Cintr\u00f3n, confirm\u00f3 que el Travel Mart de este a\u00f1o ser\u00e1 presencial la pr\u00f3xima semana. Confirmaron tambi\u00e9n el cambio de sede, que por muchos a\u00f1os fue el Cancun Center, por la pandemia cerr\u00f3 sus puertas y apenas hace unas semanas reinici\u00f3 operaciones. [&hellip;]<\/p>\n","protected":false},"author":2,"featured_media":25408,"comment_status":"open","ping_status":"open","sticky":false,"template":"","format":"standard","meta":{"footnotes":""},"categories":[2],"tags":[22839,1212,15015,1130],"yoast_head":"<!-- This site is optimized with the Yoast SEO plugin v22.2 - https:\/\/yoast.com\/wordpress\/plugins\/seo\/ -->\n<title>Hoteleros de Quintana Roo confirman Travel Mart presencial - Nitu - Noticias de la Industria Turistica<\/title>\n<meta name=\"robots\" content=\"index, follow, max-snippet:-1, max-image-preview:large, max-video-preview:-1\" \/>\n<link rel=\"canonical\" href=\"https:\/\/nitu.mx\/index.php\/2021\/10\/12\/hoteleros-de-quintana-roo-confirman-travel-mart-presencial\/\" \/>\n<meta name=\"twitter:card\" content=\"summary_large_image\" \/>\n<meta name=\"twitter:title\" content=\"Hoteleros de Quintana Roo confirman Travel Mart presencial - Nitu - Noticias de la Industria Turistica\" \/>\n<meta name=\"twitter:description\" content=\"La Asociaci\u00f3n \u00a0de Hoteles de Canc\u00fan, Puerto Morelos e Isla Mujeres, que preside Roberto Cintr\u00f3n, confirm\u00f3 que el Travel Mart de este a\u00f1o ser\u00e1 presencial la pr\u00f3xima semana. Confirmaron tambi\u00e9n el cambio de sede, que por muchos a\u00f1os fue el Cancun Center, por la pandemia cerr\u00f3 sus puertas y apenas hace unas semanas reinici\u00f3 operaciones. [&hellip;]\" \/>\n<meta name=\"twitter:image\" content=\"https:\/\/nitu.mx\/wp-content\/uploads\/2018\/10\/cancun-travel-mart-1.jpg\" \/>\n<meta name=\"twitter:creator\" content=\"@Arturo_Medina_G\" \/>\n<meta name=\"twitter:site\" content=\"@Arturo_Medina_G\" \/>\n<meta name=\"twitter:label1\" content=\"Escrito por\" \/>\n\t<meta name=\"twitter:data1\" content=\"Arturo Medina\" \/>\n\t<meta name=\"twitter:label2\" content=\"Tiempo de lectura\" \/>\n\t<meta name=\"twitter:data2\" content=\"1 minuto\" \/>\n<script type=\"application\/ld+json\" class=\"yoast-schema-graph\">{\"@context\":\"https:\/\/schema.org\",\"@graph\":[{\"@type\":\"Article\",\"@id\":\"https:\/\/nitu.mx\/index.php\/2021\/10\/12\/hoteleros-de-quintana-roo-confirman-travel-mart-presencial\/#article\",\"isPartOf\":{\"@id\":\"https:\/\/nitu.mx\/index.php\/2021\/10\/12\/hoteleros-de-quintana-roo-confirman-travel-mart-presencial\/\"},\"author\":{\"name\":\"Arturo Medina\",\"@id\":\"https:\/\/nitu.mx\/#\/schema\/person\/ae7a53426417292d3dd07b45a33e01bc\"},\"headline\":\"Hoteleros de Quintana Roo confirman Travel Mart presencial\",\"datePublished\":\"2021-10-12T05:03:37+00:00\",\"dateModified\":\"2021-10-12T05:14:08+00:00\",\"mainEntityOfPage\":{\"@id\":\"https:\/\/nitu.mx\/index.php\/2021\/10\/12\/hoteleros-de-quintana-roo-confirman-travel-mart-presencial\/\"},\"wordCount\":231,\"commentCount\":0,\"publisher\":{\"@id\":\"https:\/\/nitu.mx\/#\/schema\/person\/ae7a53426417292d3dd07b45a33e01bc\"},\"image\":{\"@id\":\"https:\/\/nitu.mx\/index.php\/2021\/10\/12\/hoteleros-de-quintana-roo-confirman-travel-mart-presencial\/#primaryimage\"},\"thumbnailUrl\":\"https:\/\/nitu.mx\/wp-content\/uploads\/2018\/10\/cancun-travel-mart-1.jpg\",\"keywords\":[\"\u201cCanc\u00fan Travel Mart M\u00e9xico Summit 2021\u201d\",\"Asociaci\u00f3n de Hoteles de Canc\u00fan\",\"Puerto Morelos e Isla Mujeres\",\"Roberto Cintr\u00f3n\"],\"articleSection\":[\"Hoteles\"],\"inLanguage\":\"es-MX\",\"potentialAction\":[{\"@type\":\"CommentAction\",\"name\":\"Comment\",\"target\":[\"https:\/\/nitu.mx\/index.php\/2021\/10\/12\/hoteleros-de-quintana-roo-confirman-travel-mart-presencial\/#respond\"]}]},{\"@type\":\"WebPage\",\"@id\":\"https:\/\/nitu.mx\/index.php\/2021\/10\/12\/hoteleros-de-quintana-roo-confirman-travel-mart-presencial\/\",\"url\":\"https:\/\/nitu.mx\/index.php\/2021\/10\/12\/hoteleros-de-quintana-roo-confirman-travel-mart-presencial\/\",\"name\":\"Hoteleros de Quintana Roo confirman Travel Mart presencial - Nitu - Noticias de la Industria Turistica\",\"isPartOf\":{\"@id\":\"https:\/\/nitu.mx\/#website\"},\"primaryImageOfPage\":{\"@id\":\"https:\/\/nitu.mx\/index.php\/2021\/10\/12\/hoteleros-de-quintana-roo-confirman-travel-mart-presencial\/#primaryimage\"},\"image\":{\"@id\":\"https:\/\/nitu.mx\/index.php\/2021\/10\/12\/hoteleros-de-quintana-roo-confirman-travel-mart-presencial\/#primaryimage\"},\"thumbnailUrl\":\"https:\/\/nitu.mx\/wp-content\/uploads\/2018\/10\/cancun-travel-mart-1.jpg\",\"datePublished\":\"2021-10-12T05:03:37+00:00\",\"dateModified\":\"2021-10-12T05:14:08+00:00\",\"breadcrumb\":{\"@id\":\"https:\/\/nitu.mx\/index.php\/2021\/10\/12\/hoteleros-de-quintana-roo-confirman-travel-mart-presencial\/#breadcrumb\"},\"inLanguage\":\"es-MX\",\"potentialAction\":[{\"@type\":\"ReadAction\",\"target\":[\"https:\/\/nitu.mx\/index.php\/2021\/10\/12\/hoteleros-de-quintana-roo-confirman-travel-mart-presencial\/\"]}]},{\"@type\":\"ImageObject\",\"inLanguage\":\"es-MX\",\"@id\":\"https:\/\/nitu.mx\/index.php\/2021\/10\/12\/hoteleros-de-quintana-roo-confirman-travel-mart-presencial\/#primaryimage\",\"url\":\"https:\/\/nitu.mx\/wp-content\/uploads\/2018\/10\/cancun-travel-mart-1.jpg\",\"contentUrl\":\"https:\/\/nitu.mx\/wp-content\/uploads\/2018\/10\/cancun-travel-mart-1.jpg\",\"width\":850,\"height\":480,\"caption\":\"cancun travel mart\"},{\"@type\":\"BreadcrumbList\",\"@id\":\"https:\/\/nitu.mx\/index.php\/2021\/10\/12\/hoteleros-de-quintana-roo-confirman-travel-mart-presencial\/#breadcrumb\",\"itemListElement\":[{\"@type\":\"ListItem\",\"position\":1,\"name\":\"Inicio\",\"item\":\"https:\/\/nitu.mx\/\"},{\"@type\":\"ListItem\",\"position\":2,\"name\":\"Hoteleros de Quintana Roo confirman Travel Mart presencial\"}]},{\"@type\":\"WebSite\",\"@id\":\"https:\/\/nitu.mx\/#website\",\"url\":\"https:\/\/nitu.mx\/\",\"name\":\"Nitu - Noticias de la Industria Turistica\",\"description\":\"Noticias de la Industria Turistica\",\"publisher\":{\"@id\":\"https:\/\/nitu.mx\/#\/schema\/person\/ae7a53426417292d3dd07b45a33e01bc\"},\"alternateName\":\"Noticias de la Industria Turistica\",\"potentialAction\":[{\"@type\":\"SearchAction\",\"target\":{\"@type\":\"EntryPoint\",\"urlTemplate\":\"https:\/\/nitu.mx\/?s={search_term_string}\"},\"query-input\":\"required name=search_term_string\"}],\"inLanguage\":\"es-MX\"},{\"@type\":[\"Person\",\"Organization\"],\"@id\":\"https:\/\/nitu.mx\/#\/schema\/person\/ae7a53426417292d3dd07b45a33e01bc\",\"name\":\"Arturo Medina\",\"image\":{\"@type\":\"ImageObject\",\"inLanguage\":\"es-MX\",\"@id\":\"https:\/\/nitu.mx\/#\/schema\/person\/image\/\",\"url\":\"https:\/\/nitu.mx\/wp-content\/uploads\/2024\/04\/4A315622-1904-4D5C-B022-878CDC840E04-90x90-1.jpeg\",\"contentUrl\":\"https:\/\/nitu.mx\/wp-content\/uploads\/2024\/04\/4A315622-1904-4D5C-B022-878CDC840E04-90x90-1.jpeg\",\"width\":90,\"height\":90,\"caption\":\"Arturo Medina\"},\"logo\":{\"@id\":\"https:\/\/nitu.mx\/#\/schema\/person\/image\/\"},\"description\":\"Director NITU.mx, Egresado de la Escuela de Periodismo Carlos Septi\u00e9n Garc\u00eda. Periodista y analista especializado en turismo desde hace 35 a\u00f1os, radicado en Canc\u00fan Q.Roo. arturo@nitu.mx\",\"sameAs\":[\"https:\/\/nitu.mx\",\"https:\/\/www.facebook.com\/NITUmx\/\",\"medinacancun\",\"https:\/\/twitter.com\/@Arturo_Medina_G\"],\"url\":\"https:\/\/nitu.mx\/index.php\/author\/arturo-medina\/\"}]}<\/script>\n<!-- \/ Yoast SEO plugin. -->","yoast_head_json":{"title":"Hoteleros de Quintana Roo confirman Travel Mart presencial - Nitu - Noticias de la Industria Turistica","robots":{"index":"index","follow":"follow","max-snippet":"max-snippet:-1","max-image-preview":"max-image-preview:large","max-video-preview":"max-video-preview:-1"},"canonical":"https:\/\/nitu.mx\/index.php\/2021\/10\/12\/hoteleros-de-quintana-roo-confirman-travel-mart-presencial\/","twitter_card":"summary_large_image","twitter_title":"Hoteleros de Quintana Roo confirman Travel Mart presencial - Nitu - Noticias de la Industria Turistica","twitter_description":"La Asociaci\u00f3n \u00a0de Hoteles de Canc\u00fan, Puerto Morelos e Isla Mujeres, que preside Roberto Cintr\u00f3n, confirm\u00f3 que el Travel Mart de este a\u00f1o ser\u00e1 presencial la pr\u00f3xima semana. Confirmaron tambi\u00e9n el cambio de sede, que por muchos a\u00f1os fue el Cancun Center, por la pandemia cerr\u00f3 sus puertas y apenas hace unas semanas reinici\u00f3 operaciones. [&hellip;]","twitter_image":"https:\/\/nitu.mx\/wp-content\/uploads\/2018\/10\/cancun-travel-mart-1.jpg","twitter_creator":"@Arturo_Medina_G","twitter_site":"@Arturo_Medina_G","twitter_misc":{"Escrito por":"Arturo Medina","Tiempo de lectura":"1 minuto"},"schema":{"@context":"https:\/\/schema.org","@graph":[{"@type":"Article","@id":"https:\/\/nitu.mx\/index.php\/2021\/10\/12\/hoteleros-de-quintana-roo-confirman-travel-mart-presencial\/#article","isPartOf":{"@id":"https:\/\/nitu.mx\/index.php\/2021\/10\/12\/hoteleros-de-quintana-roo-confirman-travel-mart-presencial\/"},"author":{"name":"Arturo Medina","@id":"https:\/\/nitu.mx\/#\/schema\/person\/ae7a53426417292d3dd07b45a33e01bc"},"headline":"Hoteleros de Quintana Roo confirman Travel Mart presencial","datePublished":"2021-10-12T05:03:37+00:00","dateModified":"2021-10-12T05:14:08+00:00","mainEntityOfPage":{"@id":"https:\/\/nitu.mx\/index.php\/2021\/10\/12\/hoteleros-de-quintana-roo-confirman-travel-mart-presencial\/"},"wordCount":231,"commentCount":0,"publisher":{"@id":"https:\/\/nitu.mx\/#\/schema\/person\/ae7a53426417292d3dd07b45a33e01bc"},"image":{"@id":"https:\/\/nitu.mx\/index.php\/2021\/10\/12\/hoteleros-de-quintana-roo-confirman-travel-mart-presencial\/#primaryimage"},"thumbnailUrl":"https:\/\/nitu.mx\/wp-content\/uploads\/2018\/10\/cancun-travel-mart-1.jpg","keywords":["\u201cCanc\u00fan Travel Mart M\u00e9xico Summit 2021\u201d","Asociaci\u00f3n de Hoteles de Canc\u00fan","Puerto Morelos e Isla Mujeres","Roberto Cintr\u00f3n"],"articleSection":["Hoteles"],"inLanguage":"es-MX","potentialAction":[{"@type":"CommentAction","name":"Comment","target":["https:\/\/nitu.mx\/index.php\/2021\/10\/12\/hoteleros-de-quintana-roo-confirman-travel-mart-presencial\/#respond"]}]},{"@type":"WebPage","@id":"https:\/\/nitu.mx\/index.php\/2021\/10\/12\/hoteleros-de-quintana-roo-confirman-travel-mart-presencial\/","url":"https:\/\/nitu.mx\/index.php\/2021\/10\/12\/hoteleros-de-quintana-roo-confirman-travel-mart-presencial\/","name":"Hoteleros de Quintana Roo confirman Travel Mart presencial - Nitu - Noticias de la Industria Turistica","isPartOf":{"@id":"https:\/\/nitu.mx\/#website"},"primaryImageOfPage":{"@id":"https:\/\/nitu.mx\/index.php\/2021\/10\/12\/hoteleros-de-quintana-roo-confirman-travel-mart-presencial\/#primaryimage"},"image":{"@id":"https:\/\/nitu.mx\/index.php\/2021\/10\/12\/hoteleros-de-quintana-roo-confirman-travel-mart-presencial\/#primaryimage"},"thumbnailUrl":"https:\/\/nitu.mx\/wp-content\/uploads\/2018\/10\/cancun-travel-mart-1.jpg","datePublished":"2021-10-12T05:03:37+00:00","dateModified":"2021-10-12T05:14:08+00:00","breadcrumb":{"@id":"https:\/\/nitu.mx\/index.php\/2021\/10\/12\/hoteleros-de-quintana-roo-confirman-travel-mart-presencial\/#breadcrumb"},"inLanguage":"es-MX","potentialAction":[{"@type":"ReadAction","target":["https:\/\/nitu.mx\/index.php\/2021\/10\/12\/hoteleros-de-quintana-roo-confirman-travel-mart-presencial\/"]}]},{"@type":"ImageObject","inLanguage":"es-MX","@id":"https:\/\/nitu.mx\/index.php\/2021\/10\/12\/hoteleros-de-quintana-roo-confirman-travel-mart-presencial\/#primaryimage","url":"https:\/\/nitu.mx\/wp-content\/uploads\/2018\/10\/cancun-travel-mart-1.jpg","contentUrl":"https:\/\/nitu.mx\/wp-content\/uploads\/2018\/10\/cancun-travel-mart-1.jpg","width":850,"height":480,"caption":"cancun travel mart"},{"@type":"BreadcrumbList","@id":"https:\/\/nitu.mx\/index.php\/2021\/10\/12\/hoteleros-de-quintana-roo-confirman-travel-mart-presencial\/#breadcrumb","itemListElement":[{"@type":"ListItem","position":1,"name":"Inicio","item":"https:\/\/nitu.mx\/"},{"@type":"ListItem","position":2,"name":"Hoteleros de Quintana Roo confirman Travel Mart presencial"}]},{"@type":"WebSite","@id":"https:\/\/nitu.mx\/#website","url":"https:\/\/nitu.mx\/","name":"Nitu - Noticias de la Industria Turistica","description":"Noticias de la Industria Turistica","publisher":{"@id":"https:\/\/nitu.mx\/#\/schema\/person\/ae7a53426417292d3dd07b45a33e01bc"},"alternateName":"Noticias de la Industria Turistica","potentialAction":[{"@type":"SearchAction","target":{"@type":"EntryPoint","urlTemplate":"https:\/\/nitu.mx\/?s={search_term_string}"},"query-input":"required name=search_term_string"}],"inLanguage":"es-MX"},{"@type":["Person","Organization"],"@id":"https:\/\/nitu.mx\/#\/schema\/person\/ae7a53426417292d3dd07b45a33e01bc","name":"Arturo Medina","image":{"@type":"ImageObject","inLanguage":"es-MX","@id":"https:\/\/nitu.mx\/#\/schema\/person\/image\/","url":"https:\/\/nitu.mx\/wp-content\/uploads\/2024\/04\/4A315622-1904-4D5C-B022-878CDC840E04-90x90-1.jpeg","contentUrl":"https:\/\/nitu.mx\/wp-content\/uploads\/2024\/04\/4A315622-1904-4D5C-B022-878CDC840E04-90x90-1.jpeg","width":90,"height":90,"caption":"Arturo Medina"},"logo":{"@id":"https:\/\/nitu.mx\/#\/schema\/person\/image\/"},"description":"Director NITU.mx, Egresado de la Escuela de Periodismo Carlos Septi\u00e9n Garc\u00eda. Periodista y analista especializado en turismo desde hace 35 a\u00f1os, radicado en Canc\u00fan Q.Roo. arturo@nitu.mx","sameAs":["https:\/\/nitu.mx","https:\/\/www.facebook.com\/NITUmx\/","medinacancun","https:\/\/twitter.com\/@Arturo_Medina_G"],"url":"https:\/\/nitu.mx\/index.php\/author\/arturo-medina\/"}]}},"views":334,"_links":{"self":[{"href":"https:\/\/nitu.mx\/index.php\/wp-json\/wp\/v2\/posts\/55825"}],"collection":[{"href":"https:\/\/nitu.mx\/index.php\/wp-json\/wp\/v2\/posts"}],"about":[{"href":"https:\/\/nitu.mx\/index.php\/wp-json\/wp\/v2\/types\/post"}],"author":[{"embeddable":true,"href":"https:\/\/nitu.mx\/index.php\/wp-json\/wp\/v2\/users\/2"}],"replies":[{"embeddable":true,"href":"https:\/\/nitu.mx\/index.php\/wp-json\/wp\/v2\/comments?post=55825"}],"version-history":[{"count":5,"href":"https:\/\/nitu.mx\/index.php\/wp-json\/wp\/v2\/posts\/55825\/revisions"}],"predecessor-version":[{"id":55835,"href":"https:\/\/nitu.mx\/index.php\/wp-json\/wp\/v2\/posts\/55825\/revisions\/55835"}],"wp:featuredmedia":[{"embeddable":true,"href":"https:\/\/nitu.mx\/index.php\/wp-json\/wp\/v2\/media\/25408"}],"wp:attachment":[{"href":"https:\/\/nitu.mx\/index.php\/wp-json\/wp\/v2\/media?parent=55825"}],"wp:term":[{"taxonomy":"category","embeddable":true,"href":"https:\/\/nitu.mx\/index.php\/wp-json\/wp\/v2\/categories?post=55825"},{"taxonomy":"post_tag","embeddable":true,"href":"https:\/\/nitu.mx\/index.php\/wp-json\/wp\/v2\/tags?post=55825"}],"curies":[{"name":"wp","href":"https:\/\/api.w.org\/{rel}","templated":true}]}}