{"id":5575,"date":"2017-01-05T01:10:07","date_gmt":"2017-01-05T06:10:07","guid":{"rendered":"http:\/\/www.dev.nitu.mx\/?p=5575"},"modified":"2017-01-05T01:42:25","modified_gmt":"2017-01-05T06:42:25","slug":"aeropuerto-internacional-de-cancun-podra-atender-hasta-25-millones-de-pasajeros","status":"publish","type":"post","link":"https:\/\/nitu.mx\/index.php\/2017\/01\/05\/aeropuerto-internacional-de-cancun-podra-atender-hasta-25-millones-de-pasajeros\/","title":{"rendered":"Aeropuerto Internacional de Canc\u00fan podr\u00e1 atender hasta 25 millones de pasajeros"},"content":{"rendered":"<p>El crecimiento del Aeropuerto Internacional de Canc\u00fan (AIC) es gradual, la construcci\u00f3n de la Terminal 4 (T4) con una inversi\u00f3n de dos mil 300 millones de pesos, le permitir\u00e1 atender a 9 millones de pasajeros m\u00e1s. &#8220;Ser\u00e1 en etapas hasta llegar a una capacidad total de 25 millones&#8221;, dijo en entrevista para\u00a0<strong><em>NITU.mx<\/em><\/strong>, Manuel Guti\u00e9rrez Sola, director comercial de la terminal a\u00e9rea,<br \/>\nCon la construcci\u00f3n de la primera fase de la cuarta terminal, que se concluir\u00e1 hasta 2018, el aeropuerto tendr\u00e1 capacidad para movilizar hasta 25 millones de pasajeros, y para el 2020 la capacidad incrementar\u00eda hasta los 32 millones, cuando la T4 est\u00e9 concluida por completo.<br \/>\nApunt\u00f3 que las obras se hace en fases \u201clos \u00faltimos cuatro a\u00f1os, hemos crecido mucho. Incluyendo el 2016 se fue creciendo a un ritmo de dos d\u00edgitos de m\u00e1s del 10 por ciento cada a\u00f1o. Regularmente los aeropuertos crecen a un ritmo del tres y cuatro por ciento por a\u00f1o\u201d, detall\u00f3.<br \/>\nEl tr\u00e1fico de pasajeros del Grupo Aeroportuario del Sureste (ASUR) subi\u00f3 13.9 por ciento en diciembre de 2016, respecto al mismo mes de un a\u00f1o atr\u00e1s, principalmente por el aumento de los viajeros nacionales del aeropuerto de Canc\u00fan, en Quintana Roo.<br \/>\nLos viajeros nacionales de la central a\u00e9rea de Canc\u00fan ascendieron el mes pasado a los 650 mil, al tener un crecimiento anual de 22.8 por ciento, detalla el reporte de tr\u00e1fico de ASUR, enviado este martes a la Bolsa Mexicana de Valores.<br \/>\nGuti\u00e9rrez Sola manifest\u00f3 que Canc\u00fan ha venido creciendo a un ritmo del 11 y 12 por ciento anual, lo que es muy alto, pero este a\u00f1o fue excepcional como lo muestran las cifras anteriores \u201cregularmente eso no se da en ning\u00fan destino. Tenemos la bendici\u00f3n de este crecimiento, eso quiere decir que tambi\u00e9n hay un crecimiento en infraestructura en la zona, en donde que tenemos m\u00e1s condominios, casas con gente de origen-destino, esto es personas que tienen familiares que van y vienen\u201d.<\/p>\n<p>En <em><strong>NITU.mx<\/strong><\/em> dimos cuenta del flujo de pasajeros que registr\u00f3 el Aeropuerto Internacional de Canc\u00fan durante este periodo vacacional. (<a title=\"AIC contabiliza 514 operaciones este lunes por temporada vacacional\" href=\"http:\/\/www.dev.nitu.mx\/index.php\/2017\/01\/04\/aic-contabiliza-514-operaciones-por-temporada-vacacional\/\" rel=\"bookmark\">AIC contabiliza 514 operaciones este lunes por temporada vacacional<\/a>).<\/p>\n","protected":false},"excerpt":{"rendered":"<p>El crecimiento del Aeropuerto Internacional de Canc\u00fan (AIC) es gradual, la construcci\u00f3n de la Terminal 4 (T4) con una inversi\u00f3n de dos mil 300 millones de pesos, le permitir\u00e1 atender a 9 millones de pasajeros m\u00e1s. &#8220;Ser\u00e1 en etapas hasta llegar a una capacidad total de 25 millones&#8221;, dijo en entrevista para\u00a0NITU.mx, Manuel Guti\u00e9rrez Sola, [&hellip;]<\/p>\n","protected":false},"author":3,"featured_media":5605,"comment_status":"open","ping_status":"open","sticky":false,"template":"","format":"standard","meta":{"footnotes":""},"categories":[29,6],"tags":[200,198,63,43,904,1795,260],"yoast_head":"<!-- This site is optimized with the Yoast SEO plugin v22.2 - https:\/\/yoast.com\/wordpress\/plugins\/seo\/ -->\n<title>Aeropuerto Internacional de Canc\u00fan podr\u00e1 atender hasta 25 millones de pasajeros - Nitu - Noticias de la Industria Turistica<\/title>\n<meta name=\"description\" content=\"El crecimiento del Aeropuerto Internacional de Canc\u00fan es gradual, la construcci\u00f3n de la Terminal 4 (T4) le permitir\u00e1 atender a 9 millones de pasajeros m\u00e1s.\" \/>\n<meta name=\"robots\" content=\"index, follow, max-snippet:-1, max-image-preview:large, max-video-preview:-1\" \/>\n<link rel=\"canonical\" href=\"https:\/\/nitu.mx\/index.php\/2017\/01\/05\/aeropuerto-internacional-de-cancun-podra-atender-hasta-25-millones-de-pasajeros\/\" \/>\n<meta name=\"twitter:card\" content=\"summary_large_image\" \/>\n<meta name=\"twitter:title\" content=\"Aeropuerto Internacional de Canc\u00fan podr\u00e1 atender hasta 25 millones de pasajeros - Nitu - Noticias de la Industria Turistica\" \/>\n<meta name=\"twitter:description\" content=\"El crecimiento del Aeropuerto Internacional de Canc\u00fan es gradual, la construcci\u00f3n de la Terminal 4 (T4) le permitir\u00e1 atender a 9 millones de pasajeros m\u00e1s.\" \/>\n<meta name=\"twitter:image\" content=\"https:\/\/nitu.mx\/wp-content\/uploads\/2017\/01\/Aeropuerto-Cancun-pasajeros.jpg\" \/>\n<meta name=\"twitter:creator\" content=\"@NITUmx\" \/>\n<meta name=\"twitter:site\" content=\"@Arturo_Medina_G\" \/>\n<meta name=\"twitter:label1\" content=\"Escrito por\" \/>\n\t<meta name=\"twitter:data1\" content=\"Alejandra Moncisbays\" \/>\n\t<meta name=\"twitter:label2\" content=\"Tiempo de lectura\" \/>\n\t<meta name=\"twitter:data2\" content=\"2 minutos\" \/>\n<script type=\"application\/ld+json\" class=\"yoast-schema-graph\">{\"@context\":\"https:\/\/schema.org\",\"@graph\":[{\"@type\":\"Article\",\"@id\":\"https:\/\/nitu.mx\/index.php\/2017\/01\/05\/aeropuerto-internacional-de-cancun-podra-atender-hasta-25-millones-de-pasajeros\/#article\",\"isPartOf\":{\"@id\":\"https:\/\/nitu.mx\/index.php\/2017\/01\/05\/aeropuerto-internacional-de-cancun-podra-atender-hasta-25-millones-de-pasajeros\/\"},\"author\":{\"name\":\"Alejandra Moncisbays\",\"@id\":\"https:\/\/nitu.mx\/#\/schema\/person\/2ecd887b19dfd3382d1f14fc5acf24a8\"},\"headline\":\"Aeropuerto Internacional de Canc\u00fan podr\u00e1 atender hasta 25 millones de pasajeros\",\"datePublished\":\"2017-01-05T06:10:07+00:00\",\"dateModified\":\"2017-01-05T06:42:25+00:00\",\"mainEntityOfPage\":{\"@id\":\"https:\/\/nitu.mx\/index.php\/2017\/01\/05\/aeropuerto-internacional-de-cancun-podra-atender-hasta-25-millones-de-pasajeros\/\"},\"wordCount\":375,\"commentCount\":0,\"publisher\":{\"@id\":\"https:\/\/nitu.mx\/#\/schema\/person\/ae7a53426417292d3dd07b45a33e01bc\"},\"image\":{\"@id\":\"https:\/\/nitu.mx\/index.php\/2017\/01\/05\/aeropuerto-internacional-de-cancun-podra-atender-hasta-25-millones-de-pasajeros\/#primaryimage\"},\"thumbnailUrl\":\"https:\/\/nitu.mx\/wp-content\/uploads\/2017\/01\/Aeropuerto-Cancun-pasajeros.jpg\",\"keywords\":[\"Aeropuerto Internacional de Canc\u00fan (AIC)\",\"ASUR\",\"Bolsa Mexicana de Valores\",\"Canc\u00fan\",\"Grupo Aeroportuario del Sureste (ASUR)\",\"Manuel Guti\u00e9rrez Sola\",\"Quintana Roo\"],\"articleSection\":[\"Aerol\u00edneas\",\"M\u00e9xico\"],\"inLanguage\":\"es-MX\",\"potentialAction\":[{\"@type\":\"CommentAction\",\"name\":\"Comment\",\"target\":[\"https:\/\/nitu.mx\/index.php\/2017\/01\/05\/aeropuerto-internacional-de-cancun-podra-atender-hasta-25-millones-de-pasajeros\/#respond\"]}]},{\"@type\":\"WebPage\",\"@id\":\"https:\/\/nitu.mx\/index.php\/2017\/01\/05\/aeropuerto-internacional-de-cancun-podra-atender-hasta-25-millones-de-pasajeros\/\",\"url\":\"https:\/\/nitu.mx\/index.php\/2017\/01\/05\/aeropuerto-internacional-de-cancun-podra-atender-hasta-25-millones-de-pasajeros\/\",\"name\":\"Aeropuerto Internacional de Canc\u00fan podr\u00e1 atender hasta 25 millones de pasajeros - Nitu - Noticias de la Industria Turistica\",\"isPartOf\":{\"@id\":\"https:\/\/nitu.mx\/#website\"},\"primaryImageOfPage\":{\"@id\":\"https:\/\/nitu.mx\/index.php\/2017\/01\/05\/aeropuerto-internacional-de-cancun-podra-atender-hasta-25-millones-de-pasajeros\/#primaryimage\"},\"image\":{\"@id\":\"https:\/\/nitu.mx\/index.php\/2017\/01\/05\/aeropuerto-internacional-de-cancun-podra-atender-hasta-25-millones-de-pasajeros\/#primaryimage\"},\"thumbnailUrl\":\"https:\/\/nitu.mx\/wp-content\/uploads\/2017\/01\/Aeropuerto-Cancun-pasajeros.jpg\",\"datePublished\":\"2017-01-05T06:10:07+00:00\",\"dateModified\":\"2017-01-05T06:42:25+00:00\",\"description\":\"El crecimiento del Aeropuerto Internacional de Canc\u00fan es gradual, la construcci\u00f3n de la Terminal 4 (T4) le permitir\u00e1 atender a 9 millones de pasajeros m\u00e1s.\",\"breadcrumb\":{\"@id\":\"https:\/\/nitu.mx\/index.php\/2017\/01\/05\/aeropuerto-internacional-de-cancun-podra-atender-hasta-25-millones-de-pasajeros\/#breadcrumb\"},\"inLanguage\":\"es-MX\",\"potentialAction\":[{\"@type\":\"ReadAction\",\"target\":[\"https:\/\/nitu.mx\/index.php\/2017\/01\/05\/aeropuerto-internacional-de-cancun-podra-atender-hasta-25-millones-de-pasajeros\/\"]}]},{\"@type\":\"ImageObject\",\"inLanguage\":\"es-MX\",\"@id\":\"https:\/\/nitu.mx\/index.php\/2017\/01\/05\/aeropuerto-internacional-de-cancun-podra-atender-hasta-25-millones-de-pasajeros\/#primaryimage\",\"url\":\"https:\/\/nitu.mx\/wp-content\/uploads\/2017\/01\/Aeropuerto-Cancun-pasajeros.jpg\",\"contentUrl\":\"https:\/\/nitu.mx\/wp-content\/uploads\/2017\/01\/Aeropuerto-Cancun-pasajeros.jpg\",\"width\":1230,\"height\":785,\"caption\":\"Aeropuerto Internacional de Canc\u00fan pasajeros\"},{\"@type\":\"BreadcrumbList\",\"@id\":\"https:\/\/nitu.mx\/index.php\/2017\/01\/05\/aeropuerto-internacional-de-cancun-podra-atender-hasta-25-millones-de-pasajeros\/#breadcrumb\",\"itemListElement\":[{\"@type\":\"ListItem\",\"position\":1,\"name\":\"Inicio\",\"item\":\"https:\/\/nitu.mx\/\"},{\"@type\":\"ListItem\",\"position\":2,\"name\":\"Aeropuerto Internacional de Canc\u00fan podr\u00e1 atender hasta 25 millones de pasajeros\"}]},{\"@type\":\"WebSite\",\"@id\":\"https:\/\/nitu.mx\/#website\",\"url\":\"https:\/\/nitu.mx\/\",\"name\":\"Nitu - Noticias de la Industria Turistica\",\"description\":\"Noticias de la Industria Turistica\",\"publisher\":{\"@id\":\"https:\/\/nitu.mx\/#\/schema\/person\/ae7a53426417292d3dd07b45a33e01bc\"},\"alternateName\":\"Noticias de la Industria Turistica\",\"potentialAction\":[{\"@type\":\"SearchAction\",\"target\":{\"@type\":\"EntryPoint\",\"urlTemplate\":\"https:\/\/nitu.mx\/?s={search_term_string}\"},\"query-input\":\"required name=search_term_string\"}],\"inLanguage\":\"es-MX\"},{\"@type\":[\"Person\",\"Organization\"],\"@id\":\"https:\/\/nitu.mx\/#\/schema\/person\/ae7a53426417292d3dd07b45a33e01bc\",\"name\":\"Arturo Medina\",\"image\":{\"@type\":\"ImageObject\",\"inLanguage\":\"es-MX\",\"@id\":\"https:\/\/nitu.mx\/#\/schema\/person\/image\/\",\"url\":\"https:\/\/nitu.mx\/wp-content\/uploads\/2024\/04\/4A315622-1904-4D5C-B022-878CDC840E04-90x90-1.jpeg\",\"contentUrl\":\"https:\/\/nitu.mx\/wp-content\/uploads\/2024\/04\/4A315622-1904-4D5C-B022-878CDC840E04-90x90-1.jpeg\",\"width\":90,\"height\":90,\"caption\":\"Arturo Medina\"},\"logo\":{\"@id\":\"https:\/\/nitu.mx\/#\/schema\/person\/image\/\"},\"description\":\"Director NITU.mx, Egresado de la Escuela de Periodismo Carlos Septi\u00e9n Garc\u00eda. Periodista y analista especializado en turismo desde hace 35 a\u00f1os, radicado en Canc\u00fan Q.Roo. arturo@nitu.mx\",\"sameAs\":[\"https:\/\/nitu.mx\",\"https:\/\/www.facebook.com\/NITUmx\/\",\"medinacancun\",\"https:\/\/twitter.com\/@Arturo_Medina_G\"]},{\"@type\":\"Person\",\"@id\":\"https:\/\/nitu.mx\/#\/schema\/person\/2ecd887b19dfd3382d1f14fc5acf24a8\",\"name\":\"Alejandra Moncisbays\",\"image\":{\"@type\":\"ImageObject\",\"inLanguage\":\"es-MX\",\"@id\":\"https:\/\/nitu.mx\/#\/schema\/person\/image\/\",\"url\":\"https:\/\/secure.gravatar.com\/avatar\/e74f7af0be172b7804dacfd0bfbef787?s=96&d=mm&r=g\",\"contentUrl\":\"https:\/\/secure.gravatar.com\/avatar\/e74f7af0be172b7804dacfd0bfbef787?s=96&d=mm&r=g\",\"caption\":\"Alejandra Moncisbays\"},\"description\":\"Curs\u00e9 la carrera de Periodismo y Comunicaci\u00f3n en la Facultad de Estudios Profesionales Acatl\u00e1n. Vivo en Canc\u00fan desde hace 24 a\u00f1os. Fui reportera de La Tarde de Canc\u00fan, y Novedades de Quintana Roo, colabor\u00e9 en TVCUN, edit\u00e9 Cancun\u00edssimo y colabor\u00e9 en las revistas Latitud21, entre otras, con principal enfoque en los sectores empresarial y tur\u00edstico. Desde hace varios a\u00f1os soy Agente de Seguros con c\u00e9dula de la Comisi\u00f3n Nacional de Seguros y Fianzas. Actualmente, me desarrollo en los \u00e1mbitos del periodismo y el sector asegurador.\",\"sameAs\":[\"https:\/\/nitu.mx\"],\"url\":\"https:\/\/nitu.mx\/index.php\/author\/alejandra\/\"}]}<\/script>\n<!-- \/ Yoast SEO plugin. -->","yoast_head_json":{"title":"Aeropuerto Internacional de Canc\u00fan podr\u00e1 atender hasta 25 millones de pasajeros - Nitu - Noticias de la Industria Turistica","description":"El crecimiento del Aeropuerto Internacional de Canc\u00fan es gradual, la construcci\u00f3n de la Terminal 4 (T4) le permitir\u00e1 atender a 9 millones de pasajeros m\u00e1s.","robots":{"index":"index","follow":"follow","max-snippet":"max-snippet:-1","max-image-preview":"max-image-preview:large","max-video-preview":"max-video-preview:-1"},"canonical":"https:\/\/nitu.mx\/index.php\/2017\/01\/05\/aeropuerto-internacional-de-cancun-podra-atender-hasta-25-millones-de-pasajeros\/","twitter_card":"summary_large_image","twitter_title":"Aeropuerto Internacional de Canc\u00fan podr\u00e1 atender hasta 25 millones de pasajeros - Nitu - Noticias de la Industria Turistica","twitter_description":"El crecimiento del Aeropuerto Internacional de Canc\u00fan es gradual, la construcci\u00f3n de la Terminal 4 (T4) le permitir\u00e1 atender a 9 millones de pasajeros m\u00e1s.","twitter_image":"https:\/\/nitu.mx\/wp-content\/uploads\/2017\/01\/Aeropuerto-Cancun-pasajeros.jpg","twitter_creator":"@NITUmx","twitter_site":"@Arturo_Medina_G","twitter_misc":{"Escrito por":"Alejandra Moncisbays","Tiempo de lectura":"2 minutos"},"schema":{"@context":"https:\/\/schema.org","@graph":[{"@type":"Article","@id":"https:\/\/nitu.mx\/index.php\/2017\/01\/05\/aeropuerto-internacional-de-cancun-podra-atender-hasta-25-millones-de-pasajeros\/#article","isPartOf":{"@id":"https:\/\/nitu.mx\/index.php\/2017\/01\/05\/aeropuerto-internacional-de-cancun-podra-atender-hasta-25-millones-de-pasajeros\/"},"author":{"name":"Alejandra Moncisbays","@id":"https:\/\/nitu.mx\/#\/schema\/person\/2ecd887b19dfd3382d1f14fc5acf24a8"},"headline":"Aeropuerto Internacional de Canc\u00fan podr\u00e1 atender hasta 25 millones de pasajeros","datePublished":"2017-01-05T06:10:07+00:00","dateModified":"2017-01-05T06:42:25+00:00","mainEntityOfPage":{"@id":"https:\/\/nitu.mx\/index.php\/2017\/01\/05\/aeropuerto-internacional-de-cancun-podra-atender-hasta-25-millones-de-pasajeros\/"},"wordCount":375,"commentCount":0,"publisher":{"@id":"https:\/\/nitu.mx\/#\/schema\/person\/ae7a53426417292d3dd07b45a33e01bc"},"image":{"@id":"https:\/\/nitu.mx\/index.php\/2017\/01\/05\/aeropuerto-internacional-de-cancun-podra-atender-hasta-25-millones-de-pasajeros\/#primaryimage"},"thumbnailUrl":"https:\/\/nitu.mx\/wp-content\/uploads\/2017\/01\/Aeropuerto-Cancun-pasajeros.jpg","keywords":["Aeropuerto Internacional de Canc\u00fan (AIC)","ASUR","Bolsa Mexicana de Valores","Canc\u00fan","Grupo Aeroportuario del Sureste (ASUR)","Manuel Guti\u00e9rrez Sola","Quintana Roo"],"articleSection":["Aerol\u00edneas","M\u00e9xico"],"inLanguage":"es-MX","potentialAction":[{"@type":"CommentAction","name":"Comment","target":["https:\/\/nitu.mx\/index.php\/2017\/01\/05\/aeropuerto-internacional-de-cancun-podra-atender-hasta-25-millones-de-pasajeros\/#respond"]}]},{"@type":"WebPage","@id":"https:\/\/nitu.mx\/index.php\/2017\/01\/05\/aeropuerto-internacional-de-cancun-podra-atender-hasta-25-millones-de-pasajeros\/","url":"https:\/\/nitu.mx\/index.php\/2017\/01\/05\/aeropuerto-internacional-de-cancun-podra-atender-hasta-25-millones-de-pasajeros\/","name":"Aeropuerto Internacional de Canc\u00fan podr\u00e1 atender hasta 25 millones de pasajeros - Nitu - Noticias de la Industria Turistica","isPartOf":{"@id":"https:\/\/nitu.mx\/#website"},"primaryImageOfPage":{"@id":"https:\/\/nitu.mx\/index.php\/2017\/01\/05\/aeropuerto-internacional-de-cancun-podra-atender-hasta-25-millones-de-pasajeros\/#primaryimage"},"image":{"@id":"https:\/\/nitu.mx\/index.php\/2017\/01\/05\/aeropuerto-internacional-de-cancun-podra-atender-hasta-25-millones-de-pasajeros\/#primaryimage"},"thumbnailUrl":"https:\/\/nitu.mx\/wp-content\/uploads\/2017\/01\/Aeropuerto-Cancun-pasajeros.jpg","datePublished":"2017-01-05T06:10:07+00:00","dateModified":"2017-01-05T06:42:25+00:00","description":"El crecimiento del Aeropuerto Internacional de Canc\u00fan es gradual, la construcci\u00f3n de la Terminal 4 (T4) le permitir\u00e1 atender a 9 millones de pasajeros m\u00e1s.","breadcrumb":{"@id":"https:\/\/nitu.mx\/index.php\/2017\/01\/05\/aeropuerto-internacional-de-cancun-podra-atender-hasta-25-millones-de-pasajeros\/#breadcrumb"},"inLanguage":"es-MX","potentialAction":[{"@type":"ReadAction","target":["https:\/\/nitu.mx\/index.php\/2017\/01\/05\/aeropuerto-internacional-de-cancun-podra-atender-hasta-25-millones-de-pasajeros\/"]}]},{"@type":"ImageObject","inLanguage":"es-MX","@id":"https:\/\/nitu.mx\/index.php\/2017\/01\/05\/aeropuerto-internacional-de-cancun-podra-atender-hasta-25-millones-de-pasajeros\/#primaryimage","url":"https:\/\/nitu.mx\/wp-content\/uploads\/2017\/01\/Aeropuerto-Cancun-pasajeros.jpg","contentUrl":"https:\/\/nitu.mx\/wp-content\/uploads\/2017\/01\/Aeropuerto-Cancun-pasajeros.jpg","width":1230,"height":785,"caption":"Aeropuerto Internacional de Canc\u00fan pasajeros"},{"@type":"BreadcrumbList","@id":"https:\/\/nitu.mx\/index.php\/2017\/01\/05\/aeropuerto-internacional-de-cancun-podra-atender-hasta-25-millones-de-pasajeros\/#breadcrumb","itemListElement":[{"@type":"ListItem","position":1,"name":"Inicio","item":"https:\/\/nitu.mx\/"},{"@type":"ListItem","position":2,"name":"Aeropuerto Internacional de Canc\u00fan podr\u00e1 atender hasta 25 millones de pasajeros"}]},{"@type":"WebSite","@id":"https:\/\/nitu.mx\/#website","url":"https:\/\/nitu.mx\/","name":"Nitu - Noticias de la Industria Turistica","description":"Noticias de la Industria Turistica","publisher":{"@id":"https:\/\/nitu.mx\/#\/schema\/person\/ae7a53426417292d3dd07b45a33e01bc"},"alternateName":"Noticias de la Industria Turistica","potentialAction":[{"@type":"SearchAction","target":{"@type":"EntryPoint","urlTemplate":"https:\/\/nitu.mx\/?s={search_term_string}"},"query-input":"required name=search_term_string"}],"inLanguage":"es-MX"},{"@type":["Person","Organization"],"@id":"https:\/\/nitu.mx\/#\/schema\/person\/ae7a53426417292d3dd07b45a33e01bc","name":"Arturo Medina","image":{"@type":"ImageObject","inLanguage":"es-MX","@id":"https:\/\/nitu.mx\/#\/schema\/person\/image\/","url":"https:\/\/nitu.mx\/wp-content\/uploads\/2024\/04\/4A315622-1904-4D5C-B022-878CDC840E04-90x90-1.jpeg","contentUrl":"https:\/\/nitu.mx\/wp-content\/uploads\/2024\/04\/4A315622-1904-4D5C-B022-878CDC840E04-90x90-1.jpeg","width":90,"height":90,"caption":"Arturo Medina"},"logo":{"@id":"https:\/\/nitu.mx\/#\/schema\/person\/image\/"},"description":"Director NITU.mx, Egresado de la Escuela de Periodismo Carlos Septi\u00e9n Garc\u00eda. Periodista y analista especializado en turismo desde hace 35 a\u00f1os, radicado en Canc\u00fan Q.Roo. arturo@nitu.mx","sameAs":["https:\/\/nitu.mx","https:\/\/www.facebook.com\/NITUmx\/","medinacancun","https:\/\/twitter.com\/@Arturo_Medina_G"]},{"@type":"Person","@id":"https:\/\/nitu.mx\/#\/schema\/person\/2ecd887b19dfd3382d1f14fc5acf24a8","name":"Alejandra Moncisbays","image":{"@type":"ImageObject","inLanguage":"es-MX","@id":"https:\/\/nitu.mx\/#\/schema\/person\/image\/","url":"https:\/\/secure.gravatar.com\/avatar\/e74f7af0be172b7804dacfd0bfbef787?s=96&d=mm&r=g","contentUrl":"https:\/\/secure.gravatar.com\/avatar\/e74f7af0be172b7804dacfd0bfbef787?s=96&d=mm&r=g","caption":"Alejandra Moncisbays"},"description":"Curs\u00e9 la carrera de Periodismo y Comunicaci\u00f3n en la Facultad de Estudios Profesionales Acatl\u00e1n. Vivo en Canc\u00fan desde hace 24 a\u00f1os. Fui reportera de La Tarde de Canc\u00fan, y Novedades de Quintana Roo, colabor\u00e9 en TVCUN, edit\u00e9 Cancun\u00edssimo y colabor\u00e9 en las revistas Latitud21, entre otras, con principal enfoque en los sectores empresarial y tur\u00edstico. Desde hace varios a\u00f1os soy Agente de Seguros con c\u00e9dula de la Comisi\u00f3n Nacional de Seguros y Fianzas. Actualmente, me desarrollo en los \u00e1mbitos del periodismo y el sector asegurador.","sameAs":["https:\/\/nitu.mx"],"url":"https:\/\/nitu.mx\/index.php\/author\/alejandra\/"}]}},"views":356,"_links":{"self":[{"href":"https:\/\/nitu.mx\/index.php\/wp-json\/wp\/v2\/posts\/5575"}],"collection":[{"href":"https:\/\/nitu.mx\/index.php\/wp-json\/wp\/v2\/posts"}],"about":[{"href":"https:\/\/nitu.mx\/index.php\/wp-json\/wp\/v2\/types\/post"}],"author":[{"embeddable":true,"href":"https:\/\/nitu.mx\/index.php\/wp-json\/wp\/v2\/users\/3"}],"replies":[{"embeddable":true,"href":"https:\/\/nitu.mx\/index.php\/wp-json\/wp\/v2\/comments?post=5575"}],"version-history":[{"count":4,"href":"https:\/\/nitu.mx\/index.php\/wp-json\/wp\/v2\/posts\/5575\/revisions"}],"predecessor-version":[{"id":5609,"href":"https:\/\/nitu.mx\/index.php\/wp-json\/wp\/v2\/posts\/5575\/revisions\/5609"}],"wp:featuredmedia":[{"embeddable":true,"href":"https:\/\/nitu.mx\/index.php\/wp-json\/wp\/v2\/media\/5605"}],"wp:attachment":[{"href":"https:\/\/nitu.mx\/index.php\/wp-json\/wp\/v2\/media?parent=5575"}],"wp:term":[{"taxonomy":"category","embeddable":true,"href":"https:\/\/nitu.mx\/index.php\/wp-json\/wp\/v2\/categories?post=5575"},{"taxonomy":"post_tag","embeddable":true,"href":"https:\/\/nitu.mx\/index.php\/wp-json\/wp\/v2\/tags?post=5575"}],"curies":[{"name":"wp","href":"https:\/\/api.w.org\/{rel}","templated":true}]}}