{"id":55729,"date":"2021-10-06T13:26:38","date_gmt":"2021-10-06T18:26:38","guid":{"rendered":"https:\/\/www.dev.nitu.mx\/?p=55729"},"modified":"2021-10-07T00:13:19","modified_gmt":"2021-10-07T05:13:19","slug":"estaria-latinoamerica-abierta-al-100-en-noviembre","status":"publish","type":"post","link":"https:\/\/nitu.mx\/index.php\/2021\/10\/06\/estaria-latinoamerica-abierta-al-100-en-noviembre\/","title":{"rendered":"Estar\u00eda Latinoam\u00e9rica abierta al 100% en noviembre"},"content":{"rendered":"<p>La Asociaci\u00f3n Internacional del Transporte A\u00e9reo (IATA) prev\u00e9 que todo el continente americano habr\u00e1 reabierto sus fronteras en mayor o menor medida para noviembre de este a\u00f1o, luego de los anuncios realizados por los gobiernos de Argentina y Chile.<\/p>\n<p>Sin embargo, el camino para la recuperaci\u00f3n total todav\u00eda es largo y la industria a\u00e9rea todav\u00eda podr\u00eda enfrentar varios problemas inesperados en los pr\u00f3ximos meses, se\u00f1al\u00f3 Peter Cerd\u00e1, vicepresidente regional de IATA para las Am\u00e9ricas, durante su participaci\u00f3n en la Asamblea General de la IATA que se celebra esta semana en Boston, Estados Unidos.<\/p>\n<p>\u201cEstamos viendo la eliminaci\u00f3n progresiva de las restricciones de viaje a lo largo del continente. Las m\u00e1s recientes se dieron en Argentina, Canad\u00e1 y Chile, tres pa\u00edses que impusieron unas de las medidas m\u00e1s restrictivas, pero ahora han abierto sus fronteras a viajeros internacionales o han puesto un plan en marcha para hacerlo\u201d, se\u00f1al\u00f3 Cerd\u00e1.<\/p>\n<p>Pese a que estos anuncios son buenas noticias para la industria a\u00e9rea, la IATA prev\u00e9 que las aerol\u00edneas norteamericanas y latinoamericanas pierdan 5.5 y 5.6 mil millones de d\u00f3lares respectivamente durante 2021.<\/p>\n<p>Para el pr\u00f3ximo a\u00f1o, la IATA estima que las aerol\u00edneas norteamericanas recuperar\u00e1n la rentabilidad y ganar\u00e1n 9.9 mil millones de d\u00f3lares. Por su parte, las latinoamericanas reducir\u00e1n sus p\u00e9rdidas, pero aun as\u00ed registrar\u00e1n una p\u00e9rdida neta por 3.7 mil millones de d\u00f3lares.<\/p>\n<p>\u201cLa fortaleza del mercado Estados Unidos-Latinoam\u00e9rica ser\u00e1 un factor contribuyente importante para la mejora de las finanzas. Sin embargo, los costos de reestructura de algunas aerol\u00edneas de la regi\u00f3n impactar\u00e1n el rendimiento financiero y mantendr\u00e1n a toda Latinoam\u00e9rica en una p\u00e9rdida colectiva\u201d, a\u00f1adi\u00f3 Cerd\u00e1.<\/p>\n<p>Finalmente, la IATA reiter\u00f3 la necesidad de que se mejore la cooperaci\u00f3n con los gobiernos, particularmente en el control fronterizo; asimismo, que los gobiernos acepten los certificados de vacunaci\u00f3n y resultados digitales de pruebas covid para crear un est\u00e1ndar com\u00fan de operaci\u00f3n; tambi\u00e9n solicit\u00f3 que no se generen nuevos cargos, tarifas e impuestos para la industria de la aviaci\u00f3n y, finalmente, se desarrollen nuevas iniciativas de protecci\u00f3n al consumidor, pero respetando las mejores pr\u00e1cticas internacionales, a la par de que se mantiene a la sostenibilidad ecol\u00f3gica como un elemento clave para la recuperaci\u00f3n de la industria. (<a title=\"Pide IATA claridad a EUA sobre reapertura por dificultades log\u00edsticas\" href=\"https:\/\/www.dev.nitu.mx\/index.php\/2021\/10\/06\/pide-iata-claridad-a-eua-sobre-reapertura-por-dificultades-logisticas\/\" rel=\"bookmark\">Pide IATA claridad a EUA sobre reapertura por dificultades log\u00edsticas<\/a>).<\/p>\n","protected":false},"excerpt":{"rendered":"<p>La Asociaci\u00f3n Internacional del Transporte A\u00e9reo (IATA) prev\u00e9 que todo el continente americano habr\u00e1 reabierto sus fronteras en mayor o menor medida para noviembre de este a\u00f1o, luego de los anuncios realizados por los gobiernos de Argentina y Chile. Sin embargo, el camino para la recuperaci\u00f3n total todav\u00eda es largo y la industria a\u00e9rea todav\u00eda [&hellip;]<\/p>\n","protected":false},"author":17,"featured_media":55747,"comment_status":"open","ping_status":"open","sticky":false,"template":"","format":"standard","meta":{"footnotes":""},"categories":[29,19462],"tags":[1734,69,2156],"yoast_head":"<!-- This site is optimized with the Yoast SEO plugin v22.2 - https:\/\/yoast.com\/wordpress\/plugins\/seo\/ -->\n<title>Estar\u00eda Latinoam\u00e9rica abierta al 100% en noviembre - Nitu - Noticias de la Industria Turistica<\/title>\n<meta name=\"robots\" content=\"index, follow, max-snippet:-1, max-image-preview:large, max-video-preview:-1\" \/>\n<link rel=\"canonical\" href=\"https:\/\/nitu.mx\/index.php\/2021\/10\/06\/estaria-latinoamerica-abierta-al-100-en-noviembre\/\" \/>\n<meta name=\"twitter:card\" content=\"summary_large_image\" \/>\n<meta name=\"twitter:title\" content=\"Estar\u00eda Latinoam\u00e9rica abierta al 100% en noviembre - Nitu - Noticias de la Industria Turistica\" \/>\n<meta name=\"twitter:description\" content=\"La Asociaci\u00f3n Internacional del Transporte A\u00e9reo (IATA) prev\u00e9 que todo el continente americano habr\u00e1 reabierto sus fronteras en mayor o menor medida para noviembre de este a\u00f1o, luego de los anuncios realizados por los gobiernos de Argentina y Chile. Sin embargo, el camino para la recuperaci\u00f3n total todav\u00eda es largo y la industria a\u00e9rea todav\u00eda [&hellip;]\" \/>\n<meta name=\"twitter:image\" content=\"https:\/\/nitu.mx\/wp-content\/uploads\/2021\/10\/IATA-reaperturas-latinoamerica.jpg\" \/>\n<meta name=\"twitter:creator\" content=\"@NITUmx\" \/>\n<meta name=\"twitter:site\" content=\"@Arturo_Medina_G\" \/>\n<meta name=\"twitter:label1\" content=\"Escrito por\" \/>\n\t<meta name=\"twitter:data1\" content=\"Redacci\u00f3n\" \/>\n\t<meta name=\"twitter:label2\" content=\"Tiempo de lectura\" \/>\n\t<meta name=\"twitter:data2\" content=\"2 minutos\" \/>\n<script type=\"application\/ld+json\" class=\"yoast-schema-graph\">{\"@context\":\"https:\/\/schema.org\",\"@graph\":[{\"@type\":\"Article\",\"@id\":\"https:\/\/nitu.mx\/index.php\/2021\/10\/06\/estaria-latinoamerica-abierta-al-100-en-noviembre\/#article\",\"isPartOf\":{\"@id\":\"https:\/\/nitu.mx\/index.php\/2021\/10\/06\/estaria-latinoamerica-abierta-al-100-en-noviembre\/\"},\"author\":{\"name\":\"Redacci\u00f3n\",\"@id\":\"https:\/\/nitu.mx\/#\/schema\/person\/4a28fe9bd65924f7c90623773daf1b0b\"},\"headline\":\"Estar\u00eda Latinoam\u00e9rica abierta al 100% en noviembre\",\"datePublished\":\"2021-10-06T18:26:38+00:00\",\"dateModified\":\"2021-10-07T05:13:19+00:00\",\"mainEntityOfPage\":{\"@id\":\"https:\/\/nitu.mx\/index.php\/2021\/10\/06\/estaria-latinoamerica-abierta-al-100-en-noviembre\/\"},\"wordCount\":426,\"commentCount\":0,\"publisher\":{\"@id\":\"https:\/\/nitu.mx\/#\/schema\/person\/ae7a53426417292d3dd07b45a33e01bc\"},\"image\":{\"@id\":\"https:\/\/nitu.mx\/index.php\/2021\/10\/06\/estaria-latinoamerica-abierta-al-100-en-noviembre\/#primaryimage\"},\"thumbnailUrl\":\"https:\/\/nitu.mx\/wp-content\/uploads\/2021\/10\/IATA-reaperturas-latinoamerica.jpg\",\"keywords\":[\"IATA\",\"Latinoam\u00e9rica\",\"Peter Cerda\"],\"articleSection\":[\"Aerol\u00edneas\",\"Aeropuertos\"],\"inLanguage\":\"es-MX\",\"potentialAction\":[{\"@type\":\"CommentAction\",\"name\":\"Comment\",\"target\":[\"https:\/\/nitu.mx\/index.php\/2021\/10\/06\/estaria-latinoamerica-abierta-al-100-en-noviembre\/#respond\"]}]},{\"@type\":\"WebPage\",\"@id\":\"https:\/\/nitu.mx\/index.php\/2021\/10\/06\/estaria-latinoamerica-abierta-al-100-en-noviembre\/\",\"url\":\"https:\/\/nitu.mx\/index.php\/2021\/10\/06\/estaria-latinoamerica-abierta-al-100-en-noviembre\/\",\"name\":\"Estar\u00eda Latinoam\u00e9rica abierta al 100% en noviembre - Nitu - Noticias de la Industria Turistica\",\"isPartOf\":{\"@id\":\"https:\/\/nitu.mx\/#website\"},\"primaryImageOfPage\":{\"@id\":\"https:\/\/nitu.mx\/index.php\/2021\/10\/06\/estaria-latinoamerica-abierta-al-100-en-noviembre\/#primaryimage\"},\"image\":{\"@id\":\"https:\/\/nitu.mx\/index.php\/2021\/10\/06\/estaria-latinoamerica-abierta-al-100-en-noviembre\/#primaryimage\"},\"thumbnailUrl\":\"https:\/\/nitu.mx\/wp-content\/uploads\/2021\/10\/IATA-reaperturas-latinoamerica.jpg\",\"datePublished\":\"2021-10-06T18:26:38+00:00\",\"dateModified\":\"2021-10-07T05:13:19+00:00\",\"breadcrumb\":{\"@id\":\"https:\/\/nitu.mx\/index.php\/2021\/10\/06\/estaria-latinoamerica-abierta-al-100-en-noviembre\/#breadcrumb\"},\"inLanguage\":\"es-MX\",\"potentialAction\":[{\"@type\":\"ReadAction\",\"target\":[\"https:\/\/nitu.mx\/index.php\/2021\/10\/06\/estaria-latinoamerica-abierta-al-100-en-noviembre\/\"]}]},{\"@type\":\"ImageObject\",\"inLanguage\":\"es-MX\",\"@id\":\"https:\/\/nitu.mx\/index.php\/2021\/10\/06\/estaria-latinoamerica-abierta-al-100-en-noviembre\/#primaryimage\",\"url\":\"https:\/\/nitu.mx\/wp-content\/uploads\/2021\/10\/IATA-reaperturas-latinoamerica.jpg\",\"contentUrl\":\"https:\/\/nitu.mx\/wp-content\/uploads\/2021\/10\/IATA-reaperturas-latinoamerica.jpg\",\"width\":1200,\"height\":675},{\"@type\":\"BreadcrumbList\",\"@id\":\"https:\/\/nitu.mx\/index.php\/2021\/10\/06\/estaria-latinoamerica-abierta-al-100-en-noviembre\/#breadcrumb\",\"itemListElement\":[{\"@type\":\"ListItem\",\"position\":1,\"name\":\"Inicio\",\"item\":\"https:\/\/nitu.mx\/\"},{\"@type\":\"ListItem\",\"position\":2,\"name\":\"Estar\u00eda Latinoam\u00e9rica abierta al 100% en noviembre\"}]},{\"@type\":\"WebSite\",\"@id\":\"https:\/\/nitu.mx\/#website\",\"url\":\"https:\/\/nitu.mx\/\",\"name\":\"Nitu - Noticias de la Industria Turistica\",\"description\":\"Noticias de la Industria Turistica\",\"publisher\":{\"@id\":\"https:\/\/nitu.mx\/#\/schema\/person\/ae7a53426417292d3dd07b45a33e01bc\"},\"alternateName\":\"Noticias de la Industria Turistica\",\"potentialAction\":[{\"@type\":\"SearchAction\",\"target\":{\"@type\":\"EntryPoint\",\"urlTemplate\":\"https:\/\/nitu.mx\/?s={search_term_string}\"},\"query-input\":\"required name=search_term_string\"}],\"inLanguage\":\"es-MX\"},{\"@type\":[\"Person\",\"Organization\"],\"@id\":\"https:\/\/nitu.mx\/#\/schema\/person\/ae7a53426417292d3dd07b45a33e01bc\",\"name\":\"Arturo Medina\",\"image\":{\"@type\":\"ImageObject\",\"inLanguage\":\"es-MX\",\"@id\":\"https:\/\/nitu.mx\/#\/schema\/person\/image\/\",\"url\":\"https:\/\/nitu.mx\/wp-content\/uploads\/2024\/04\/4A315622-1904-4D5C-B022-878CDC840E04-90x90-1.jpeg\",\"contentUrl\":\"https:\/\/nitu.mx\/wp-content\/uploads\/2024\/04\/4A315622-1904-4D5C-B022-878CDC840E04-90x90-1.jpeg\",\"width\":90,\"height\":90,\"caption\":\"Arturo Medina\"},\"logo\":{\"@id\":\"https:\/\/nitu.mx\/#\/schema\/person\/image\/\"},\"description\":\"Director NITU.mx, Egresado de la Escuela de Periodismo Carlos Septi\u00e9n Garc\u00eda. Periodista y analista especializado en turismo desde hace 35 a\u00f1os, radicado en Canc\u00fan Q.Roo. arturo@nitu.mx\",\"sameAs\":[\"https:\/\/nitu.mx\",\"https:\/\/www.facebook.com\/NITUmx\/\",\"medinacancun\",\"https:\/\/twitter.com\/@Arturo_Medina_G\"]},{\"@type\":\"Person\",\"@id\":\"https:\/\/nitu.mx\/#\/schema\/person\/4a28fe9bd65924f7c90623773daf1b0b\",\"name\":\"Redacci\u00f3n\",\"image\":{\"@type\":\"ImageObject\",\"inLanguage\":\"es-MX\",\"@id\":\"https:\/\/nitu.mx\/#\/schema\/person\/image\/\",\"url\":\"https:\/\/secure.gravatar.com\/avatar\/5dd011c8ccfc5cd7e4c81e42252aab38?s=96&d=mm&r=g\",\"contentUrl\":\"https:\/\/secure.gravatar.com\/avatar\/5dd011c8ccfc5cd7e4c81e42252aab38?s=96&d=mm&r=g\",\"caption\":\"Redacci\u00f3n\"},\"url\":\"https:\/\/nitu.mx\/index.php\/author\/redaccion\/\"}]}<\/script>\n<!-- \/ Yoast SEO plugin. -->","yoast_head_json":{"title":"Estar\u00eda Latinoam\u00e9rica abierta al 100% en noviembre - Nitu - Noticias de la Industria Turistica","robots":{"index":"index","follow":"follow","max-snippet":"max-snippet:-1","max-image-preview":"max-image-preview:large","max-video-preview":"max-video-preview:-1"},"canonical":"https:\/\/nitu.mx\/index.php\/2021\/10\/06\/estaria-latinoamerica-abierta-al-100-en-noviembre\/","twitter_card":"summary_large_image","twitter_title":"Estar\u00eda Latinoam\u00e9rica abierta al 100% en noviembre - Nitu - Noticias de la Industria Turistica","twitter_description":"La Asociaci\u00f3n Internacional del Transporte A\u00e9reo (IATA) prev\u00e9 que todo el continente americano habr\u00e1 reabierto sus fronteras en mayor o menor medida para noviembre de este a\u00f1o, luego de los anuncios realizados por los gobiernos de Argentina y Chile. Sin embargo, el camino para la recuperaci\u00f3n total todav\u00eda es largo y la industria a\u00e9rea todav\u00eda [&hellip;]","twitter_image":"https:\/\/nitu.mx\/wp-content\/uploads\/2021\/10\/IATA-reaperturas-latinoamerica.jpg","twitter_creator":"@NITUmx","twitter_site":"@Arturo_Medina_G","twitter_misc":{"Escrito por":"Redacci\u00f3n","Tiempo de lectura":"2 minutos"},"schema":{"@context":"https:\/\/schema.org","@graph":[{"@type":"Article","@id":"https:\/\/nitu.mx\/index.php\/2021\/10\/06\/estaria-latinoamerica-abierta-al-100-en-noviembre\/#article","isPartOf":{"@id":"https:\/\/nitu.mx\/index.php\/2021\/10\/06\/estaria-latinoamerica-abierta-al-100-en-noviembre\/"},"author":{"name":"Redacci\u00f3n","@id":"https:\/\/nitu.mx\/#\/schema\/person\/4a28fe9bd65924f7c90623773daf1b0b"},"headline":"Estar\u00eda Latinoam\u00e9rica abierta al 100% en noviembre","datePublished":"2021-10-06T18:26:38+00:00","dateModified":"2021-10-07T05:13:19+00:00","mainEntityOfPage":{"@id":"https:\/\/nitu.mx\/index.php\/2021\/10\/06\/estaria-latinoamerica-abierta-al-100-en-noviembre\/"},"wordCount":426,"commentCount":0,"publisher":{"@id":"https:\/\/nitu.mx\/#\/schema\/person\/ae7a53426417292d3dd07b45a33e01bc"},"image":{"@id":"https:\/\/nitu.mx\/index.php\/2021\/10\/06\/estaria-latinoamerica-abierta-al-100-en-noviembre\/#primaryimage"},"thumbnailUrl":"https:\/\/nitu.mx\/wp-content\/uploads\/2021\/10\/IATA-reaperturas-latinoamerica.jpg","keywords":["IATA","Latinoam\u00e9rica","Peter Cerda"],"articleSection":["Aerol\u00edneas","Aeropuertos"],"inLanguage":"es-MX","potentialAction":[{"@type":"CommentAction","name":"Comment","target":["https:\/\/nitu.mx\/index.php\/2021\/10\/06\/estaria-latinoamerica-abierta-al-100-en-noviembre\/#respond"]}]},{"@type":"WebPage","@id":"https:\/\/nitu.mx\/index.php\/2021\/10\/06\/estaria-latinoamerica-abierta-al-100-en-noviembre\/","url":"https:\/\/nitu.mx\/index.php\/2021\/10\/06\/estaria-latinoamerica-abierta-al-100-en-noviembre\/","name":"Estar\u00eda Latinoam\u00e9rica abierta al 100% en noviembre - Nitu - Noticias de la Industria Turistica","isPartOf":{"@id":"https:\/\/nitu.mx\/#website"},"primaryImageOfPage":{"@id":"https:\/\/nitu.mx\/index.php\/2021\/10\/06\/estaria-latinoamerica-abierta-al-100-en-noviembre\/#primaryimage"},"image":{"@id":"https:\/\/nitu.mx\/index.php\/2021\/10\/06\/estaria-latinoamerica-abierta-al-100-en-noviembre\/#primaryimage"},"thumbnailUrl":"https:\/\/nitu.mx\/wp-content\/uploads\/2021\/10\/IATA-reaperturas-latinoamerica.jpg","datePublished":"2021-10-06T18:26:38+00:00","dateModified":"2021-10-07T05:13:19+00:00","breadcrumb":{"@id":"https:\/\/nitu.mx\/index.php\/2021\/10\/06\/estaria-latinoamerica-abierta-al-100-en-noviembre\/#breadcrumb"},"inLanguage":"es-MX","potentialAction":[{"@type":"ReadAction","target":["https:\/\/nitu.mx\/index.php\/2021\/10\/06\/estaria-latinoamerica-abierta-al-100-en-noviembre\/"]}]},{"@type":"ImageObject","inLanguage":"es-MX","@id":"https:\/\/nitu.mx\/index.php\/2021\/10\/06\/estaria-latinoamerica-abierta-al-100-en-noviembre\/#primaryimage","url":"https:\/\/nitu.mx\/wp-content\/uploads\/2021\/10\/IATA-reaperturas-latinoamerica.jpg","contentUrl":"https:\/\/nitu.mx\/wp-content\/uploads\/2021\/10\/IATA-reaperturas-latinoamerica.jpg","width":1200,"height":675},{"@type":"BreadcrumbList","@id":"https:\/\/nitu.mx\/index.php\/2021\/10\/06\/estaria-latinoamerica-abierta-al-100-en-noviembre\/#breadcrumb","itemListElement":[{"@type":"ListItem","position":1,"name":"Inicio","item":"https:\/\/nitu.mx\/"},{"@type":"ListItem","position":2,"name":"Estar\u00eda Latinoam\u00e9rica abierta al 100% en noviembre"}]},{"@type":"WebSite","@id":"https:\/\/nitu.mx\/#website","url":"https:\/\/nitu.mx\/","name":"Nitu - Noticias de la Industria Turistica","description":"Noticias de la Industria Turistica","publisher":{"@id":"https:\/\/nitu.mx\/#\/schema\/person\/ae7a53426417292d3dd07b45a33e01bc"},"alternateName":"Noticias de la Industria Turistica","potentialAction":[{"@type":"SearchAction","target":{"@type":"EntryPoint","urlTemplate":"https:\/\/nitu.mx\/?s={search_term_string}"},"query-input":"required name=search_term_string"}],"inLanguage":"es-MX"},{"@type":["Person","Organization"],"@id":"https:\/\/nitu.mx\/#\/schema\/person\/ae7a53426417292d3dd07b45a33e01bc","name":"Arturo Medina","image":{"@type":"ImageObject","inLanguage":"es-MX","@id":"https:\/\/nitu.mx\/#\/schema\/person\/image\/","url":"https:\/\/nitu.mx\/wp-content\/uploads\/2024\/04\/4A315622-1904-4D5C-B022-878CDC840E04-90x90-1.jpeg","contentUrl":"https:\/\/nitu.mx\/wp-content\/uploads\/2024\/04\/4A315622-1904-4D5C-B022-878CDC840E04-90x90-1.jpeg","width":90,"height":90,"caption":"Arturo Medina"},"logo":{"@id":"https:\/\/nitu.mx\/#\/schema\/person\/image\/"},"description":"Director NITU.mx, Egresado de la Escuela de Periodismo Carlos Septi\u00e9n Garc\u00eda. Periodista y analista especializado en turismo desde hace 35 a\u00f1os, radicado en Canc\u00fan Q.Roo. arturo@nitu.mx","sameAs":["https:\/\/nitu.mx","https:\/\/www.facebook.com\/NITUmx\/","medinacancun","https:\/\/twitter.com\/@Arturo_Medina_G"]},{"@type":"Person","@id":"https:\/\/nitu.mx\/#\/schema\/person\/4a28fe9bd65924f7c90623773daf1b0b","name":"Redacci\u00f3n","image":{"@type":"ImageObject","inLanguage":"es-MX","@id":"https:\/\/nitu.mx\/#\/schema\/person\/image\/","url":"https:\/\/secure.gravatar.com\/avatar\/5dd011c8ccfc5cd7e4c81e42252aab38?s=96&d=mm&r=g","contentUrl":"https:\/\/secure.gravatar.com\/avatar\/5dd011c8ccfc5cd7e4c81e42252aab38?s=96&d=mm&r=g","caption":"Redacci\u00f3n"},"url":"https:\/\/nitu.mx\/index.php\/author\/redaccion\/"}]}},"views":378,"_links":{"self":[{"href":"https:\/\/nitu.mx\/index.php\/wp-json\/wp\/v2\/posts\/55729"}],"collection":[{"href":"https:\/\/nitu.mx\/index.php\/wp-json\/wp\/v2\/posts"}],"about":[{"href":"https:\/\/nitu.mx\/index.php\/wp-json\/wp\/v2\/types\/post"}],"author":[{"embeddable":true,"href":"https:\/\/nitu.mx\/index.php\/wp-json\/wp\/v2\/users\/17"}],"replies":[{"embeddable":true,"href":"https:\/\/nitu.mx\/index.php\/wp-json\/wp\/v2\/comments?post=55729"}],"version-history":[{"count":4,"href":"https:\/\/nitu.mx\/index.php\/wp-json\/wp\/v2\/posts\/55729\/revisions"}],"predecessor-version":[{"id":55752,"href":"https:\/\/nitu.mx\/index.php\/wp-json\/wp\/v2\/posts\/55729\/revisions\/55752"}],"wp:featuredmedia":[{"embeddable":true,"href":"https:\/\/nitu.mx\/index.php\/wp-json\/wp\/v2\/media\/55747"}],"wp:attachment":[{"href":"https:\/\/nitu.mx\/index.php\/wp-json\/wp\/v2\/media?parent=55729"}],"wp:term":[{"taxonomy":"category","embeddable":true,"href":"https:\/\/nitu.mx\/index.php\/wp-json\/wp\/v2\/categories?post=55729"},{"taxonomy":"post_tag","embeddable":true,"href":"https:\/\/nitu.mx\/index.php\/wp-json\/wp\/v2\/tags?post=55729"}],"curies":[{"name":"wp","href":"https:\/\/api.w.org\/{rel}","templated":true}]}}