{"id":5571,"date":"2017-01-05T00:14:52","date_gmt":"2017-01-05T05:14:52","guid":{"rendered":"http:\/\/www.dev.nitu.mx\/?p=5571"},"modified":"2017-01-05T01:42:53","modified_gmt":"2017-01-05T06:42:53","slug":"el-pueblo-magico-de-bacalar-tiene-a-turistas-en-la-calle-en-espera-de-autobuses","status":"publish","type":"post","link":"https:\/\/nitu.mx\/index.php\/2017\/01\/05\/el-pueblo-magico-de-bacalar-tiene-a-turistas-en-la-calle-en-espera-de-autobuses\/","title":{"rendered":"El Pueblo M\u00e1gico de Bacalar tiene a turistas en la calle en espera de autobuses"},"content":{"rendered":"<p>Los prestadores de servicios tur\u00edsticos y vacacionistas, solicitan la instalaci\u00f3n de una terminal de autobuses en Bacalar, porque en temporada vacacional se satura el peque\u00f1o espacio destinado para este servicio, lo que provoca problemas de turistas en las calles y basura.<\/p>\n<p>David Romualdo Cen Ortega, pas\u00f3 tres d\u00edas de sus vacaciones en el Pueblo M\u00e1gico que le dej\u00f3 bonitos recuerdos; sin embargo, el mal sabor de boca se lo llev\u00f3 cuando tuvo que esperar su transporte hacia Canc\u00fan, varias horas sentado en la banqueta y soportando el sol en el rostro, ya que el peque\u00f1o cuarto destinado como sala de espera se encontraba saturado.<\/p>\n<p>Desde el pasado fin de semana, es com\u00fan observar a cualquier hora del d\u00eda a grupos de turistas esperando transporte, en muchos casos bajo el sol, debido a que no cuentan con un espacio suficiente para hacerlo, pues la reducida sala de espera apenas tiene cupo para unas 10 personas debidamente sentadas.<\/p>\n<p>Los dem\u00e1s tienen que salir a soportar el sofocante calor, lo que provoca incluso amontonamiento de basura, pues por si fuera poco, no cuentan con botes para depositar sus desechos, y terminan a un lado de la carretera desde envases de refrescos desechables, bolsas de nylon, pa\u00f1ales desechables, papel de envoltura, entre otros.<\/p>\n<p>Nicanor Pi\u00f1a Ugalde, presidente del comit\u00e9 Bacalar Pueblo M\u00e1gico, consider\u00f3 que la cabecera municipal no est\u00e1 recibiendo la importancia que requiere en la distinci\u00f3n que ostenta desde hace varios a\u00f1os, al menos en materia de servicios; no obstante que cada vez incrementa considerablemente la afluencia de turistas, informa Grupo Sipse.<\/p>\n<p>En su momento, en <em><strong>NITU.mx<\/strong><\/em> reportamos que exist\u00eda el riesgo de que este destino saliera de la lista del programa organizado por la Sectur.\u00a0(<a title=\"Bacalar, en riesgo su continuidad como Pueblo M\u00e1gico\" href=\"http:\/\/www.dev.nitu.mx\/index.php\/2016\/11\/17\/bacalar-riesgo-continuacion-pueblo-magico\/\" rel=\"bookmark\">Bacalar, en riesgo su continuidad como Pueblo M\u00e1gico<\/a>).<\/p>\n","protected":false},"excerpt":{"rendered":"<p>Los prestadores de servicios tur\u00edsticos y vacacionistas, solicitan la instalaci\u00f3n de una terminal de autobuses en Bacalar, porque en temporada vacacional se satura el peque\u00f1o espacio destinado para este servicio, lo que provoca problemas de turistas en las calles y basura. David Romualdo Cen Ortega, pas\u00f3 tres d\u00edas de sus vacaciones en el Pueblo M\u00e1gico [&hellip;]<\/p>\n","protected":false},"author":17,"featured_media":5602,"comment_status":"open","ping_status":"open","sticky":false,"template":"","format":"standard","meta":{"footnotes":""},"categories":[5,6],"tags":[1760,2549,335],"yoast_head":"<!-- This site is optimized with the Yoast SEO plugin v22.2 - https:\/\/yoast.com\/wordpress\/plugins\/seo\/ -->\n<title>El Pueblo M\u00e1gico de Bacalar tiene a turistas en la calle en espera de autobuses - Nitu - Noticias de la Industria Turistica<\/title>\n<meta name=\"description\" content=\"Prestadores de servicios y vacacionistas, solicitan una terminal de autobuses en Bacalar, porque se satura el peque\u00f1o espacio destinado para este servicio.\" \/>\n<meta name=\"robots\" content=\"index, follow, max-snippet:-1, max-image-preview:large, max-video-preview:-1\" \/>\n<link rel=\"canonical\" href=\"https:\/\/nitu.mx\/index.php\/2017\/01\/05\/el-pueblo-magico-de-bacalar-tiene-a-turistas-en-la-calle-en-espera-de-autobuses\/\" \/>\n<meta name=\"twitter:card\" content=\"summary_large_image\" \/>\n<meta name=\"twitter:title\" content=\"El Pueblo M\u00e1gico de Bacalar tiene a turistas en la calle en espera de autobuses - Nitu - Noticias de la Industria Turistica\" \/>\n<meta name=\"twitter:description\" content=\"Prestadores de servicios y vacacionistas, solicitan una terminal de autobuses en Bacalar, porque se satura el peque\u00f1o espacio destinado para este servicio.\" \/>\n<meta name=\"twitter:image\" content=\"https:\/\/nitu.mx\/wp-content\/uploads\/2017\/01\/Bacalar.jpg\" \/>\n<meta name=\"twitter:creator\" content=\"@NITUmx\" \/>\n<meta name=\"twitter:site\" content=\"@Arturo_Medina_G\" \/>\n<meta name=\"twitter:label1\" content=\"Escrito por\" \/>\n\t<meta name=\"twitter:data1\" content=\"Redacci\u00f3n\" \/>\n\t<meta name=\"twitter:label2\" content=\"Tiempo de lectura\" \/>\n\t<meta name=\"twitter:data2\" content=\"2 minutos\" \/>\n<script type=\"application\/ld+json\" class=\"yoast-schema-graph\">{\"@context\":\"https:\/\/schema.org\",\"@graph\":[{\"@type\":\"Article\",\"@id\":\"https:\/\/nitu.mx\/index.php\/2017\/01\/05\/el-pueblo-magico-de-bacalar-tiene-a-turistas-en-la-calle-en-espera-de-autobuses\/#article\",\"isPartOf\":{\"@id\":\"https:\/\/nitu.mx\/index.php\/2017\/01\/05\/el-pueblo-magico-de-bacalar-tiene-a-turistas-en-la-calle-en-espera-de-autobuses\/\"},\"author\":{\"name\":\"Redacci\u00f3n\",\"@id\":\"https:\/\/nitu.mx\/#\/schema\/person\/4a28fe9bd65924f7c90623773daf1b0b\"},\"headline\":\"El Pueblo M\u00e1gico de Bacalar tiene a turistas en la calle en espera de autobuses\",\"datePublished\":\"2017-01-05T05:14:52+00:00\",\"dateModified\":\"2017-01-05T06:42:53+00:00\",\"mainEntityOfPage\":{\"@id\":\"https:\/\/nitu.mx\/index.php\/2017\/01\/05\/el-pueblo-magico-de-bacalar-tiene-a-turistas-en-la-calle-en-espera-de-autobuses\/\"},\"wordCount\":324,\"commentCount\":0,\"publisher\":{\"@id\":\"https:\/\/nitu.mx\/#\/schema\/person\/ae7a53426417292d3dd07b45a33e01bc\"},\"image\":{\"@id\":\"https:\/\/nitu.mx\/index.php\/2017\/01\/05\/el-pueblo-magico-de-bacalar-tiene-a-turistas-en-la-calle-en-espera-de-autobuses\/#primaryimage\"},\"thumbnailUrl\":\"https:\/\/nitu.mx\/wp-content\/uploads\/2017\/01\/Bacalar.jpg\",\"keywords\":[\"Bacalar\",\"Nicanor Pi\u00f1a Ugalde\",\"Pueblos M\u00e1gicos\"],\"articleSection\":[\"Destinos\",\"M\u00e9xico\"],\"inLanguage\":\"es-MX\",\"potentialAction\":[{\"@type\":\"CommentAction\",\"name\":\"Comment\",\"target\":[\"https:\/\/nitu.mx\/index.php\/2017\/01\/05\/el-pueblo-magico-de-bacalar-tiene-a-turistas-en-la-calle-en-espera-de-autobuses\/#respond\"]}]},{\"@type\":\"WebPage\",\"@id\":\"https:\/\/nitu.mx\/index.php\/2017\/01\/05\/el-pueblo-magico-de-bacalar-tiene-a-turistas-en-la-calle-en-espera-de-autobuses\/\",\"url\":\"https:\/\/nitu.mx\/index.php\/2017\/01\/05\/el-pueblo-magico-de-bacalar-tiene-a-turistas-en-la-calle-en-espera-de-autobuses\/\",\"name\":\"El Pueblo M\u00e1gico de Bacalar tiene a turistas en la calle en espera de autobuses - Nitu - Noticias de la Industria Turistica\",\"isPartOf\":{\"@id\":\"https:\/\/nitu.mx\/#website\"},\"primaryImageOfPage\":{\"@id\":\"https:\/\/nitu.mx\/index.php\/2017\/01\/05\/el-pueblo-magico-de-bacalar-tiene-a-turistas-en-la-calle-en-espera-de-autobuses\/#primaryimage\"},\"image\":{\"@id\":\"https:\/\/nitu.mx\/index.php\/2017\/01\/05\/el-pueblo-magico-de-bacalar-tiene-a-turistas-en-la-calle-en-espera-de-autobuses\/#primaryimage\"},\"thumbnailUrl\":\"https:\/\/nitu.mx\/wp-content\/uploads\/2017\/01\/Bacalar.jpg\",\"datePublished\":\"2017-01-05T05:14:52+00:00\",\"dateModified\":\"2017-01-05T06:42:53+00:00\",\"description\":\"Prestadores de servicios y vacacionistas, solicitan una terminal de autobuses en Bacalar, porque se satura el peque\u00f1o espacio destinado para este servicio.\",\"breadcrumb\":{\"@id\":\"https:\/\/nitu.mx\/index.php\/2017\/01\/05\/el-pueblo-magico-de-bacalar-tiene-a-turistas-en-la-calle-en-espera-de-autobuses\/#breadcrumb\"},\"inLanguage\":\"es-MX\",\"potentialAction\":[{\"@type\":\"ReadAction\",\"target\":[\"https:\/\/nitu.mx\/index.php\/2017\/01\/05\/el-pueblo-magico-de-bacalar-tiene-a-turistas-en-la-calle-en-espera-de-autobuses\/\"]}]},{\"@type\":\"ImageObject\",\"inLanguage\":\"es-MX\",\"@id\":\"https:\/\/nitu.mx\/index.php\/2017\/01\/05\/el-pueblo-magico-de-bacalar-tiene-a-turistas-en-la-calle-en-espera-de-autobuses\/#primaryimage\",\"url\":\"https:\/\/nitu.mx\/wp-content\/uploads\/2017\/01\/Bacalar.jpg\",\"contentUrl\":\"https:\/\/nitu.mx\/wp-content\/uploads\/2017\/01\/Bacalar.jpg\",\"width\":1001,\"height\":750,\"caption\":\"Bacalar\"},{\"@type\":\"BreadcrumbList\",\"@id\":\"https:\/\/nitu.mx\/index.php\/2017\/01\/05\/el-pueblo-magico-de-bacalar-tiene-a-turistas-en-la-calle-en-espera-de-autobuses\/#breadcrumb\",\"itemListElement\":[{\"@type\":\"ListItem\",\"position\":1,\"name\":\"Inicio\",\"item\":\"https:\/\/nitu.mx\/\"},{\"@type\":\"ListItem\",\"position\":2,\"name\":\"El Pueblo M\u00e1gico de Bacalar tiene a turistas en la calle en espera de autobuses\"}]},{\"@type\":\"WebSite\",\"@id\":\"https:\/\/nitu.mx\/#website\",\"url\":\"https:\/\/nitu.mx\/\",\"name\":\"Nitu - Noticias de la Industria Turistica\",\"description\":\"Noticias de la Industria Turistica\",\"publisher\":{\"@id\":\"https:\/\/nitu.mx\/#\/schema\/person\/ae7a53426417292d3dd07b45a33e01bc\"},\"alternateName\":\"Noticias de la Industria Turistica\",\"potentialAction\":[{\"@type\":\"SearchAction\",\"target\":{\"@type\":\"EntryPoint\",\"urlTemplate\":\"https:\/\/nitu.mx\/?s={search_term_string}\"},\"query-input\":\"required name=search_term_string\"}],\"inLanguage\":\"es-MX\"},{\"@type\":[\"Person\",\"Organization\"],\"@id\":\"https:\/\/nitu.mx\/#\/schema\/person\/ae7a53426417292d3dd07b45a33e01bc\",\"name\":\"Arturo Medina\",\"image\":{\"@type\":\"ImageObject\",\"inLanguage\":\"es-MX\",\"@id\":\"https:\/\/nitu.mx\/#\/schema\/person\/image\/\",\"url\":\"https:\/\/nitu.mx\/wp-content\/uploads\/2024\/04\/4A315622-1904-4D5C-B022-878CDC840E04-90x90-1.jpeg\",\"contentUrl\":\"https:\/\/nitu.mx\/wp-content\/uploads\/2024\/04\/4A315622-1904-4D5C-B022-878CDC840E04-90x90-1.jpeg\",\"width\":90,\"height\":90,\"caption\":\"Arturo Medina\"},\"logo\":{\"@id\":\"https:\/\/nitu.mx\/#\/schema\/person\/image\/\"},\"description\":\"Director NITU.mx, Egresado de la Escuela de Periodismo Carlos Septi\u00e9n Garc\u00eda. Periodista y analista especializado en turismo desde hace 35 a\u00f1os, radicado en Canc\u00fan Q.Roo. arturo@nitu.mx\",\"sameAs\":[\"https:\/\/nitu.mx\",\"https:\/\/www.facebook.com\/NITUmx\/\",\"medinacancun\",\"https:\/\/twitter.com\/@Arturo_Medina_G\"]},{\"@type\":\"Person\",\"@id\":\"https:\/\/nitu.mx\/#\/schema\/person\/4a28fe9bd65924f7c90623773daf1b0b\",\"name\":\"Redacci\u00f3n\",\"image\":{\"@type\":\"ImageObject\",\"inLanguage\":\"es-MX\",\"@id\":\"https:\/\/nitu.mx\/#\/schema\/person\/image\/\",\"url\":\"https:\/\/secure.gravatar.com\/avatar\/5dd011c8ccfc5cd7e4c81e42252aab38?s=96&d=mm&r=g\",\"contentUrl\":\"https:\/\/secure.gravatar.com\/avatar\/5dd011c8ccfc5cd7e4c81e42252aab38?s=96&d=mm&r=g\",\"caption\":\"Redacci\u00f3n\"},\"url\":\"https:\/\/nitu.mx\/index.php\/author\/redaccion\/\"}]}<\/script>\n<!-- \/ Yoast SEO plugin. -->","yoast_head_json":{"title":"El Pueblo M\u00e1gico de Bacalar tiene a turistas en la calle en espera de autobuses - Nitu - Noticias de la Industria Turistica","description":"Prestadores de servicios y vacacionistas, solicitan una terminal de autobuses en Bacalar, porque se satura el peque\u00f1o espacio destinado para este servicio.","robots":{"index":"index","follow":"follow","max-snippet":"max-snippet:-1","max-image-preview":"max-image-preview:large","max-video-preview":"max-video-preview:-1"},"canonical":"https:\/\/nitu.mx\/index.php\/2017\/01\/05\/el-pueblo-magico-de-bacalar-tiene-a-turistas-en-la-calle-en-espera-de-autobuses\/","twitter_card":"summary_large_image","twitter_title":"El Pueblo M\u00e1gico de Bacalar tiene a turistas en la calle en espera de autobuses - Nitu - Noticias de la Industria Turistica","twitter_description":"Prestadores de servicios y vacacionistas, solicitan una terminal de autobuses en Bacalar, porque se satura el peque\u00f1o espacio destinado para este servicio.","twitter_image":"https:\/\/nitu.mx\/wp-content\/uploads\/2017\/01\/Bacalar.jpg","twitter_creator":"@NITUmx","twitter_site":"@Arturo_Medina_G","twitter_misc":{"Escrito por":"Redacci\u00f3n","Tiempo de lectura":"2 minutos"},"schema":{"@context":"https:\/\/schema.org","@graph":[{"@type":"Article","@id":"https:\/\/nitu.mx\/index.php\/2017\/01\/05\/el-pueblo-magico-de-bacalar-tiene-a-turistas-en-la-calle-en-espera-de-autobuses\/#article","isPartOf":{"@id":"https:\/\/nitu.mx\/index.php\/2017\/01\/05\/el-pueblo-magico-de-bacalar-tiene-a-turistas-en-la-calle-en-espera-de-autobuses\/"},"author":{"name":"Redacci\u00f3n","@id":"https:\/\/nitu.mx\/#\/schema\/person\/4a28fe9bd65924f7c90623773daf1b0b"},"headline":"El Pueblo M\u00e1gico de Bacalar tiene a turistas en la calle en espera de autobuses","datePublished":"2017-01-05T05:14:52+00:00","dateModified":"2017-01-05T06:42:53+00:00","mainEntityOfPage":{"@id":"https:\/\/nitu.mx\/index.php\/2017\/01\/05\/el-pueblo-magico-de-bacalar-tiene-a-turistas-en-la-calle-en-espera-de-autobuses\/"},"wordCount":324,"commentCount":0,"publisher":{"@id":"https:\/\/nitu.mx\/#\/schema\/person\/ae7a53426417292d3dd07b45a33e01bc"},"image":{"@id":"https:\/\/nitu.mx\/index.php\/2017\/01\/05\/el-pueblo-magico-de-bacalar-tiene-a-turistas-en-la-calle-en-espera-de-autobuses\/#primaryimage"},"thumbnailUrl":"https:\/\/nitu.mx\/wp-content\/uploads\/2017\/01\/Bacalar.jpg","keywords":["Bacalar","Nicanor Pi\u00f1a Ugalde","Pueblos M\u00e1gicos"],"articleSection":["Destinos","M\u00e9xico"],"inLanguage":"es-MX","potentialAction":[{"@type":"CommentAction","name":"Comment","target":["https:\/\/nitu.mx\/index.php\/2017\/01\/05\/el-pueblo-magico-de-bacalar-tiene-a-turistas-en-la-calle-en-espera-de-autobuses\/#respond"]}]},{"@type":"WebPage","@id":"https:\/\/nitu.mx\/index.php\/2017\/01\/05\/el-pueblo-magico-de-bacalar-tiene-a-turistas-en-la-calle-en-espera-de-autobuses\/","url":"https:\/\/nitu.mx\/index.php\/2017\/01\/05\/el-pueblo-magico-de-bacalar-tiene-a-turistas-en-la-calle-en-espera-de-autobuses\/","name":"El Pueblo M\u00e1gico de Bacalar tiene a turistas en la calle en espera de autobuses - Nitu - Noticias de la Industria Turistica","isPartOf":{"@id":"https:\/\/nitu.mx\/#website"},"primaryImageOfPage":{"@id":"https:\/\/nitu.mx\/index.php\/2017\/01\/05\/el-pueblo-magico-de-bacalar-tiene-a-turistas-en-la-calle-en-espera-de-autobuses\/#primaryimage"},"image":{"@id":"https:\/\/nitu.mx\/index.php\/2017\/01\/05\/el-pueblo-magico-de-bacalar-tiene-a-turistas-en-la-calle-en-espera-de-autobuses\/#primaryimage"},"thumbnailUrl":"https:\/\/nitu.mx\/wp-content\/uploads\/2017\/01\/Bacalar.jpg","datePublished":"2017-01-05T05:14:52+00:00","dateModified":"2017-01-05T06:42:53+00:00","description":"Prestadores de servicios y vacacionistas, solicitan una terminal de autobuses en Bacalar, porque se satura el peque\u00f1o espacio destinado para este servicio.","breadcrumb":{"@id":"https:\/\/nitu.mx\/index.php\/2017\/01\/05\/el-pueblo-magico-de-bacalar-tiene-a-turistas-en-la-calle-en-espera-de-autobuses\/#breadcrumb"},"inLanguage":"es-MX","potentialAction":[{"@type":"ReadAction","target":["https:\/\/nitu.mx\/index.php\/2017\/01\/05\/el-pueblo-magico-de-bacalar-tiene-a-turistas-en-la-calle-en-espera-de-autobuses\/"]}]},{"@type":"ImageObject","inLanguage":"es-MX","@id":"https:\/\/nitu.mx\/index.php\/2017\/01\/05\/el-pueblo-magico-de-bacalar-tiene-a-turistas-en-la-calle-en-espera-de-autobuses\/#primaryimage","url":"https:\/\/nitu.mx\/wp-content\/uploads\/2017\/01\/Bacalar.jpg","contentUrl":"https:\/\/nitu.mx\/wp-content\/uploads\/2017\/01\/Bacalar.jpg","width":1001,"height":750,"caption":"Bacalar"},{"@type":"BreadcrumbList","@id":"https:\/\/nitu.mx\/index.php\/2017\/01\/05\/el-pueblo-magico-de-bacalar-tiene-a-turistas-en-la-calle-en-espera-de-autobuses\/#breadcrumb","itemListElement":[{"@type":"ListItem","position":1,"name":"Inicio","item":"https:\/\/nitu.mx\/"},{"@type":"ListItem","position":2,"name":"El Pueblo M\u00e1gico de Bacalar tiene a turistas en la calle en espera de autobuses"}]},{"@type":"WebSite","@id":"https:\/\/nitu.mx\/#website","url":"https:\/\/nitu.mx\/","name":"Nitu - Noticias de la Industria Turistica","description":"Noticias de la Industria Turistica","publisher":{"@id":"https:\/\/nitu.mx\/#\/schema\/person\/ae7a53426417292d3dd07b45a33e01bc"},"alternateName":"Noticias de la Industria Turistica","potentialAction":[{"@type":"SearchAction","target":{"@type":"EntryPoint","urlTemplate":"https:\/\/nitu.mx\/?s={search_term_string}"},"query-input":"required name=search_term_string"}],"inLanguage":"es-MX"},{"@type":["Person","Organization"],"@id":"https:\/\/nitu.mx\/#\/schema\/person\/ae7a53426417292d3dd07b45a33e01bc","name":"Arturo Medina","image":{"@type":"ImageObject","inLanguage":"es-MX","@id":"https:\/\/nitu.mx\/#\/schema\/person\/image\/","url":"https:\/\/nitu.mx\/wp-content\/uploads\/2024\/04\/4A315622-1904-4D5C-B022-878CDC840E04-90x90-1.jpeg","contentUrl":"https:\/\/nitu.mx\/wp-content\/uploads\/2024\/04\/4A315622-1904-4D5C-B022-878CDC840E04-90x90-1.jpeg","width":90,"height":90,"caption":"Arturo Medina"},"logo":{"@id":"https:\/\/nitu.mx\/#\/schema\/person\/image\/"},"description":"Director NITU.mx, Egresado de la Escuela de Periodismo Carlos Septi\u00e9n Garc\u00eda. Periodista y analista especializado en turismo desde hace 35 a\u00f1os, radicado en Canc\u00fan Q.Roo. arturo@nitu.mx","sameAs":["https:\/\/nitu.mx","https:\/\/www.facebook.com\/NITUmx\/","medinacancun","https:\/\/twitter.com\/@Arturo_Medina_G"]},{"@type":"Person","@id":"https:\/\/nitu.mx\/#\/schema\/person\/4a28fe9bd65924f7c90623773daf1b0b","name":"Redacci\u00f3n","image":{"@type":"ImageObject","inLanguage":"es-MX","@id":"https:\/\/nitu.mx\/#\/schema\/person\/image\/","url":"https:\/\/secure.gravatar.com\/avatar\/5dd011c8ccfc5cd7e4c81e42252aab38?s=96&d=mm&r=g","contentUrl":"https:\/\/secure.gravatar.com\/avatar\/5dd011c8ccfc5cd7e4c81e42252aab38?s=96&d=mm&r=g","caption":"Redacci\u00f3n"},"url":"https:\/\/nitu.mx\/index.php\/author\/redaccion\/"}]}},"views":317,"_links":{"self":[{"href":"https:\/\/nitu.mx\/index.php\/wp-json\/wp\/v2\/posts\/5571"}],"collection":[{"href":"https:\/\/nitu.mx\/index.php\/wp-json\/wp\/v2\/posts"}],"about":[{"href":"https:\/\/nitu.mx\/index.php\/wp-json\/wp\/v2\/types\/post"}],"author":[{"embeddable":true,"href":"https:\/\/nitu.mx\/index.php\/wp-json\/wp\/v2\/users\/17"}],"replies":[{"embeddable":true,"href":"https:\/\/nitu.mx\/index.php\/wp-json\/wp\/v2\/comments?post=5571"}],"version-history":[{"count":4,"href":"https:\/\/nitu.mx\/index.php\/wp-json\/wp\/v2\/posts\/5571\/revisions"}],"predecessor-version":[{"id":5601,"href":"https:\/\/nitu.mx\/index.php\/wp-json\/wp\/v2\/posts\/5571\/revisions\/5601"}],"wp:featuredmedia":[{"embeddable":true,"href":"https:\/\/nitu.mx\/index.php\/wp-json\/wp\/v2\/media\/5602"}],"wp:attachment":[{"href":"https:\/\/nitu.mx\/index.php\/wp-json\/wp\/v2\/media?parent=5571"}],"wp:term":[{"taxonomy":"category","embeddable":true,"href":"https:\/\/nitu.mx\/index.php\/wp-json\/wp\/v2\/categories?post=5571"},{"taxonomy":"post_tag","embeddable":true,"href":"https:\/\/nitu.mx\/index.php\/wp-json\/wp\/v2\/tags?post=5571"}],"curies":[{"name":"wp","href":"https:\/\/api.w.org\/{rel}","templated":true}]}}