{"id":55696,"date":"2021-10-05T12:50:55","date_gmt":"2021-10-05T17:50:55","guid":{"rendered":"https:\/\/www.dev.nitu.mx\/?p=55696"},"modified":"2021-10-06T00:01:57","modified_gmt":"2021-10-06T05:01:57","slug":"mas-del-95-de-embajadores-de-volaris-estan-vacunados","status":"publish","type":"post","link":"https:\/\/nitu.mx\/index.php\/2021\/10\/05\/mas-del-95-de-embajadores-de-volaris-estan-vacunados\/","title":{"rendered":"M\u00e1s del 95% de \u2018embajadores\u2019 de Volaris est\u00e1n vacunados"},"content":{"rendered":"<p>La aerol\u00ednea mexicana de bajo costo, Volaris, inform\u00f3 que a la fecha, 95.9 por ciento de sus \u201cEmbajadores\u201d tienen esquema completo de vacuna contra Covid-19.<\/p>\n<p>Como parte de la campa\u00f1a #VolarisVuelaVacunado, la compa\u00f1\u00eda a\u00e9rea ha promovido la vacunaci\u00f3n voluntaria de todos sus empleados, conocidos como Embajadores, con el fin de cuidar su salud y la de los clientes.<\/p>\n<p>El presidente y director general de Volaris, Enrique Beltranena, coment\u00f3 que \u201ceste esfuerzo tiene el objetivo de velar por la salud de los Embajadores, sus familias y, muy especialmente, de nuestros clientes\u201d.<\/p>\n<p>\u201cDesde inicios de septiembre, nuestros Embajadores portan orgullosamente una insignia para generar confianza entre las redes con las que conviven o laboran y mostrar el compromiso de la aerol\u00ednea por el bienestar de todos\u201d, agreg\u00f3 Beltranena.<\/p>\n<p>Otra de las medidas implementadas por Volaris es la realizaci\u00f3n de pruebas Covid-19 al 20 por ciento de su personal interno, con lo que ha manejado de forma segura los pocos casos positivos de sus Embajadores y sus familiares.<\/p>\n<p>Adem\u00e1s, implement\u00f3 un reconocido Protocolo de Bioseguridad en las \u00e1reas de operaci\u00f3n, oficinas en aeropuertos y corporativo.<\/p>\n<p>Volaris fue la primera aerol\u00ednea en contar con este protocolo que arranc\u00f3 desde mayo de 2020 y con el cual ha trasladado a m\u00e1s de 25 millones de pasajeros sin un solo caso de contagio a bordo, de acuerdo con informaci\u00f3n de la empresa.<\/p>\n<p>\u201cHemos hecho un trabajo a conciencia para garantizar el bienestar de todos los Embajadores. Gracias a esto y a su compromiso con la familia Volaris, no hemos tenido una sola p\u00e9rdida que lamentar en nuestra compa\u00f1\u00eda. Este esfuerzo genuino se ve reflejado tambi\u00e9n en el convencimiento de cuidarnos unos a otros\u201d, concluy\u00f3 Beltranena.\u00a0<a title=\"Cancela Volaris su conexi\u00f3n de CDMX con Tampico\" href=\"https:\/\/www.dev.nitu.mx\/index.php\/2021\/09\/23\/cancela-volaris-su-conexion-de-cdmx-con-tampico\/\" rel=\"bookmark\">(Cancela Volaris su conexi\u00f3n de CDMX con Tampico<\/a>).<\/p>\n","protected":false},"excerpt":{"rendered":"<p>La aerol\u00ednea mexicana de bajo costo, Volaris, inform\u00f3 que a la fecha, 95.9 por ciento de sus \u201cEmbajadores\u201d tienen esquema completo de vacuna contra Covid-19. Como parte de la campa\u00f1a #VolarisVuelaVacunado, la compa\u00f1\u00eda a\u00e9rea ha promovido la vacunaci\u00f3n voluntaria de todos sus empleados, conocidos como Embajadores, con el fin de cuidar su salud y la [&hellip;]<\/p>\n","protected":false},"author":18,"featured_media":45666,"comment_status":"open","ping_status":"open","sticky":false,"template":"","format":"standard","meta":{"footnotes":""},"categories":[29],"tags":[7755,435,3771,21746,131],"yoast_head":"<!-- This site is optimized with the Yoast SEO plugin v22.2 - https:\/\/yoast.com\/wordpress\/plugins\/seo\/ -->\n<title>M\u00e1s del 95% de \u2018embajadores\u2019 de Volaris est\u00e1n vacunados - Nitu - Noticias de la Industria Turistica<\/title>\n<meta name=\"robots\" content=\"index, follow, max-snippet:-1, max-image-preview:large, max-video-preview:-1\" \/>\n<link rel=\"canonical\" href=\"https:\/\/nitu.mx\/index.php\/2021\/10\/05\/mas-del-95-de-embajadores-de-volaris-estan-vacunados\/\" \/>\n<meta name=\"twitter:card\" content=\"summary_large_image\" \/>\n<meta name=\"twitter:title\" content=\"M\u00e1s del 95% de \u2018embajadores\u2019 de Volaris est\u00e1n vacunados - Nitu - Noticias de la Industria Turistica\" \/>\n<meta name=\"twitter:description\" content=\"La aerol\u00ednea mexicana de bajo costo, Volaris, inform\u00f3 que a la fecha, 95.9 por ciento de sus \u201cEmbajadores\u201d tienen esquema completo de vacuna contra Covid-19. Como parte de la campa\u00f1a #VolarisVuelaVacunado, la compa\u00f1\u00eda a\u00e9rea ha promovido la vacunaci\u00f3n voluntaria de todos sus empleados, conocidos como Embajadores, con el fin de cuidar su salud y la [&hellip;]\" \/>\n<meta name=\"twitter:image\" content=\"https:\/\/nitu.mx\/wp-content\/uploads\/2020\/08\/Volaris-Ontario.jpg\" \/>\n<meta name=\"twitter:creator\" content=\"@NITUmx\" \/>\n<meta name=\"twitter:site\" content=\"@Arturo_Medina_G\" \/>\n<meta name=\"twitter:label1\" content=\"Escrito por\" \/>\n\t<meta name=\"twitter:data1\" content=\"Guadalupe Sixto\" \/>\n\t<meta name=\"twitter:label2\" content=\"Tiempo de lectura\" \/>\n\t<meta name=\"twitter:data2\" content=\"1 minuto\" \/>\n<script type=\"application\/ld+json\" class=\"yoast-schema-graph\">{\"@context\":\"https:\/\/schema.org\",\"@graph\":[{\"@type\":\"Article\",\"@id\":\"https:\/\/nitu.mx\/index.php\/2021\/10\/05\/mas-del-95-de-embajadores-de-volaris-estan-vacunados\/#article\",\"isPartOf\":{\"@id\":\"https:\/\/nitu.mx\/index.php\/2021\/10\/05\/mas-del-95-de-embajadores-de-volaris-estan-vacunados\/\"},\"author\":{\"name\":\"Guadalupe Sixto\",\"@id\":\"https:\/\/nitu.mx\/#\/schema\/person\/3df3082b5e46037e3f13614d28ee0b77\"},\"headline\":\"M\u00e1s del 95% de \u2018embajadores\u2019 de Volaris est\u00e1n vacunados\",\"datePublished\":\"2021-10-05T17:50:55+00:00\",\"dateModified\":\"2021-10-06T05:01:57+00:00\",\"mainEntityOfPage\":{\"@id\":\"https:\/\/nitu.mx\/index.php\/2021\/10\/05\/mas-del-95-de-embajadores-de-volaris-estan-vacunados\/\"},\"wordCount\":309,\"commentCount\":0,\"publisher\":{\"@id\":\"https:\/\/nitu.mx\/#\/schema\/person\/ae7a53426417292d3dd07b45a33e01bc\"},\"image\":{\"@id\":\"https:\/\/nitu.mx\/index.php\/2021\/10\/05\/mas-del-95-de-embajadores-de-volaris-estan-vacunados\/#primaryimage\"},\"thumbnailUrl\":\"https:\/\/nitu.mx\/wp-content\/uploads\/2020\/08\/Volaris-Ontario.jpg\",\"keywords\":[\"empleados\",\"Enrique Beltranena\",\"pasajeros\",\"Vacunaci\u00f3n\",\"Volaris\"],\"articleSection\":[\"Aerol\u00edneas\"],\"inLanguage\":\"es-MX\",\"potentialAction\":[{\"@type\":\"CommentAction\",\"name\":\"Comment\",\"target\":[\"https:\/\/nitu.mx\/index.php\/2021\/10\/05\/mas-del-95-de-embajadores-de-volaris-estan-vacunados\/#respond\"]}]},{\"@type\":\"WebPage\",\"@id\":\"https:\/\/nitu.mx\/index.php\/2021\/10\/05\/mas-del-95-de-embajadores-de-volaris-estan-vacunados\/\",\"url\":\"https:\/\/nitu.mx\/index.php\/2021\/10\/05\/mas-del-95-de-embajadores-de-volaris-estan-vacunados\/\",\"name\":\"M\u00e1s del 95% de \u2018embajadores\u2019 de Volaris est\u00e1n vacunados - Nitu - Noticias de la Industria Turistica\",\"isPartOf\":{\"@id\":\"https:\/\/nitu.mx\/#website\"},\"primaryImageOfPage\":{\"@id\":\"https:\/\/nitu.mx\/index.php\/2021\/10\/05\/mas-del-95-de-embajadores-de-volaris-estan-vacunados\/#primaryimage\"},\"image\":{\"@id\":\"https:\/\/nitu.mx\/index.php\/2021\/10\/05\/mas-del-95-de-embajadores-de-volaris-estan-vacunados\/#primaryimage\"},\"thumbnailUrl\":\"https:\/\/nitu.mx\/wp-content\/uploads\/2020\/08\/Volaris-Ontario.jpg\",\"datePublished\":\"2021-10-05T17:50:55+00:00\",\"dateModified\":\"2021-10-06T05:01:57+00:00\",\"breadcrumb\":{\"@id\":\"https:\/\/nitu.mx\/index.php\/2021\/10\/05\/mas-del-95-de-embajadores-de-volaris-estan-vacunados\/#breadcrumb\"},\"inLanguage\":\"es-MX\",\"potentialAction\":[{\"@type\":\"ReadAction\",\"target\":[\"https:\/\/nitu.mx\/index.php\/2021\/10\/05\/mas-del-95-de-embajadores-de-volaris-estan-vacunados\/\"]}]},{\"@type\":\"ImageObject\",\"inLanguage\":\"es-MX\",\"@id\":\"https:\/\/nitu.mx\/index.php\/2021\/10\/05\/mas-del-95-de-embajadores-de-volaris-estan-vacunados\/#primaryimage\",\"url\":\"https:\/\/nitu.mx\/wp-content\/uploads\/2020\/08\/Volaris-Ontario.jpg\",\"contentUrl\":\"https:\/\/nitu.mx\/wp-content\/uploads\/2020\/08\/Volaris-Ontario.jpg\",\"width\":1200,\"height\":675,\"caption\":\"Volaris\"},{\"@type\":\"BreadcrumbList\",\"@id\":\"https:\/\/nitu.mx\/index.php\/2021\/10\/05\/mas-del-95-de-embajadores-de-volaris-estan-vacunados\/#breadcrumb\",\"itemListElement\":[{\"@type\":\"ListItem\",\"position\":1,\"name\":\"Inicio\",\"item\":\"https:\/\/nitu.mx\/\"},{\"@type\":\"ListItem\",\"position\":2,\"name\":\"M\u00e1s del 95% de \u2018embajadores\u2019 de Volaris est\u00e1n vacunados\"}]},{\"@type\":\"WebSite\",\"@id\":\"https:\/\/nitu.mx\/#website\",\"url\":\"https:\/\/nitu.mx\/\",\"name\":\"Nitu - Noticias de la Industria Turistica\",\"description\":\"Noticias de la Industria Turistica\",\"publisher\":{\"@id\":\"https:\/\/nitu.mx\/#\/schema\/person\/ae7a53426417292d3dd07b45a33e01bc\"},\"alternateName\":\"Noticias de la Industria Turistica\",\"potentialAction\":[{\"@type\":\"SearchAction\",\"target\":{\"@type\":\"EntryPoint\",\"urlTemplate\":\"https:\/\/nitu.mx\/?s={search_term_string}\"},\"query-input\":\"required name=search_term_string\"}],\"inLanguage\":\"es-MX\"},{\"@type\":[\"Person\",\"Organization\"],\"@id\":\"https:\/\/nitu.mx\/#\/schema\/person\/ae7a53426417292d3dd07b45a33e01bc\",\"name\":\"Arturo Medina\",\"image\":{\"@type\":\"ImageObject\",\"inLanguage\":\"es-MX\",\"@id\":\"https:\/\/nitu.mx\/#\/schema\/person\/image\/\",\"url\":\"https:\/\/nitu.mx\/wp-content\/uploads\/2024\/04\/4A315622-1904-4D5C-B022-878CDC840E04-90x90-1.jpeg\",\"contentUrl\":\"https:\/\/nitu.mx\/wp-content\/uploads\/2024\/04\/4A315622-1904-4D5C-B022-878CDC840E04-90x90-1.jpeg\",\"width\":90,\"height\":90,\"caption\":\"Arturo Medina\"},\"logo\":{\"@id\":\"https:\/\/nitu.mx\/#\/schema\/person\/image\/\"},\"description\":\"Director NITU.mx, Egresado de la Escuela de Periodismo Carlos Septi\u00e9n Garc\u00eda. Periodista y analista especializado en turismo desde hace 35 a\u00f1os, radicado en Canc\u00fan Q.Roo. arturo@nitu.mx\",\"sameAs\":[\"https:\/\/nitu.mx\",\"https:\/\/www.facebook.com\/NITUmx\/\",\"medinacancun\",\"https:\/\/twitter.com\/@Arturo_Medina_G\"]},{\"@type\":\"Person\",\"@id\":\"https:\/\/nitu.mx\/#\/schema\/person\/3df3082b5e46037e3f13614d28ee0b77\",\"name\":\"Guadalupe Sixto\",\"image\":{\"@type\":\"ImageObject\",\"inLanguage\":\"es-MX\",\"@id\":\"https:\/\/nitu.mx\/#\/schema\/person\/image\/\",\"url\":\"https:\/\/secure.gravatar.com\/avatar\/13914e1b0e1919e91f9539de4dc584c4?s=96&d=mm&r=g\",\"contentUrl\":\"https:\/\/secure.gravatar.com\/avatar\/13914e1b0e1919e91f9539de4dc584c4?s=96&d=mm&r=g\",\"caption\":\"Guadalupe Sixto\"},\"url\":\"https:\/\/nitu.mx\/index.php\/author\/gsixto\/\"}]}<\/script>\n<!-- \/ Yoast SEO plugin. -->","yoast_head_json":{"title":"M\u00e1s del 95% de \u2018embajadores\u2019 de Volaris est\u00e1n vacunados - Nitu - Noticias de la Industria Turistica","robots":{"index":"index","follow":"follow","max-snippet":"max-snippet:-1","max-image-preview":"max-image-preview:large","max-video-preview":"max-video-preview:-1"},"canonical":"https:\/\/nitu.mx\/index.php\/2021\/10\/05\/mas-del-95-de-embajadores-de-volaris-estan-vacunados\/","twitter_card":"summary_large_image","twitter_title":"M\u00e1s del 95% de \u2018embajadores\u2019 de Volaris est\u00e1n vacunados - Nitu - Noticias de la Industria Turistica","twitter_description":"La aerol\u00ednea mexicana de bajo costo, Volaris, inform\u00f3 que a la fecha, 95.9 por ciento de sus \u201cEmbajadores\u201d tienen esquema completo de vacuna contra Covid-19. Como parte de la campa\u00f1a #VolarisVuelaVacunado, la compa\u00f1\u00eda a\u00e9rea ha promovido la vacunaci\u00f3n voluntaria de todos sus empleados, conocidos como Embajadores, con el fin de cuidar su salud y la [&hellip;]","twitter_image":"https:\/\/nitu.mx\/wp-content\/uploads\/2020\/08\/Volaris-Ontario.jpg","twitter_creator":"@NITUmx","twitter_site":"@Arturo_Medina_G","twitter_misc":{"Escrito por":"Guadalupe Sixto","Tiempo de lectura":"1 minuto"},"schema":{"@context":"https:\/\/schema.org","@graph":[{"@type":"Article","@id":"https:\/\/nitu.mx\/index.php\/2021\/10\/05\/mas-del-95-de-embajadores-de-volaris-estan-vacunados\/#article","isPartOf":{"@id":"https:\/\/nitu.mx\/index.php\/2021\/10\/05\/mas-del-95-de-embajadores-de-volaris-estan-vacunados\/"},"author":{"name":"Guadalupe Sixto","@id":"https:\/\/nitu.mx\/#\/schema\/person\/3df3082b5e46037e3f13614d28ee0b77"},"headline":"M\u00e1s del 95% de \u2018embajadores\u2019 de Volaris est\u00e1n vacunados","datePublished":"2021-10-05T17:50:55+00:00","dateModified":"2021-10-06T05:01:57+00:00","mainEntityOfPage":{"@id":"https:\/\/nitu.mx\/index.php\/2021\/10\/05\/mas-del-95-de-embajadores-de-volaris-estan-vacunados\/"},"wordCount":309,"commentCount":0,"publisher":{"@id":"https:\/\/nitu.mx\/#\/schema\/person\/ae7a53426417292d3dd07b45a33e01bc"},"image":{"@id":"https:\/\/nitu.mx\/index.php\/2021\/10\/05\/mas-del-95-de-embajadores-de-volaris-estan-vacunados\/#primaryimage"},"thumbnailUrl":"https:\/\/nitu.mx\/wp-content\/uploads\/2020\/08\/Volaris-Ontario.jpg","keywords":["empleados","Enrique Beltranena","pasajeros","Vacunaci\u00f3n","Volaris"],"articleSection":["Aerol\u00edneas"],"inLanguage":"es-MX","potentialAction":[{"@type":"CommentAction","name":"Comment","target":["https:\/\/nitu.mx\/index.php\/2021\/10\/05\/mas-del-95-de-embajadores-de-volaris-estan-vacunados\/#respond"]}]},{"@type":"WebPage","@id":"https:\/\/nitu.mx\/index.php\/2021\/10\/05\/mas-del-95-de-embajadores-de-volaris-estan-vacunados\/","url":"https:\/\/nitu.mx\/index.php\/2021\/10\/05\/mas-del-95-de-embajadores-de-volaris-estan-vacunados\/","name":"M\u00e1s del 95% de \u2018embajadores\u2019 de Volaris est\u00e1n vacunados - Nitu - Noticias de la Industria Turistica","isPartOf":{"@id":"https:\/\/nitu.mx\/#website"},"primaryImageOfPage":{"@id":"https:\/\/nitu.mx\/index.php\/2021\/10\/05\/mas-del-95-de-embajadores-de-volaris-estan-vacunados\/#primaryimage"},"image":{"@id":"https:\/\/nitu.mx\/index.php\/2021\/10\/05\/mas-del-95-de-embajadores-de-volaris-estan-vacunados\/#primaryimage"},"thumbnailUrl":"https:\/\/nitu.mx\/wp-content\/uploads\/2020\/08\/Volaris-Ontario.jpg","datePublished":"2021-10-05T17:50:55+00:00","dateModified":"2021-10-06T05:01:57+00:00","breadcrumb":{"@id":"https:\/\/nitu.mx\/index.php\/2021\/10\/05\/mas-del-95-de-embajadores-de-volaris-estan-vacunados\/#breadcrumb"},"inLanguage":"es-MX","potentialAction":[{"@type":"ReadAction","target":["https:\/\/nitu.mx\/index.php\/2021\/10\/05\/mas-del-95-de-embajadores-de-volaris-estan-vacunados\/"]}]},{"@type":"ImageObject","inLanguage":"es-MX","@id":"https:\/\/nitu.mx\/index.php\/2021\/10\/05\/mas-del-95-de-embajadores-de-volaris-estan-vacunados\/#primaryimage","url":"https:\/\/nitu.mx\/wp-content\/uploads\/2020\/08\/Volaris-Ontario.jpg","contentUrl":"https:\/\/nitu.mx\/wp-content\/uploads\/2020\/08\/Volaris-Ontario.jpg","width":1200,"height":675,"caption":"Volaris"},{"@type":"BreadcrumbList","@id":"https:\/\/nitu.mx\/index.php\/2021\/10\/05\/mas-del-95-de-embajadores-de-volaris-estan-vacunados\/#breadcrumb","itemListElement":[{"@type":"ListItem","position":1,"name":"Inicio","item":"https:\/\/nitu.mx\/"},{"@type":"ListItem","position":2,"name":"M\u00e1s del 95% de \u2018embajadores\u2019 de Volaris est\u00e1n vacunados"}]},{"@type":"WebSite","@id":"https:\/\/nitu.mx\/#website","url":"https:\/\/nitu.mx\/","name":"Nitu - Noticias de la Industria Turistica","description":"Noticias de la Industria Turistica","publisher":{"@id":"https:\/\/nitu.mx\/#\/schema\/person\/ae7a53426417292d3dd07b45a33e01bc"},"alternateName":"Noticias de la Industria Turistica","potentialAction":[{"@type":"SearchAction","target":{"@type":"EntryPoint","urlTemplate":"https:\/\/nitu.mx\/?s={search_term_string}"},"query-input":"required name=search_term_string"}],"inLanguage":"es-MX"},{"@type":["Person","Organization"],"@id":"https:\/\/nitu.mx\/#\/schema\/person\/ae7a53426417292d3dd07b45a33e01bc","name":"Arturo Medina","image":{"@type":"ImageObject","inLanguage":"es-MX","@id":"https:\/\/nitu.mx\/#\/schema\/person\/image\/","url":"https:\/\/nitu.mx\/wp-content\/uploads\/2024\/04\/4A315622-1904-4D5C-B022-878CDC840E04-90x90-1.jpeg","contentUrl":"https:\/\/nitu.mx\/wp-content\/uploads\/2024\/04\/4A315622-1904-4D5C-B022-878CDC840E04-90x90-1.jpeg","width":90,"height":90,"caption":"Arturo Medina"},"logo":{"@id":"https:\/\/nitu.mx\/#\/schema\/person\/image\/"},"description":"Director NITU.mx, Egresado de la Escuela de Periodismo Carlos Septi\u00e9n Garc\u00eda. Periodista y analista especializado en turismo desde hace 35 a\u00f1os, radicado en Canc\u00fan Q.Roo. arturo@nitu.mx","sameAs":["https:\/\/nitu.mx","https:\/\/www.facebook.com\/NITUmx\/","medinacancun","https:\/\/twitter.com\/@Arturo_Medina_G"]},{"@type":"Person","@id":"https:\/\/nitu.mx\/#\/schema\/person\/3df3082b5e46037e3f13614d28ee0b77","name":"Guadalupe Sixto","image":{"@type":"ImageObject","inLanguage":"es-MX","@id":"https:\/\/nitu.mx\/#\/schema\/person\/image\/","url":"https:\/\/secure.gravatar.com\/avatar\/13914e1b0e1919e91f9539de4dc584c4?s=96&d=mm&r=g","contentUrl":"https:\/\/secure.gravatar.com\/avatar\/13914e1b0e1919e91f9539de4dc584c4?s=96&d=mm&r=g","caption":"Guadalupe Sixto"},"url":"https:\/\/nitu.mx\/index.php\/author\/gsixto\/"}]}},"views":240,"_links":{"self":[{"href":"https:\/\/nitu.mx\/index.php\/wp-json\/wp\/v2\/posts\/55696"}],"collection":[{"href":"https:\/\/nitu.mx\/index.php\/wp-json\/wp\/v2\/posts"}],"about":[{"href":"https:\/\/nitu.mx\/index.php\/wp-json\/wp\/v2\/types\/post"}],"author":[{"embeddable":true,"href":"https:\/\/nitu.mx\/index.php\/wp-json\/wp\/v2\/users\/18"}],"replies":[{"embeddable":true,"href":"https:\/\/nitu.mx\/index.php\/wp-json\/wp\/v2\/comments?post=55696"}],"version-history":[{"count":1,"href":"https:\/\/nitu.mx\/index.php\/wp-json\/wp\/v2\/posts\/55696\/revisions"}],"predecessor-version":[{"id":55697,"href":"https:\/\/nitu.mx\/index.php\/wp-json\/wp\/v2\/posts\/55696\/revisions\/55697"}],"wp:featuredmedia":[{"embeddable":true,"href":"https:\/\/nitu.mx\/index.php\/wp-json\/wp\/v2\/media\/45666"}],"wp:attachment":[{"href":"https:\/\/nitu.mx\/index.php\/wp-json\/wp\/v2\/media?parent=55696"}],"wp:term":[{"taxonomy":"category","embeddable":true,"href":"https:\/\/nitu.mx\/index.php\/wp-json\/wp\/v2\/categories?post=55696"},{"taxonomy":"post_tag","embeddable":true,"href":"https:\/\/nitu.mx\/index.php\/wp-json\/wp\/v2\/tags?post=55696"}],"curies":[{"name":"wp","href":"https:\/\/api.w.org\/{rel}","templated":true}]}}