{"id":55677,"date":"2021-10-04T20:38:08","date_gmt":"2021-10-05T01:38:08","guid":{"rendered":"https:\/\/www.dev.nitu.mx\/?p=55677"},"modified":"2021-10-05T00:01:15","modified_gmt":"2021-10-05T05:01:15","slug":"trafico-de-pasajeros-aereos-no-se-recuperara-ni-a-50-este-ano","status":"publish","type":"post","link":"https:\/\/nitu.mx\/index.php\/2021\/10\/04\/trafico-de-pasajeros-aereos-no-se-recuperara-ni-a-50-este-ano\/","title":{"rendered":"Tr\u00e1fico de pasajeros a\u00e9reos no se recuperar\u00e1 ni a 50% este a\u00f1o"},"content":{"rendered":"<p>De acuerdo con el \u00faltimo reporte de expectativas de la recuperaci\u00f3n de la industria a\u00e9rea global de Bain &amp; Company, para diciembre de 2021 el tr\u00e1fico de pasajeros apenas ser\u00e1 de 45.97 por ciento, comparado con cifras de 2019.<\/p>\n<p>Los escenarios de recuperaci\u00f3n de la firma estiman que\u00a0la demanda a\u00e9rea mundial llegue a 40 por ciento en octubre de 2021, en noviembre al 44.27 por ciento.<\/p>\n<p>Mientras que,\u00a0la recuperaci\u00f3n de la demanda a\u00e9rea mundial llegar\u00eda al 79.77por ciento para diciembre de 2022\u00a0y a 91.24 por ciento para diciembre de 2023, contra cifras de 2019, seg\u00fan las condiciones actuales. Sin embargo, con una vacunaci\u00f3n acelerada, la recuperaci\u00f3n arriba del 90 por ciento podr\u00eda ocurrir en octubre de 2022.<\/p>\n<p>El\u00a0tr\u00e1fico a\u00e9reo mundial proyectado para 2021 sigue a la baja, ya que la propagaci\u00f3n de\u00a0la variante Delta de Covid-19 ha debilitado la confianza de los consumidores\u00a0en los viajes y ha frenado significativamente las perspectivas de recuperaci\u00f3n para los\u00a0vuelos de larga distancia en los pr\u00f3ximos seis a nueve meses.<\/p>\n<p>Desde la \u00faltima previsi\u00f3n realizada por Bain &amp; Company en agosto, los ingresos globales de la industria a\u00e9rea proyectados para este a\u00f1o disminuyeron en alrededor de\u00a012 mil millones de d\u00f3lares, con un total estimado de\u00a0243 mil millones de d\u00f3lares, el\u00a036 por ciento de los ingresos totales del sector en 2019.<\/p>\n<p>Seg\u00fan las proyecciones de Bain, el\u00a0tr\u00e1fico de pasajeros a\u00e9reos en M\u00e9xico en julio de 2022 ser\u00e1 de 76 por ciento\u00a0de lo que se registr\u00f3 en julio de 2019, es decir,\u00a013 puntos menos de lo pronosticado el mes anterior. Mientras que, Estados Unidos registrar\u00eda 83 y Canad\u00e1 73 por ciento.<\/p>\n<p>Al igual que M\u00e9xico, otros pa\u00edses cuyas\u00a0proyecciones de recuperaci\u00f3n para julio de 2022 que retrocedieron 13 o m\u00e1s puntos porcentuales en el \u00faltimo mes\u00a0son Jap\u00f3n al pasar de 76 a 55 por ciento y Australia de 83 a 66 por ciento.<\/p>\n<p>Las estimaciones para el\u00a0mercado intrarregional de Am\u00e9rica del Norte\u00a0indican que en septiembre de 2021 registra una recuperaci\u00f3n del 76.25 por ciento, es decir,\u00a0cinco por ciento menor que los \u00edndices de agosto. Mientras que\u00a0para octubre 2021 se espera que la recuperaci\u00f3n se mantenga en 73.71 por ciento, 2.5 puntos menos que el mes previo.<\/p>\n<p>Para diciembre de 2021, se espera que el mercado intrarregional de Am\u00e9rica del Norte alcance una recuperaci\u00f3n de 77.39 por ciento, un 6.6 por ciento menos en contraste con las proyecciones del mes pasado, y\u00a0hasta enero de 2023 registrar\u00eda una recuperaci\u00f3n mayor al 90 por ciento contra cifras de 2019.\u00a0<a title=\"Vacuna acelerar\u00eda un a\u00f1o la recuperaci\u00f3n de la aviaci\u00f3n\" href=\"https:\/\/www.dev.nitu.mx\/index.php\/2021\/08\/18\/vacuna-aceleraria-un-ano-la-recuperacion-de-la-aviacion\/\" rel=\"bookmark\">(Vacuna acelerar\u00eda un a\u00f1o la recuperaci\u00f3n de la aviaci\u00f3n<\/a>).<\/p>\n","protected":false},"excerpt":{"rendered":"<p>De acuerdo con el \u00faltimo reporte de expectativas de la recuperaci\u00f3n de la industria a\u00e9rea global de Bain &amp; Company, para diciembre de 2021 el tr\u00e1fico de pasajeros apenas ser\u00e1 de 45.97 por ciento, comparado con cifras de 2019. Los escenarios de recuperaci\u00f3n de la firma estiman que\u00a0la demanda a\u00e9rea mundial llegue a 40 por [&hellip;]<\/p>\n","protected":false},"author":17,"featured_media":8933,"comment_status":"open","ping_status":"open","sticky":false,"template":"","format":"standard","meta":{"footnotes":""},"categories":[29],"tags":[5868,21559,10920,5024],"yoast_head":"<!-- This site is optimized with the Yoast SEO plugin v22.2 - https:\/\/yoast.com\/wordpress\/plugins\/seo\/ -->\n<title>Tr\u00e1fico de pasajeros a\u00e9reos no se recuperar\u00e1 ni a 50% este a\u00f1o - Nitu - Noticias de la Industria Turistica<\/title>\n<meta name=\"robots\" content=\"index, follow, max-snippet:-1, max-image-preview:large, max-video-preview:-1\" \/>\n<link rel=\"canonical\" href=\"https:\/\/nitu.mx\/index.php\/2021\/10\/04\/trafico-de-pasajeros-aereos-no-se-recuperara-ni-a-50-este-ano\/\" \/>\n<meta name=\"twitter:card\" content=\"summary_large_image\" \/>\n<meta name=\"twitter:title\" content=\"Tr\u00e1fico de pasajeros a\u00e9reos no se recuperar\u00e1 ni a 50% este a\u00f1o - Nitu - Noticias de la Industria Turistica\" \/>\n<meta name=\"twitter:description\" content=\"De acuerdo con el \u00faltimo reporte de expectativas de la recuperaci\u00f3n de la industria a\u00e9rea global de Bain &amp; Company, para diciembre de 2021 el tr\u00e1fico de pasajeros apenas ser\u00e1 de 45.97 por ciento, comparado con cifras de 2019. Los escenarios de recuperaci\u00f3n de la firma estiman que\u00a0la demanda a\u00e9rea mundial llegue a 40 por [&hellip;]\" \/>\n<meta name=\"twitter:image\" content=\"https:\/\/nitu.mx\/wp-content\/uploads\/2017\/04\/Aviaci\u00f3n.jpg\" \/>\n<meta name=\"twitter:creator\" content=\"@NITUmx\" \/>\n<meta name=\"twitter:site\" content=\"@Arturo_Medina_G\" \/>\n<meta name=\"twitter:label1\" content=\"Escrito por\" \/>\n\t<meta name=\"twitter:data1\" content=\"Redacci\u00f3n\" \/>\n\t<meta name=\"twitter:label2\" content=\"Tiempo de lectura\" \/>\n\t<meta name=\"twitter:data2\" content=\"2 minutos\" \/>\n<script type=\"application\/ld+json\" class=\"yoast-schema-graph\">{\"@context\":\"https:\/\/schema.org\",\"@graph\":[{\"@type\":\"Article\",\"@id\":\"https:\/\/nitu.mx\/index.php\/2021\/10\/04\/trafico-de-pasajeros-aereos-no-se-recuperara-ni-a-50-este-ano\/#article\",\"isPartOf\":{\"@id\":\"https:\/\/nitu.mx\/index.php\/2021\/10\/04\/trafico-de-pasajeros-aereos-no-se-recuperara-ni-a-50-este-ano\/\"},\"author\":{\"name\":\"Redacci\u00f3n\",\"@id\":\"https:\/\/nitu.mx\/#\/schema\/person\/4a28fe9bd65924f7c90623773daf1b0b\"},\"headline\":\"Tr\u00e1fico de pasajeros a\u00e9reos no se recuperar\u00e1 ni a 50% este a\u00f1o\",\"datePublished\":\"2021-10-05T01:38:08+00:00\",\"dateModified\":\"2021-10-05T05:01:15+00:00\",\"mainEntityOfPage\":{\"@id\":\"https:\/\/nitu.mx\/index.php\/2021\/10\/04\/trafico-de-pasajeros-aereos-no-se-recuperara-ni-a-50-este-ano\/\"},\"wordCount\":454,\"commentCount\":0,\"publisher\":{\"@id\":\"https:\/\/nitu.mx\/#\/schema\/person\/ae7a53426417292d3dd07b45a33e01bc\"},\"image\":{\"@id\":\"https:\/\/nitu.mx\/index.php\/2021\/10\/04\/trafico-de-pasajeros-aereos-no-se-recuperara-ni-a-50-este-ano\/#primaryimage\"},\"thumbnailUrl\":\"https:\/\/nitu.mx\/wp-content\/uploads\/2017\/04\/Aviaci\u00f3n.jpg\",\"keywords\":[\"aviaci\u00f3n\",\"Bain &amp; Company\",\"recuperaci\u00f3n\",\"tr\u00e1fico de pasajeros\"],\"articleSection\":[\"Aerol\u00edneas\"],\"inLanguage\":\"es-MX\",\"potentialAction\":[{\"@type\":\"CommentAction\",\"name\":\"Comment\",\"target\":[\"https:\/\/nitu.mx\/index.php\/2021\/10\/04\/trafico-de-pasajeros-aereos-no-se-recuperara-ni-a-50-este-ano\/#respond\"]}]},{\"@type\":\"WebPage\",\"@id\":\"https:\/\/nitu.mx\/index.php\/2021\/10\/04\/trafico-de-pasajeros-aereos-no-se-recuperara-ni-a-50-este-ano\/\",\"url\":\"https:\/\/nitu.mx\/index.php\/2021\/10\/04\/trafico-de-pasajeros-aereos-no-se-recuperara-ni-a-50-este-ano\/\",\"name\":\"Tr\u00e1fico de pasajeros a\u00e9reos no se recuperar\u00e1 ni a 50% este a\u00f1o - Nitu - Noticias de la Industria Turistica\",\"isPartOf\":{\"@id\":\"https:\/\/nitu.mx\/#website\"},\"primaryImageOfPage\":{\"@id\":\"https:\/\/nitu.mx\/index.php\/2021\/10\/04\/trafico-de-pasajeros-aereos-no-se-recuperara-ni-a-50-este-ano\/#primaryimage\"},\"image\":{\"@id\":\"https:\/\/nitu.mx\/index.php\/2021\/10\/04\/trafico-de-pasajeros-aereos-no-se-recuperara-ni-a-50-este-ano\/#primaryimage\"},\"thumbnailUrl\":\"https:\/\/nitu.mx\/wp-content\/uploads\/2017\/04\/Aviaci\u00f3n.jpg\",\"datePublished\":\"2021-10-05T01:38:08+00:00\",\"dateModified\":\"2021-10-05T05:01:15+00:00\",\"breadcrumb\":{\"@id\":\"https:\/\/nitu.mx\/index.php\/2021\/10\/04\/trafico-de-pasajeros-aereos-no-se-recuperara-ni-a-50-este-ano\/#breadcrumb\"},\"inLanguage\":\"es-MX\",\"potentialAction\":[{\"@type\":\"ReadAction\",\"target\":[\"https:\/\/nitu.mx\/index.php\/2021\/10\/04\/trafico-de-pasajeros-aereos-no-se-recuperara-ni-a-50-este-ano\/\"]}]},{\"@type\":\"ImageObject\",\"inLanguage\":\"es-MX\",\"@id\":\"https:\/\/nitu.mx\/index.php\/2021\/10\/04\/trafico-de-pasajeros-aereos-no-se-recuperara-ni-a-50-este-ano\/#primaryimage\",\"url\":\"https:\/\/nitu.mx\/wp-content\/uploads\/2017\/04\/Aviaci\u00f3n.jpg\",\"contentUrl\":\"https:\/\/nitu.mx\/wp-content\/uploads\/2017\/04\/Aviaci\u00f3n.jpg\",\"width\":850,\"height\":480,\"caption\":\"aviaci\u00f3n inversi\u00f3n extranjera Guevara sobreventa IATA\"},{\"@type\":\"BreadcrumbList\",\"@id\":\"https:\/\/nitu.mx\/index.php\/2021\/10\/04\/trafico-de-pasajeros-aereos-no-se-recuperara-ni-a-50-este-ano\/#breadcrumb\",\"itemListElement\":[{\"@type\":\"ListItem\",\"position\":1,\"name\":\"Inicio\",\"item\":\"https:\/\/nitu.mx\/\"},{\"@type\":\"ListItem\",\"position\":2,\"name\":\"Tr\u00e1fico de pasajeros a\u00e9reos no se recuperar\u00e1 ni a 50% este a\u00f1o\"}]},{\"@type\":\"WebSite\",\"@id\":\"https:\/\/nitu.mx\/#website\",\"url\":\"https:\/\/nitu.mx\/\",\"name\":\"Nitu - Noticias de la Industria Turistica\",\"description\":\"Noticias de la Industria Turistica\",\"publisher\":{\"@id\":\"https:\/\/nitu.mx\/#\/schema\/person\/ae7a53426417292d3dd07b45a33e01bc\"},\"alternateName\":\"Noticias de la Industria Turistica\",\"potentialAction\":[{\"@type\":\"SearchAction\",\"target\":{\"@type\":\"EntryPoint\",\"urlTemplate\":\"https:\/\/nitu.mx\/?s={search_term_string}\"},\"query-input\":\"required name=search_term_string\"}],\"inLanguage\":\"es-MX\"},{\"@type\":[\"Person\",\"Organization\"],\"@id\":\"https:\/\/nitu.mx\/#\/schema\/person\/ae7a53426417292d3dd07b45a33e01bc\",\"name\":\"Arturo Medina\",\"image\":{\"@type\":\"ImageObject\",\"inLanguage\":\"es-MX\",\"@id\":\"https:\/\/nitu.mx\/#\/schema\/person\/image\/\",\"url\":\"https:\/\/nitu.mx\/wp-content\/uploads\/2024\/04\/4A315622-1904-4D5C-B022-878CDC840E04-90x90-1.jpeg\",\"contentUrl\":\"https:\/\/nitu.mx\/wp-content\/uploads\/2024\/04\/4A315622-1904-4D5C-B022-878CDC840E04-90x90-1.jpeg\",\"width\":90,\"height\":90,\"caption\":\"Arturo Medina\"},\"logo\":{\"@id\":\"https:\/\/nitu.mx\/#\/schema\/person\/image\/\"},\"description\":\"Director NITU.mx, Egresado de la Escuela de Periodismo Carlos Septi\u00e9n Garc\u00eda. Periodista y analista especializado en turismo desde hace 35 a\u00f1os, radicado en Canc\u00fan Q.Roo. arturo@nitu.mx\",\"sameAs\":[\"https:\/\/nitu.mx\",\"https:\/\/www.facebook.com\/NITUmx\/\",\"medinacancun\",\"https:\/\/twitter.com\/@Arturo_Medina_G\"]},{\"@type\":\"Person\",\"@id\":\"https:\/\/nitu.mx\/#\/schema\/person\/4a28fe9bd65924f7c90623773daf1b0b\",\"name\":\"Redacci\u00f3n\",\"image\":{\"@type\":\"ImageObject\",\"inLanguage\":\"es-MX\",\"@id\":\"https:\/\/nitu.mx\/#\/schema\/person\/image\/\",\"url\":\"https:\/\/secure.gravatar.com\/avatar\/5dd011c8ccfc5cd7e4c81e42252aab38?s=96&d=mm&r=g\",\"contentUrl\":\"https:\/\/secure.gravatar.com\/avatar\/5dd011c8ccfc5cd7e4c81e42252aab38?s=96&d=mm&r=g\",\"caption\":\"Redacci\u00f3n\"},\"url\":\"https:\/\/nitu.mx\/index.php\/author\/redaccion\/\"}]}<\/script>\n<!-- \/ Yoast SEO plugin. -->","yoast_head_json":{"title":"Tr\u00e1fico de pasajeros a\u00e9reos no se recuperar\u00e1 ni a 50% este a\u00f1o - Nitu - Noticias de la Industria Turistica","robots":{"index":"index","follow":"follow","max-snippet":"max-snippet:-1","max-image-preview":"max-image-preview:large","max-video-preview":"max-video-preview:-1"},"canonical":"https:\/\/nitu.mx\/index.php\/2021\/10\/04\/trafico-de-pasajeros-aereos-no-se-recuperara-ni-a-50-este-ano\/","twitter_card":"summary_large_image","twitter_title":"Tr\u00e1fico de pasajeros a\u00e9reos no se recuperar\u00e1 ni a 50% este a\u00f1o - Nitu - Noticias de la Industria Turistica","twitter_description":"De acuerdo con el \u00faltimo reporte de expectativas de la recuperaci\u00f3n de la industria a\u00e9rea global de Bain &amp; Company, para diciembre de 2021 el tr\u00e1fico de pasajeros apenas ser\u00e1 de 45.97 por ciento, comparado con cifras de 2019. Los escenarios de recuperaci\u00f3n de la firma estiman que\u00a0la demanda a\u00e9rea mundial llegue a 40 por [&hellip;]","twitter_image":"https:\/\/nitu.mx\/wp-content\/uploads\/2017\/04\/Aviaci\u00f3n.jpg","twitter_creator":"@NITUmx","twitter_site":"@Arturo_Medina_G","twitter_misc":{"Escrito por":"Redacci\u00f3n","Tiempo de lectura":"2 minutos"},"schema":{"@context":"https:\/\/schema.org","@graph":[{"@type":"Article","@id":"https:\/\/nitu.mx\/index.php\/2021\/10\/04\/trafico-de-pasajeros-aereos-no-se-recuperara-ni-a-50-este-ano\/#article","isPartOf":{"@id":"https:\/\/nitu.mx\/index.php\/2021\/10\/04\/trafico-de-pasajeros-aereos-no-se-recuperara-ni-a-50-este-ano\/"},"author":{"name":"Redacci\u00f3n","@id":"https:\/\/nitu.mx\/#\/schema\/person\/4a28fe9bd65924f7c90623773daf1b0b"},"headline":"Tr\u00e1fico de pasajeros a\u00e9reos no se recuperar\u00e1 ni a 50% este a\u00f1o","datePublished":"2021-10-05T01:38:08+00:00","dateModified":"2021-10-05T05:01:15+00:00","mainEntityOfPage":{"@id":"https:\/\/nitu.mx\/index.php\/2021\/10\/04\/trafico-de-pasajeros-aereos-no-se-recuperara-ni-a-50-este-ano\/"},"wordCount":454,"commentCount":0,"publisher":{"@id":"https:\/\/nitu.mx\/#\/schema\/person\/ae7a53426417292d3dd07b45a33e01bc"},"image":{"@id":"https:\/\/nitu.mx\/index.php\/2021\/10\/04\/trafico-de-pasajeros-aereos-no-se-recuperara-ni-a-50-este-ano\/#primaryimage"},"thumbnailUrl":"https:\/\/nitu.mx\/wp-content\/uploads\/2017\/04\/Aviaci\u00f3n.jpg","keywords":["aviaci\u00f3n","Bain &amp; Company","recuperaci\u00f3n","tr\u00e1fico de pasajeros"],"articleSection":["Aerol\u00edneas"],"inLanguage":"es-MX","potentialAction":[{"@type":"CommentAction","name":"Comment","target":["https:\/\/nitu.mx\/index.php\/2021\/10\/04\/trafico-de-pasajeros-aereos-no-se-recuperara-ni-a-50-este-ano\/#respond"]}]},{"@type":"WebPage","@id":"https:\/\/nitu.mx\/index.php\/2021\/10\/04\/trafico-de-pasajeros-aereos-no-se-recuperara-ni-a-50-este-ano\/","url":"https:\/\/nitu.mx\/index.php\/2021\/10\/04\/trafico-de-pasajeros-aereos-no-se-recuperara-ni-a-50-este-ano\/","name":"Tr\u00e1fico de pasajeros a\u00e9reos no se recuperar\u00e1 ni a 50% este a\u00f1o - Nitu - Noticias de la Industria Turistica","isPartOf":{"@id":"https:\/\/nitu.mx\/#website"},"primaryImageOfPage":{"@id":"https:\/\/nitu.mx\/index.php\/2021\/10\/04\/trafico-de-pasajeros-aereos-no-se-recuperara-ni-a-50-este-ano\/#primaryimage"},"image":{"@id":"https:\/\/nitu.mx\/index.php\/2021\/10\/04\/trafico-de-pasajeros-aereos-no-se-recuperara-ni-a-50-este-ano\/#primaryimage"},"thumbnailUrl":"https:\/\/nitu.mx\/wp-content\/uploads\/2017\/04\/Aviaci\u00f3n.jpg","datePublished":"2021-10-05T01:38:08+00:00","dateModified":"2021-10-05T05:01:15+00:00","breadcrumb":{"@id":"https:\/\/nitu.mx\/index.php\/2021\/10\/04\/trafico-de-pasajeros-aereos-no-se-recuperara-ni-a-50-este-ano\/#breadcrumb"},"inLanguage":"es-MX","potentialAction":[{"@type":"ReadAction","target":["https:\/\/nitu.mx\/index.php\/2021\/10\/04\/trafico-de-pasajeros-aereos-no-se-recuperara-ni-a-50-este-ano\/"]}]},{"@type":"ImageObject","inLanguage":"es-MX","@id":"https:\/\/nitu.mx\/index.php\/2021\/10\/04\/trafico-de-pasajeros-aereos-no-se-recuperara-ni-a-50-este-ano\/#primaryimage","url":"https:\/\/nitu.mx\/wp-content\/uploads\/2017\/04\/Aviaci\u00f3n.jpg","contentUrl":"https:\/\/nitu.mx\/wp-content\/uploads\/2017\/04\/Aviaci\u00f3n.jpg","width":850,"height":480,"caption":"aviaci\u00f3n inversi\u00f3n extranjera Guevara sobreventa IATA"},{"@type":"BreadcrumbList","@id":"https:\/\/nitu.mx\/index.php\/2021\/10\/04\/trafico-de-pasajeros-aereos-no-se-recuperara-ni-a-50-este-ano\/#breadcrumb","itemListElement":[{"@type":"ListItem","position":1,"name":"Inicio","item":"https:\/\/nitu.mx\/"},{"@type":"ListItem","position":2,"name":"Tr\u00e1fico de pasajeros a\u00e9reos no se recuperar\u00e1 ni a 50% este a\u00f1o"}]},{"@type":"WebSite","@id":"https:\/\/nitu.mx\/#website","url":"https:\/\/nitu.mx\/","name":"Nitu - Noticias de la Industria Turistica","description":"Noticias de la Industria Turistica","publisher":{"@id":"https:\/\/nitu.mx\/#\/schema\/person\/ae7a53426417292d3dd07b45a33e01bc"},"alternateName":"Noticias de la Industria Turistica","potentialAction":[{"@type":"SearchAction","target":{"@type":"EntryPoint","urlTemplate":"https:\/\/nitu.mx\/?s={search_term_string}"},"query-input":"required name=search_term_string"}],"inLanguage":"es-MX"},{"@type":["Person","Organization"],"@id":"https:\/\/nitu.mx\/#\/schema\/person\/ae7a53426417292d3dd07b45a33e01bc","name":"Arturo Medina","image":{"@type":"ImageObject","inLanguage":"es-MX","@id":"https:\/\/nitu.mx\/#\/schema\/person\/image\/","url":"https:\/\/nitu.mx\/wp-content\/uploads\/2024\/04\/4A315622-1904-4D5C-B022-878CDC840E04-90x90-1.jpeg","contentUrl":"https:\/\/nitu.mx\/wp-content\/uploads\/2024\/04\/4A315622-1904-4D5C-B022-878CDC840E04-90x90-1.jpeg","width":90,"height":90,"caption":"Arturo Medina"},"logo":{"@id":"https:\/\/nitu.mx\/#\/schema\/person\/image\/"},"description":"Director NITU.mx, Egresado de la Escuela de Periodismo Carlos Septi\u00e9n Garc\u00eda. Periodista y analista especializado en turismo desde hace 35 a\u00f1os, radicado en Canc\u00fan Q.Roo. arturo@nitu.mx","sameAs":["https:\/\/nitu.mx","https:\/\/www.facebook.com\/NITUmx\/","medinacancun","https:\/\/twitter.com\/@Arturo_Medina_G"]},{"@type":"Person","@id":"https:\/\/nitu.mx\/#\/schema\/person\/4a28fe9bd65924f7c90623773daf1b0b","name":"Redacci\u00f3n","image":{"@type":"ImageObject","inLanguage":"es-MX","@id":"https:\/\/nitu.mx\/#\/schema\/person\/image\/","url":"https:\/\/secure.gravatar.com\/avatar\/5dd011c8ccfc5cd7e4c81e42252aab38?s=96&d=mm&r=g","contentUrl":"https:\/\/secure.gravatar.com\/avatar\/5dd011c8ccfc5cd7e4c81e42252aab38?s=96&d=mm&r=g","caption":"Redacci\u00f3n"},"url":"https:\/\/nitu.mx\/index.php\/author\/redaccion\/"}]}},"views":492,"_links":{"self":[{"href":"https:\/\/nitu.mx\/index.php\/wp-json\/wp\/v2\/posts\/55677"}],"collection":[{"href":"https:\/\/nitu.mx\/index.php\/wp-json\/wp\/v2\/posts"}],"about":[{"href":"https:\/\/nitu.mx\/index.php\/wp-json\/wp\/v2\/types\/post"}],"author":[{"embeddable":true,"href":"https:\/\/nitu.mx\/index.php\/wp-json\/wp\/v2\/users\/17"}],"replies":[{"embeddable":true,"href":"https:\/\/nitu.mx\/index.php\/wp-json\/wp\/v2\/comments?post=55677"}],"version-history":[{"count":1,"href":"https:\/\/nitu.mx\/index.php\/wp-json\/wp\/v2\/posts\/55677\/revisions"}],"predecessor-version":[{"id":55678,"href":"https:\/\/nitu.mx\/index.php\/wp-json\/wp\/v2\/posts\/55677\/revisions\/55678"}],"wp:featuredmedia":[{"embeddable":true,"href":"https:\/\/nitu.mx\/index.php\/wp-json\/wp\/v2\/media\/8933"}],"wp:attachment":[{"href":"https:\/\/nitu.mx\/index.php\/wp-json\/wp\/v2\/media?parent=55677"}],"wp:term":[{"taxonomy":"category","embeddable":true,"href":"https:\/\/nitu.mx\/index.php\/wp-json\/wp\/v2\/categories?post=55677"},{"taxonomy":"post_tag","embeddable":true,"href":"https:\/\/nitu.mx\/index.php\/wp-json\/wp\/v2\/tags?post=55677"}],"curies":[{"name":"wp","href":"https:\/\/api.w.org\/{rel}","templated":true}]}}