{"id":55651,"date":"2021-10-03T21:34:27","date_gmt":"2021-10-04T02:34:27","guid":{"rendered":"https:\/\/www.dev.nitu.mx\/?p=55651"},"modified":"2021-10-04T00:14:19","modified_gmt":"2021-10-04T05:14:19","slug":"cerraria-q-roo-2021-con-mas-de-12-millones-de-visitantes","status":"publish","type":"post","link":"https:\/\/nitu.mx\/index.php\/2021\/10\/03\/cerraria-q-roo-2021-con-mas-de-12-millones-de-visitantes\/","title":{"rendered":"Cerrar\u00eda Q.Roo 2021 con m\u00e1s de 12 millones de visitantes"},"content":{"rendered":"<p>Andr\u00e9s Aguilar Becerril, encargado del despacho de la Secretar\u00eda de Turismo en el Estado, dijo que hay un buen panorama para el futuro inmediato en Quintana Roo, que ha marcado la pauta, a nivel nacional e internacional, y de acuerdo con los indicadores cerrar\u00e1n el 2021 con m\u00e1s de 12 millones de visitantes.<\/p>\n<p>Estos n\u00fameros, abund\u00f3, significar\u00e1n una recuperaci\u00f3n entre el 75 y el 80 por ciento, con respecto a 2019, lo cual es muy positivo.<\/p>\n<p>\u201cDesde el cierre de 2020 se ve\u00eda una recuperaci\u00f3n al cerrar con una diferencia del 47% con respecto a 2019, y ahora vamos a estar abajo en un 20%, luego de una ca\u00edda en el mundo superior al 70%, lo cual habla que el Caribe Mexicano est\u00e1 bien preparado, gracias al esfuerzo de iniciativa privada, sus colaboradores y las autoridades locales\u201d, destac\u00f3.<\/p>\n<p>El funcionario expres\u00f3 que las conexiones a\u00e9reas resultaron clave, incluso ahora se tienen m\u00e1s vuelos con los principales destinos en el mundo, y eso marc\u00f3 la pauta en la temporada actual, pues por ejemplo, en este de verano, llegaron poco m\u00e1s de tres millones de turistas, lo cual representa una diferencia del 20% respecto a la misma temporada de 2019.<\/p>\n<p>\u201cFortalecimos la conectividad, ya que nuestro destino est\u00e1 conectado con m\u00e1s de 80 ciudades en todo el mundo y cada mes tenemos anuncios de m\u00e1s vuelos. Para el pr\u00f3ximo 31 de octubre tenemos el regreso de Turkish Airlines, desde el primero de noviembre habr\u00e1 una conexi\u00f3n diaria desde Frankfurt, Alemania, y hace unas semanas se anunci\u00f3 el vuelo directo Sao Paulo-Canc\u00fan\u201d, indic\u00f3.<\/p>\n<p>Asimismo, destac\u00f3 el buen trabajo que se hace desde el Consejo de Promoci\u00f3n Tur\u00edstica de Quintana Roo, que ha posicionado a los destinos del Caribe Mexicano, as\u00ed como con la Secretar\u00eda de Salud, grupos empresariales y la ciudadan\u00eda en la importancia de cuidar los protocolos sanitarios, pues genera confianza entre los visitantes.<\/p>\n<p>\u201cEl cuidar las medidas de salud ayud\u00f3 a que tengamos una recuperaci\u00f3n ordenada, gradual y responsable, y haber sido uno de los primeros destinos del mundo en reabrir sus puertas al turismo.<\/p>\n<p>\u201cUna vez que se decret\u00f3 la actividad tur\u00edstica como esencial para el estado, consigo ya se tra\u00eda una serie de requisitos, protocolos y procesos de certificaci\u00f3n, que sin ellos no habr\u00eda sido posible este retorno y recuperaci\u00f3n de la actividad\u201d, a\u00f1adi\u00f3.<\/p>\n<p>\u201cDesde el inicio, la iniciativa privada mostr\u00f3 especial inter\u00e9s y completa responsabilidad en el tema de salud, y eso fue reconocido internacionalmente a trav\u00e9s del sello Safe Travels de la WTTC\u201d, abund\u00f3 e hizo un llamado a no bajar la guardia.<\/p>\n","protected":false},"excerpt":{"rendered":"<p>Andr\u00e9s Aguilar Becerril, encargado del despacho de la Secretar\u00eda de Turismo en el Estado, dijo que hay un buen panorama para el futuro inmediato en Quintana Roo, que ha marcado la pauta, a nivel nacional e internacional, y de acuerdo con los indicadores cerrar\u00e1n el 2021 con m\u00e1s de 12 millones de visitantes. Estos n\u00fameros, [&hellip;]<\/p>\n","protected":false},"author":17,"featured_media":53472,"comment_status":"open","ping_status":"open","sticky":false,"template":"","format":"standard","meta":{"footnotes":""},"categories":[21403,18475],"tags":[22821,22820],"yoast_head":"<!-- This site is optimized with the Yoast SEO plugin v22.2 - https:\/\/yoast.com\/wordpress\/plugins\/seo\/ -->\n<title>Cerrar\u00eda Q.Roo 2021 con m\u00e1s de 12 millones de visitantes - Nitu - Noticias de la Industria Turistica<\/title>\n<meta name=\"robots\" content=\"index, follow, max-snippet:-1, max-image-preview:large, max-video-preview:-1\" \/>\n<link rel=\"canonical\" href=\"https:\/\/nitu.mx\/index.php\/2021\/10\/03\/cerraria-q-roo-2021-con-mas-de-12-millones-de-visitantes\/\" \/>\n<meta name=\"twitter:card\" content=\"summary_large_image\" \/>\n<meta name=\"twitter:title\" content=\"Cerrar\u00eda Q.Roo 2021 con m\u00e1s de 12 millones de visitantes - Nitu - Noticias de la Industria Turistica\" \/>\n<meta name=\"twitter:description\" content=\"Andr\u00e9s Aguilar Becerril, encargado del despacho de la Secretar\u00eda de Turismo en el Estado, dijo que hay un buen panorama para el futuro inmediato en Quintana Roo, que ha marcado la pauta, a nivel nacional e internacional, y de acuerdo con los indicadores cerrar\u00e1n el 2021 con m\u00e1s de 12 millones de visitantes. Estos n\u00fameros, [&hellip;]\" \/>\n<meta name=\"twitter:image\" content=\"https:\/\/nitu.mx\/wp-content\/uploads\/2021\/06\/aeropuerto-internacional-de-cancun.jpg\" \/>\n<meta name=\"twitter:creator\" content=\"@NITUmx\" \/>\n<meta name=\"twitter:site\" content=\"@Arturo_Medina_G\" \/>\n<meta name=\"twitter:label1\" content=\"Escrito por\" \/>\n\t<meta name=\"twitter:data1\" content=\"Redacci\u00f3n\" \/>\n\t<meta name=\"twitter:label2\" content=\"Tiempo de lectura\" \/>\n\t<meta name=\"twitter:data2\" content=\"2 minutos\" \/>\n<script type=\"application\/ld+json\" class=\"yoast-schema-graph\">{\"@context\":\"https:\/\/schema.org\",\"@graph\":[{\"@type\":\"Article\",\"@id\":\"https:\/\/nitu.mx\/index.php\/2021\/10\/03\/cerraria-q-roo-2021-con-mas-de-12-millones-de-visitantes\/#article\",\"isPartOf\":{\"@id\":\"https:\/\/nitu.mx\/index.php\/2021\/10\/03\/cerraria-q-roo-2021-con-mas-de-12-millones-de-visitantes\/\"},\"author\":{\"name\":\"Redacci\u00f3n\",\"@id\":\"https:\/\/nitu.mx\/#\/schema\/person\/4a28fe9bd65924f7c90623773daf1b0b\"},\"headline\":\"Cerrar\u00eda Q.Roo 2021 con m\u00e1s de 12 millones de visitantes\",\"datePublished\":\"2021-10-04T02:34:27+00:00\",\"dateModified\":\"2021-10-04T05:14:19+00:00\",\"mainEntityOfPage\":{\"@id\":\"https:\/\/nitu.mx\/index.php\/2021\/10\/03\/cerraria-q-roo-2021-con-mas-de-12-millones-de-visitantes\/\"},\"wordCount\":454,\"commentCount\":0,\"publisher\":{\"@id\":\"https:\/\/nitu.mx\/#\/schema\/person\/ae7a53426417292d3dd07b45a33e01bc\"},\"image\":{\"@id\":\"https:\/\/nitu.mx\/index.php\/2021\/10\/03\/cerraria-q-roo-2021-con-mas-de-12-millones-de-visitantes\/#primaryimage\"},\"thumbnailUrl\":\"https:\/\/nitu.mx\/wp-content\/uploads\/2021\/06\/aeropuerto-internacional-de-cancun.jpg\",\"keywords\":[\"Andres Aguilar Becerril\",\"Sedtur\"],\"articleSection\":[\"Canc\u00fan\",\"Caribe Mexicano\"],\"inLanguage\":\"es-MX\",\"potentialAction\":[{\"@type\":\"CommentAction\",\"name\":\"Comment\",\"target\":[\"https:\/\/nitu.mx\/index.php\/2021\/10\/03\/cerraria-q-roo-2021-con-mas-de-12-millones-de-visitantes\/#respond\"]}]},{\"@type\":\"WebPage\",\"@id\":\"https:\/\/nitu.mx\/index.php\/2021\/10\/03\/cerraria-q-roo-2021-con-mas-de-12-millones-de-visitantes\/\",\"url\":\"https:\/\/nitu.mx\/index.php\/2021\/10\/03\/cerraria-q-roo-2021-con-mas-de-12-millones-de-visitantes\/\",\"name\":\"Cerrar\u00eda Q.Roo 2021 con m\u00e1s de 12 millones de visitantes - Nitu - Noticias de la Industria Turistica\",\"isPartOf\":{\"@id\":\"https:\/\/nitu.mx\/#website\"},\"primaryImageOfPage\":{\"@id\":\"https:\/\/nitu.mx\/index.php\/2021\/10\/03\/cerraria-q-roo-2021-con-mas-de-12-millones-de-visitantes\/#primaryimage\"},\"image\":{\"@id\":\"https:\/\/nitu.mx\/index.php\/2021\/10\/03\/cerraria-q-roo-2021-con-mas-de-12-millones-de-visitantes\/#primaryimage\"},\"thumbnailUrl\":\"https:\/\/nitu.mx\/wp-content\/uploads\/2021\/06\/aeropuerto-internacional-de-cancun.jpg\",\"datePublished\":\"2021-10-04T02:34:27+00:00\",\"dateModified\":\"2021-10-04T05:14:19+00:00\",\"breadcrumb\":{\"@id\":\"https:\/\/nitu.mx\/index.php\/2021\/10\/03\/cerraria-q-roo-2021-con-mas-de-12-millones-de-visitantes\/#breadcrumb\"},\"inLanguage\":\"es-MX\",\"potentialAction\":[{\"@type\":\"ReadAction\",\"target\":[\"https:\/\/nitu.mx\/index.php\/2021\/10\/03\/cerraria-q-roo-2021-con-mas-de-12-millones-de-visitantes\/\"]}]},{\"@type\":\"ImageObject\",\"inLanguage\":\"es-MX\",\"@id\":\"https:\/\/nitu.mx\/index.php\/2021\/10\/03\/cerraria-q-roo-2021-con-mas-de-12-millones-de-visitantes\/#primaryimage\",\"url\":\"https:\/\/nitu.mx\/wp-content\/uploads\/2021\/06\/aeropuerto-internacional-de-cancun.jpg\",\"contentUrl\":\"https:\/\/nitu.mx\/wp-content\/uploads\/2021\/06\/aeropuerto-internacional-de-cancun.jpg\",\"width\":1200,\"height\":675,\"caption\":\"Canc\u00fan\"},{\"@type\":\"BreadcrumbList\",\"@id\":\"https:\/\/nitu.mx\/index.php\/2021\/10\/03\/cerraria-q-roo-2021-con-mas-de-12-millones-de-visitantes\/#breadcrumb\",\"itemListElement\":[{\"@type\":\"ListItem\",\"position\":1,\"name\":\"Inicio\",\"item\":\"https:\/\/nitu.mx\/\"},{\"@type\":\"ListItem\",\"position\":2,\"name\":\"Cerrar\u00eda Q.Roo 2021 con m\u00e1s de 12 millones de visitantes\"}]},{\"@type\":\"WebSite\",\"@id\":\"https:\/\/nitu.mx\/#website\",\"url\":\"https:\/\/nitu.mx\/\",\"name\":\"Nitu - Noticias de la Industria Turistica\",\"description\":\"Noticias de la Industria Turistica\",\"publisher\":{\"@id\":\"https:\/\/nitu.mx\/#\/schema\/person\/ae7a53426417292d3dd07b45a33e01bc\"},\"alternateName\":\"Noticias de la Industria Turistica\",\"potentialAction\":[{\"@type\":\"SearchAction\",\"target\":{\"@type\":\"EntryPoint\",\"urlTemplate\":\"https:\/\/nitu.mx\/?s={search_term_string}\"},\"query-input\":\"required name=search_term_string\"}],\"inLanguage\":\"es-MX\"},{\"@type\":[\"Person\",\"Organization\"],\"@id\":\"https:\/\/nitu.mx\/#\/schema\/person\/ae7a53426417292d3dd07b45a33e01bc\",\"name\":\"Arturo Medina\",\"image\":{\"@type\":\"ImageObject\",\"inLanguage\":\"es-MX\",\"@id\":\"https:\/\/nitu.mx\/#\/schema\/person\/image\/\",\"url\":\"https:\/\/nitu.mx\/wp-content\/uploads\/2024\/04\/4A315622-1904-4D5C-B022-878CDC840E04-90x90-1.jpeg\",\"contentUrl\":\"https:\/\/nitu.mx\/wp-content\/uploads\/2024\/04\/4A315622-1904-4D5C-B022-878CDC840E04-90x90-1.jpeg\",\"width\":90,\"height\":90,\"caption\":\"Arturo Medina\"},\"logo\":{\"@id\":\"https:\/\/nitu.mx\/#\/schema\/person\/image\/\"},\"description\":\"Director NITU.mx, Egresado de la Escuela de Periodismo Carlos Septi\u00e9n Garc\u00eda. Periodista y analista especializado en turismo desde hace 35 a\u00f1os, radicado en Canc\u00fan Q.Roo. arturo@nitu.mx\",\"sameAs\":[\"https:\/\/nitu.mx\",\"https:\/\/www.facebook.com\/NITUmx\/\",\"medinacancun\",\"https:\/\/twitter.com\/@Arturo_Medina_G\"]},{\"@type\":\"Person\",\"@id\":\"https:\/\/nitu.mx\/#\/schema\/person\/4a28fe9bd65924f7c90623773daf1b0b\",\"name\":\"Redacci\u00f3n\",\"image\":{\"@type\":\"ImageObject\",\"inLanguage\":\"es-MX\",\"@id\":\"https:\/\/nitu.mx\/#\/schema\/person\/image\/\",\"url\":\"https:\/\/secure.gravatar.com\/avatar\/5dd011c8ccfc5cd7e4c81e42252aab38?s=96&d=mm&r=g\",\"contentUrl\":\"https:\/\/secure.gravatar.com\/avatar\/5dd011c8ccfc5cd7e4c81e42252aab38?s=96&d=mm&r=g\",\"caption\":\"Redacci\u00f3n\"},\"url\":\"https:\/\/nitu.mx\/index.php\/author\/redaccion\/\"}]}<\/script>\n<!-- \/ Yoast SEO plugin. -->","yoast_head_json":{"title":"Cerrar\u00eda Q.Roo 2021 con m\u00e1s de 12 millones de visitantes - Nitu - Noticias de la Industria Turistica","robots":{"index":"index","follow":"follow","max-snippet":"max-snippet:-1","max-image-preview":"max-image-preview:large","max-video-preview":"max-video-preview:-1"},"canonical":"https:\/\/nitu.mx\/index.php\/2021\/10\/03\/cerraria-q-roo-2021-con-mas-de-12-millones-de-visitantes\/","twitter_card":"summary_large_image","twitter_title":"Cerrar\u00eda Q.Roo 2021 con m\u00e1s de 12 millones de visitantes - Nitu - Noticias de la Industria Turistica","twitter_description":"Andr\u00e9s Aguilar Becerril, encargado del despacho de la Secretar\u00eda de Turismo en el Estado, dijo que hay un buen panorama para el futuro inmediato en Quintana Roo, que ha marcado la pauta, a nivel nacional e internacional, y de acuerdo con los indicadores cerrar\u00e1n el 2021 con m\u00e1s de 12 millones de visitantes. Estos n\u00fameros, [&hellip;]","twitter_image":"https:\/\/nitu.mx\/wp-content\/uploads\/2021\/06\/aeropuerto-internacional-de-cancun.jpg","twitter_creator":"@NITUmx","twitter_site":"@Arturo_Medina_G","twitter_misc":{"Escrito por":"Redacci\u00f3n","Tiempo de lectura":"2 minutos"},"schema":{"@context":"https:\/\/schema.org","@graph":[{"@type":"Article","@id":"https:\/\/nitu.mx\/index.php\/2021\/10\/03\/cerraria-q-roo-2021-con-mas-de-12-millones-de-visitantes\/#article","isPartOf":{"@id":"https:\/\/nitu.mx\/index.php\/2021\/10\/03\/cerraria-q-roo-2021-con-mas-de-12-millones-de-visitantes\/"},"author":{"name":"Redacci\u00f3n","@id":"https:\/\/nitu.mx\/#\/schema\/person\/4a28fe9bd65924f7c90623773daf1b0b"},"headline":"Cerrar\u00eda Q.Roo 2021 con m\u00e1s de 12 millones de visitantes","datePublished":"2021-10-04T02:34:27+00:00","dateModified":"2021-10-04T05:14:19+00:00","mainEntityOfPage":{"@id":"https:\/\/nitu.mx\/index.php\/2021\/10\/03\/cerraria-q-roo-2021-con-mas-de-12-millones-de-visitantes\/"},"wordCount":454,"commentCount":0,"publisher":{"@id":"https:\/\/nitu.mx\/#\/schema\/person\/ae7a53426417292d3dd07b45a33e01bc"},"image":{"@id":"https:\/\/nitu.mx\/index.php\/2021\/10\/03\/cerraria-q-roo-2021-con-mas-de-12-millones-de-visitantes\/#primaryimage"},"thumbnailUrl":"https:\/\/nitu.mx\/wp-content\/uploads\/2021\/06\/aeropuerto-internacional-de-cancun.jpg","keywords":["Andres Aguilar Becerril","Sedtur"],"articleSection":["Canc\u00fan","Caribe Mexicano"],"inLanguage":"es-MX","potentialAction":[{"@type":"CommentAction","name":"Comment","target":["https:\/\/nitu.mx\/index.php\/2021\/10\/03\/cerraria-q-roo-2021-con-mas-de-12-millones-de-visitantes\/#respond"]}]},{"@type":"WebPage","@id":"https:\/\/nitu.mx\/index.php\/2021\/10\/03\/cerraria-q-roo-2021-con-mas-de-12-millones-de-visitantes\/","url":"https:\/\/nitu.mx\/index.php\/2021\/10\/03\/cerraria-q-roo-2021-con-mas-de-12-millones-de-visitantes\/","name":"Cerrar\u00eda Q.Roo 2021 con m\u00e1s de 12 millones de visitantes - Nitu - Noticias de la Industria Turistica","isPartOf":{"@id":"https:\/\/nitu.mx\/#website"},"primaryImageOfPage":{"@id":"https:\/\/nitu.mx\/index.php\/2021\/10\/03\/cerraria-q-roo-2021-con-mas-de-12-millones-de-visitantes\/#primaryimage"},"image":{"@id":"https:\/\/nitu.mx\/index.php\/2021\/10\/03\/cerraria-q-roo-2021-con-mas-de-12-millones-de-visitantes\/#primaryimage"},"thumbnailUrl":"https:\/\/nitu.mx\/wp-content\/uploads\/2021\/06\/aeropuerto-internacional-de-cancun.jpg","datePublished":"2021-10-04T02:34:27+00:00","dateModified":"2021-10-04T05:14:19+00:00","breadcrumb":{"@id":"https:\/\/nitu.mx\/index.php\/2021\/10\/03\/cerraria-q-roo-2021-con-mas-de-12-millones-de-visitantes\/#breadcrumb"},"inLanguage":"es-MX","potentialAction":[{"@type":"ReadAction","target":["https:\/\/nitu.mx\/index.php\/2021\/10\/03\/cerraria-q-roo-2021-con-mas-de-12-millones-de-visitantes\/"]}]},{"@type":"ImageObject","inLanguage":"es-MX","@id":"https:\/\/nitu.mx\/index.php\/2021\/10\/03\/cerraria-q-roo-2021-con-mas-de-12-millones-de-visitantes\/#primaryimage","url":"https:\/\/nitu.mx\/wp-content\/uploads\/2021\/06\/aeropuerto-internacional-de-cancun.jpg","contentUrl":"https:\/\/nitu.mx\/wp-content\/uploads\/2021\/06\/aeropuerto-internacional-de-cancun.jpg","width":1200,"height":675,"caption":"Canc\u00fan"},{"@type":"BreadcrumbList","@id":"https:\/\/nitu.mx\/index.php\/2021\/10\/03\/cerraria-q-roo-2021-con-mas-de-12-millones-de-visitantes\/#breadcrumb","itemListElement":[{"@type":"ListItem","position":1,"name":"Inicio","item":"https:\/\/nitu.mx\/"},{"@type":"ListItem","position":2,"name":"Cerrar\u00eda Q.Roo 2021 con m\u00e1s de 12 millones de visitantes"}]},{"@type":"WebSite","@id":"https:\/\/nitu.mx\/#website","url":"https:\/\/nitu.mx\/","name":"Nitu - Noticias de la Industria Turistica","description":"Noticias de la Industria Turistica","publisher":{"@id":"https:\/\/nitu.mx\/#\/schema\/person\/ae7a53426417292d3dd07b45a33e01bc"},"alternateName":"Noticias de la Industria Turistica","potentialAction":[{"@type":"SearchAction","target":{"@type":"EntryPoint","urlTemplate":"https:\/\/nitu.mx\/?s={search_term_string}"},"query-input":"required name=search_term_string"}],"inLanguage":"es-MX"},{"@type":["Person","Organization"],"@id":"https:\/\/nitu.mx\/#\/schema\/person\/ae7a53426417292d3dd07b45a33e01bc","name":"Arturo Medina","image":{"@type":"ImageObject","inLanguage":"es-MX","@id":"https:\/\/nitu.mx\/#\/schema\/person\/image\/","url":"https:\/\/nitu.mx\/wp-content\/uploads\/2024\/04\/4A315622-1904-4D5C-B022-878CDC840E04-90x90-1.jpeg","contentUrl":"https:\/\/nitu.mx\/wp-content\/uploads\/2024\/04\/4A315622-1904-4D5C-B022-878CDC840E04-90x90-1.jpeg","width":90,"height":90,"caption":"Arturo Medina"},"logo":{"@id":"https:\/\/nitu.mx\/#\/schema\/person\/image\/"},"description":"Director NITU.mx, Egresado de la Escuela de Periodismo Carlos Septi\u00e9n Garc\u00eda. Periodista y analista especializado en turismo desde hace 35 a\u00f1os, radicado en Canc\u00fan Q.Roo. arturo@nitu.mx","sameAs":["https:\/\/nitu.mx","https:\/\/www.facebook.com\/NITUmx\/","medinacancun","https:\/\/twitter.com\/@Arturo_Medina_G"]},{"@type":"Person","@id":"https:\/\/nitu.mx\/#\/schema\/person\/4a28fe9bd65924f7c90623773daf1b0b","name":"Redacci\u00f3n","image":{"@type":"ImageObject","inLanguage":"es-MX","@id":"https:\/\/nitu.mx\/#\/schema\/person\/image\/","url":"https:\/\/secure.gravatar.com\/avatar\/5dd011c8ccfc5cd7e4c81e42252aab38?s=96&d=mm&r=g","contentUrl":"https:\/\/secure.gravatar.com\/avatar\/5dd011c8ccfc5cd7e4c81e42252aab38?s=96&d=mm&r=g","caption":"Redacci\u00f3n"},"url":"https:\/\/nitu.mx\/index.php\/author\/redaccion\/"}]}},"views":362,"_links":{"self":[{"href":"https:\/\/nitu.mx\/index.php\/wp-json\/wp\/v2\/posts\/55651"}],"collection":[{"href":"https:\/\/nitu.mx\/index.php\/wp-json\/wp\/v2\/posts"}],"about":[{"href":"https:\/\/nitu.mx\/index.php\/wp-json\/wp\/v2\/types\/post"}],"author":[{"embeddable":true,"href":"https:\/\/nitu.mx\/index.php\/wp-json\/wp\/v2\/users\/17"}],"replies":[{"embeddable":true,"href":"https:\/\/nitu.mx\/index.php\/wp-json\/wp\/v2\/comments?post=55651"}],"version-history":[{"count":2,"href":"https:\/\/nitu.mx\/index.php\/wp-json\/wp\/v2\/posts\/55651\/revisions"}],"predecessor-version":[{"id":55665,"href":"https:\/\/nitu.mx\/index.php\/wp-json\/wp\/v2\/posts\/55651\/revisions\/55665"}],"wp:featuredmedia":[{"embeddable":true,"href":"https:\/\/nitu.mx\/index.php\/wp-json\/wp\/v2\/media\/53472"}],"wp:attachment":[{"href":"https:\/\/nitu.mx\/index.php\/wp-json\/wp\/v2\/media?parent=55651"}],"wp:term":[{"taxonomy":"category","embeddable":true,"href":"https:\/\/nitu.mx\/index.php\/wp-json\/wp\/v2\/categories?post=55651"},{"taxonomy":"post_tag","embeddable":true,"href":"https:\/\/nitu.mx\/index.php\/wp-json\/wp\/v2\/tags?post=55651"}],"curies":[{"name":"wp","href":"https:\/\/api.w.org\/{rel}","templated":true}]}}