{"id":55638,"date":"2021-10-01T07:40:42","date_gmt":"2021-10-01T12:40:42","guid":{"rendered":"https:\/\/www.dev.nitu.mx\/?p=55638"},"modified":"2021-10-01T07:42:47","modified_gmt":"2021-10-01T12:42:47","slug":"instituye-sectur-la-catedra-de-sostenibilidad-miguel-quintana-palli","status":"publish","type":"post","link":"https:\/\/nitu.mx\/index.php\/2021\/10\/01\/instituye-sectur-la-catedra-de-sostenibilidad-miguel-quintana-palli\/","title":{"rendered":"Instituye Sectur la c\u00e1tedra de sostenibilidad \u201cMiguel Quintana Palli\u201d"},"content":{"rendered":"<p class=\"s14\"><span class=\"s13\"><span class=\"bumpedFont15\">El secretario de turismo de M\u00e9xico Miguel Torruco Marqu\u00e9s anunci\u00f3 la instauraci\u00f3n de la \u201cC\u00e1tedra de Sostenibilidad Tur\u00edstica \u00a0Miguel Quintana Pali&#8221;, y es un merecido reconocimiento al fundador de Grupo Xcaret: un hombre visionario y emprendedor, que ha sabido entender la realidad de un nuevo turismo, dijo. <\/span><\/span><\/p>\n<p class=\"s14\"><span class=\"s13\"><span class=\"bumpedFont15\">La C\u00e1tedra de Sostenibilidad Tur\u00edstica: \u201cArquitecto Miguel Quintana Pali\u201d, tiene por objeto crear un espacio para el aprendizaje, la reflexi\u00f3n y el di\u00e1logo sobre la cultura de la conservaci\u00f3n y el desarrollo de M\u00e9xico; adem\u00e1s de ser un reconocimiento al fundador y director general del Grupo Xcaret, y sus esfuerzos por fortalecer el turismo sustentable.<\/span><\/span><\/p>\n<p class=\"s15\"><span class=\"s13\"><span class=\"bumpedFont15\">Al respecto, el secretario de Turismo del Gobierno de M\u00e9xico, Miguel Torruco Marqu\u00e9s, asegur\u00f3 <\/span><\/span><span class=\"s13\"><span class=\"bumpedFont15\">que<\/span><\/span><span class=\"s13\"><span class=\"bumpedFont15\"> a lo largo de los a\u00f1os, la actividad humana ha provocado impactos negativos en el medio ambiente por una inadecuada explotaci\u00f3n de los recursos naturales, como contaminaci\u00f3n de mares, litorales, lagunas y r\u00edos; extinci\u00f3n de algunas especies de flora y fauna, y calentamiento global, entre muchos otros.<\/span><\/span><\/p>\n<p class=\"s15\"><span class=\"s13\"><span class=\"bumpedFont15\">Indic\u00f3 que el turismo, dada su creciente y r\u00e1pida expansi\u00f3n, tambi\u00e9n ha contribuido a este deterioro, lo que conlleva en la actualidad a realizar acciones e implementar programas que favorezcan su crecimiento sin menoscabo del entorno natural y cultural.<\/span><\/span><\/p>\n<p class=\"s15\"><span class=\"s13\"><span class=\"bumpedFont15\">Por ello, destac\u00f3 la imperiosa necesidad de un turismo sostenible, que sea autofinanciable, preserve el medio ambiente, beneficie a la poblaci\u00f3n local y, como un nuevo precepto, aplique las medidas biosanitarias, brindando seguridad y confianza tanto a los visitantes como a los prestadores de servicios. Esta debe ser la actual realidad de la industria tur\u00edstica y de todas las actividades del quehacer humano.<\/span><\/span><\/p>\n<p class=\"s15\"><span class=\"s13\"><span class=\"bumpedFont15\">\u201cLa instauraci\u00f3n de la C\u00e1tedra de Sostenibilidad Tur\u00edstica \u201cArquitecto Miguel Quintana Pali\u201d viene a refrendar el compromiso que hemos asumido en M\u00e9xico de cuidar y proteger a nuestro entorno natural y preservar nuestra identidad hist\u00f3rica y cultural\u201d, afirm\u00f3.<\/span><\/span><\/p>\n<p class=\"s15\"><span class=\"s13\"><span class=\"bumpedFont15\">Destac\u00f3 que Xcaret ha sido reconocido en los #TravvyAwards por cuatro a\u00f1os consecutivos como el mejor parque acu\u00e1tico del mundo y aprovech\u00f3 para felicitar a Miguel Quintana Pali por su labor realizada en Grupo <\/span><\/span><span class=\"s13\"><span class=\"bumpedFont15\">Xcaret, que a la fecha cuenta con ocho parques tem\u00e1ticos en Quintana Roo y Yucat\u00e1n, as\u00ed como con diversos recorridos y circuitos tur\u00edsticos.<\/span><\/span><\/p>\n<p class=\"s15\"><span class=\"s13\"><span class=\"bumpedFont15\">Tambi\u00e9n record\u00f3 que, seg\u00fan palabras del propio Quintana Pali, \u201cla sostenibilidad hay que hacerla en 360 grados y en tercera dimensi\u00f3n: en todos los sentidos\u201d, y Grupo Xcaret responde plenamente a esta gran visi\u00f3n, que todos debemos compartir y actuar en consecuencia.\u00a0<\/span><\/span><\/p>\n<p class=\"s15\"><span class=\"s13\"><span class=\"bumpedFont15\">Extern\u00f3 que prueba de lo anterior son el\u00a0aviario de inmersi\u00f3n, en el que se han criado m\u00e1s de mil 500 aves mexicanas; 15 millones de tortugas marinas reintroducidas desde 1993; la reforestaci\u00f3n de 3 millones de \u00e1rboles y plantas en 20 a\u00f1os; as\u00ed como la reproducci\u00f3n y reintroducci\u00f3n a su entorno natural de guacamayas rojas, especie en peligro de extinci\u00f3n.<\/span><\/span><\/p>\n<p class=\"s15\"><span class=\"s13\"><span class=\"bumpedFont15\">Agreg\u00f3 que Grupo Xcaret ofrece espect\u00e1culos en los que se muestra la historia, cultura y tradiciones de M\u00e9xico, como ritos, leyendas, folclor, m\u00fasica y danza regional, entre otras manifestaciones culturales.<\/span><\/span><\/p>\n<p class=\"s15\"><span class=\"s13\"><span class=\"bumpedFont15\">El titular de la Secretar\u00eda de Turismo (<\/span><\/span><span class=\"s13\"><span class=\"bumpedFont15\">Sectur<\/span><\/span><span class=\"s13\"><span class=\"bumpedFont15\">) explic\u00f3 que, aunado a esto, se ha destacado en el \u00e1mbito nacional por ser una empresa socialmente responsable y una de las\u00a0mejores para trabajar, ya que de manera permanente genera oportunidades de crecimiento y bienestar para sus colaboradores y sus familias; apoya a la ludoteca de la colonia Colosio en Playa del Carmen; otorga cortes\u00edas a grupos vulnerables para el ingreso a las instalaciones de cualquiera de sus parques; organiza jornadas de educaci\u00f3n ambiental para estudiantes; y desarrolla programas de conservaci\u00f3n de fauna de la regi\u00f3n.<\/span><\/span><\/p>\n<p class=\"s15\"><span class=\"s13\"><span class=\"bumpedFont15\">Indic\u00f3 que Grupo Xcaret, empresa orgullosamente mexicana, ha recibido m\u00e1s de 50 millones de visitantes en toda su historia, atra\u00eddos por un modelo innovador de parques tem\u00e1ticos que ha traspasado fronteras.<\/span><\/span><\/p>\n<p class=\"s15\"><span class=\"s13\"><span class=\"bumpedFont15\">A\u00f1adi\u00f3 que la instauraci\u00f3n de esta c\u00e1tedra, que se realizar\u00e1 de manera itinerante, permitir\u00e1 reforzar la labor que en la materia se viene desarrollando en la Secretar\u00eda de Turismo.<\/span><\/span><\/p>\n<p class=\"s15\"><span class=\"s13\"><span class=\"bumpedFont15\">Destac\u00f3 que esta c\u00e1tedra representa un espacio para que estudiantes, acad\u00e9micos, empresarios, miembros de c\u00e1maras y asociaciones, as\u00ed como funcionarios de gobierno, discutan e intercambien mejores pr\u00e1cticas y modelos de sostenibilidad.<\/span><\/span><\/p>\n<p class=\"s15\"><span class=\"s13\"><span class=\"bumpedFont15\">Al concluir su participaci\u00f3n, el secretario Torruco Marqu\u00e9s felicit\u00f3 a Quintana Pali por sus esfuerzos realizados para la pr\u00e1ctica de un turismo m\u00e1s sustentable y asever\u00f3 estar convencido de que seguir\u00e1 impulsando nuevos productos que fortalezcan la gran oferta tur\u00edstica de M\u00e9xico.<\/span><\/span><\/p>\n","protected":false},"excerpt":{"rendered":"<p>El secretario de turismo de M\u00e9xico Miguel Torruco Marqu\u00e9s anunci\u00f3 la instauraci\u00f3n de la \u201cC\u00e1tedra de Sostenibilidad Tur\u00edstica \u00a0Miguel Quintana Pali&#8221;, y es un merecido reconocimiento al fundador de Grupo Xcaret: un hombre visionario y emprendedor, que ha sabido entender la realidad de un nuevo turismo, dijo. La C\u00e1tedra de Sostenibilidad Tur\u00edstica: \u201cArquitecto Miguel Quintana [&hellip;]<\/p>\n","protected":false},"author":17,"featured_media":10437,"comment_status":"open","ping_status":"open","sticky":false,"template":"","format":"standard","meta":{"footnotes":""},"categories":[6],"tags":[3408,1238,464,1603],"yoast_head":"<!-- This site is optimized with the Yoast SEO plugin v22.2 - https:\/\/yoast.com\/wordpress\/plugins\/seo\/ -->\n<title>Instituye Sectur la c\u00e1tedra de sostenibilidad \u201cMiguel Quintana Palli\u201d - Nitu - Noticias de la Industria Turistica<\/title>\n<meta name=\"robots\" content=\"index, follow, max-snippet:-1, max-image-preview:large, max-video-preview:-1\" \/>\n<link rel=\"canonical\" href=\"https:\/\/nitu.mx\/index.php\/2021\/10\/01\/instituye-sectur-la-catedra-de-sostenibilidad-miguel-quintana-palli\/\" \/>\n<meta name=\"twitter:card\" content=\"summary_large_image\" \/>\n<meta name=\"twitter:title\" content=\"Instituye Sectur la c\u00e1tedra de sostenibilidad \u201cMiguel Quintana Palli\u201d - Nitu - Noticias de la Industria Turistica\" \/>\n<meta name=\"twitter:description\" content=\"El secretario de turismo de M\u00e9xico Miguel Torruco Marqu\u00e9s anunci\u00f3 la instauraci\u00f3n de la \u201cC\u00e1tedra de Sostenibilidad Tur\u00edstica \u00a0Miguel Quintana Pali&#8221;, y es un merecido reconocimiento al fundador de Grupo Xcaret: un hombre visionario y emprendedor, que ha sabido entender la realidad de un nuevo turismo, dijo. La C\u00e1tedra de Sostenibilidad Tur\u00edstica: \u201cArquitecto Miguel Quintana [&hellip;]\" \/>\n<meta name=\"twitter:image\" content=\"https:\/\/nitu.mx\/wp-content\/uploads\/2017\/06\/Miguel-Quintana-Pali.jpg\" \/>\n<meta name=\"twitter:creator\" content=\"@NITUmx\" \/>\n<meta name=\"twitter:site\" content=\"@Arturo_Medina_G\" \/>\n<meta name=\"twitter:label1\" content=\"Escrito por\" \/>\n\t<meta name=\"twitter:data1\" content=\"Redacci\u00f3n\" \/>\n\t<meta name=\"twitter:label2\" content=\"Tiempo de lectura\" \/>\n\t<meta name=\"twitter:data2\" content=\"4 minutos\" \/>\n<script type=\"application\/ld+json\" class=\"yoast-schema-graph\">{\"@context\":\"https:\/\/schema.org\",\"@graph\":[{\"@type\":\"Article\",\"@id\":\"https:\/\/nitu.mx\/index.php\/2021\/10\/01\/instituye-sectur-la-catedra-de-sostenibilidad-miguel-quintana-palli\/#article\",\"isPartOf\":{\"@id\":\"https:\/\/nitu.mx\/index.php\/2021\/10\/01\/instituye-sectur-la-catedra-de-sostenibilidad-miguel-quintana-palli\/\"},\"author\":{\"name\":\"Redacci\u00f3n\",\"@id\":\"https:\/\/nitu.mx\/#\/schema\/person\/4a28fe9bd65924f7c90623773daf1b0b\"},\"headline\":\"Instituye Sectur la c\u00e1tedra de sostenibilidad \u201cMiguel Quintana Palli\u201d\",\"datePublished\":\"2021-10-01T12:40:42+00:00\",\"dateModified\":\"2021-10-01T12:42:47+00:00\",\"mainEntityOfPage\":{\"@id\":\"https:\/\/nitu.mx\/index.php\/2021\/10\/01\/instituye-sectur-la-catedra-de-sostenibilidad-miguel-quintana-palli\/\"},\"wordCount\":795,\"commentCount\":0,\"publisher\":{\"@id\":\"https:\/\/nitu.mx\/#\/schema\/person\/ae7a53426417292d3dd07b45a33e01bc\"},\"image\":{\"@id\":\"https:\/\/nitu.mx\/index.php\/2021\/10\/01\/instituye-sectur-la-catedra-de-sostenibilidad-miguel-quintana-palli\/#primaryimage\"},\"thumbnailUrl\":\"https:\/\/nitu.mx\/wp-content\/uploads\/2017\/06\/Miguel-Quintana-Pali.jpg\",\"keywords\":[\"Miguel Quintana Pali\",\"Miguel Torruco Marqu\u00e9s\",\"Secretar\u00eda Federal de Turismo (Sectur)\",\"Xcaret\"],\"articleSection\":[\"M\u00e9xico\"],\"inLanguage\":\"es-MX\",\"potentialAction\":[{\"@type\":\"CommentAction\",\"name\":\"Comment\",\"target\":[\"https:\/\/nitu.mx\/index.php\/2021\/10\/01\/instituye-sectur-la-catedra-de-sostenibilidad-miguel-quintana-palli\/#respond\"]}]},{\"@type\":\"WebPage\",\"@id\":\"https:\/\/nitu.mx\/index.php\/2021\/10\/01\/instituye-sectur-la-catedra-de-sostenibilidad-miguel-quintana-palli\/\",\"url\":\"https:\/\/nitu.mx\/index.php\/2021\/10\/01\/instituye-sectur-la-catedra-de-sostenibilidad-miguel-quintana-palli\/\",\"name\":\"Instituye Sectur la c\u00e1tedra de sostenibilidad \u201cMiguel Quintana Palli\u201d - Nitu - Noticias de la Industria Turistica\",\"isPartOf\":{\"@id\":\"https:\/\/nitu.mx\/#website\"},\"primaryImageOfPage\":{\"@id\":\"https:\/\/nitu.mx\/index.php\/2021\/10\/01\/instituye-sectur-la-catedra-de-sostenibilidad-miguel-quintana-palli\/#primaryimage\"},\"image\":{\"@id\":\"https:\/\/nitu.mx\/index.php\/2021\/10\/01\/instituye-sectur-la-catedra-de-sostenibilidad-miguel-quintana-palli\/#primaryimage\"},\"thumbnailUrl\":\"https:\/\/nitu.mx\/wp-content\/uploads\/2017\/06\/Miguel-Quintana-Pali.jpg\",\"datePublished\":\"2021-10-01T12:40:42+00:00\",\"dateModified\":\"2021-10-01T12:42:47+00:00\",\"breadcrumb\":{\"@id\":\"https:\/\/nitu.mx\/index.php\/2021\/10\/01\/instituye-sectur-la-catedra-de-sostenibilidad-miguel-quintana-palli\/#breadcrumb\"},\"inLanguage\":\"es-MX\",\"potentialAction\":[{\"@type\":\"ReadAction\",\"target\":[\"https:\/\/nitu.mx\/index.php\/2021\/10\/01\/instituye-sectur-la-catedra-de-sostenibilidad-miguel-quintana-palli\/\"]}]},{\"@type\":\"ImageObject\",\"inLanguage\":\"es-MX\",\"@id\":\"https:\/\/nitu.mx\/index.php\/2021\/10\/01\/instituye-sectur-la-catedra-de-sostenibilidad-miguel-quintana-palli\/#primaryimage\",\"url\":\"https:\/\/nitu.mx\/wp-content\/uploads\/2017\/06\/Miguel-Quintana-Pali.jpg\",\"contentUrl\":\"https:\/\/nitu.mx\/wp-content\/uploads\/2017\/06\/Miguel-Quintana-Pali.jpg\",\"width\":850,\"height\":480,\"caption\":\"Miguel Quintana Pali\"},{\"@type\":\"BreadcrumbList\",\"@id\":\"https:\/\/nitu.mx\/index.php\/2021\/10\/01\/instituye-sectur-la-catedra-de-sostenibilidad-miguel-quintana-palli\/#breadcrumb\",\"itemListElement\":[{\"@type\":\"ListItem\",\"position\":1,\"name\":\"Inicio\",\"item\":\"https:\/\/nitu.mx\/\"},{\"@type\":\"ListItem\",\"position\":2,\"name\":\"Instituye Sectur la c\u00e1tedra de sostenibilidad \u201cMiguel Quintana Palli\u201d\"}]},{\"@type\":\"WebSite\",\"@id\":\"https:\/\/nitu.mx\/#website\",\"url\":\"https:\/\/nitu.mx\/\",\"name\":\"Nitu - Noticias de la Industria Turistica\",\"description\":\"Noticias de la Industria Turistica\",\"publisher\":{\"@id\":\"https:\/\/nitu.mx\/#\/schema\/person\/ae7a53426417292d3dd07b45a33e01bc\"},\"alternateName\":\"Noticias de la Industria Turistica\",\"potentialAction\":[{\"@type\":\"SearchAction\",\"target\":{\"@type\":\"EntryPoint\",\"urlTemplate\":\"https:\/\/nitu.mx\/?s={search_term_string}\"},\"query-input\":\"required name=search_term_string\"}],\"inLanguage\":\"es-MX\"},{\"@type\":[\"Person\",\"Organization\"],\"@id\":\"https:\/\/nitu.mx\/#\/schema\/person\/ae7a53426417292d3dd07b45a33e01bc\",\"name\":\"Arturo Medina\",\"image\":{\"@type\":\"ImageObject\",\"inLanguage\":\"es-MX\",\"@id\":\"https:\/\/nitu.mx\/#\/schema\/person\/image\/\",\"url\":\"https:\/\/nitu.mx\/wp-content\/uploads\/2024\/04\/4A315622-1904-4D5C-B022-878CDC840E04-90x90-1.jpeg\",\"contentUrl\":\"https:\/\/nitu.mx\/wp-content\/uploads\/2024\/04\/4A315622-1904-4D5C-B022-878CDC840E04-90x90-1.jpeg\",\"width\":90,\"height\":90,\"caption\":\"Arturo Medina\"},\"logo\":{\"@id\":\"https:\/\/nitu.mx\/#\/schema\/person\/image\/\"},\"description\":\"Director NITU.mx, Egresado de la Escuela de Periodismo Carlos Septi\u00e9n Garc\u00eda. Periodista y analista especializado en turismo desde hace 35 a\u00f1os, radicado en Canc\u00fan Q.Roo. arturo@nitu.mx\",\"sameAs\":[\"https:\/\/nitu.mx\",\"https:\/\/www.facebook.com\/NITUmx\/\",\"medinacancun\",\"https:\/\/twitter.com\/@Arturo_Medina_G\"]},{\"@type\":\"Person\",\"@id\":\"https:\/\/nitu.mx\/#\/schema\/person\/4a28fe9bd65924f7c90623773daf1b0b\",\"name\":\"Redacci\u00f3n\",\"image\":{\"@type\":\"ImageObject\",\"inLanguage\":\"es-MX\",\"@id\":\"https:\/\/nitu.mx\/#\/schema\/person\/image\/\",\"url\":\"https:\/\/secure.gravatar.com\/avatar\/5dd011c8ccfc5cd7e4c81e42252aab38?s=96&d=mm&r=g\",\"contentUrl\":\"https:\/\/secure.gravatar.com\/avatar\/5dd011c8ccfc5cd7e4c81e42252aab38?s=96&d=mm&r=g\",\"caption\":\"Redacci\u00f3n\"},\"url\":\"https:\/\/nitu.mx\/index.php\/author\/redaccion\/\"}]}<\/script>\n<!-- \/ Yoast SEO plugin. -->","yoast_head_json":{"title":"Instituye Sectur la c\u00e1tedra de sostenibilidad \u201cMiguel Quintana Palli\u201d - Nitu - Noticias de la Industria Turistica","robots":{"index":"index","follow":"follow","max-snippet":"max-snippet:-1","max-image-preview":"max-image-preview:large","max-video-preview":"max-video-preview:-1"},"canonical":"https:\/\/nitu.mx\/index.php\/2021\/10\/01\/instituye-sectur-la-catedra-de-sostenibilidad-miguel-quintana-palli\/","twitter_card":"summary_large_image","twitter_title":"Instituye Sectur la c\u00e1tedra de sostenibilidad \u201cMiguel Quintana Palli\u201d - Nitu - Noticias de la Industria Turistica","twitter_description":"El secretario de turismo de M\u00e9xico Miguel Torruco Marqu\u00e9s anunci\u00f3 la instauraci\u00f3n de la \u201cC\u00e1tedra de Sostenibilidad Tur\u00edstica \u00a0Miguel Quintana Pali&#8221;, y es un merecido reconocimiento al fundador de Grupo Xcaret: un hombre visionario y emprendedor, que ha sabido entender la realidad de un nuevo turismo, dijo. La C\u00e1tedra de Sostenibilidad Tur\u00edstica: \u201cArquitecto Miguel Quintana [&hellip;]","twitter_image":"https:\/\/nitu.mx\/wp-content\/uploads\/2017\/06\/Miguel-Quintana-Pali.jpg","twitter_creator":"@NITUmx","twitter_site":"@Arturo_Medina_G","twitter_misc":{"Escrito por":"Redacci\u00f3n","Tiempo de lectura":"4 minutos"},"schema":{"@context":"https:\/\/schema.org","@graph":[{"@type":"Article","@id":"https:\/\/nitu.mx\/index.php\/2021\/10\/01\/instituye-sectur-la-catedra-de-sostenibilidad-miguel-quintana-palli\/#article","isPartOf":{"@id":"https:\/\/nitu.mx\/index.php\/2021\/10\/01\/instituye-sectur-la-catedra-de-sostenibilidad-miguel-quintana-palli\/"},"author":{"name":"Redacci\u00f3n","@id":"https:\/\/nitu.mx\/#\/schema\/person\/4a28fe9bd65924f7c90623773daf1b0b"},"headline":"Instituye Sectur la c\u00e1tedra de sostenibilidad \u201cMiguel Quintana Palli\u201d","datePublished":"2021-10-01T12:40:42+00:00","dateModified":"2021-10-01T12:42:47+00:00","mainEntityOfPage":{"@id":"https:\/\/nitu.mx\/index.php\/2021\/10\/01\/instituye-sectur-la-catedra-de-sostenibilidad-miguel-quintana-palli\/"},"wordCount":795,"commentCount":0,"publisher":{"@id":"https:\/\/nitu.mx\/#\/schema\/person\/ae7a53426417292d3dd07b45a33e01bc"},"image":{"@id":"https:\/\/nitu.mx\/index.php\/2021\/10\/01\/instituye-sectur-la-catedra-de-sostenibilidad-miguel-quintana-palli\/#primaryimage"},"thumbnailUrl":"https:\/\/nitu.mx\/wp-content\/uploads\/2017\/06\/Miguel-Quintana-Pali.jpg","keywords":["Miguel Quintana Pali","Miguel Torruco Marqu\u00e9s","Secretar\u00eda Federal de Turismo (Sectur)","Xcaret"],"articleSection":["M\u00e9xico"],"inLanguage":"es-MX","potentialAction":[{"@type":"CommentAction","name":"Comment","target":["https:\/\/nitu.mx\/index.php\/2021\/10\/01\/instituye-sectur-la-catedra-de-sostenibilidad-miguel-quintana-palli\/#respond"]}]},{"@type":"WebPage","@id":"https:\/\/nitu.mx\/index.php\/2021\/10\/01\/instituye-sectur-la-catedra-de-sostenibilidad-miguel-quintana-palli\/","url":"https:\/\/nitu.mx\/index.php\/2021\/10\/01\/instituye-sectur-la-catedra-de-sostenibilidad-miguel-quintana-palli\/","name":"Instituye Sectur la c\u00e1tedra de sostenibilidad \u201cMiguel Quintana Palli\u201d - Nitu - Noticias de la Industria Turistica","isPartOf":{"@id":"https:\/\/nitu.mx\/#website"},"primaryImageOfPage":{"@id":"https:\/\/nitu.mx\/index.php\/2021\/10\/01\/instituye-sectur-la-catedra-de-sostenibilidad-miguel-quintana-palli\/#primaryimage"},"image":{"@id":"https:\/\/nitu.mx\/index.php\/2021\/10\/01\/instituye-sectur-la-catedra-de-sostenibilidad-miguel-quintana-palli\/#primaryimage"},"thumbnailUrl":"https:\/\/nitu.mx\/wp-content\/uploads\/2017\/06\/Miguel-Quintana-Pali.jpg","datePublished":"2021-10-01T12:40:42+00:00","dateModified":"2021-10-01T12:42:47+00:00","breadcrumb":{"@id":"https:\/\/nitu.mx\/index.php\/2021\/10\/01\/instituye-sectur-la-catedra-de-sostenibilidad-miguel-quintana-palli\/#breadcrumb"},"inLanguage":"es-MX","potentialAction":[{"@type":"ReadAction","target":["https:\/\/nitu.mx\/index.php\/2021\/10\/01\/instituye-sectur-la-catedra-de-sostenibilidad-miguel-quintana-palli\/"]}]},{"@type":"ImageObject","inLanguage":"es-MX","@id":"https:\/\/nitu.mx\/index.php\/2021\/10\/01\/instituye-sectur-la-catedra-de-sostenibilidad-miguel-quintana-palli\/#primaryimage","url":"https:\/\/nitu.mx\/wp-content\/uploads\/2017\/06\/Miguel-Quintana-Pali.jpg","contentUrl":"https:\/\/nitu.mx\/wp-content\/uploads\/2017\/06\/Miguel-Quintana-Pali.jpg","width":850,"height":480,"caption":"Miguel Quintana Pali"},{"@type":"BreadcrumbList","@id":"https:\/\/nitu.mx\/index.php\/2021\/10\/01\/instituye-sectur-la-catedra-de-sostenibilidad-miguel-quintana-palli\/#breadcrumb","itemListElement":[{"@type":"ListItem","position":1,"name":"Inicio","item":"https:\/\/nitu.mx\/"},{"@type":"ListItem","position":2,"name":"Instituye Sectur la c\u00e1tedra de sostenibilidad \u201cMiguel Quintana Palli\u201d"}]},{"@type":"WebSite","@id":"https:\/\/nitu.mx\/#website","url":"https:\/\/nitu.mx\/","name":"Nitu - Noticias de la Industria Turistica","description":"Noticias de la Industria Turistica","publisher":{"@id":"https:\/\/nitu.mx\/#\/schema\/person\/ae7a53426417292d3dd07b45a33e01bc"},"alternateName":"Noticias de la Industria Turistica","potentialAction":[{"@type":"SearchAction","target":{"@type":"EntryPoint","urlTemplate":"https:\/\/nitu.mx\/?s={search_term_string}"},"query-input":"required name=search_term_string"}],"inLanguage":"es-MX"},{"@type":["Person","Organization"],"@id":"https:\/\/nitu.mx\/#\/schema\/person\/ae7a53426417292d3dd07b45a33e01bc","name":"Arturo Medina","image":{"@type":"ImageObject","inLanguage":"es-MX","@id":"https:\/\/nitu.mx\/#\/schema\/person\/image\/","url":"https:\/\/nitu.mx\/wp-content\/uploads\/2024\/04\/4A315622-1904-4D5C-B022-878CDC840E04-90x90-1.jpeg","contentUrl":"https:\/\/nitu.mx\/wp-content\/uploads\/2024\/04\/4A315622-1904-4D5C-B022-878CDC840E04-90x90-1.jpeg","width":90,"height":90,"caption":"Arturo Medina"},"logo":{"@id":"https:\/\/nitu.mx\/#\/schema\/person\/image\/"},"description":"Director NITU.mx, Egresado de la Escuela de Periodismo Carlos Septi\u00e9n Garc\u00eda. Periodista y analista especializado en turismo desde hace 35 a\u00f1os, radicado en Canc\u00fan Q.Roo. arturo@nitu.mx","sameAs":["https:\/\/nitu.mx","https:\/\/www.facebook.com\/NITUmx\/","medinacancun","https:\/\/twitter.com\/@Arturo_Medina_G"]},{"@type":"Person","@id":"https:\/\/nitu.mx\/#\/schema\/person\/4a28fe9bd65924f7c90623773daf1b0b","name":"Redacci\u00f3n","image":{"@type":"ImageObject","inLanguage":"es-MX","@id":"https:\/\/nitu.mx\/#\/schema\/person\/image\/","url":"https:\/\/secure.gravatar.com\/avatar\/5dd011c8ccfc5cd7e4c81e42252aab38?s=96&d=mm&r=g","contentUrl":"https:\/\/secure.gravatar.com\/avatar\/5dd011c8ccfc5cd7e4c81e42252aab38?s=96&d=mm&r=g","caption":"Redacci\u00f3n"},"url":"https:\/\/nitu.mx\/index.php\/author\/redaccion\/"}]}},"views":486,"_links":{"self":[{"href":"https:\/\/nitu.mx\/index.php\/wp-json\/wp\/v2\/posts\/55638"}],"collection":[{"href":"https:\/\/nitu.mx\/index.php\/wp-json\/wp\/v2\/posts"}],"about":[{"href":"https:\/\/nitu.mx\/index.php\/wp-json\/wp\/v2\/types\/post"}],"author":[{"embeddable":true,"href":"https:\/\/nitu.mx\/index.php\/wp-json\/wp\/v2\/users\/17"}],"replies":[{"embeddable":true,"href":"https:\/\/nitu.mx\/index.php\/wp-json\/wp\/v2\/comments?post=55638"}],"version-history":[{"count":2,"href":"https:\/\/nitu.mx\/index.php\/wp-json\/wp\/v2\/posts\/55638\/revisions"}],"predecessor-version":[{"id":55640,"href":"https:\/\/nitu.mx\/index.php\/wp-json\/wp\/v2\/posts\/55638\/revisions\/55640"}],"wp:featuredmedia":[{"embeddable":true,"href":"https:\/\/nitu.mx\/index.php\/wp-json\/wp\/v2\/media\/10437"}],"wp:attachment":[{"href":"https:\/\/nitu.mx\/index.php\/wp-json\/wp\/v2\/media?parent=55638"}],"wp:term":[{"taxonomy":"category","embeddable":true,"href":"https:\/\/nitu.mx\/index.php\/wp-json\/wp\/v2\/categories?post=55638"},{"taxonomy":"post_tag","embeddable":true,"href":"https:\/\/nitu.mx\/index.php\/wp-json\/wp\/v2\/tags?post=55638"}],"curies":[{"name":"wp","href":"https:\/\/api.w.org\/{rel}","templated":true}]}}