{"id":55533,"date":"2021-09-27T22:27:48","date_gmt":"2021-09-28T03:27:48","guid":{"rendered":"https:\/\/www.dev.nitu.mx\/?p=55533"},"modified":"2021-09-28T00:34:31","modified_gmt":"2021-09-28T05:34:31","slug":"multiples-actividades-para-celebrar-el-dia-mundial-del-turismo-en-q-roo","status":"publish","type":"post","link":"https:\/\/nitu.mx\/index.php\/2021\/09\/27\/multiples-actividades-para-celebrar-el-dia-mundial-del-turismo-en-q-roo\/","title":{"rendered":"M\u00faltiples actividades para celebrar el Dia Mundial del Turismo en Q.Roo"},"content":{"rendered":"<p data-uw-styling-context=\"true\">Con una serie de conferencias virtuales con expertos en diversos temas del turismo, Quintana Roo festej\u00f3 el D\u00eda Mundial del Turismo 2021 en el Caribe Mexicano. El programa fue organizado por la Secretaria de Turismo con actividades en modalidad virtual, siguiendo el motivo establecido por la Organizaci\u00f3n Mundial de Turismo, &#8220;No dejar a nadie atr\u00e1s&#8221;.<\/p>\n<p data-uw-styling-context=\"true\">El evento fue encabezado por el gobernador Carlos Joaqu\u00edn, quien brind\u00f3 el mensaje inaugural, resaltando, la importancia de reconocer el valor social, cultural, pol\u00edtico y econ\u00f3mico del turismo, as\u00ed como su contribuci\u00f3n a la agenda 2030 de Naciones Unidas y sobre todo al desarrollo de nuestra entidad.<\/p>\n<p data-uw-styling-context=\"true\">Adicionalmente, coment\u00f3 que; \u201cQuintana Roo, a trav\u00e9s del Plan Maestro de Turismo Sustentable 2030, ha dado un paso firme hacia la transici\u00f3n de un nuevo modelo de desarrollo tur\u00edstico, el cual pone en el centro de la agenda a las personas, procurando un crecimiento inclusivo que permita la reducci\u00f3n de las brechas entre mujeres y hombres, entre poblaci\u00f3n ind\u00edgena y no ind\u00edgena, entre zonas urbanas y rurales y entre el desarrollo econ\u00f3mico y social; buscando hacer nuestros destinos m\u00e1s competitivos y sustentables\u201d.<\/p>\n<p data-uw-styling-context=\"true\">Con el desarrollo del programa, se reconoci\u00f3 la clara reactivaci\u00f3n tur\u00edstica de Quintana Roo, actividad econ\u00f3mica esencial en nuestro estado, lo cual estamos seguros permitir\u00e1 tener un cierre de a\u00f1o con m\u00e1s de 12 millones de turistas, representando una recuperaci\u00f3n de alrededor del 80% en comparaci\u00f3n con el cierre del 2019.<\/p>\n<p data-uw-styling-context=\"true\">La importancia de poner en el centro de la agenda a todas las personas que forman parte de este importante sector y toda su cadena de valor, as\u00ed lo destac\u00f3 Alejandra Zorrilla, Directora y Fundadora de Identidad y Desarrollo, a trav\u00e9s de su conferencia: \u201cLa construcci\u00f3n de agentes de cambio para un turismo m\u00e1s inclusivo\u201d.<\/p>\n<p data-uw-styling-context=\"true\">Derivado del \u00e9xito de la primera convocatoria del Premio a la Innovaci\u00f3n y Diversificaci\u00f3n Tur\u00edstica del Caribe Mexicano, se lanz\u00f3 una segunda edici\u00f3n dirigida a emprendedores, MIPyMES, sociedades cooperativas, sociedades productivas y afines que contribuyan a la diversificaci\u00f3n de la oferta tur\u00edstica y el crecimiento inclusivo en Quintana Roo. La cual establece que los ganadores ser\u00e1n acreedores a un paquete de asistencia t\u00e9cnica integral y de apoyo econ\u00f3mico. La convocatoria estar\u00e1 abierta hasta el 20 de octubre de 2021, disponible en: https:\/\/qroo.gob.mx\/sedetur\/premio-la-innovacion-y-diversificacion-turistica-2021<\/p>\n<p data-uw-styling-context=\"true\">De igual forma, como parte del Comit\u00e9 de Fomento a la Gastronom\u00eda del estado, se llev\u00f3 a cabo una demostraci\u00f3n culinaria denominada Gastronom\u00eda Quintanarroense: Sabores de la Selva y el Mar con la Chef Najla Vargas, y el Chef Jorge Ildefonso, quienes mostraron la preparaci\u00f3n de platillos t\u00edpicos quintanarroenses con ingredientes locales y pr\u00e1cticas de sustentabilidad.<\/p>\n<p data-uw-styling-context=\"true\">El turismo es una actividad que se encuentra en constante movimiento y evoluci\u00f3n, lo hemos visto a lo largo de los a\u00f1os; hoy llegamos al tiempo donde el sector requiere contar con dos diferenciadores: ser sustentable e inclusivo. (<a title=\"\u00abNo dejar a nadie atr\u00e1s\u00bb D\u00eda Mundial del Turismo\" href=\"https:\/\/www.dev.nitu.mx\/index.php\/2021\/09\/26\/no-dejar-a-nadie-atras-dia-mundial-del-turismo\/\" rel=\"bookmark\">\u00abNo dejar a nadie atr\u00e1s\u00bb D\u00eda Mundial del Turismo<\/a>).<\/p>\n<p data-uw-styling-context=\"true\">Por esta raz\u00f3n se presentaron casos de buenas pr\u00e1cticas de las siguientes organizaciones, Restaurante Nixtamal en Bacalar, Centro Ecotur\u00edstico K\u00edichpam Ka\u00b4ax en Felipe Carrillo Puerto y la Red Social Aliarse por Quintana Roo con actividad en zona norte, quienes compartieron sus experiencias, retos y perspectivas.<\/p>\n<p data-uw-styling-context=\"true\">Andr\u00e9s Aguilar, encargado del Despacho de la SEDETUR, cerr\u00f3 la conmemoraci\u00f3n el D\u00eda Mundial de Turismo 2021 en el Caribe Mexicano, concluyendo en la necesidad de transitar hacia un modelo m\u00e1s sustentable y competitivo, pero tambi\u00e9n destacando que esta visi\u00f3n de desarrollo empieza a ser una realidad como ha quedado plasmado en el Plan Maestro de Turismo Sustentable Quintana Roo 2030.<\/p>\n<p data-uw-styling-context=\"true\">Con esto se concluye que el crecimiento inclusivo, confirma la intensi\u00f3n de no dejar a nadie atr\u00e1s y garantizar que los beneficios que se generen del turismo se distribuyan de manera justa entre la poblaci\u00f3n quintanarroense.<\/p>\n","protected":false},"excerpt":{"rendered":"<p>Con una serie de conferencias virtuales con expertos en diversos temas del turismo, Quintana Roo festej\u00f3 el D\u00eda Mundial del Turismo 2021 en el Caribe Mexicano. El programa fue organizado por la Secretaria de Turismo con actividades en modalidad virtual, siguiendo el motivo establecido por la Organizaci\u00f3n Mundial de Turismo, &#8220;No dejar a nadie atr\u00e1s&#8221;. [&hellip;]<\/p>\n","protected":false},"author":17,"featured_media":55534,"comment_status":"open","ping_status":"open","sticky":false,"template":"","format":"standard","meta":{"footnotes":""},"categories":[18475],"tags":[83,384,1153],"yoast_head":"<!-- This site is optimized with the Yoast SEO plugin v22.2 - https:\/\/yoast.com\/wordpress\/plugins\/seo\/ -->\n<title>M\u00faltiples actividades para celebrar el Dia Mundial del Turismo en Q.Roo - Nitu - Noticias de la Industria Turistica<\/title>\n<meta name=\"robots\" content=\"index, follow, max-snippet:-1, max-image-preview:large, max-video-preview:-1\" \/>\n<link rel=\"canonical\" href=\"https:\/\/nitu.mx\/index.php\/2021\/09\/27\/multiples-actividades-para-celebrar-el-dia-mundial-del-turismo-en-q-roo\/\" \/>\n<meta name=\"twitter:card\" content=\"summary_large_image\" \/>\n<meta name=\"twitter:title\" content=\"M\u00faltiples actividades para celebrar el Dia Mundial del Turismo en Q.Roo - Nitu - Noticias de la Industria Turistica\" \/>\n<meta name=\"twitter:description\" content=\"Con una serie de conferencias virtuales con expertos en diversos temas del turismo, Quintana Roo festej\u00f3 el D\u00eda Mundial del Turismo 2021 en el Caribe Mexicano. El programa fue organizado por la Secretaria de Turismo con actividades en modalidad virtual, siguiendo el motivo establecido por la Organizaci\u00f3n Mundial de Turismo, &#8220;No dejar a nadie atr\u00e1s&#8221;. [&hellip;]\" \/>\n<meta name=\"twitter:image\" content=\"https:\/\/nitu.mx\/wp-content\/uploads\/2021\/09\/SEDETUR-MTurismo-04.jpeg\" \/>\n<meta name=\"twitter:creator\" content=\"@NITUmx\" \/>\n<meta name=\"twitter:site\" content=\"@Arturo_Medina_G\" \/>\n<meta name=\"twitter:label1\" content=\"Escrito por\" \/>\n\t<meta name=\"twitter:data1\" content=\"Redacci\u00f3n\" \/>\n\t<meta name=\"twitter:label2\" content=\"Tiempo de lectura\" \/>\n\t<meta name=\"twitter:data2\" content=\"3 minutos\" \/>\n<script type=\"application\/ld+json\" class=\"yoast-schema-graph\">{\"@context\":\"https:\/\/schema.org\",\"@graph\":[{\"@type\":\"Article\",\"@id\":\"https:\/\/nitu.mx\/index.php\/2021\/09\/27\/multiples-actividades-para-celebrar-el-dia-mundial-del-turismo-en-q-roo\/#article\",\"isPartOf\":{\"@id\":\"https:\/\/nitu.mx\/index.php\/2021\/09\/27\/multiples-actividades-para-celebrar-el-dia-mundial-del-turismo-en-q-roo\/\"},\"author\":{\"name\":\"Redacci\u00f3n\",\"@id\":\"https:\/\/nitu.mx\/#\/schema\/person\/4a28fe9bd65924f7c90623773daf1b0b\"},\"headline\":\"M\u00faltiples actividades para celebrar el Dia Mundial del Turismo en Q.Roo\",\"datePublished\":\"2021-09-28T03:27:48+00:00\",\"dateModified\":\"2021-09-28T05:34:31+00:00\",\"mainEntityOfPage\":{\"@id\":\"https:\/\/nitu.mx\/index.php\/2021\/09\/27\/multiples-actividades-para-celebrar-el-dia-mundial-del-turismo-en-q-roo\/\"},\"wordCount\":684,\"commentCount\":0,\"publisher\":{\"@id\":\"https:\/\/nitu.mx\/#\/schema\/person\/ae7a53426417292d3dd07b45a33e01bc\"},\"image\":{\"@id\":\"https:\/\/nitu.mx\/index.php\/2021\/09\/27\/multiples-actividades-para-celebrar-el-dia-mundial-del-turismo-en-q-roo\/#primaryimage\"},\"thumbnailUrl\":\"https:\/\/nitu.mx\/wp-content\/uploads\/2021\/09\/SEDETUR-MTurismo-04.jpeg\",\"keywords\":[\"Caribe mexicano\",\"Carlos Joaqu\u00edn\",\"Sedetur\"],\"articleSection\":[\"Caribe Mexicano\"],\"inLanguage\":\"es-MX\",\"potentialAction\":[{\"@type\":\"CommentAction\",\"name\":\"Comment\",\"target\":[\"https:\/\/nitu.mx\/index.php\/2021\/09\/27\/multiples-actividades-para-celebrar-el-dia-mundial-del-turismo-en-q-roo\/#respond\"]}]},{\"@type\":\"WebPage\",\"@id\":\"https:\/\/nitu.mx\/index.php\/2021\/09\/27\/multiples-actividades-para-celebrar-el-dia-mundial-del-turismo-en-q-roo\/\",\"url\":\"https:\/\/nitu.mx\/index.php\/2021\/09\/27\/multiples-actividades-para-celebrar-el-dia-mundial-del-turismo-en-q-roo\/\",\"name\":\"M\u00faltiples actividades para celebrar el Dia Mundial del Turismo en Q.Roo - Nitu - Noticias de la Industria Turistica\",\"isPartOf\":{\"@id\":\"https:\/\/nitu.mx\/#website\"},\"primaryImageOfPage\":{\"@id\":\"https:\/\/nitu.mx\/index.php\/2021\/09\/27\/multiples-actividades-para-celebrar-el-dia-mundial-del-turismo-en-q-roo\/#primaryimage\"},\"image\":{\"@id\":\"https:\/\/nitu.mx\/index.php\/2021\/09\/27\/multiples-actividades-para-celebrar-el-dia-mundial-del-turismo-en-q-roo\/#primaryimage\"},\"thumbnailUrl\":\"https:\/\/nitu.mx\/wp-content\/uploads\/2021\/09\/SEDETUR-MTurismo-04.jpeg\",\"datePublished\":\"2021-09-28T03:27:48+00:00\",\"dateModified\":\"2021-09-28T05:34:31+00:00\",\"breadcrumb\":{\"@id\":\"https:\/\/nitu.mx\/index.php\/2021\/09\/27\/multiples-actividades-para-celebrar-el-dia-mundial-del-turismo-en-q-roo\/#breadcrumb\"},\"inLanguage\":\"es-MX\",\"potentialAction\":[{\"@type\":\"ReadAction\",\"target\":[\"https:\/\/nitu.mx\/index.php\/2021\/09\/27\/multiples-actividades-para-celebrar-el-dia-mundial-del-turismo-en-q-roo\/\"]}]},{\"@type\":\"ImageObject\",\"inLanguage\":\"es-MX\",\"@id\":\"https:\/\/nitu.mx\/index.php\/2021\/09\/27\/multiples-actividades-para-celebrar-el-dia-mundial-del-turismo-en-q-roo\/#primaryimage\",\"url\":\"https:\/\/nitu.mx\/wp-content\/uploads\/2021\/09\/SEDETUR-MTurismo-04.jpeg\",\"contentUrl\":\"https:\/\/nitu.mx\/wp-content\/uploads\/2021\/09\/SEDETUR-MTurismo-04.jpeg\",\"width\":960,\"height\":675},{\"@type\":\"BreadcrumbList\",\"@id\":\"https:\/\/nitu.mx\/index.php\/2021\/09\/27\/multiples-actividades-para-celebrar-el-dia-mundial-del-turismo-en-q-roo\/#breadcrumb\",\"itemListElement\":[{\"@type\":\"ListItem\",\"position\":1,\"name\":\"Inicio\",\"item\":\"https:\/\/nitu.mx\/\"},{\"@type\":\"ListItem\",\"position\":2,\"name\":\"M\u00faltiples actividades para celebrar el Dia Mundial del Turismo en Q.Roo\"}]},{\"@type\":\"WebSite\",\"@id\":\"https:\/\/nitu.mx\/#website\",\"url\":\"https:\/\/nitu.mx\/\",\"name\":\"Nitu - Noticias de la Industria Turistica\",\"description\":\"Noticias de la Industria Turistica\",\"publisher\":{\"@id\":\"https:\/\/nitu.mx\/#\/schema\/person\/ae7a53426417292d3dd07b45a33e01bc\"},\"alternateName\":\"Noticias de la Industria Turistica\",\"potentialAction\":[{\"@type\":\"SearchAction\",\"target\":{\"@type\":\"EntryPoint\",\"urlTemplate\":\"https:\/\/nitu.mx\/?s={search_term_string}\"},\"query-input\":\"required name=search_term_string\"}],\"inLanguage\":\"es-MX\"},{\"@type\":[\"Person\",\"Organization\"],\"@id\":\"https:\/\/nitu.mx\/#\/schema\/person\/ae7a53426417292d3dd07b45a33e01bc\",\"name\":\"Arturo Medina\",\"image\":{\"@type\":\"ImageObject\",\"inLanguage\":\"es-MX\",\"@id\":\"https:\/\/nitu.mx\/#\/schema\/person\/image\/\",\"url\":\"https:\/\/nitu.mx\/wp-content\/uploads\/2024\/04\/4A315622-1904-4D5C-B022-878CDC840E04-90x90-1.jpeg\",\"contentUrl\":\"https:\/\/nitu.mx\/wp-content\/uploads\/2024\/04\/4A315622-1904-4D5C-B022-878CDC840E04-90x90-1.jpeg\",\"width\":90,\"height\":90,\"caption\":\"Arturo Medina\"},\"logo\":{\"@id\":\"https:\/\/nitu.mx\/#\/schema\/person\/image\/\"},\"description\":\"Director NITU.mx, Egresado de la Escuela de Periodismo Carlos Septi\u00e9n Garc\u00eda. Periodista y analista especializado en turismo desde hace 35 a\u00f1os, radicado en Canc\u00fan Q.Roo. arturo@nitu.mx\",\"sameAs\":[\"https:\/\/nitu.mx\",\"https:\/\/www.facebook.com\/NITUmx\/\",\"medinacancun\",\"https:\/\/twitter.com\/@Arturo_Medina_G\"]},{\"@type\":\"Person\",\"@id\":\"https:\/\/nitu.mx\/#\/schema\/person\/4a28fe9bd65924f7c90623773daf1b0b\",\"name\":\"Redacci\u00f3n\",\"image\":{\"@type\":\"ImageObject\",\"inLanguage\":\"es-MX\",\"@id\":\"https:\/\/nitu.mx\/#\/schema\/person\/image\/\",\"url\":\"https:\/\/secure.gravatar.com\/avatar\/5dd011c8ccfc5cd7e4c81e42252aab38?s=96&d=mm&r=g\",\"contentUrl\":\"https:\/\/secure.gravatar.com\/avatar\/5dd011c8ccfc5cd7e4c81e42252aab38?s=96&d=mm&r=g\",\"caption\":\"Redacci\u00f3n\"},\"url\":\"https:\/\/nitu.mx\/index.php\/author\/redaccion\/\"}]}<\/script>\n<!-- \/ Yoast SEO plugin. -->","yoast_head_json":{"title":"M\u00faltiples actividades para celebrar el Dia Mundial del Turismo en Q.Roo - Nitu - Noticias de la Industria Turistica","robots":{"index":"index","follow":"follow","max-snippet":"max-snippet:-1","max-image-preview":"max-image-preview:large","max-video-preview":"max-video-preview:-1"},"canonical":"https:\/\/nitu.mx\/index.php\/2021\/09\/27\/multiples-actividades-para-celebrar-el-dia-mundial-del-turismo-en-q-roo\/","twitter_card":"summary_large_image","twitter_title":"M\u00faltiples actividades para celebrar el Dia Mundial del Turismo en Q.Roo - Nitu - Noticias de la Industria Turistica","twitter_description":"Con una serie de conferencias virtuales con expertos en diversos temas del turismo, Quintana Roo festej\u00f3 el D\u00eda Mundial del Turismo 2021 en el Caribe Mexicano. El programa fue organizado por la Secretaria de Turismo con actividades en modalidad virtual, siguiendo el motivo establecido por la Organizaci\u00f3n Mundial de Turismo, &#8220;No dejar a nadie atr\u00e1s&#8221;. [&hellip;]","twitter_image":"https:\/\/nitu.mx\/wp-content\/uploads\/2021\/09\/SEDETUR-MTurismo-04.jpeg","twitter_creator":"@NITUmx","twitter_site":"@Arturo_Medina_G","twitter_misc":{"Escrito por":"Redacci\u00f3n","Tiempo de lectura":"3 minutos"},"schema":{"@context":"https:\/\/schema.org","@graph":[{"@type":"Article","@id":"https:\/\/nitu.mx\/index.php\/2021\/09\/27\/multiples-actividades-para-celebrar-el-dia-mundial-del-turismo-en-q-roo\/#article","isPartOf":{"@id":"https:\/\/nitu.mx\/index.php\/2021\/09\/27\/multiples-actividades-para-celebrar-el-dia-mundial-del-turismo-en-q-roo\/"},"author":{"name":"Redacci\u00f3n","@id":"https:\/\/nitu.mx\/#\/schema\/person\/4a28fe9bd65924f7c90623773daf1b0b"},"headline":"M\u00faltiples actividades para celebrar el Dia Mundial del Turismo en Q.Roo","datePublished":"2021-09-28T03:27:48+00:00","dateModified":"2021-09-28T05:34:31+00:00","mainEntityOfPage":{"@id":"https:\/\/nitu.mx\/index.php\/2021\/09\/27\/multiples-actividades-para-celebrar-el-dia-mundial-del-turismo-en-q-roo\/"},"wordCount":684,"commentCount":0,"publisher":{"@id":"https:\/\/nitu.mx\/#\/schema\/person\/ae7a53426417292d3dd07b45a33e01bc"},"image":{"@id":"https:\/\/nitu.mx\/index.php\/2021\/09\/27\/multiples-actividades-para-celebrar-el-dia-mundial-del-turismo-en-q-roo\/#primaryimage"},"thumbnailUrl":"https:\/\/nitu.mx\/wp-content\/uploads\/2021\/09\/SEDETUR-MTurismo-04.jpeg","keywords":["Caribe mexicano","Carlos Joaqu\u00edn","Sedetur"],"articleSection":["Caribe Mexicano"],"inLanguage":"es-MX","potentialAction":[{"@type":"CommentAction","name":"Comment","target":["https:\/\/nitu.mx\/index.php\/2021\/09\/27\/multiples-actividades-para-celebrar-el-dia-mundial-del-turismo-en-q-roo\/#respond"]}]},{"@type":"WebPage","@id":"https:\/\/nitu.mx\/index.php\/2021\/09\/27\/multiples-actividades-para-celebrar-el-dia-mundial-del-turismo-en-q-roo\/","url":"https:\/\/nitu.mx\/index.php\/2021\/09\/27\/multiples-actividades-para-celebrar-el-dia-mundial-del-turismo-en-q-roo\/","name":"M\u00faltiples actividades para celebrar el Dia Mundial del Turismo en Q.Roo - Nitu - Noticias de la Industria Turistica","isPartOf":{"@id":"https:\/\/nitu.mx\/#website"},"primaryImageOfPage":{"@id":"https:\/\/nitu.mx\/index.php\/2021\/09\/27\/multiples-actividades-para-celebrar-el-dia-mundial-del-turismo-en-q-roo\/#primaryimage"},"image":{"@id":"https:\/\/nitu.mx\/index.php\/2021\/09\/27\/multiples-actividades-para-celebrar-el-dia-mundial-del-turismo-en-q-roo\/#primaryimage"},"thumbnailUrl":"https:\/\/nitu.mx\/wp-content\/uploads\/2021\/09\/SEDETUR-MTurismo-04.jpeg","datePublished":"2021-09-28T03:27:48+00:00","dateModified":"2021-09-28T05:34:31+00:00","breadcrumb":{"@id":"https:\/\/nitu.mx\/index.php\/2021\/09\/27\/multiples-actividades-para-celebrar-el-dia-mundial-del-turismo-en-q-roo\/#breadcrumb"},"inLanguage":"es-MX","potentialAction":[{"@type":"ReadAction","target":["https:\/\/nitu.mx\/index.php\/2021\/09\/27\/multiples-actividades-para-celebrar-el-dia-mundial-del-turismo-en-q-roo\/"]}]},{"@type":"ImageObject","inLanguage":"es-MX","@id":"https:\/\/nitu.mx\/index.php\/2021\/09\/27\/multiples-actividades-para-celebrar-el-dia-mundial-del-turismo-en-q-roo\/#primaryimage","url":"https:\/\/nitu.mx\/wp-content\/uploads\/2021\/09\/SEDETUR-MTurismo-04.jpeg","contentUrl":"https:\/\/nitu.mx\/wp-content\/uploads\/2021\/09\/SEDETUR-MTurismo-04.jpeg","width":960,"height":675},{"@type":"BreadcrumbList","@id":"https:\/\/nitu.mx\/index.php\/2021\/09\/27\/multiples-actividades-para-celebrar-el-dia-mundial-del-turismo-en-q-roo\/#breadcrumb","itemListElement":[{"@type":"ListItem","position":1,"name":"Inicio","item":"https:\/\/nitu.mx\/"},{"@type":"ListItem","position":2,"name":"M\u00faltiples actividades para celebrar el Dia Mundial del Turismo en Q.Roo"}]},{"@type":"WebSite","@id":"https:\/\/nitu.mx\/#website","url":"https:\/\/nitu.mx\/","name":"Nitu - Noticias de la Industria Turistica","description":"Noticias de la Industria Turistica","publisher":{"@id":"https:\/\/nitu.mx\/#\/schema\/person\/ae7a53426417292d3dd07b45a33e01bc"},"alternateName":"Noticias de la Industria Turistica","potentialAction":[{"@type":"SearchAction","target":{"@type":"EntryPoint","urlTemplate":"https:\/\/nitu.mx\/?s={search_term_string}"},"query-input":"required name=search_term_string"}],"inLanguage":"es-MX"},{"@type":["Person","Organization"],"@id":"https:\/\/nitu.mx\/#\/schema\/person\/ae7a53426417292d3dd07b45a33e01bc","name":"Arturo Medina","image":{"@type":"ImageObject","inLanguage":"es-MX","@id":"https:\/\/nitu.mx\/#\/schema\/person\/image\/","url":"https:\/\/nitu.mx\/wp-content\/uploads\/2024\/04\/4A315622-1904-4D5C-B022-878CDC840E04-90x90-1.jpeg","contentUrl":"https:\/\/nitu.mx\/wp-content\/uploads\/2024\/04\/4A315622-1904-4D5C-B022-878CDC840E04-90x90-1.jpeg","width":90,"height":90,"caption":"Arturo Medina"},"logo":{"@id":"https:\/\/nitu.mx\/#\/schema\/person\/image\/"},"description":"Director NITU.mx, Egresado de la Escuela de Periodismo Carlos Septi\u00e9n Garc\u00eda. Periodista y analista especializado en turismo desde hace 35 a\u00f1os, radicado en Canc\u00fan Q.Roo. arturo@nitu.mx","sameAs":["https:\/\/nitu.mx","https:\/\/www.facebook.com\/NITUmx\/","medinacancun","https:\/\/twitter.com\/@Arturo_Medina_G"]},{"@type":"Person","@id":"https:\/\/nitu.mx\/#\/schema\/person\/4a28fe9bd65924f7c90623773daf1b0b","name":"Redacci\u00f3n","image":{"@type":"ImageObject","inLanguage":"es-MX","@id":"https:\/\/nitu.mx\/#\/schema\/person\/image\/","url":"https:\/\/secure.gravatar.com\/avatar\/5dd011c8ccfc5cd7e4c81e42252aab38?s=96&d=mm&r=g","contentUrl":"https:\/\/secure.gravatar.com\/avatar\/5dd011c8ccfc5cd7e4c81e42252aab38?s=96&d=mm&r=g","caption":"Redacci\u00f3n"},"url":"https:\/\/nitu.mx\/index.php\/author\/redaccion\/"}]}},"views":239,"_links":{"self":[{"href":"https:\/\/nitu.mx\/index.php\/wp-json\/wp\/v2\/posts\/55533"}],"collection":[{"href":"https:\/\/nitu.mx\/index.php\/wp-json\/wp\/v2\/posts"}],"about":[{"href":"https:\/\/nitu.mx\/index.php\/wp-json\/wp\/v2\/types\/post"}],"author":[{"embeddable":true,"href":"https:\/\/nitu.mx\/index.php\/wp-json\/wp\/v2\/users\/17"}],"replies":[{"embeddable":true,"href":"https:\/\/nitu.mx\/index.php\/wp-json\/wp\/v2\/comments?post=55533"}],"version-history":[{"count":4,"href":"https:\/\/nitu.mx\/index.php\/wp-json\/wp\/v2\/posts\/55533\/revisions"}],"predecessor-version":[{"id":55548,"href":"https:\/\/nitu.mx\/index.php\/wp-json\/wp\/v2\/posts\/55533\/revisions\/55548"}],"wp:featuredmedia":[{"embeddable":true,"href":"https:\/\/nitu.mx\/index.php\/wp-json\/wp\/v2\/media\/55534"}],"wp:attachment":[{"href":"https:\/\/nitu.mx\/index.php\/wp-json\/wp\/v2\/media?parent=55533"}],"wp:term":[{"taxonomy":"category","embeddable":true,"href":"https:\/\/nitu.mx\/index.php\/wp-json\/wp\/v2\/categories?post=55533"},{"taxonomy":"post_tag","embeddable":true,"href":"https:\/\/nitu.mx\/index.php\/wp-json\/wp\/v2\/tags?post=55533"}],"curies":[{"name":"wp","href":"https:\/\/api.w.org\/{rel}","templated":true}]}}