{"id":55506,"date":"2021-09-26T20:32:55","date_gmt":"2021-09-27T01:32:55","guid":{"rendered":"https:\/\/www.dev.nitu.mx\/?p=55506"},"modified":"2021-09-27T00:31:32","modified_gmt":"2021-09-27T05:31:32","slug":"estrena-tulum-parador-fotografico-en-su-7o-ano-como-pueblo-magico","status":"publish","type":"post","link":"https:\/\/nitu.mx\/index.php\/2021\/09\/26\/estrena-tulum-parador-fotografico-en-su-7o-ano-como-pueblo-magico\/","title":{"rendered":"Estrena Tulum parador fotogr\u00e1fico en su 7o a\u00f1o como Pueblo M\u00e1gico"},"content":{"rendered":"<p>Para conmemorar el sexto aniversario de Tulum como Pueblo M\u00e1gico, el presidente municipal, V\u00edctor Mas Tah, devel\u00f3 las emblem\u00e1ticas letras con el nombre del municipio en la explanada frente al palacio municipal, como \u00edcono representativo de la cultura, tradiciones y riqueza natural de la regi\u00f3n<\/p>\n<p>\u201cEstas letras son un atractivo m\u00e1s para que los turistas y residentes puedan disfrutar de su visita y se lleven un recuerdo tom\u00e1ndose una fotograf\u00eda, tambi\u00e9n representan el orgullo de los tulumnenses por su municipio\u201d, apunt\u00f3 el edil, V\u00edctor Mas.<\/p>\n<p>El director general de Turismo,\u00a0Juan Jos\u00e9 El\u00edas Moguel, se\u00f1al\u00f3 que est\u00e1 obra fue realizada por el escultor Leonardo Nu\u00f1ez Mukul de manera gratuita como un regalo para los habitantes de Tulum, tambi\u00e9n se cont\u00f3 con la participaci\u00f3n del Comit\u00e9 Ciudadano de Pueblos M\u00e1gicos y el apoyo del sector empresarial. (<a title=\"Zonas arqueol\u00f3gicas de Tulum y Coba en la mira de FONATUR por Tren Maya\" href=\"https:\/\/www.dev.nitu.mx\/index.php\/2021\/09\/02\/zonas-arqueologicas-de-tulum-y-coba-en-la-mira-de-fonatur-por-tren-maya\/\" rel=\"bookmark\">Zonas arqueol\u00f3gicas de Tulum y Coba en la mira de FONATUR por Tren Maya<\/a>).<\/p>\n<p>De igual forma invit\u00f3 a la ciudadan\u00eda a participar en la primera edici\u00f3n del torneo anual de Voleibol de Sala este s\u00e1bado 25 y domingo 26 de septiembre en las localidades de Chanch\u00e9n Primero, Hondzonot y la cabecera municipal para conmemorar el aniversario de Tulum como Pueblo M\u00e1gico.<\/p>\n","protected":false},"excerpt":{"rendered":"<p>Para conmemorar el sexto aniversario de Tulum como Pueblo M\u00e1gico, el presidente municipal, V\u00edctor Mas Tah, devel\u00f3 las emblem\u00e1ticas letras con el nombre del municipio en la explanada frente al palacio municipal, como \u00edcono representativo de la cultura, tradiciones y riqueza natural de la regi\u00f3n \u201cEstas letras son un atractivo m\u00e1s para que los turistas [&hellip;]<\/p>\n","protected":false},"author":17,"featured_media":55507,"comment_status":"open","ping_status":"open","sticky":false,"template":"","format":"standard","meta":{"footnotes":""},"categories":[18475],"tags":[1761,390,14279],"yoast_head":"<!-- This site is optimized with the Yoast SEO plugin v22.2 - https:\/\/yoast.com\/wordpress\/plugins\/seo\/ -->\n<title>Estrena Tulum parador fotogr\u00e1fico en su 7o a\u00f1o como Pueblo M\u00e1gico - Nitu - Noticias de la Industria Turistica<\/title>\n<meta name=\"robots\" content=\"index, follow, max-snippet:-1, max-image-preview:large, max-video-preview:-1\" \/>\n<link rel=\"canonical\" href=\"https:\/\/nitu.mx\/index.php\/2021\/09\/26\/estrena-tulum-parador-fotografico-en-su-7o-ano-como-pueblo-magico\/\" \/>\n<meta name=\"twitter:card\" content=\"summary_large_image\" \/>\n<meta name=\"twitter:title\" content=\"Estrena Tulum parador fotogr\u00e1fico en su 7o a\u00f1o como Pueblo M\u00e1gico - Nitu - Noticias de la Industria Turistica\" \/>\n<meta name=\"twitter:description\" content=\"Para conmemorar el sexto aniversario de Tulum como Pueblo M\u00e1gico, el presidente municipal, V\u00edctor Mas Tah, devel\u00f3 las emblem\u00e1ticas letras con el nombre del municipio en la explanada frente al palacio municipal, como \u00edcono representativo de la cultura, tradiciones y riqueza natural de la regi\u00f3n \u201cEstas letras son un atractivo m\u00e1s para que los turistas [&hellip;]\" \/>\n<meta name=\"twitter:image\" content=\"https:\/\/nitu.mx\/wp-content\/uploads\/2021\/09\/letras-tulum.jpeg\" \/>\n<meta name=\"twitter:creator\" content=\"@NITUmx\" \/>\n<meta name=\"twitter:site\" content=\"@Arturo_Medina_G\" \/>\n<meta name=\"twitter:label1\" content=\"Escrito por\" \/>\n\t<meta name=\"twitter:data1\" content=\"Redacci\u00f3n\" \/>\n\t<meta name=\"twitter:label2\" content=\"Tiempo de lectura\" \/>\n\t<meta name=\"twitter:data2\" content=\"1 minuto\" \/>\n<script type=\"application\/ld+json\" class=\"yoast-schema-graph\">{\"@context\":\"https:\/\/schema.org\",\"@graph\":[{\"@type\":\"Article\",\"@id\":\"https:\/\/nitu.mx\/index.php\/2021\/09\/26\/estrena-tulum-parador-fotografico-en-su-7o-ano-como-pueblo-magico\/#article\",\"isPartOf\":{\"@id\":\"https:\/\/nitu.mx\/index.php\/2021\/09\/26\/estrena-tulum-parador-fotografico-en-su-7o-ano-como-pueblo-magico\/\"},\"author\":{\"name\":\"Redacci\u00f3n\",\"@id\":\"https:\/\/nitu.mx\/#\/schema\/person\/4a28fe9bd65924f7c90623773daf1b0b\"},\"headline\":\"Estrena Tulum parador fotogr\u00e1fico en su 7o a\u00f1o como Pueblo M\u00e1gico\",\"datePublished\":\"2021-09-27T01:32:55+00:00\",\"dateModified\":\"2021-09-27T05:31:32+00:00\",\"mainEntityOfPage\":{\"@id\":\"https:\/\/nitu.mx\/index.php\/2021\/09\/26\/estrena-tulum-parador-fotografico-en-su-7o-ano-como-pueblo-magico\/\"},\"wordCount\":230,\"commentCount\":0,\"publisher\":{\"@id\":\"https:\/\/nitu.mx\/#\/schema\/person\/ae7a53426417292d3dd07b45a33e01bc\"},\"image\":{\"@id\":\"https:\/\/nitu.mx\/index.php\/2021\/09\/26\/estrena-tulum-parador-fotografico-en-su-7o-ano-como-pueblo-magico\/#primaryimage\"},\"thumbnailUrl\":\"https:\/\/nitu.mx\/wp-content\/uploads\/2021\/09\/letras-tulum.jpeg\",\"keywords\":[\"Pueblo M\u00e1gico\",\"Tulum\",\"V\u00edctor Mas Tah\"],\"articleSection\":[\"Caribe Mexicano\"],\"inLanguage\":\"es-MX\",\"potentialAction\":[{\"@type\":\"CommentAction\",\"name\":\"Comment\",\"target\":[\"https:\/\/nitu.mx\/index.php\/2021\/09\/26\/estrena-tulum-parador-fotografico-en-su-7o-ano-como-pueblo-magico\/#respond\"]}]},{\"@type\":\"WebPage\",\"@id\":\"https:\/\/nitu.mx\/index.php\/2021\/09\/26\/estrena-tulum-parador-fotografico-en-su-7o-ano-como-pueblo-magico\/\",\"url\":\"https:\/\/nitu.mx\/index.php\/2021\/09\/26\/estrena-tulum-parador-fotografico-en-su-7o-ano-como-pueblo-magico\/\",\"name\":\"Estrena Tulum parador fotogr\u00e1fico en su 7o a\u00f1o como Pueblo M\u00e1gico - Nitu - Noticias de la Industria Turistica\",\"isPartOf\":{\"@id\":\"https:\/\/nitu.mx\/#website\"},\"primaryImageOfPage\":{\"@id\":\"https:\/\/nitu.mx\/index.php\/2021\/09\/26\/estrena-tulum-parador-fotografico-en-su-7o-ano-como-pueblo-magico\/#primaryimage\"},\"image\":{\"@id\":\"https:\/\/nitu.mx\/index.php\/2021\/09\/26\/estrena-tulum-parador-fotografico-en-su-7o-ano-como-pueblo-magico\/#primaryimage\"},\"thumbnailUrl\":\"https:\/\/nitu.mx\/wp-content\/uploads\/2021\/09\/letras-tulum.jpeg\",\"datePublished\":\"2021-09-27T01:32:55+00:00\",\"dateModified\":\"2021-09-27T05:31:32+00:00\",\"breadcrumb\":{\"@id\":\"https:\/\/nitu.mx\/index.php\/2021\/09\/26\/estrena-tulum-parador-fotografico-en-su-7o-ano-como-pueblo-magico\/#breadcrumb\"},\"inLanguage\":\"es-MX\",\"potentialAction\":[{\"@type\":\"ReadAction\",\"target\":[\"https:\/\/nitu.mx\/index.php\/2021\/09\/26\/estrena-tulum-parador-fotografico-en-su-7o-ano-como-pueblo-magico\/\"]}]},{\"@type\":\"ImageObject\",\"inLanguage\":\"es-MX\",\"@id\":\"https:\/\/nitu.mx\/index.php\/2021\/09\/26\/estrena-tulum-parador-fotografico-en-su-7o-ano-como-pueblo-magico\/#primaryimage\",\"url\":\"https:\/\/nitu.mx\/wp-content\/uploads\/2021\/09\/letras-tulum.jpeg\",\"contentUrl\":\"https:\/\/nitu.mx\/wp-content\/uploads\/2021\/09\/letras-tulum.jpeg\",\"width\":696,\"height\":464},{\"@type\":\"BreadcrumbList\",\"@id\":\"https:\/\/nitu.mx\/index.php\/2021\/09\/26\/estrena-tulum-parador-fotografico-en-su-7o-ano-como-pueblo-magico\/#breadcrumb\",\"itemListElement\":[{\"@type\":\"ListItem\",\"position\":1,\"name\":\"Inicio\",\"item\":\"https:\/\/nitu.mx\/\"},{\"@type\":\"ListItem\",\"position\":2,\"name\":\"Estrena Tulum parador fotogr\u00e1fico en su 7o a\u00f1o como Pueblo M\u00e1gico\"}]},{\"@type\":\"WebSite\",\"@id\":\"https:\/\/nitu.mx\/#website\",\"url\":\"https:\/\/nitu.mx\/\",\"name\":\"Nitu - Noticias de la Industria Turistica\",\"description\":\"Noticias de la Industria Turistica\",\"publisher\":{\"@id\":\"https:\/\/nitu.mx\/#\/schema\/person\/ae7a53426417292d3dd07b45a33e01bc\"},\"alternateName\":\"Noticias de la Industria Turistica\",\"potentialAction\":[{\"@type\":\"SearchAction\",\"target\":{\"@type\":\"EntryPoint\",\"urlTemplate\":\"https:\/\/nitu.mx\/?s={search_term_string}\"},\"query-input\":\"required name=search_term_string\"}],\"inLanguage\":\"es-MX\"},{\"@type\":[\"Person\",\"Organization\"],\"@id\":\"https:\/\/nitu.mx\/#\/schema\/person\/ae7a53426417292d3dd07b45a33e01bc\",\"name\":\"Arturo Medina\",\"image\":{\"@type\":\"ImageObject\",\"inLanguage\":\"es-MX\",\"@id\":\"https:\/\/nitu.mx\/#\/schema\/person\/image\/\",\"url\":\"https:\/\/nitu.mx\/wp-content\/uploads\/2024\/04\/4A315622-1904-4D5C-B022-878CDC840E04-90x90-1.jpeg\",\"contentUrl\":\"https:\/\/nitu.mx\/wp-content\/uploads\/2024\/04\/4A315622-1904-4D5C-B022-878CDC840E04-90x90-1.jpeg\",\"width\":90,\"height\":90,\"caption\":\"Arturo Medina\"},\"logo\":{\"@id\":\"https:\/\/nitu.mx\/#\/schema\/person\/image\/\"},\"description\":\"Director NITU.mx, Egresado de la Escuela de Periodismo Carlos Septi\u00e9n Garc\u00eda. Periodista y analista especializado en turismo desde hace 35 a\u00f1os, radicado en Canc\u00fan Q.Roo. arturo@nitu.mx\",\"sameAs\":[\"https:\/\/nitu.mx\",\"https:\/\/www.facebook.com\/NITUmx\/\",\"medinacancun\",\"https:\/\/twitter.com\/@Arturo_Medina_G\"]},{\"@type\":\"Person\",\"@id\":\"https:\/\/nitu.mx\/#\/schema\/person\/4a28fe9bd65924f7c90623773daf1b0b\",\"name\":\"Redacci\u00f3n\",\"image\":{\"@type\":\"ImageObject\",\"inLanguage\":\"es-MX\",\"@id\":\"https:\/\/nitu.mx\/#\/schema\/person\/image\/\",\"url\":\"https:\/\/secure.gravatar.com\/avatar\/5dd011c8ccfc5cd7e4c81e42252aab38?s=96&d=mm&r=g\",\"contentUrl\":\"https:\/\/secure.gravatar.com\/avatar\/5dd011c8ccfc5cd7e4c81e42252aab38?s=96&d=mm&r=g\",\"caption\":\"Redacci\u00f3n\"},\"url\":\"https:\/\/nitu.mx\/index.php\/author\/redaccion\/\"}]}<\/script>\n<!-- \/ Yoast SEO plugin. -->","yoast_head_json":{"title":"Estrena Tulum parador fotogr\u00e1fico en su 7o a\u00f1o como Pueblo M\u00e1gico - Nitu - Noticias de la Industria Turistica","robots":{"index":"index","follow":"follow","max-snippet":"max-snippet:-1","max-image-preview":"max-image-preview:large","max-video-preview":"max-video-preview:-1"},"canonical":"https:\/\/nitu.mx\/index.php\/2021\/09\/26\/estrena-tulum-parador-fotografico-en-su-7o-ano-como-pueblo-magico\/","twitter_card":"summary_large_image","twitter_title":"Estrena Tulum parador fotogr\u00e1fico en su 7o a\u00f1o como Pueblo M\u00e1gico - Nitu - Noticias de la Industria Turistica","twitter_description":"Para conmemorar el sexto aniversario de Tulum como Pueblo M\u00e1gico, el presidente municipal, V\u00edctor Mas Tah, devel\u00f3 las emblem\u00e1ticas letras con el nombre del municipio en la explanada frente al palacio municipal, como \u00edcono representativo de la cultura, tradiciones y riqueza natural de la regi\u00f3n \u201cEstas letras son un atractivo m\u00e1s para que los turistas [&hellip;]","twitter_image":"https:\/\/nitu.mx\/wp-content\/uploads\/2021\/09\/letras-tulum.jpeg","twitter_creator":"@NITUmx","twitter_site":"@Arturo_Medina_G","twitter_misc":{"Escrito por":"Redacci\u00f3n","Tiempo de lectura":"1 minuto"},"schema":{"@context":"https:\/\/schema.org","@graph":[{"@type":"Article","@id":"https:\/\/nitu.mx\/index.php\/2021\/09\/26\/estrena-tulum-parador-fotografico-en-su-7o-ano-como-pueblo-magico\/#article","isPartOf":{"@id":"https:\/\/nitu.mx\/index.php\/2021\/09\/26\/estrena-tulum-parador-fotografico-en-su-7o-ano-como-pueblo-magico\/"},"author":{"name":"Redacci\u00f3n","@id":"https:\/\/nitu.mx\/#\/schema\/person\/4a28fe9bd65924f7c90623773daf1b0b"},"headline":"Estrena Tulum parador fotogr\u00e1fico en su 7o a\u00f1o como Pueblo M\u00e1gico","datePublished":"2021-09-27T01:32:55+00:00","dateModified":"2021-09-27T05:31:32+00:00","mainEntityOfPage":{"@id":"https:\/\/nitu.mx\/index.php\/2021\/09\/26\/estrena-tulum-parador-fotografico-en-su-7o-ano-como-pueblo-magico\/"},"wordCount":230,"commentCount":0,"publisher":{"@id":"https:\/\/nitu.mx\/#\/schema\/person\/ae7a53426417292d3dd07b45a33e01bc"},"image":{"@id":"https:\/\/nitu.mx\/index.php\/2021\/09\/26\/estrena-tulum-parador-fotografico-en-su-7o-ano-como-pueblo-magico\/#primaryimage"},"thumbnailUrl":"https:\/\/nitu.mx\/wp-content\/uploads\/2021\/09\/letras-tulum.jpeg","keywords":["Pueblo M\u00e1gico","Tulum","V\u00edctor Mas Tah"],"articleSection":["Caribe Mexicano"],"inLanguage":"es-MX","potentialAction":[{"@type":"CommentAction","name":"Comment","target":["https:\/\/nitu.mx\/index.php\/2021\/09\/26\/estrena-tulum-parador-fotografico-en-su-7o-ano-como-pueblo-magico\/#respond"]}]},{"@type":"WebPage","@id":"https:\/\/nitu.mx\/index.php\/2021\/09\/26\/estrena-tulum-parador-fotografico-en-su-7o-ano-como-pueblo-magico\/","url":"https:\/\/nitu.mx\/index.php\/2021\/09\/26\/estrena-tulum-parador-fotografico-en-su-7o-ano-como-pueblo-magico\/","name":"Estrena Tulum parador fotogr\u00e1fico en su 7o a\u00f1o como Pueblo M\u00e1gico - Nitu - Noticias de la Industria Turistica","isPartOf":{"@id":"https:\/\/nitu.mx\/#website"},"primaryImageOfPage":{"@id":"https:\/\/nitu.mx\/index.php\/2021\/09\/26\/estrena-tulum-parador-fotografico-en-su-7o-ano-como-pueblo-magico\/#primaryimage"},"image":{"@id":"https:\/\/nitu.mx\/index.php\/2021\/09\/26\/estrena-tulum-parador-fotografico-en-su-7o-ano-como-pueblo-magico\/#primaryimage"},"thumbnailUrl":"https:\/\/nitu.mx\/wp-content\/uploads\/2021\/09\/letras-tulum.jpeg","datePublished":"2021-09-27T01:32:55+00:00","dateModified":"2021-09-27T05:31:32+00:00","breadcrumb":{"@id":"https:\/\/nitu.mx\/index.php\/2021\/09\/26\/estrena-tulum-parador-fotografico-en-su-7o-ano-como-pueblo-magico\/#breadcrumb"},"inLanguage":"es-MX","potentialAction":[{"@type":"ReadAction","target":["https:\/\/nitu.mx\/index.php\/2021\/09\/26\/estrena-tulum-parador-fotografico-en-su-7o-ano-como-pueblo-magico\/"]}]},{"@type":"ImageObject","inLanguage":"es-MX","@id":"https:\/\/nitu.mx\/index.php\/2021\/09\/26\/estrena-tulum-parador-fotografico-en-su-7o-ano-como-pueblo-magico\/#primaryimage","url":"https:\/\/nitu.mx\/wp-content\/uploads\/2021\/09\/letras-tulum.jpeg","contentUrl":"https:\/\/nitu.mx\/wp-content\/uploads\/2021\/09\/letras-tulum.jpeg","width":696,"height":464},{"@type":"BreadcrumbList","@id":"https:\/\/nitu.mx\/index.php\/2021\/09\/26\/estrena-tulum-parador-fotografico-en-su-7o-ano-como-pueblo-magico\/#breadcrumb","itemListElement":[{"@type":"ListItem","position":1,"name":"Inicio","item":"https:\/\/nitu.mx\/"},{"@type":"ListItem","position":2,"name":"Estrena Tulum parador fotogr\u00e1fico en su 7o a\u00f1o como Pueblo M\u00e1gico"}]},{"@type":"WebSite","@id":"https:\/\/nitu.mx\/#website","url":"https:\/\/nitu.mx\/","name":"Nitu - Noticias de la Industria Turistica","description":"Noticias de la Industria Turistica","publisher":{"@id":"https:\/\/nitu.mx\/#\/schema\/person\/ae7a53426417292d3dd07b45a33e01bc"},"alternateName":"Noticias de la Industria Turistica","potentialAction":[{"@type":"SearchAction","target":{"@type":"EntryPoint","urlTemplate":"https:\/\/nitu.mx\/?s={search_term_string}"},"query-input":"required name=search_term_string"}],"inLanguage":"es-MX"},{"@type":["Person","Organization"],"@id":"https:\/\/nitu.mx\/#\/schema\/person\/ae7a53426417292d3dd07b45a33e01bc","name":"Arturo Medina","image":{"@type":"ImageObject","inLanguage":"es-MX","@id":"https:\/\/nitu.mx\/#\/schema\/person\/image\/","url":"https:\/\/nitu.mx\/wp-content\/uploads\/2024\/04\/4A315622-1904-4D5C-B022-878CDC840E04-90x90-1.jpeg","contentUrl":"https:\/\/nitu.mx\/wp-content\/uploads\/2024\/04\/4A315622-1904-4D5C-B022-878CDC840E04-90x90-1.jpeg","width":90,"height":90,"caption":"Arturo Medina"},"logo":{"@id":"https:\/\/nitu.mx\/#\/schema\/person\/image\/"},"description":"Director NITU.mx, Egresado de la Escuela de Periodismo Carlos Septi\u00e9n Garc\u00eda. Periodista y analista especializado en turismo desde hace 35 a\u00f1os, radicado en Canc\u00fan Q.Roo. arturo@nitu.mx","sameAs":["https:\/\/nitu.mx","https:\/\/www.facebook.com\/NITUmx\/","medinacancun","https:\/\/twitter.com\/@Arturo_Medina_G"]},{"@type":"Person","@id":"https:\/\/nitu.mx\/#\/schema\/person\/4a28fe9bd65924f7c90623773daf1b0b","name":"Redacci\u00f3n","image":{"@type":"ImageObject","inLanguage":"es-MX","@id":"https:\/\/nitu.mx\/#\/schema\/person\/image\/","url":"https:\/\/secure.gravatar.com\/avatar\/5dd011c8ccfc5cd7e4c81e42252aab38?s=96&d=mm&r=g","contentUrl":"https:\/\/secure.gravatar.com\/avatar\/5dd011c8ccfc5cd7e4c81e42252aab38?s=96&d=mm&r=g","caption":"Redacci\u00f3n"},"url":"https:\/\/nitu.mx\/index.php\/author\/redaccion\/"}]}},"views":495,"_links":{"self":[{"href":"https:\/\/nitu.mx\/index.php\/wp-json\/wp\/v2\/posts\/55506"}],"collection":[{"href":"https:\/\/nitu.mx\/index.php\/wp-json\/wp\/v2\/posts"}],"about":[{"href":"https:\/\/nitu.mx\/index.php\/wp-json\/wp\/v2\/types\/post"}],"author":[{"embeddable":true,"href":"https:\/\/nitu.mx\/index.php\/wp-json\/wp\/v2\/users\/17"}],"replies":[{"embeddable":true,"href":"https:\/\/nitu.mx\/index.php\/wp-json\/wp\/v2\/comments?post=55506"}],"version-history":[{"count":3,"href":"https:\/\/nitu.mx\/index.php\/wp-json\/wp\/v2\/posts\/55506\/revisions"}],"predecessor-version":[{"id":55515,"href":"https:\/\/nitu.mx\/index.php\/wp-json\/wp\/v2\/posts\/55506\/revisions\/55515"}],"wp:featuredmedia":[{"embeddable":true,"href":"https:\/\/nitu.mx\/index.php\/wp-json\/wp\/v2\/media\/55507"}],"wp:attachment":[{"href":"https:\/\/nitu.mx\/index.php\/wp-json\/wp\/v2\/media?parent=55506"}],"wp:term":[{"taxonomy":"category","embeddable":true,"href":"https:\/\/nitu.mx\/index.php\/wp-json\/wp\/v2\/categories?post=55506"},{"taxonomy":"post_tag","embeddable":true,"href":"https:\/\/nitu.mx\/index.php\/wp-json\/wp\/v2\/tags?post=55506"}],"curies":[{"name":"wp","href":"https:\/\/api.w.org\/{rel}","templated":true}]}}