{"id":55318,"date":"2021-09-16T23:26:05","date_gmt":"2021-09-17T04:26:05","guid":{"rendered":"https:\/\/www.dev.nitu.mx\/?p=55318"},"modified":"2021-09-16T23:28:26","modified_gmt":"2021-09-17T04:28:26","slug":"caribe-mexicano-terminaria-2020-30-abajo-de-2019","status":"publish","type":"post","link":"https:\/\/nitu.mx\/index.php\/2021\/09\/16\/caribe-mexicano-terminaria-2020-30-abajo-de-2019\/","title":{"rendered":"Caribe Mexicano terminar\u00eda 2020 30% abajo de 2019"},"content":{"rendered":"<p>El encargado de despacho de la Secretar\u00eda de Turismo estatal, Andr\u00e9s Aguilar Becerril, expuso que se espera que Quintana Roo cierre el a\u00f1o con alrededor de 12 millones de turistas de pernocta, a lo cual se le deber\u00e1 sumar el n\u00famero de turistas de cruceros, cuyo volumen a\u00fan no puede estimarse.<\/p>\n<p>Record\u00f3 que en el 2019, antes de la pandemia, la entidad cerr\u00f3 con 22 millones de turistas, incluidos los 5.5 millones de visitantes de cruceros, los cuales en su conjunto dejaron una derrama de 14,000 millones de d\u00f3lares.<\/p>\n<p>Para el 2021 se espera que la derrama se sit\u00fae a\u00fan en 25 o 30% por debajo de lo registrado en el 2019, pero 100% por arriba de los n\u00fameros del 2020, lo cual habla de una relativa r\u00e1pida recuperaci\u00f3n respecto del desplome total que se vivi\u00f3 el a\u00f1o pasado, pero a\u00fan por debajo de los n\u00fameros previos a la crisis sanitaria, expuso<\/p>\n<p>Sin embargo, coment\u00f3 que el cierre de a\u00f1o pinta positivo, pues tan s\u00f3lo para este mes de septiembre en los tres aeropuertos internacionales de la entidad (Chetumal, Cozumel y Canc\u00fan) se tienen programados m\u00e1s de 1 mill\u00f3n de asientos de avi\u00f3n en vuelos de llegada, lo cual es 21% a la oferta de asientos de avi\u00f3n que se report\u00f3 en el 2019, es decir, que al menos en ese rubro hay una recuperaci\u00f3n total para Quintana Roo.<\/p>\n<div class=\"banner-box md-hide lg-hide\">\n<p>Adelant\u00f3 que esta oferta de vuelos permitir\u00e1 que Canc\u00fan y la Riviera Maya se mantengan durante septiembre y octubre por arriba de 50% de ocupaci\u00f3n hotelera, con la reanudaci\u00f3n de vuelos de Canad\u00e1 este mismo mes, con lo cual se esperan casi 200,000 turistas de ese pa\u00eds en lo que resta del a\u00f1o.<\/p>\n<p>A ello se sumar\u00e1 en noviembre pr\u00f3ximo el vuelo Estambul-Canc\u00fan operado por Turkish Airlines, con cinco vuelos a la semana; adem\u00e1s, se espera la confirmaci\u00f3n en pr\u00f3ximos d\u00edas del vuelo Kiev-Canc\u00fan, de Ukraine International Airlines con un n\u00famero de frecuencias semanales a\u00fan por determinarse.<\/p>\n<p>Aguilar Becerril coment\u00f3 que Cozumel tendr\u00e1 eventos deportivos como el Iron Man, que permitir\u00e1n mantener buena afluencia tur\u00edstica en los pr\u00f3ximos d\u00edas.<\/p>\n<p>Mientras que en el caso de Mahahual, el funcionario adelant\u00f3 que ya ha recibido 20 cruceros desde el pasado mes de junio en que se reactiv\u00f3 esta industria y para lo que resta de septiembre tiene programados otros 20 atraques.<\/p>\n<\/div>\n","protected":false},"excerpt":{"rendered":"<p>El encargado de despacho de la Secretar\u00eda de Turismo estatal, Andr\u00e9s Aguilar Becerril, expuso que se espera que Quintana Roo cierre el a\u00f1o con alrededor de 12 millones de turistas de pernocta, a lo cual se le deber\u00e1 sumar el n\u00famero de turistas de cruceros, cuyo volumen a\u00fan no puede estimarse. Record\u00f3 que en el [&hellip;]<\/p>\n","protected":false},"author":2,"featured_media":55323,"comment_status":"open","ping_status":"open","sticky":false,"template":"","format":"standard","meta":{"footnotes":""},"categories":[18475],"tags":[83,110,111],"yoast_head":"<!-- This site is optimized with the Yoast SEO plugin v22.2 - https:\/\/yoast.com\/wordpress\/plugins\/seo\/ -->\n<title>Caribe Mexicano terminar\u00eda 2020 30% abajo de 2019 - Nitu - Noticias de la Industria Turistica<\/title>\n<meta name=\"robots\" content=\"index, follow, max-snippet:-1, max-image-preview:large, max-video-preview:-1\" \/>\n<link rel=\"canonical\" href=\"https:\/\/nitu.mx\/index.php\/2021\/09\/16\/caribe-mexicano-terminaria-2020-30-abajo-de-2019\/\" \/>\n<meta name=\"twitter:card\" content=\"summary_large_image\" \/>\n<meta name=\"twitter:title\" content=\"Caribe Mexicano terminar\u00eda 2020 30% abajo de 2019 - Nitu - Noticias de la Industria Turistica\" \/>\n<meta name=\"twitter:description\" content=\"El encargado de despacho de la Secretar\u00eda de Turismo estatal, Andr\u00e9s Aguilar Becerril, expuso que se espera que Quintana Roo cierre el a\u00f1o con alrededor de 12 millones de turistas de pernocta, a lo cual se le deber\u00e1 sumar el n\u00famero de turistas de cruceros, cuyo volumen a\u00fan no puede estimarse. Record\u00f3 que en el [&hellip;]\" \/>\n<meta name=\"twitter:image\" content=\"https:\/\/nitu.mx\/wp-content\/uploads\/2021\/09\/8BC16AE5-A5B2-4D11-9F38-B753C826484E.jpeg\" \/>\n<meta name=\"twitter:creator\" content=\"@Arturo_Medina_G\" \/>\n<meta name=\"twitter:site\" content=\"@Arturo_Medina_G\" \/>\n<meta name=\"twitter:label1\" content=\"Escrito por\" \/>\n\t<meta name=\"twitter:data1\" content=\"Arturo Medina\" \/>\n\t<meta name=\"twitter:label2\" content=\"Tiempo de lectura\" \/>\n\t<meta name=\"twitter:data2\" content=\"2 minutos\" \/>\n<script type=\"application\/ld+json\" class=\"yoast-schema-graph\">{\"@context\":\"https:\/\/schema.org\",\"@graph\":[{\"@type\":\"Article\",\"@id\":\"https:\/\/nitu.mx\/index.php\/2021\/09\/16\/caribe-mexicano-terminaria-2020-30-abajo-de-2019\/#article\",\"isPartOf\":{\"@id\":\"https:\/\/nitu.mx\/index.php\/2021\/09\/16\/caribe-mexicano-terminaria-2020-30-abajo-de-2019\/\"},\"author\":{\"name\":\"Arturo Medina\",\"@id\":\"https:\/\/nitu.mx\/#\/schema\/person\/ae7a53426417292d3dd07b45a33e01bc\"},\"headline\":\"Caribe Mexicano terminar\u00eda 2020 30% abajo de 2019\",\"datePublished\":\"2021-09-17T04:26:05+00:00\",\"dateModified\":\"2021-09-17T04:28:26+00:00\",\"mainEntityOfPage\":{\"@id\":\"https:\/\/nitu.mx\/index.php\/2021\/09\/16\/caribe-mexicano-terminaria-2020-30-abajo-de-2019\/\"},\"wordCount\":416,\"commentCount\":0,\"publisher\":{\"@id\":\"https:\/\/nitu.mx\/#\/schema\/person\/ae7a53426417292d3dd07b45a33e01bc\"},\"image\":{\"@id\":\"https:\/\/nitu.mx\/index.php\/2021\/09\/16\/caribe-mexicano-terminaria-2020-30-abajo-de-2019\/#primaryimage\"},\"thumbnailUrl\":\"https:\/\/nitu.mx\/wp-content\/uploads\/2021\/09\/8BC16AE5-A5B2-4D11-9F38-B753C826484E.jpeg\",\"keywords\":[\"Caribe mexicano\",\"Cozumel\",\"Mahahual\"],\"articleSection\":[\"Caribe Mexicano\"],\"inLanguage\":\"es-MX\",\"potentialAction\":[{\"@type\":\"CommentAction\",\"name\":\"Comment\",\"target\":[\"https:\/\/nitu.mx\/index.php\/2021\/09\/16\/caribe-mexicano-terminaria-2020-30-abajo-de-2019\/#respond\"]}]},{\"@type\":\"WebPage\",\"@id\":\"https:\/\/nitu.mx\/index.php\/2021\/09\/16\/caribe-mexicano-terminaria-2020-30-abajo-de-2019\/\",\"url\":\"https:\/\/nitu.mx\/index.php\/2021\/09\/16\/caribe-mexicano-terminaria-2020-30-abajo-de-2019\/\",\"name\":\"Caribe Mexicano terminar\u00eda 2020 30% abajo de 2019 - Nitu - Noticias de la Industria Turistica\",\"isPartOf\":{\"@id\":\"https:\/\/nitu.mx\/#website\"},\"primaryImageOfPage\":{\"@id\":\"https:\/\/nitu.mx\/index.php\/2021\/09\/16\/caribe-mexicano-terminaria-2020-30-abajo-de-2019\/#primaryimage\"},\"image\":{\"@id\":\"https:\/\/nitu.mx\/index.php\/2021\/09\/16\/caribe-mexicano-terminaria-2020-30-abajo-de-2019\/#primaryimage\"},\"thumbnailUrl\":\"https:\/\/nitu.mx\/wp-content\/uploads\/2021\/09\/8BC16AE5-A5B2-4D11-9F38-B753C826484E.jpeg\",\"datePublished\":\"2021-09-17T04:26:05+00:00\",\"dateModified\":\"2021-09-17T04:28:26+00:00\",\"breadcrumb\":{\"@id\":\"https:\/\/nitu.mx\/index.php\/2021\/09\/16\/caribe-mexicano-terminaria-2020-30-abajo-de-2019\/#breadcrumb\"},\"inLanguage\":\"es-MX\",\"potentialAction\":[{\"@type\":\"ReadAction\",\"target\":[\"https:\/\/nitu.mx\/index.php\/2021\/09\/16\/caribe-mexicano-terminaria-2020-30-abajo-de-2019\/\"]}]},{\"@type\":\"ImageObject\",\"inLanguage\":\"es-MX\",\"@id\":\"https:\/\/nitu.mx\/index.php\/2021\/09\/16\/caribe-mexicano-terminaria-2020-30-abajo-de-2019\/#primaryimage\",\"url\":\"https:\/\/nitu.mx\/wp-content\/uploads\/2021\/09\/8BC16AE5-A5B2-4D11-9F38-B753C826484E.jpeg\",\"contentUrl\":\"https:\/\/nitu.mx\/wp-content\/uploads\/2021\/09\/8BC16AE5-A5B2-4D11-9F38-B753C826484E.jpeg\",\"width\":2048,\"height\":1536},{\"@type\":\"BreadcrumbList\",\"@id\":\"https:\/\/nitu.mx\/index.php\/2021\/09\/16\/caribe-mexicano-terminaria-2020-30-abajo-de-2019\/#breadcrumb\",\"itemListElement\":[{\"@type\":\"ListItem\",\"position\":1,\"name\":\"Inicio\",\"item\":\"https:\/\/nitu.mx\/\"},{\"@type\":\"ListItem\",\"position\":2,\"name\":\"Caribe Mexicano terminar\u00eda 2020 30% abajo de 2019\"}]},{\"@type\":\"WebSite\",\"@id\":\"https:\/\/nitu.mx\/#website\",\"url\":\"https:\/\/nitu.mx\/\",\"name\":\"Nitu - Noticias de la Industria Turistica\",\"description\":\"Noticias de la Industria Turistica\",\"publisher\":{\"@id\":\"https:\/\/nitu.mx\/#\/schema\/person\/ae7a53426417292d3dd07b45a33e01bc\"},\"alternateName\":\"Noticias de la Industria Turistica\",\"potentialAction\":[{\"@type\":\"SearchAction\",\"target\":{\"@type\":\"EntryPoint\",\"urlTemplate\":\"https:\/\/nitu.mx\/?s={search_term_string}\"},\"query-input\":\"required name=search_term_string\"}],\"inLanguage\":\"es-MX\"},{\"@type\":[\"Person\",\"Organization\"],\"@id\":\"https:\/\/nitu.mx\/#\/schema\/person\/ae7a53426417292d3dd07b45a33e01bc\",\"name\":\"Arturo Medina\",\"image\":{\"@type\":\"ImageObject\",\"inLanguage\":\"es-MX\",\"@id\":\"https:\/\/nitu.mx\/#\/schema\/person\/image\/\",\"url\":\"https:\/\/nitu.mx\/wp-content\/uploads\/2024\/04\/4A315622-1904-4D5C-B022-878CDC840E04-90x90-1.jpeg\",\"contentUrl\":\"https:\/\/nitu.mx\/wp-content\/uploads\/2024\/04\/4A315622-1904-4D5C-B022-878CDC840E04-90x90-1.jpeg\",\"width\":90,\"height\":90,\"caption\":\"Arturo Medina\"},\"logo\":{\"@id\":\"https:\/\/nitu.mx\/#\/schema\/person\/image\/\"},\"description\":\"Director NITU.mx, Egresado de la Escuela de Periodismo Carlos Septi\u00e9n Garc\u00eda. Periodista y analista especializado en turismo desde hace 35 a\u00f1os, radicado en Canc\u00fan Q.Roo. arturo@nitu.mx\",\"sameAs\":[\"https:\/\/nitu.mx\",\"https:\/\/www.facebook.com\/NITUmx\/\",\"medinacancun\",\"https:\/\/twitter.com\/@Arturo_Medina_G\"],\"url\":\"https:\/\/nitu.mx\/index.php\/author\/arturo-medina\/\"}]}<\/script>\n<!-- \/ Yoast SEO plugin. -->","yoast_head_json":{"title":"Caribe Mexicano terminar\u00eda 2020 30% abajo de 2019 - Nitu - Noticias de la Industria Turistica","robots":{"index":"index","follow":"follow","max-snippet":"max-snippet:-1","max-image-preview":"max-image-preview:large","max-video-preview":"max-video-preview:-1"},"canonical":"https:\/\/nitu.mx\/index.php\/2021\/09\/16\/caribe-mexicano-terminaria-2020-30-abajo-de-2019\/","twitter_card":"summary_large_image","twitter_title":"Caribe Mexicano terminar\u00eda 2020 30% abajo de 2019 - Nitu - Noticias de la Industria Turistica","twitter_description":"El encargado de despacho de la Secretar\u00eda de Turismo estatal, Andr\u00e9s Aguilar Becerril, expuso que se espera que Quintana Roo cierre el a\u00f1o con alrededor de 12 millones de turistas de pernocta, a lo cual se le deber\u00e1 sumar el n\u00famero de turistas de cruceros, cuyo volumen a\u00fan no puede estimarse. Record\u00f3 que en el [&hellip;]","twitter_image":"https:\/\/nitu.mx\/wp-content\/uploads\/2021\/09\/8BC16AE5-A5B2-4D11-9F38-B753C826484E.jpeg","twitter_creator":"@Arturo_Medina_G","twitter_site":"@Arturo_Medina_G","twitter_misc":{"Escrito por":"Arturo Medina","Tiempo de lectura":"2 minutos"},"schema":{"@context":"https:\/\/schema.org","@graph":[{"@type":"Article","@id":"https:\/\/nitu.mx\/index.php\/2021\/09\/16\/caribe-mexicano-terminaria-2020-30-abajo-de-2019\/#article","isPartOf":{"@id":"https:\/\/nitu.mx\/index.php\/2021\/09\/16\/caribe-mexicano-terminaria-2020-30-abajo-de-2019\/"},"author":{"name":"Arturo Medina","@id":"https:\/\/nitu.mx\/#\/schema\/person\/ae7a53426417292d3dd07b45a33e01bc"},"headline":"Caribe Mexicano terminar\u00eda 2020 30% abajo de 2019","datePublished":"2021-09-17T04:26:05+00:00","dateModified":"2021-09-17T04:28:26+00:00","mainEntityOfPage":{"@id":"https:\/\/nitu.mx\/index.php\/2021\/09\/16\/caribe-mexicano-terminaria-2020-30-abajo-de-2019\/"},"wordCount":416,"commentCount":0,"publisher":{"@id":"https:\/\/nitu.mx\/#\/schema\/person\/ae7a53426417292d3dd07b45a33e01bc"},"image":{"@id":"https:\/\/nitu.mx\/index.php\/2021\/09\/16\/caribe-mexicano-terminaria-2020-30-abajo-de-2019\/#primaryimage"},"thumbnailUrl":"https:\/\/nitu.mx\/wp-content\/uploads\/2021\/09\/8BC16AE5-A5B2-4D11-9F38-B753C826484E.jpeg","keywords":["Caribe mexicano","Cozumel","Mahahual"],"articleSection":["Caribe Mexicano"],"inLanguage":"es-MX","potentialAction":[{"@type":"CommentAction","name":"Comment","target":["https:\/\/nitu.mx\/index.php\/2021\/09\/16\/caribe-mexicano-terminaria-2020-30-abajo-de-2019\/#respond"]}]},{"@type":"WebPage","@id":"https:\/\/nitu.mx\/index.php\/2021\/09\/16\/caribe-mexicano-terminaria-2020-30-abajo-de-2019\/","url":"https:\/\/nitu.mx\/index.php\/2021\/09\/16\/caribe-mexicano-terminaria-2020-30-abajo-de-2019\/","name":"Caribe Mexicano terminar\u00eda 2020 30% abajo de 2019 - Nitu - Noticias de la Industria Turistica","isPartOf":{"@id":"https:\/\/nitu.mx\/#website"},"primaryImageOfPage":{"@id":"https:\/\/nitu.mx\/index.php\/2021\/09\/16\/caribe-mexicano-terminaria-2020-30-abajo-de-2019\/#primaryimage"},"image":{"@id":"https:\/\/nitu.mx\/index.php\/2021\/09\/16\/caribe-mexicano-terminaria-2020-30-abajo-de-2019\/#primaryimage"},"thumbnailUrl":"https:\/\/nitu.mx\/wp-content\/uploads\/2021\/09\/8BC16AE5-A5B2-4D11-9F38-B753C826484E.jpeg","datePublished":"2021-09-17T04:26:05+00:00","dateModified":"2021-09-17T04:28:26+00:00","breadcrumb":{"@id":"https:\/\/nitu.mx\/index.php\/2021\/09\/16\/caribe-mexicano-terminaria-2020-30-abajo-de-2019\/#breadcrumb"},"inLanguage":"es-MX","potentialAction":[{"@type":"ReadAction","target":["https:\/\/nitu.mx\/index.php\/2021\/09\/16\/caribe-mexicano-terminaria-2020-30-abajo-de-2019\/"]}]},{"@type":"ImageObject","inLanguage":"es-MX","@id":"https:\/\/nitu.mx\/index.php\/2021\/09\/16\/caribe-mexicano-terminaria-2020-30-abajo-de-2019\/#primaryimage","url":"https:\/\/nitu.mx\/wp-content\/uploads\/2021\/09\/8BC16AE5-A5B2-4D11-9F38-B753C826484E.jpeg","contentUrl":"https:\/\/nitu.mx\/wp-content\/uploads\/2021\/09\/8BC16AE5-A5B2-4D11-9F38-B753C826484E.jpeg","width":2048,"height":1536},{"@type":"BreadcrumbList","@id":"https:\/\/nitu.mx\/index.php\/2021\/09\/16\/caribe-mexicano-terminaria-2020-30-abajo-de-2019\/#breadcrumb","itemListElement":[{"@type":"ListItem","position":1,"name":"Inicio","item":"https:\/\/nitu.mx\/"},{"@type":"ListItem","position":2,"name":"Caribe Mexicano terminar\u00eda 2020 30% abajo de 2019"}]},{"@type":"WebSite","@id":"https:\/\/nitu.mx\/#website","url":"https:\/\/nitu.mx\/","name":"Nitu - Noticias de la Industria Turistica","description":"Noticias de la Industria Turistica","publisher":{"@id":"https:\/\/nitu.mx\/#\/schema\/person\/ae7a53426417292d3dd07b45a33e01bc"},"alternateName":"Noticias de la Industria Turistica","potentialAction":[{"@type":"SearchAction","target":{"@type":"EntryPoint","urlTemplate":"https:\/\/nitu.mx\/?s={search_term_string}"},"query-input":"required name=search_term_string"}],"inLanguage":"es-MX"},{"@type":["Person","Organization"],"@id":"https:\/\/nitu.mx\/#\/schema\/person\/ae7a53426417292d3dd07b45a33e01bc","name":"Arturo Medina","image":{"@type":"ImageObject","inLanguage":"es-MX","@id":"https:\/\/nitu.mx\/#\/schema\/person\/image\/","url":"https:\/\/nitu.mx\/wp-content\/uploads\/2024\/04\/4A315622-1904-4D5C-B022-878CDC840E04-90x90-1.jpeg","contentUrl":"https:\/\/nitu.mx\/wp-content\/uploads\/2024\/04\/4A315622-1904-4D5C-B022-878CDC840E04-90x90-1.jpeg","width":90,"height":90,"caption":"Arturo Medina"},"logo":{"@id":"https:\/\/nitu.mx\/#\/schema\/person\/image\/"},"description":"Director NITU.mx, Egresado de la Escuela de Periodismo Carlos Septi\u00e9n Garc\u00eda. Periodista y analista especializado en turismo desde hace 35 a\u00f1os, radicado en Canc\u00fan Q.Roo. arturo@nitu.mx","sameAs":["https:\/\/nitu.mx","https:\/\/www.facebook.com\/NITUmx\/","medinacancun","https:\/\/twitter.com\/@Arturo_Medina_G"],"url":"https:\/\/nitu.mx\/index.php\/author\/arturo-medina\/"}]}},"views":301,"_links":{"self":[{"href":"https:\/\/nitu.mx\/index.php\/wp-json\/wp\/v2\/posts\/55318"}],"collection":[{"href":"https:\/\/nitu.mx\/index.php\/wp-json\/wp\/v2\/posts"}],"about":[{"href":"https:\/\/nitu.mx\/index.php\/wp-json\/wp\/v2\/types\/post"}],"author":[{"embeddable":true,"href":"https:\/\/nitu.mx\/index.php\/wp-json\/wp\/v2\/users\/2"}],"replies":[{"embeddable":true,"href":"https:\/\/nitu.mx\/index.php\/wp-json\/wp\/v2\/comments?post=55318"}],"version-history":[{"count":2,"href":"https:\/\/nitu.mx\/index.php\/wp-json\/wp\/v2\/posts\/55318\/revisions"}],"predecessor-version":[{"id":55320,"href":"https:\/\/nitu.mx\/index.php\/wp-json\/wp\/v2\/posts\/55318\/revisions\/55320"}],"wp:featuredmedia":[{"embeddable":true,"href":"https:\/\/nitu.mx\/index.php\/wp-json\/wp\/v2\/media\/55323"}],"wp:attachment":[{"href":"https:\/\/nitu.mx\/index.php\/wp-json\/wp\/v2\/media?parent=55318"}],"wp:term":[{"taxonomy":"category","embeddable":true,"href":"https:\/\/nitu.mx\/index.php\/wp-json\/wp\/v2\/categories?post=55318"},{"taxonomy":"post_tag","embeddable":true,"href":"https:\/\/nitu.mx\/index.php\/wp-json\/wp\/v2\/tags?post=55318"}],"curies":[{"name":"wp","href":"https:\/\/api.w.org\/{rel}","templated":true}]}}