{"id":55247,"date":"2021-09-13T23:55:44","date_gmt":"2021-09-14T04:55:44","guid":{"rendered":"https:\/\/www.dev.nitu.mx\/?p=55247"},"modified":"2021-09-13T23:56:25","modified_gmt":"2021-09-14T04:56:25","slug":"confia-riviera-maya-en-un-buen-cierre-de-2021","status":"publish","type":"post","link":"https:\/\/nitu.mx\/index.php\/2021\/09\/13\/confia-riviera-maya-en-un-buen-cierre-de-2021\/","title":{"rendered":"Conf\u00eda Riviera Maya en un buen cierre de 2021"},"content":{"rendered":"<p>Como resultado de la creciente confianza del turismo estadounidense por viajar al Caribe Mexicano, la Asociaci\u00f3n de Hoteles de la Riviera Maya (AHRM) asegura que el destino avanza con paso firme hacia su recuperaci\u00f3n tur\u00edstica, al registrar en la pasada temporada vacacional de verano, que abarc\u00f3 los meses de julio y agosto, una ocupaci\u00f3n promedio de 54 por ciento.<\/p>\n<p>Con m\u00e1s de 40 mil habitaciones en operaci\u00f3n, el organismo tur\u00edstico destac\u00f3 que en julio pasado la hoteler\u00eda organizada alcanz\u00f3 66.6 por ciento de ocupaci\u00f3n, la m\u00e1s alta registrada en el destino en los pasados 17 meses desde que en febrero del 2020, antes del inicio de la pandemia, se tuviera un 83.4 por ciento.<\/p>\n<p>\u201cEn la AHRM nos sentimos optimistas al ver el paulatino crecimiento de la afluencia de visitantes, tanto del mercado nacional y del internacional, especialmente del estadounidense y confiamos que con la reapertura de vuelos desde Canad\u00e1 la afluencia de turistas continuar\u00e1 en aumento en los pr\u00f3ximos meses\u201d, coment\u00f3 el dirigente de los hoteleros, Toni Chaves en conferencia de prensa y agregar que Air Canad\u00e1 anunci\u00f3 que tiene 195 mil plazas vendidas para viajar al Caribe Mexicano en lo que resta del a\u00f1o.<\/p>\n<p>De acuerdo con las estad\u00edsticas de la agrupaci\u00f3n, la Riviera Maya registr\u00f3 un ocupaci\u00f3n hotelera de un 43.8 por ciento de enero a agosto pasado, porcentaje muy superior al 32 por ciento registrado en el mismo per\u00edodo del a\u00f1o pasado.<\/p>\n<p>La reanudaci\u00f3n e incremento de vuelos nacionales e internacionales ha permitido la recuperaci\u00f3n tur\u00edstica del destino, como es el caso del aporte de aerol\u00edneas como Volaris que mantiene 14 frecuencias diarias entre la Ciudad de M\u00e9xico y Canc\u00fan, y la apertura de sus nuevas rutas a Colombia y El Salvador. En ese sentido, el Aeropuerto Internacional de Canc\u00fan contabiliz\u00f3 en julio pasado m\u00e1s de 14 mil 789 operaciones, siendo el mayor n\u00famero de vuelos en el presente a\u00f1o, de los cuales 3,013 fueron llegadas nacionales y 4,430 llegadas internacionales.<\/p>\n<p>El dirigente empresarial reconoci\u00f3 que el avance de las campa\u00f1as de vacunaci\u00f3n entre el personal tur\u00edstico de la Riviera Maya han contribuido en elevar la confianza entre los mayoristas y operadores que ven al Caribe Mexicano como un destino seguro para sus viajeros y m\u00e1s a\u00fan por ser de los primeros en el continente en recibir el Sello Safe Travels y por las m\u00e1s de 9 mil empresas que se han aplicado para obtener la Certificaci\u00f3n en Protecci\u00f3n y Prevenci\u00f3n Sanitaria en Instalaciones Tur\u00edsticas (CPPSIT) en Quintana Roo.<\/p>\n<p>La AHRM anunci\u00f3 que est\u00e1n participando en actividades de promoci\u00f3n para elevar la afluencia del turismo nacional como fue la Caravana Nacional Caribe Mexicano, celebrada a finales de agosto con la asistencia de 27 hoteles y empresas tur\u00edsticas, en la que visitaron cuatro ciudades como Le\u00f3n, Guadalajara, Monterrey y Ciudad de M\u00e9xico, en donde se reunieron con m\u00e1s de 400 agentes de viajes. (<a title=\"Riviera Maya alcanza promedio de ocupaci\u00f3n hotelera de 60%\" href=\"https:\/\/www.dev.nitu.mx\/index.php\/2021\/06\/29\/riviera-maya-alcanza-promedio-de-ocupacion-hotelera-de-60\/\" rel=\"bookmark\">Riviera Maya alcanza promedio de ocupaci\u00f3n hotelera de 60%<\/a>).<\/p>\n<p>Finalmente, confiaron que la campa\u00f1a Caribe Mexicano Lo Mejor de Dos Mundos, creada por el Consejo de Promoci\u00f3n Tur\u00edstica de Quintana Roo, despierte el inter\u00e9s entre los operadores y consumidor final para elevar la afluencia de visitantes en lo que resta del presente a\u00f1o.<\/p>\n","protected":false},"excerpt":{"rendered":"<p>Como resultado de la creciente confianza del turismo estadounidense por viajar al Caribe Mexicano, la Asociaci\u00f3n de Hoteles de la Riviera Maya (AHRM) asegura que el destino avanza con paso firme hacia su recuperaci\u00f3n tur\u00edstica, al registrar en la pasada temporada vacacional de verano, que abarc\u00f3 los meses de julio y agosto, una ocupaci\u00f3n promedio [&hellip;]<\/p>\n","protected":false},"author":2,"featured_media":55249,"comment_status":"open","ping_status":"open","sticky":false,"template":"","format":"standard","meta":{"footnotes":""},"categories":[18475,19193],"tags":[13667,83,80,20976],"yoast_head":"<!-- This site is optimized with the Yoast SEO plugin v22.2 - https:\/\/yoast.com\/wordpress\/plugins\/seo\/ -->\n<title>Conf\u00eda Riviera Maya en un buen cierre de 2021 - Nitu - Noticias de la Industria Turistica<\/title>\n<meta name=\"robots\" content=\"index, follow, max-snippet:-1, max-image-preview:large, max-video-preview:-1\" \/>\n<link rel=\"canonical\" href=\"https:\/\/nitu.mx\/index.php\/2021\/09\/13\/confia-riviera-maya-en-un-buen-cierre-de-2021\/\" \/>\n<meta name=\"twitter:card\" content=\"summary_large_image\" \/>\n<meta name=\"twitter:title\" content=\"Conf\u00eda Riviera Maya en un buen cierre de 2021 - Nitu - Noticias de la Industria Turistica\" \/>\n<meta name=\"twitter:description\" content=\"Como resultado de la creciente confianza del turismo estadounidense por viajar al Caribe Mexicano, la Asociaci\u00f3n de Hoteles de la Riviera Maya (AHRM) asegura que el destino avanza con paso firme hacia su recuperaci\u00f3n tur\u00edstica, al registrar en la pasada temporada vacacional de verano, que abarc\u00f3 los meses de julio y agosto, una ocupaci\u00f3n promedio [&hellip;]\" \/>\n<meta name=\"twitter:image\" content=\"https:\/\/nitu.mx\/wp-content\/uploads\/2021\/09\/WhatsApp-Image-2021-09-13-at-12.30.57.jpeg\" \/>\n<meta name=\"twitter:creator\" content=\"@Arturo_Medina_G\" \/>\n<meta name=\"twitter:site\" content=\"@Arturo_Medina_G\" \/>\n<meta name=\"twitter:label1\" content=\"Escrito por\" \/>\n\t<meta name=\"twitter:data1\" content=\"Arturo Medina\" \/>\n\t<meta name=\"twitter:label2\" content=\"Tiempo de lectura\" \/>\n\t<meta name=\"twitter:data2\" content=\"3 minutos\" \/>\n<script type=\"application\/ld+json\" class=\"yoast-schema-graph\">{\"@context\":\"https:\/\/schema.org\",\"@graph\":[{\"@type\":\"Article\",\"@id\":\"https:\/\/nitu.mx\/index.php\/2021\/09\/13\/confia-riviera-maya-en-un-buen-cierre-de-2021\/#article\",\"isPartOf\":{\"@id\":\"https:\/\/nitu.mx\/index.php\/2021\/09\/13\/confia-riviera-maya-en-un-buen-cierre-de-2021\/\"},\"author\":{\"name\":\"Arturo Medina\",\"@id\":\"https:\/\/nitu.mx\/#\/schema\/person\/ae7a53426417292d3dd07b45a33e01bc\"},\"headline\":\"Conf\u00eda Riviera Maya en un buen cierre de 2021\",\"datePublished\":\"2021-09-14T04:55:44+00:00\",\"dateModified\":\"2021-09-14T04:56:25+00:00\",\"mainEntityOfPage\":{\"@id\":\"https:\/\/nitu.mx\/index.php\/2021\/09\/13\/confia-riviera-maya-en-un-buen-cierre-de-2021\/\"},\"wordCount\":569,\"commentCount\":0,\"publisher\":{\"@id\":\"https:\/\/nitu.mx\/#\/schema\/person\/ae7a53426417292d3dd07b45a33e01bc\"},\"image\":{\"@id\":\"https:\/\/nitu.mx\/index.php\/2021\/09\/13\/confia-riviera-maya-en-un-buen-cierre-de-2021\/#primaryimage\"},\"thumbnailUrl\":\"https:\/\/nitu.mx\/wp-content\/uploads\/2021\/09\/WhatsApp-Image-2021-09-13-at-12.30.57.jpeg\",\"keywords\":[\"AHRM\",\"Caribe mexicano\",\"Riviera Maya\",\"Toni Chaves\"],\"articleSection\":[\"Caribe Mexicano\",\"Riviera Maya\"],\"inLanguage\":\"es-MX\",\"potentialAction\":[{\"@type\":\"CommentAction\",\"name\":\"Comment\",\"target\":[\"https:\/\/nitu.mx\/index.php\/2021\/09\/13\/confia-riviera-maya-en-un-buen-cierre-de-2021\/#respond\"]}]},{\"@type\":\"WebPage\",\"@id\":\"https:\/\/nitu.mx\/index.php\/2021\/09\/13\/confia-riviera-maya-en-un-buen-cierre-de-2021\/\",\"url\":\"https:\/\/nitu.mx\/index.php\/2021\/09\/13\/confia-riviera-maya-en-un-buen-cierre-de-2021\/\",\"name\":\"Conf\u00eda Riviera Maya en un buen cierre de 2021 - Nitu - Noticias de la Industria Turistica\",\"isPartOf\":{\"@id\":\"https:\/\/nitu.mx\/#website\"},\"primaryImageOfPage\":{\"@id\":\"https:\/\/nitu.mx\/index.php\/2021\/09\/13\/confia-riviera-maya-en-un-buen-cierre-de-2021\/#primaryimage\"},\"image\":{\"@id\":\"https:\/\/nitu.mx\/index.php\/2021\/09\/13\/confia-riviera-maya-en-un-buen-cierre-de-2021\/#primaryimage\"},\"thumbnailUrl\":\"https:\/\/nitu.mx\/wp-content\/uploads\/2021\/09\/WhatsApp-Image-2021-09-13-at-12.30.57.jpeg\",\"datePublished\":\"2021-09-14T04:55:44+00:00\",\"dateModified\":\"2021-09-14T04:56:25+00:00\",\"breadcrumb\":{\"@id\":\"https:\/\/nitu.mx\/index.php\/2021\/09\/13\/confia-riviera-maya-en-un-buen-cierre-de-2021\/#breadcrumb\"},\"inLanguage\":\"es-MX\",\"potentialAction\":[{\"@type\":\"ReadAction\",\"target\":[\"https:\/\/nitu.mx\/index.php\/2021\/09\/13\/confia-riviera-maya-en-un-buen-cierre-de-2021\/\"]}]},{\"@type\":\"ImageObject\",\"inLanguage\":\"es-MX\",\"@id\":\"https:\/\/nitu.mx\/index.php\/2021\/09\/13\/confia-riviera-maya-en-un-buen-cierre-de-2021\/#primaryimage\",\"url\":\"https:\/\/nitu.mx\/wp-content\/uploads\/2021\/09\/WhatsApp-Image-2021-09-13-at-12.30.57.jpeg\",\"contentUrl\":\"https:\/\/nitu.mx\/wp-content\/uploads\/2021\/09\/WhatsApp-Image-2021-09-13-at-12.30.57.jpeg\",\"width\":1280,\"height\":853},{\"@type\":\"BreadcrumbList\",\"@id\":\"https:\/\/nitu.mx\/index.php\/2021\/09\/13\/confia-riviera-maya-en-un-buen-cierre-de-2021\/#breadcrumb\",\"itemListElement\":[{\"@type\":\"ListItem\",\"position\":1,\"name\":\"Inicio\",\"item\":\"https:\/\/nitu.mx\/\"},{\"@type\":\"ListItem\",\"position\":2,\"name\":\"Conf\u00eda Riviera Maya en un buen cierre de 2021\"}]},{\"@type\":\"WebSite\",\"@id\":\"https:\/\/nitu.mx\/#website\",\"url\":\"https:\/\/nitu.mx\/\",\"name\":\"Nitu - Noticias de la Industria Turistica\",\"description\":\"Noticias de la Industria Turistica\",\"publisher\":{\"@id\":\"https:\/\/nitu.mx\/#\/schema\/person\/ae7a53426417292d3dd07b45a33e01bc\"},\"alternateName\":\"Noticias de la Industria Turistica\",\"potentialAction\":[{\"@type\":\"SearchAction\",\"target\":{\"@type\":\"EntryPoint\",\"urlTemplate\":\"https:\/\/nitu.mx\/?s={search_term_string}\"},\"query-input\":\"required name=search_term_string\"}],\"inLanguage\":\"es-MX\"},{\"@type\":[\"Person\",\"Organization\"],\"@id\":\"https:\/\/nitu.mx\/#\/schema\/person\/ae7a53426417292d3dd07b45a33e01bc\",\"name\":\"Arturo Medina\",\"image\":{\"@type\":\"ImageObject\",\"inLanguage\":\"es-MX\",\"@id\":\"https:\/\/nitu.mx\/#\/schema\/person\/image\/\",\"url\":\"https:\/\/nitu.mx\/wp-content\/uploads\/2024\/04\/4A315622-1904-4D5C-B022-878CDC840E04-90x90-1.jpeg\",\"contentUrl\":\"https:\/\/nitu.mx\/wp-content\/uploads\/2024\/04\/4A315622-1904-4D5C-B022-878CDC840E04-90x90-1.jpeg\",\"width\":90,\"height\":90,\"caption\":\"Arturo Medina\"},\"logo\":{\"@id\":\"https:\/\/nitu.mx\/#\/schema\/person\/image\/\"},\"description\":\"Director NITU.mx, Egresado de la Escuela de Periodismo Carlos Septi\u00e9n Garc\u00eda. Periodista y analista especializado en turismo desde hace 35 a\u00f1os, radicado en Canc\u00fan Q.Roo. arturo@nitu.mx\",\"sameAs\":[\"https:\/\/nitu.mx\",\"https:\/\/www.facebook.com\/NITUmx\/\",\"medinacancun\",\"https:\/\/twitter.com\/@Arturo_Medina_G\"],\"url\":\"https:\/\/nitu.mx\/index.php\/author\/arturo-medina\/\"}]}<\/script>\n<!-- \/ Yoast SEO plugin. -->","yoast_head_json":{"title":"Conf\u00eda Riviera Maya en un buen cierre de 2021 - Nitu - Noticias de la Industria Turistica","robots":{"index":"index","follow":"follow","max-snippet":"max-snippet:-1","max-image-preview":"max-image-preview:large","max-video-preview":"max-video-preview:-1"},"canonical":"https:\/\/nitu.mx\/index.php\/2021\/09\/13\/confia-riviera-maya-en-un-buen-cierre-de-2021\/","twitter_card":"summary_large_image","twitter_title":"Conf\u00eda Riviera Maya en un buen cierre de 2021 - Nitu - Noticias de la Industria Turistica","twitter_description":"Como resultado de la creciente confianza del turismo estadounidense por viajar al Caribe Mexicano, la Asociaci\u00f3n de Hoteles de la Riviera Maya (AHRM) asegura que el destino avanza con paso firme hacia su recuperaci\u00f3n tur\u00edstica, al registrar en la pasada temporada vacacional de verano, que abarc\u00f3 los meses de julio y agosto, una ocupaci\u00f3n promedio [&hellip;]","twitter_image":"https:\/\/nitu.mx\/wp-content\/uploads\/2021\/09\/WhatsApp-Image-2021-09-13-at-12.30.57.jpeg","twitter_creator":"@Arturo_Medina_G","twitter_site":"@Arturo_Medina_G","twitter_misc":{"Escrito por":"Arturo Medina","Tiempo de lectura":"3 minutos"},"schema":{"@context":"https:\/\/schema.org","@graph":[{"@type":"Article","@id":"https:\/\/nitu.mx\/index.php\/2021\/09\/13\/confia-riviera-maya-en-un-buen-cierre-de-2021\/#article","isPartOf":{"@id":"https:\/\/nitu.mx\/index.php\/2021\/09\/13\/confia-riviera-maya-en-un-buen-cierre-de-2021\/"},"author":{"name":"Arturo Medina","@id":"https:\/\/nitu.mx\/#\/schema\/person\/ae7a53426417292d3dd07b45a33e01bc"},"headline":"Conf\u00eda Riviera Maya en un buen cierre de 2021","datePublished":"2021-09-14T04:55:44+00:00","dateModified":"2021-09-14T04:56:25+00:00","mainEntityOfPage":{"@id":"https:\/\/nitu.mx\/index.php\/2021\/09\/13\/confia-riviera-maya-en-un-buen-cierre-de-2021\/"},"wordCount":569,"commentCount":0,"publisher":{"@id":"https:\/\/nitu.mx\/#\/schema\/person\/ae7a53426417292d3dd07b45a33e01bc"},"image":{"@id":"https:\/\/nitu.mx\/index.php\/2021\/09\/13\/confia-riviera-maya-en-un-buen-cierre-de-2021\/#primaryimage"},"thumbnailUrl":"https:\/\/nitu.mx\/wp-content\/uploads\/2021\/09\/WhatsApp-Image-2021-09-13-at-12.30.57.jpeg","keywords":["AHRM","Caribe mexicano","Riviera Maya","Toni Chaves"],"articleSection":["Caribe Mexicano","Riviera Maya"],"inLanguage":"es-MX","potentialAction":[{"@type":"CommentAction","name":"Comment","target":["https:\/\/nitu.mx\/index.php\/2021\/09\/13\/confia-riviera-maya-en-un-buen-cierre-de-2021\/#respond"]}]},{"@type":"WebPage","@id":"https:\/\/nitu.mx\/index.php\/2021\/09\/13\/confia-riviera-maya-en-un-buen-cierre-de-2021\/","url":"https:\/\/nitu.mx\/index.php\/2021\/09\/13\/confia-riviera-maya-en-un-buen-cierre-de-2021\/","name":"Conf\u00eda Riviera Maya en un buen cierre de 2021 - Nitu - Noticias de la Industria Turistica","isPartOf":{"@id":"https:\/\/nitu.mx\/#website"},"primaryImageOfPage":{"@id":"https:\/\/nitu.mx\/index.php\/2021\/09\/13\/confia-riviera-maya-en-un-buen-cierre-de-2021\/#primaryimage"},"image":{"@id":"https:\/\/nitu.mx\/index.php\/2021\/09\/13\/confia-riviera-maya-en-un-buen-cierre-de-2021\/#primaryimage"},"thumbnailUrl":"https:\/\/nitu.mx\/wp-content\/uploads\/2021\/09\/WhatsApp-Image-2021-09-13-at-12.30.57.jpeg","datePublished":"2021-09-14T04:55:44+00:00","dateModified":"2021-09-14T04:56:25+00:00","breadcrumb":{"@id":"https:\/\/nitu.mx\/index.php\/2021\/09\/13\/confia-riviera-maya-en-un-buen-cierre-de-2021\/#breadcrumb"},"inLanguage":"es-MX","potentialAction":[{"@type":"ReadAction","target":["https:\/\/nitu.mx\/index.php\/2021\/09\/13\/confia-riviera-maya-en-un-buen-cierre-de-2021\/"]}]},{"@type":"ImageObject","inLanguage":"es-MX","@id":"https:\/\/nitu.mx\/index.php\/2021\/09\/13\/confia-riviera-maya-en-un-buen-cierre-de-2021\/#primaryimage","url":"https:\/\/nitu.mx\/wp-content\/uploads\/2021\/09\/WhatsApp-Image-2021-09-13-at-12.30.57.jpeg","contentUrl":"https:\/\/nitu.mx\/wp-content\/uploads\/2021\/09\/WhatsApp-Image-2021-09-13-at-12.30.57.jpeg","width":1280,"height":853},{"@type":"BreadcrumbList","@id":"https:\/\/nitu.mx\/index.php\/2021\/09\/13\/confia-riviera-maya-en-un-buen-cierre-de-2021\/#breadcrumb","itemListElement":[{"@type":"ListItem","position":1,"name":"Inicio","item":"https:\/\/nitu.mx\/"},{"@type":"ListItem","position":2,"name":"Conf\u00eda Riviera Maya en un buen cierre de 2021"}]},{"@type":"WebSite","@id":"https:\/\/nitu.mx\/#website","url":"https:\/\/nitu.mx\/","name":"Nitu - Noticias de la Industria Turistica","description":"Noticias de la Industria Turistica","publisher":{"@id":"https:\/\/nitu.mx\/#\/schema\/person\/ae7a53426417292d3dd07b45a33e01bc"},"alternateName":"Noticias de la Industria Turistica","potentialAction":[{"@type":"SearchAction","target":{"@type":"EntryPoint","urlTemplate":"https:\/\/nitu.mx\/?s={search_term_string}"},"query-input":"required name=search_term_string"}],"inLanguage":"es-MX"},{"@type":["Person","Organization"],"@id":"https:\/\/nitu.mx\/#\/schema\/person\/ae7a53426417292d3dd07b45a33e01bc","name":"Arturo Medina","image":{"@type":"ImageObject","inLanguage":"es-MX","@id":"https:\/\/nitu.mx\/#\/schema\/person\/image\/","url":"https:\/\/nitu.mx\/wp-content\/uploads\/2024\/04\/4A315622-1904-4D5C-B022-878CDC840E04-90x90-1.jpeg","contentUrl":"https:\/\/nitu.mx\/wp-content\/uploads\/2024\/04\/4A315622-1904-4D5C-B022-878CDC840E04-90x90-1.jpeg","width":90,"height":90,"caption":"Arturo Medina"},"logo":{"@id":"https:\/\/nitu.mx\/#\/schema\/person\/image\/"},"description":"Director NITU.mx, Egresado de la Escuela de Periodismo Carlos Septi\u00e9n Garc\u00eda. Periodista y analista especializado en turismo desde hace 35 a\u00f1os, radicado en Canc\u00fan Q.Roo. arturo@nitu.mx","sameAs":["https:\/\/nitu.mx","https:\/\/www.facebook.com\/NITUmx\/","medinacancun","https:\/\/twitter.com\/@Arturo_Medina_G"],"url":"https:\/\/nitu.mx\/index.php\/author\/arturo-medina\/"}]}},"views":290,"_links":{"self":[{"href":"https:\/\/nitu.mx\/index.php\/wp-json\/wp\/v2\/posts\/55247"}],"collection":[{"href":"https:\/\/nitu.mx\/index.php\/wp-json\/wp\/v2\/posts"}],"about":[{"href":"https:\/\/nitu.mx\/index.php\/wp-json\/wp\/v2\/types\/post"}],"author":[{"embeddable":true,"href":"https:\/\/nitu.mx\/index.php\/wp-json\/wp\/v2\/users\/2"}],"replies":[{"embeddable":true,"href":"https:\/\/nitu.mx\/index.php\/wp-json\/wp\/v2\/comments?post=55247"}],"version-history":[{"count":2,"href":"https:\/\/nitu.mx\/index.php\/wp-json\/wp\/v2\/posts\/55247\/revisions"}],"predecessor-version":[{"id":55275,"href":"https:\/\/nitu.mx\/index.php\/wp-json\/wp\/v2\/posts\/55247\/revisions\/55275"}],"wp:featuredmedia":[{"embeddable":true,"href":"https:\/\/nitu.mx\/index.php\/wp-json\/wp\/v2\/media\/55249"}],"wp:attachment":[{"href":"https:\/\/nitu.mx\/index.php\/wp-json\/wp\/v2\/media?parent=55247"}],"wp:term":[{"taxonomy":"category","embeddable":true,"href":"https:\/\/nitu.mx\/index.php\/wp-json\/wp\/v2\/categories?post=55247"},{"taxonomy":"post_tag","embeddable":true,"href":"https:\/\/nitu.mx\/index.php\/wp-json\/wp\/v2\/tags?post=55247"}],"curies":[{"name":"wp","href":"https:\/\/api.w.org\/{rel}","templated":true}]}}