{"id":55117,"date":"2021-09-06T21:16:16","date_gmt":"2021-09-07T02:16:16","guid":{"rendered":"https:\/\/www.dev.nitu.mx\/?p=55117"},"modified":"2021-09-07T00:13:46","modified_gmt":"2021-09-07T05:13:46","slug":"aeromexico-planta-cara-a-volaris-con-conectividad-a-honduras","status":"publish","type":"post","link":"https:\/\/nitu.mx\/index.php\/2021\/09\/06\/aeromexico-planta-cara-a-volaris-con-conectividad-a-honduras\/","title":{"rendered":"Aerom\u00e9xico planta cara a Volaris con conectividad a Honduras"},"content":{"rendered":"<div>En un evento realizado en las instalaciones del Aeropuerto de Palmerola, encabezado por el presidente constitucional de la Rep\u00fablica de Honduras,\u00a0<span lang=\"en-US\"><span lang=\"es-MX\">Juan Orlando <\/span><span lang=\"es-MX\">Hern\u00e1ndez<\/span><\/span>, Aerom\u00e9xico dio a conocer que a partir del 2 de diciembre pr\u00f3ximo, conectar\u00e1 de forma directa a la Ciudad de M\u00e9xico y Tegucigalpa con 3 vuelos semanales, lo que representar\u00e1 un crecimiento del 43% en su capacidad total de asientos mensuales entre M\u00e9xico y Honduras.<\/p>\n<p>La ruta ser\u00e1 operada con equipos Embraer 190 los d\u00edas martes, jueves y s\u00e1bados. Tegucigalpa es una ciudad con una gran oferta arquitect\u00f3nica, cultural y gastron\u00f3mica y como la capital de Honduras, se ha convertido en referente para el turismo, y gracias a este nuevo vuelo se har\u00e1 m\u00e1s \u00e1gil y c\u00f3moda la experiencia de viaje. La nueva ruta se suma a las 7 operaciones semanales que actualmente opera la aerol\u00ednea desde la Ciudad de M\u00e9xico a la ciudad de San Pedro Sula, con la que conecta desde hace 14 a\u00f1os.<\/p><\/div>\n<div><span style=\"font-family: Tahoma,sans-serif;\"><br \/>\n<\/span>El Presidente Constitucional de Honduras, Juan Orlando Hern\u00e1ndez afirm\u00f3:\u00a0\u201cEn nombre del Gobierno de la Republica de Honduras, nos sentimos muy satisfechos de dar la bienvenida al nuevo aeropuerto internacional de Palmerola, a la prestigiada empresa Aerom\u00e9xico, \u201cla aerol\u00ednea bandera de M\u00e9xico\u201d, con quien los hondure\u00f1os compartimos la misma aspiraci\u00f3n de volar cada vez m\u00e1s alto. Agradecemos a Aerom\u00e9xico su confianza en este nuevo destino que cuenta con una ventajosa posici\u00f3n estrat\u00e9gica en el continente, as\u00ed como muchas condiciones propicias para la inversi\u00f3n, y que nos ayudar\u00e1 adem\u00e1s a impulsar m\u00e1s vuelos a precios razonables y cada vez m\u00e1s accesibles para la poblaci\u00f3n\u201d.<\/p>\n<p>Peter Fleming, Director Divisi\u00f3n Aeropuertos Grupo EMCO-Munich, destac\u00f3 que la apertura de esta nueva ruta es una gran noticia.\u00a0&#8220;La llegada de Aerom\u00e9xico al Aeropuerto Internacional de Palmerola es muy importante para toda la zona Central hondure\u00f1a, que ahora por fin podr\u00e1 contar con una ruta directa hacia M\u00e9xico, uno de los principales socios comerciales de Honduras. Aerom\u00e9xico es una aerol\u00ednea con amplio prestigio a la que nos enorgullece recibir para ser parte de este momento hist\u00f3rico en el que iniciar\u00e1 operaciones el mejor aeropuerto del pa\u00eds. Sin duda, este es solo el inicio de un camino de mucho \u00e9xito&#8221;.<\/p>\n<p>Jos\u00e9 Zapata, Vicepresidente de Ventas M\u00e9xico y JCA se\u00f1al\u00f3: \u201cVenimos a este extraordinario Aeropuerto Internacional de Palmerola que hoy est\u00e1 de fiesta y con el enorme privilegio de estar en compa\u00f1\u00eda del Presidente Juan Orlando Hern\u00e1ndez y de todas las personas que como \u00e9l, han hecho posible este nuevo proyecto. Para Aerom\u00e9xico, es un orgullo conectar a M\u00e9xico con Honduras y con este anuncio reafirmamos nuestro compromiso de ofrecer la mejor red de conectividad y una gran experiencia de viaje a los mejores destinos de M\u00e9xico y el mundo\u201d.<\/p>\n<p>Recientemente Aerom\u00e9xico anunci\u00f3 la incorporaci\u00f3n aeronaves de \u00faltima generaci\u00f3n, m\u00e1s eficientes y menos contaminantes. Con ello, la aerol\u00ednea bandera de M\u00e9xico seguir\u00e1 incrementando su red de conectividad y ofreciendo el mejor servicio con los m\u00e1s altos est\u00e1ndares de seguridad.<\/p><\/div>\n","protected":false},"excerpt":{"rendered":"<p>En un evento realizado en las instalaciones del Aeropuerto de Palmerola, encabezado por el presidente constitucional de la Rep\u00fablica de Honduras,\u00a0Juan Orlando Hern\u00e1ndez, Aerom\u00e9xico dio a conocer que a partir del 2 de diciembre pr\u00f3ximo, conectar\u00e1 de forma directa a la Ciudad de M\u00e9xico y Tegucigalpa con 3 vuelos semanales, lo que representar\u00e1 un crecimiento [&hellip;]<\/p>\n","protected":false},"author":17,"featured_media":55118,"comment_status":"open","ping_status":"open","sticky":false,"template":"","format":"standard","meta":{"footnotes":""},"categories":[29],"tags":[30,1994,22747],"yoast_head":"<!-- This site is optimized with the Yoast SEO plugin v22.2 - https:\/\/yoast.com\/wordpress\/plugins\/seo\/ -->\n<title>Aerom\u00e9xico planta cara a Volaris con conectividad a Honduras - Nitu - Noticias de la Industria Turistica<\/title>\n<meta name=\"robots\" content=\"index, follow, max-snippet:-1, max-image-preview:large, max-video-preview:-1\" \/>\n<link rel=\"canonical\" href=\"https:\/\/nitu.mx\/index.php\/2021\/09\/06\/aeromexico-planta-cara-a-volaris-con-conectividad-a-honduras\/\" \/>\n<meta name=\"twitter:card\" content=\"summary_large_image\" \/>\n<meta name=\"twitter:title\" content=\"Aerom\u00e9xico planta cara a Volaris con conectividad a Honduras - Nitu - Noticias de la Industria Turistica\" \/>\n<meta name=\"twitter:description\" content=\"En un evento realizado en las instalaciones del Aeropuerto de Palmerola, encabezado por el presidente constitucional de la Rep\u00fablica de Honduras,\u00a0Juan Orlando Hern\u00e1ndez, Aerom\u00e9xico dio a conocer que a partir del 2 de diciembre pr\u00f3ximo, conectar\u00e1 de forma directa a la Ciudad de M\u00e9xico y Tegucigalpa con 3 vuelos semanales, lo que representar\u00e1 un crecimiento [&hellip;]\" \/>\n<meta name=\"twitter:image\" content=\"https:\/\/nitu.mx\/wp-content\/uploads\/2021\/09\/Aerome\u0301xico-Tegucigalpa.jpg\" \/>\n<meta name=\"twitter:creator\" content=\"@NITUmx\" \/>\n<meta name=\"twitter:site\" content=\"@Arturo_Medina_G\" \/>\n<meta name=\"twitter:label1\" content=\"Escrito por\" \/>\n\t<meta name=\"twitter:data1\" content=\"Redacci\u00f3n\" \/>\n\t<meta name=\"twitter:label2\" content=\"Tiempo de lectura\" \/>\n\t<meta name=\"twitter:data2\" content=\"3 minutos\" \/>\n<script type=\"application\/ld+json\" class=\"yoast-schema-graph\">{\"@context\":\"https:\/\/schema.org\",\"@graph\":[{\"@type\":\"Article\",\"@id\":\"https:\/\/nitu.mx\/index.php\/2021\/09\/06\/aeromexico-planta-cara-a-volaris-con-conectividad-a-honduras\/#article\",\"isPartOf\":{\"@id\":\"https:\/\/nitu.mx\/index.php\/2021\/09\/06\/aeromexico-planta-cara-a-volaris-con-conectividad-a-honduras\/\"},\"author\":{\"name\":\"Redacci\u00f3n\",\"@id\":\"https:\/\/nitu.mx\/#\/schema\/person\/4a28fe9bd65924f7c90623773daf1b0b\"},\"headline\":\"Aerom\u00e9xico planta cara a Volaris con conectividad a Honduras\",\"datePublished\":\"2021-09-07T02:16:16+00:00\",\"dateModified\":\"2021-09-07T05:13:46+00:00\",\"mainEntityOfPage\":{\"@id\":\"https:\/\/nitu.mx\/index.php\/2021\/09\/06\/aeromexico-planta-cara-a-volaris-con-conectividad-a-honduras\/\"},\"wordCount\":548,\"commentCount\":0,\"publisher\":{\"@id\":\"https:\/\/nitu.mx\/#\/schema\/person\/ae7a53426417292d3dd07b45a33e01bc\"},\"image\":{\"@id\":\"https:\/\/nitu.mx\/index.php\/2021\/09\/06\/aeromexico-planta-cara-a-volaris-con-conectividad-a-honduras\/#primaryimage\"},\"thumbnailUrl\":\"https:\/\/nitu.mx\/wp-content\/uploads\/2021\/09\/Aerome\u0301xico-Tegucigalpa.jpg\",\"keywords\":[\"Aerom\u00e9xico\",\"Honduras\",\"Tegucigalpa\"],\"articleSection\":[\"Aerol\u00edneas\"],\"inLanguage\":\"es-MX\",\"potentialAction\":[{\"@type\":\"CommentAction\",\"name\":\"Comment\",\"target\":[\"https:\/\/nitu.mx\/index.php\/2021\/09\/06\/aeromexico-planta-cara-a-volaris-con-conectividad-a-honduras\/#respond\"]}]},{\"@type\":\"WebPage\",\"@id\":\"https:\/\/nitu.mx\/index.php\/2021\/09\/06\/aeromexico-planta-cara-a-volaris-con-conectividad-a-honduras\/\",\"url\":\"https:\/\/nitu.mx\/index.php\/2021\/09\/06\/aeromexico-planta-cara-a-volaris-con-conectividad-a-honduras\/\",\"name\":\"Aerom\u00e9xico planta cara a Volaris con conectividad a Honduras - Nitu - Noticias de la Industria Turistica\",\"isPartOf\":{\"@id\":\"https:\/\/nitu.mx\/#website\"},\"primaryImageOfPage\":{\"@id\":\"https:\/\/nitu.mx\/index.php\/2021\/09\/06\/aeromexico-planta-cara-a-volaris-con-conectividad-a-honduras\/#primaryimage\"},\"image\":{\"@id\":\"https:\/\/nitu.mx\/index.php\/2021\/09\/06\/aeromexico-planta-cara-a-volaris-con-conectividad-a-honduras\/#primaryimage\"},\"thumbnailUrl\":\"https:\/\/nitu.mx\/wp-content\/uploads\/2021\/09\/Aerome\u0301xico-Tegucigalpa.jpg\",\"datePublished\":\"2021-09-07T02:16:16+00:00\",\"dateModified\":\"2021-09-07T05:13:46+00:00\",\"breadcrumb\":{\"@id\":\"https:\/\/nitu.mx\/index.php\/2021\/09\/06\/aeromexico-planta-cara-a-volaris-con-conectividad-a-honduras\/#breadcrumb\"},\"inLanguage\":\"es-MX\",\"potentialAction\":[{\"@type\":\"ReadAction\",\"target\":[\"https:\/\/nitu.mx\/index.php\/2021\/09\/06\/aeromexico-planta-cara-a-volaris-con-conectividad-a-honduras\/\"]}]},{\"@type\":\"ImageObject\",\"inLanguage\":\"es-MX\",\"@id\":\"https:\/\/nitu.mx\/index.php\/2021\/09\/06\/aeromexico-planta-cara-a-volaris-con-conectividad-a-honduras\/#primaryimage\",\"url\":\"https:\/\/nitu.mx\/wp-content\/uploads\/2021\/09\/Aerome\u0301xico-Tegucigalpa.jpg\",\"contentUrl\":\"https:\/\/nitu.mx\/wp-content\/uploads\/2021\/09\/Aerome\u0301xico-Tegucigalpa.jpg\",\"width\":1200,\"height\":675},{\"@type\":\"BreadcrumbList\",\"@id\":\"https:\/\/nitu.mx\/index.php\/2021\/09\/06\/aeromexico-planta-cara-a-volaris-con-conectividad-a-honduras\/#breadcrumb\",\"itemListElement\":[{\"@type\":\"ListItem\",\"position\":1,\"name\":\"Inicio\",\"item\":\"https:\/\/nitu.mx\/\"},{\"@type\":\"ListItem\",\"position\":2,\"name\":\"Aerom\u00e9xico planta cara a Volaris con conectividad a Honduras\"}]},{\"@type\":\"WebSite\",\"@id\":\"https:\/\/nitu.mx\/#website\",\"url\":\"https:\/\/nitu.mx\/\",\"name\":\"Nitu - Noticias de la Industria Turistica\",\"description\":\"Noticias de la Industria Turistica\",\"publisher\":{\"@id\":\"https:\/\/nitu.mx\/#\/schema\/person\/ae7a53426417292d3dd07b45a33e01bc\"},\"alternateName\":\"Noticias de la Industria Turistica\",\"potentialAction\":[{\"@type\":\"SearchAction\",\"target\":{\"@type\":\"EntryPoint\",\"urlTemplate\":\"https:\/\/nitu.mx\/?s={search_term_string}\"},\"query-input\":\"required name=search_term_string\"}],\"inLanguage\":\"es-MX\"},{\"@type\":[\"Person\",\"Organization\"],\"@id\":\"https:\/\/nitu.mx\/#\/schema\/person\/ae7a53426417292d3dd07b45a33e01bc\",\"name\":\"Arturo Medina\",\"image\":{\"@type\":\"ImageObject\",\"inLanguage\":\"es-MX\",\"@id\":\"https:\/\/nitu.mx\/#\/schema\/person\/image\/\",\"url\":\"https:\/\/nitu.mx\/wp-content\/uploads\/2024\/04\/4A315622-1904-4D5C-B022-878CDC840E04-90x90-1.jpeg\",\"contentUrl\":\"https:\/\/nitu.mx\/wp-content\/uploads\/2024\/04\/4A315622-1904-4D5C-B022-878CDC840E04-90x90-1.jpeg\",\"width\":90,\"height\":90,\"caption\":\"Arturo Medina\"},\"logo\":{\"@id\":\"https:\/\/nitu.mx\/#\/schema\/person\/image\/\"},\"description\":\"Director NITU.mx, Egresado de la Escuela de Periodismo Carlos Septi\u00e9n Garc\u00eda. Periodista y analista especializado en turismo desde hace 35 a\u00f1os, radicado en Canc\u00fan Q.Roo. arturo@nitu.mx\",\"sameAs\":[\"https:\/\/nitu.mx\",\"https:\/\/www.facebook.com\/NITUmx\/\",\"medinacancun\",\"https:\/\/twitter.com\/@Arturo_Medina_G\"]},{\"@type\":\"Person\",\"@id\":\"https:\/\/nitu.mx\/#\/schema\/person\/4a28fe9bd65924f7c90623773daf1b0b\",\"name\":\"Redacci\u00f3n\",\"image\":{\"@type\":\"ImageObject\",\"inLanguage\":\"es-MX\",\"@id\":\"https:\/\/nitu.mx\/#\/schema\/person\/image\/\",\"url\":\"https:\/\/secure.gravatar.com\/avatar\/5dd011c8ccfc5cd7e4c81e42252aab38?s=96&d=mm&r=g\",\"contentUrl\":\"https:\/\/secure.gravatar.com\/avatar\/5dd011c8ccfc5cd7e4c81e42252aab38?s=96&d=mm&r=g\",\"caption\":\"Redacci\u00f3n\"},\"url\":\"https:\/\/nitu.mx\/index.php\/author\/redaccion\/\"}]}<\/script>\n<!-- \/ Yoast SEO plugin. -->","yoast_head_json":{"title":"Aerom\u00e9xico planta cara a Volaris con conectividad a Honduras - Nitu - Noticias de la Industria Turistica","robots":{"index":"index","follow":"follow","max-snippet":"max-snippet:-1","max-image-preview":"max-image-preview:large","max-video-preview":"max-video-preview:-1"},"canonical":"https:\/\/nitu.mx\/index.php\/2021\/09\/06\/aeromexico-planta-cara-a-volaris-con-conectividad-a-honduras\/","twitter_card":"summary_large_image","twitter_title":"Aerom\u00e9xico planta cara a Volaris con conectividad a Honduras - Nitu - Noticias de la Industria Turistica","twitter_description":"En un evento realizado en las instalaciones del Aeropuerto de Palmerola, encabezado por el presidente constitucional de la Rep\u00fablica de Honduras,\u00a0Juan Orlando Hern\u00e1ndez, Aerom\u00e9xico dio a conocer que a partir del 2 de diciembre pr\u00f3ximo, conectar\u00e1 de forma directa a la Ciudad de M\u00e9xico y Tegucigalpa con 3 vuelos semanales, lo que representar\u00e1 un crecimiento [&hellip;]","twitter_image":"https:\/\/nitu.mx\/wp-content\/uploads\/2021\/09\/Aerome\u0301xico-Tegucigalpa.jpg","twitter_creator":"@NITUmx","twitter_site":"@Arturo_Medina_G","twitter_misc":{"Escrito por":"Redacci\u00f3n","Tiempo de lectura":"3 minutos"},"schema":{"@context":"https:\/\/schema.org","@graph":[{"@type":"Article","@id":"https:\/\/nitu.mx\/index.php\/2021\/09\/06\/aeromexico-planta-cara-a-volaris-con-conectividad-a-honduras\/#article","isPartOf":{"@id":"https:\/\/nitu.mx\/index.php\/2021\/09\/06\/aeromexico-planta-cara-a-volaris-con-conectividad-a-honduras\/"},"author":{"name":"Redacci\u00f3n","@id":"https:\/\/nitu.mx\/#\/schema\/person\/4a28fe9bd65924f7c90623773daf1b0b"},"headline":"Aerom\u00e9xico planta cara a Volaris con conectividad a Honduras","datePublished":"2021-09-07T02:16:16+00:00","dateModified":"2021-09-07T05:13:46+00:00","mainEntityOfPage":{"@id":"https:\/\/nitu.mx\/index.php\/2021\/09\/06\/aeromexico-planta-cara-a-volaris-con-conectividad-a-honduras\/"},"wordCount":548,"commentCount":0,"publisher":{"@id":"https:\/\/nitu.mx\/#\/schema\/person\/ae7a53426417292d3dd07b45a33e01bc"},"image":{"@id":"https:\/\/nitu.mx\/index.php\/2021\/09\/06\/aeromexico-planta-cara-a-volaris-con-conectividad-a-honduras\/#primaryimage"},"thumbnailUrl":"https:\/\/nitu.mx\/wp-content\/uploads\/2021\/09\/Aerome\u0301xico-Tegucigalpa.jpg","keywords":["Aerom\u00e9xico","Honduras","Tegucigalpa"],"articleSection":["Aerol\u00edneas"],"inLanguage":"es-MX","potentialAction":[{"@type":"CommentAction","name":"Comment","target":["https:\/\/nitu.mx\/index.php\/2021\/09\/06\/aeromexico-planta-cara-a-volaris-con-conectividad-a-honduras\/#respond"]}]},{"@type":"WebPage","@id":"https:\/\/nitu.mx\/index.php\/2021\/09\/06\/aeromexico-planta-cara-a-volaris-con-conectividad-a-honduras\/","url":"https:\/\/nitu.mx\/index.php\/2021\/09\/06\/aeromexico-planta-cara-a-volaris-con-conectividad-a-honduras\/","name":"Aerom\u00e9xico planta cara a Volaris con conectividad a Honduras - Nitu - Noticias de la Industria Turistica","isPartOf":{"@id":"https:\/\/nitu.mx\/#website"},"primaryImageOfPage":{"@id":"https:\/\/nitu.mx\/index.php\/2021\/09\/06\/aeromexico-planta-cara-a-volaris-con-conectividad-a-honduras\/#primaryimage"},"image":{"@id":"https:\/\/nitu.mx\/index.php\/2021\/09\/06\/aeromexico-planta-cara-a-volaris-con-conectividad-a-honduras\/#primaryimage"},"thumbnailUrl":"https:\/\/nitu.mx\/wp-content\/uploads\/2021\/09\/Aerome\u0301xico-Tegucigalpa.jpg","datePublished":"2021-09-07T02:16:16+00:00","dateModified":"2021-09-07T05:13:46+00:00","breadcrumb":{"@id":"https:\/\/nitu.mx\/index.php\/2021\/09\/06\/aeromexico-planta-cara-a-volaris-con-conectividad-a-honduras\/#breadcrumb"},"inLanguage":"es-MX","potentialAction":[{"@type":"ReadAction","target":["https:\/\/nitu.mx\/index.php\/2021\/09\/06\/aeromexico-planta-cara-a-volaris-con-conectividad-a-honduras\/"]}]},{"@type":"ImageObject","inLanguage":"es-MX","@id":"https:\/\/nitu.mx\/index.php\/2021\/09\/06\/aeromexico-planta-cara-a-volaris-con-conectividad-a-honduras\/#primaryimage","url":"https:\/\/nitu.mx\/wp-content\/uploads\/2021\/09\/Aerome\u0301xico-Tegucigalpa.jpg","contentUrl":"https:\/\/nitu.mx\/wp-content\/uploads\/2021\/09\/Aerome\u0301xico-Tegucigalpa.jpg","width":1200,"height":675},{"@type":"BreadcrumbList","@id":"https:\/\/nitu.mx\/index.php\/2021\/09\/06\/aeromexico-planta-cara-a-volaris-con-conectividad-a-honduras\/#breadcrumb","itemListElement":[{"@type":"ListItem","position":1,"name":"Inicio","item":"https:\/\/nitu.mx\/"},{"@type":"ListItem","position":2,"name":"Aerom\u00e9xico planta cara a Volaris con conectividad a Honduras"}]},{"@type":"WebSite","@id":"https:\/\/nitu.mx\/#website","url":"https:\/\/nitu.mx\/","name":"Nitu - Noticias de la Industria Turistica","description":"Noticias de la Industria Turistica","publisher":{"@id":"https:\/\/nitu.mx\/#\/schema\/person\/ae7a53426417292d3dd07b45a33e01bc"},"alternateName":"Noticias de la Industria Turistica","potentialAction":[{"@type":"SearchAction","target":{"@type":"EntryPoint","urlTemplate":"https:\/\/nitu.mx\/?s={search_term_string}"},"query-input":"required name=search_term_string"}],"inLanguage":"es-MX"},{"@type":["Person","Organization"],"@id":"https:\/\/nitu.mx\/#\/schema\/person\/ae7a53426417292d3dd07b45a33e01bc","name":"Arturo Medina","image":{"@type":"ImageObject","inLanguage":"es-MX","@id":"https:\/\/nitu.mx\/#\/schema\/person\/image\/","url":"https:\/\/nitu.mx\/wp-content\/uploads\/2024\/04\/4A315622-1904-4D5C-B022-878CDC840E04-90x90-1.jpeg","contentUrl":"https:\/\/nitu.mx\/wp-content\/uploads\/2024\/04\/4A315622-1904-4D5C-B022-878CDC840E04-90x90-1.jpeg","width":90,"height":90,"caption":"Arturo Medina"},"logo":{"@id":"https:\/\/nitu.mx\/#\/schema\/person\/image\/"},"description":"Director NITU.mx, Egresado de la Escuela de Periodismo Carlos Septi\u00e9n Garc\u00eda. Periodista y analista especializado en turismo desde hace 35 a\u00f1os, radicado en Canc\u00fan Q.Roo. arturo@nitu.mx","sameAs":["https:\/\/nitu.mx","https:\/\/www.facebook.com\/NITUmx\/","medinacancun","https:\/\/twitter.com\/@Arturo_Medina_G"]},{"@type":"Person","@id":"https:\/\/nitu.mx\/#\/schema\/person\/4a28fe9bd65924f7c90623773daf1b0b","name":"Redacci\u00f3n","image":{"@type":"ImageObject","inLanguage":"es-MX","@id":"https:\/\/nitu.mx\/#\/schema\/person\/image\/","url":"https:\/\/secure.gravatar.com\/avatar\/5dd011c8ccfc5cd7e4c81e42252aab38?s=96&d=mm&r=g","contentUrl":"https:\/\/secure.gravatar.com\/avatar\/5dd011c8ccfc5cd7e4c81e42252aab38?s=96&d=mm&r=g","caption":"Redacci\u00f3n"},"url":"https:\/\/nitu.mx\/index.php\/author\/redaccion\/"}]}},"views":264,"_links":{"self":[{"href":"https:\/\/nitu.mx\/index.php\/wp-json\/wp\/v2\/posts\/55117"}],"collection":[{"href":"https:\/\/nitu.mx\/index.php\/wp-json\/wp\/v2\/posts"}],"about":[{"href":"https:\/\/nitu.mx\/index.php\/wp-json\/wp\/v2\/types\/post"}],"author":[{"embeddable":true,"href":"https:\/\/nitu.mx\/index.php\/wp-json\/wp\/v2\/users\/17"}],"replies":[{"embeddable":true,"href":"https:\/\/nitu.mx\/index.php\/wp-json\/wp\/v2\/comments?post=55117"}],"version-history":[{"count":1,"href":"https:\/\/nitu.mx\/index.php\/wp-json\/wp\/v2\/posts\/55117\/revisions"}],"predecessor-version":[{"id":55119,"href":"https:\/\/nitu.mx\/index.php\/wp-json\/wp\/v2\/posts\/55117\/revisions\/55119"}],"wp:featuredmedia":[{"embeddable":true,"href":"https:\/\/nitu.mx\/index.php\/wp-json\/wp\/v2\/media\/55118"}],"wp:attachment":[{"href":"https:\/\/nitu.mx\/index.php\/wp-json\/wp\/v2\/media?parent=55117"}],"wp:term":[{"taxonomy":"category","embeddable":true,"href":"https:\/\/nitu.mx\/index.php\/wp-json\/wp\/v2\/categories?post=55117"},{"taxonomy":"post_tag","embeddable":true,"href":"https:\/\/nitu.mx\/index.php\/wp-json\/wp\/v2\/tags?post=55117"}],"curies":[{"name":"wp","href":"https:\/\/api.w.org\/{rel}","templated":true}]}}