{"id":55025,"date":"2021-09-02T17:58:29","date_gmt":"2021-09-02T22:58:29","guid":{"rendered":"https:\/\/www.dev.nitu.mx\/?p=55025"},"modified":"2021-09-02T17:58:29","modified_gmt":"2021-09-02T22:58:29","slug":"viva-aerobus-volara-diario-la-ruta-bogota-ciudad-de-mexico","status":"publish","type":"post","link":"https:\/\/nitu.mx\/index.php\/2021\/09\/02\/viva-aerobus-volara-diario-la-ruta-bogota-ciudad-de-mexico\/","title":{"rendered":"Viva Aerobus volar\u00e1 diario la ruta Bogot\u00e1-Ciudad de M\u00e9xico"},"content":{"rendered":"<p>El director general de Viva Aerobus, Juan Carlos Zuazua, revel\u00f3 que a partir del 15 de septiembre la ruta Bogot\u00e1-Ciudad de M\u00e9xico contar\u00e1 con un vuelo diario.<\/p>\n<p>La ruta inici\u00f3 operaciones el 21 de agosto con dos frecuencias semanales, mi\u00e9rcoles y viernes, con precios exclusivos por lanzamiento que inician desde los USD $18 d\u00f3lares en viaje sencillo (m\u00e1s impuestos).<\/p>\n<p>\u201cEstamos muy entusiasmados que Viva Aerobus haya elegido a Bogot\u00e1 como su primer destino en Am\u00e9rica Latina. Se trata de una decisi\u00f3n y un trabajo coordinado que fortalece a nuestra ciudad como un destino tur\u00edstico, vacacional, de eventos, de inversi\u00f3n y de negocios de talla internacional\u201d se\u00f1al\u00f3 Karol Fajardo Mari\u00f1o, directora del Instituto Distrital de Turismo de Bogot\u00e1<\/p>\n<p>\u201cAdem\u00e1s, los residentes de nuestras ciudades tambi\u00e9n se beneficiar\u00e1n de tener vuelos a precios muy competitivos entre los dos destinos, aportando as\u00ed a la reactivaci\u00f3n efectiva entre ciudades hermanas de Latinoam\u00e9rica, agreg\u00f3.<\/p>\n<p>Entre los mayores diferenciadores que ofrece Viva Aerobus, aerol\u00ednea mexicana con 15 a\u00f1os de experiencia, destacan cuatro elementos. En primera instancia, sus precios bajos, hasta un 25% menos que la competencia.<\/p>\n<p>Segundo, cuenta con la flota m\u00e1s joven de M\u00e9xico y la segunda m\u00e1s joven de Norteam\u00e9rica, con una edad promedio de 4.6 a\u00f1os. Al respecto, esta ruta se opera con aeronaves Airbus A320, con capacidad para 186 pasajeros, que ofrecen los m\u00e1s altos est\u00e1ndares en confiabilidad y seguridad.<\/p>\n<p>En tercer lugar, la aerol\u00ednea brinda un servicio enfocado al cliente distinguido por la flexibilidad. Viva Aerobus es la \u00fanica l\u00ednea a\u00e9rea mexicana que ha eliminado todos los cargos adicionales por cambios en fecha, horario y ruta, los pasajeros solo deben de cubrir la diferencia tarifaria en caso de existir.<\/p>\n<p>Finalmente, sobresale el compromiso de la aerol\u00ednea con la salud cumpliendo con estrictos protocolos de prevenci\u00f3n e higiene que le han hecho merecedora de reconocimientos como el Timbre de Seguridad Tur\u00edstica otorgado por la Secretar\u00eda de Turismo del Gobierno de la Ciudad de M\u00e9xico.<\/p>\n<p>Gracias a esta propuesta de valor, Viva Aerobus se ha posicionado como una de las tres principales l\u00edneas a\u00e9reas en M\u00e9xico y con uno de los mayores crecimientos de pasajeros a nivel global.<\/p>\n<p>\u201cBogot\u00e1 es nuestro primer destino en Sudam\u00e9rica y nos entusiasma aterrizar en Colombia para servir a sus pasajeros con nuestra propuesta de valor \u00fanica: los precios m\u00e1s bajos, un claro enfoque en el cliente, viajes a la medida, eficiencia operativa, tecnolog\u00eda de punta y una de las flotas m\u00e1s j\u00f3venes del mundo\u201d, explic\u00f3 Juan Carlos Zuazua.<\/p>\n<p>Estos nuevos vuelos no s\u00f3lo enlazan las capitales de dichos pa\u00edses, tambi\u00e9n ponen a disposici\u00f3n de los pasajeros colombianos una red de rutas que conectan a la Ciudad de M\u00e9xico con m\u00e1s de 30 destinos al interior de M\u00e9xico.<\/p>\n<p>Asimismo, siendo Viva Aerobus miembro de Grupo IAMSA, el conglomerado de transporte a\u00e9reo y terrestre l\u00edder en M\u00e9xico, ofrece a los pasajeros la posibilidad de complementar su viaje a trav\u00e9s de las l\u00edneas de autobuses m\u00e1s reconocidas en el pa\u00eds \u2013 ETN Turistar, Primera Plus, Autov\u00edas, La L\u00ednea, entre otras- con tarifas preferenciales y descuentos hasta de un 50%.<\/p>\n<p>\u201cLa ruta se suma a las 29 conexiones a\u00e9reas nuevas que se han anunciado durante este a\u00f1o. De esta manera, esta es la oportunidad para que m\u00e1s viajeros mexicanos conozcan las experiencias \u00fanicas de Colombia y para seguir afianzando las relaciones comerciales con M\u00e9xico\u201d, explic\u00f3 Flavia Santoro, presidenta de ProColombia.<\/p>\n<p>Con el prop\u00f3sito de seguir impulsando el turismo entre ambos pa\u00edses, el Instituto Distrital de Turismo de Bogot\u00e1 y Viva Aerobus tambi\u00e9n firmaron hoy un Memor\u00e1ndum de Entendimiento y se otorg\u00f3 a la\u00a0aerol\u00ednea el\u00a0uso\u00a0de la Marca Ciudad con el fin de trabajar conjuntamente en la promoci\u00f3n del destino.<\/p>\n<p>\u201cCelebramos la llegada de Viva Aerobus, estamos seguros de que trabajando en equipo continuaremos fortaleciendo la reactivaci\u00f3n del sector, y aportando a la del pa\u00eds. Recientemente,\u00a0el Aeropuerto internacional El Dorado fue reconocido como la terminal con el mejor personal en Sudam\u00e9rica y a la excelencia aeroportuaria. Y ahora con la llegada de Viva Aerobus, seguimos brindando m\u00e1s opciones para volar con tarifas competitivas\u201d,\u00a0mencion\u00f3 Andr\u00e9s Ortega, Gerente General de OPAIN.<\/p>\n<p>En 2019, m\u00e1s de 1.5 millones de pasajeros viajaron entre M\u00e9xico y Colombia, existiendo una tendencia al alza en los \u00faltimos seis a\u00f1os previos al brote de Covid-19. Incluso, a\u00fan durante la pandemia, en 2020 Colombia se posicion\u00f3 entre los primeros tres pa\u00edses emisores de turistas a M\u00e9xico.<\/p>\n<p>En este sentido, esta nueva ruta permitir\u00e1 el transporte de m\u00e1s de 100 mil viajeros en el primer a\u00f1o, coadyuvando as\u00ed en la reactivaci\u00f3n econ\u00f3mica y tur\u00edstica de ambos pa\u00edses.\u00a0<a title=\"Celebra Viva Aerobus llegada de su avi\u00f3n 50\" href=\"https:\/\/www.dev.nitu.mx\/index.php\/2021\/08\/02\/celebra-viva-aerobus-llegada-de-su-avion-50\/\" rel=\"bookmark\">(Celebra Viva Aerobus llegada de su avi\u00f3n 50<\/a>).<\/p>\n<p>&nbsp;<\/p>\n","protected":false},"excerpt":{"rendered":"<p>El director general de Viva Aerobus, Juan Carlos Zuazua, revel\u00f3 que a partir del 15 de septiembre la ruta Bogot\u00e1-Ciudad de M\u00e9xico contar\u00e1 con un vuelo diario. La ruta inici\u00f3 operaciones el 21 de agosto con dos frecuencias semanales, mi\u00e9rcoles y viernes, con precios exclusivos por lanzamiento que inician desde los USD $18 d\u00f3lares en [&hellip;]<\/p>\n","protected":false},"author":17,"featured_media":55027,"comment_status":"open","ping_status":"open","sticky":false,"template":"","format":"standard","meta":{"footnotes":""},"categories":[29],"tags":[918,224,295,18024,2102],"yoast_head":"<!-- This site is optimized with the Yoast SEO plugin v22.2 - https:\/\/yoast.com\/wordpress\/plugins\/seo\/ -->\n<title>Viva Aerobus volar\u00e1 diario la ruta Bogot\u00e1-Ciudad de M\u00e9xico - Nitu - Noticias de la Industria Turistica<\/title>\n<meta name=\"robots\" content=\"index, follow, max-snippet:-1, max-image-preview:large, max-video-preview:-1\" \/>\n<link rel=\"canonical\" href=\"https:\/\/nitu.mx\/index.php\/2021\/09\/02\/viva-aerobus-volara-diario-la-ruta-bogota-ciudad-de-mexico\/\" \/>\n<meta name=\"twitter:card\" content=\"summary_large_image\" \/>\n<meta name=\"twitter:title\" content=\"Viva Aerobus volar\u00e1 diario la ruta Bogot\u00e1-Ciudad de M\u00e9xico - Nitu - Noticias de la Industria Turistica\" \/>\n<meta name=\"twitter:description\" content=\"El director general de Viva Aerobus, Juan Carlos Zuazua, revel\u00f3 que a partir del 15 de septiembre la ruta Bogot\u00e1-Ciudad de M\u00e9xico contar\u00e1 con un vuelo diario. La ruta inici\u00f3 operaciones el 21 de agosto con dos frecuencias semanales, mi\u00e9rcoles y viernes, con precios exclusivos por lanzamiento que inician desde los USD $18 d\u00f3lares en [&hellip;]\" \/>\n<meta name=\"twitter:image\" content=\"https:\/\/nitu.mx\/wp-content\/uploads\/2021\/09\/Viva-Aerobus-Colombia.jpg\" \/>\n<meta name=\"twitter:creator\" content=\"@NITUmx\" \/>\n<meta name=\"twitter:site\" content=\"@Arturo_Medina_G\" \/>\n<meta name=\"twitter:label1\" content=\"Escrito por\" \/>\n\t<meta name=\"twitter:data1\" content=\"Redacci\u00f3n\" \/>\n\t<meta name=\"twitter:label2\" content=\"Tiempo de lectura\" \/>\n\t<meta name=\"twitter:data2\" content=\"4 minutos\" \/>\n<script type=\"application\/ld+json\" class=\"yoast-schema-graph\">{\"@context\":\"https:\/\/schema.org\",\"@graph\":[{\"@type\":\"Article\",\"@id\":\"https:\/\/nitu.mx\/index.php\/2021\/09\/02\/viva-aerobus-volara-diario-la-ruta-bogota-ciudad-de-mexico\/#article\",\"isPartOf\":{\"@id\":\"https:\/\/nitu.mx\/index.php\/2021\/09\/02\/viva-aerobus-volara-diario-la-ruta-bogota-ciudad-de-mexico\/\"},\"author\":{\"name\":\"Redacci\u00f3n\",\"@id\":\"https:\/\/nitu.mx\/#\/schema\/person\/4a28fe9bd65924f7c90623773daf1b0b\"},\"headline\":\"Viva Aerobus volar\u00e1 diario la ruta Bogot\u00e1-Ciudad de M\u00e9xico\",\"datePublished\":\"2021-09-02T22:58:29+00:00\",\"dateModified\":\"2021-09-02T22:58:29+00:00\",\"mainEntityOfPage\":{\"@id\":\"https:\/\/nitu.mx\/index.php\/2021\/09\/02\/viva-aerobus-volara-diario-la-ruta-bogota-ciudad-de-mexico\/\"},\"wordCount\":848,\"commentCount\":0,\"publisher\":{\"@id\":\"https:\/\/nitu.mx\/#\/schema\/person\/ae7a53426417292d3dd07b45a33e01bc\"},\"image\":{\"@id\":\"https:\/\/nitu.mx\/index.php\/2021\/09\/02\/viva-aerobus-volara-diario-la-ruta-bogota-ciudad-de-mexico\/#primaryimage\"},\"thumbnailUrl\":\"https:\/\/nitu.mx\/wp-content\/uploads\/2021\/09\/Viva-Aerobus-Colombia.jpg\",\"keywords\":[\"Bogot\u00e1\",\"Colombia\",\"Juan Carlos Zuazua\",\"ProColombia\",\"Viva Aerobus\"],\"articleSection\":[\"Aerol\u00edneas\"],\"inLanguage\":\"es-MX\",\"potentialAction\":[{\"@type\":\"CommentAction\",\"name\":\"Comment\",\"target\":[\"https:\/\/nitu.mx\/index.php\/2021\/09\/02\/viva-aerobus-volara-diario-la-ruta-bogota-ciudad-de-mexico\/#respond\"]}]},{\"@type\":\"WebPage\",\"@id\":\"https:\/\/nitu.mx\/index.php\/2021\/09\/02\/viva-aerobus-volara-diario-la-ruta-bogota-ciudad-de-mexico\/\",\"url\":\"https:\/\/nitu.mx\/index.php\/2021\/09\/02\/viva-aerobus-volara-diario-la-ruta-bogota-ciudad-de-mexico\/\",\"name\":\"Viva Aerobus volar\u00e1 diario la ruta Bogot\u00e1-Ciudad de M\u00e9xico - Nitu - Noticias de la Industria Turistica\",\"isPartOf\":{\"@id\":\"https:\/\/nitu.mx\/#website\"},\"primaryImageOfPage\":{\"@id\":\"https:\/\/nitu.mx\/index.php\/2021\/09\/02\/viva-aerobus-volara-diario-la-ruta-bogota-ciudad-de-mexico\/#primaryimage\"},\"image\":{\"@id\":\"https:\/\/nitu.mx\/index.php\/2021\/09\/02\/viva-aerobus-volara-diario-la-ruta-bogota-ciudad-de-mexico\/#primaryimage\"},\"thumbnailUrl\":\"https:\/\/nitu.mx\/wp-content\/uploads\/2021\/09\/Viva-Aerobus-Colombia.jpg\",\"datePublished\":\"2021-09-02T22:58:29+00:00\",\"dateModified\":\"2021-09-02T22:58:29+00:00\",\"breadcrumb\":{\"@id\":\"https:\/\/nitu.mx\/index.php\/2021\/09\/02\/viva-aerobus-volara-diario-la-ruta-bogota-ciudad-de-mexico\/#breadcrumb\"},\"inLanguage\":\"es-MX\",\"potentialAction\":[{\"@type\":\"ReadAction\",\"target\":[\"https:\/\/nitu.mx\/index.php\/2021\/09\/02\/viva-aerobus-volara-diario-la-ruta-bogota-ciudad-de-mexico\/\"]}]},{\"@type\":\"ImageObject\",\"inLanguage\":\"es-MX\",\"@id\":\"https:\/\/nitu.mx\/index.php\/2021\/09\/02\/viva-aerobus-volara-diario-la-ruta-bogota-ciudad-de-mexico\/#primaryimage\",\"url\":\"https:\/\/nitu.mx\/wp-content\/uploads\/2021\/09\/Viva-Aerobus-Colombia.jpg\",\"contentUrl\":\"https:\/\/nitu.mx\/wp-content\/uploads\/2021\/09\/Viva-Aerobus-Colombia.jpg\",\"width\":1200,\"height\":675,\"caption\":\"Viva Aerobus\"},{\"@type\":\"BreadcrumbList\",\"@id\":\"https:\/\/nitu.mx\/index.php\/2021\/09\/02\/viva-aerobus-volara-diario-la-ruta-bogota-ciudad-de-mexico\/#breadcrumb\",\"itemListElement\":[{\"@type\":\"ListItem\",\"position\":1,\"name\":\"Inicio\",\"item\":\"https:\/\/nitu.mx\/\"},{\"@type\":\"ListItem\",\"position\":2,\"name\":\"Viva Aerobus volar\u00e1 diario la ruta Bogot\u00e1-Ciudad de M\u00e9xico\"}]},{\"@type\":\"WebSite\",\"@id\":\"https:\/\/nitu.mx\/#website\",\"url\":\"https:\/\/nitu.mx\/\",\"name\":\"Nitu - Noticias de la Industria Turistica\",\"description\":\"Noticias de la Industria Turistica\",\"publisher\":{\"@id\":\"https:\/\/nitu.mx\/#\/schema\/person\/ae7a53426417292d3dd07b45a33e01bc\"},\"alternateName\":\"Noticias de la Industria Turistica\",\"potentialAction\":[{\"@type\":\"SearchAction\",\"target\":{\"@type\":\"EntryPoint\",\"urlTemplate\":\"https:\/\/nitu.mx\/?s={search_term_string}\"},\"query-input\":\"required name=search_term_string\"}],\"inLanguage\":\"es-MX\"},{\"@type\":[\"Person\",\"Organization\"],\"@id\":\"https:\/\/nitu.mx\/#\/schema\/person\/ae7a53426417292d3dd07b45a33e01bc\",\"name\":\"Arturo Medina\",\"image\":{\"@type\":\"ImageObject\",\"inLanguage\":\"es-MX\",\"@id\":\"https:\/\/nitu.mx\/#\/schema\/person\/image\/\",\"url\":\"https:\/\/nitu.mx\/wp-content\/uploads\/2024\/04\/4A315622-1904-4D5C-B022-878CDC840E04-90x90-1.jpeg\",\"contentUrl\":\"https:\/\/nitu.mx\/wp-content\/uploads\/2024\/04\/4A315622-1904-4D5C-B022-878CDC840E04-90x90-1.jpeg\",\"width\":90,\"height\":90,\"caption\":\"Arturo Medina\"},\"logo\":{\"@id\":\"https:\/\/nitu.mx\/#\/schema\/person\/image\/\"},\"description\":\"Director NITU.mx, Egresado de la Escuela de Periodismo Carlos Septi\u00e9n Garc\u00eda. Periodista y analista especializado en turismo desde hace 35 a\u00f1os, radicado en Canc\u00fan Q.Roo. arturo@nitu.mx\",\"sameAs\":[\"https:\/\/nitu.mx\",\"https:\/\/www.facebook.com\/NITUmx\/\",\"medinacancun\",\"https:\/\/twitter.com\/@Arturo_Medina_G\"]},{\"@type\":\"Person\",\"@id\":\"https:\/\/nitu.mx\/#\/schema\/person\/4a28fe9bd65924f7c90623773daf1b0b\",\"name\":\"Redacci\u00f3n\",\"image\":{\"@type\":\"ImageObject\",\"inLanguage\":\"es-MX\",\"@id\":\"https:\/\/nitu.mx\/#\/schema\/person\/image\/\",\"url\":\"https:\/\/secure.gravatar.com\/avatar\/5dd011c8ccfc5cd7e4c81e42252aab38?s=96&d=mm&r=g\",\"contentUrl\":\"https:\/\/secure.gravatar.com\/avatar\/5dd011c8ccfc5cd7e4c81e42252aab38?s=96&d=mm&r=g\",\"caption\":\"Redacci\u00f3n\"},\"url\":\"https:\/\/nitu.mx\/index.php\/author\/redaccion\/\"}]}<\/script>\n<!-- \/ Yoast SEO plugin. -->","yoast_head_json":{"title":"Viva Aerobus volar\u00e1 diario la ruta Bogot\u00e1-Ciudad de M\u00e9xico - Nitu - Noticias de la Industria Turistica","robots":{"index":"index","follow":"follow","max-snippet":"max-snippet:-1","max-image-preview":"max-image-preview:large","max-video-preview":"max-video-preview:-1"},"canonical":"https:\/\/nitu.mx\/index.php\/2021\/09\/02\/viva-aerobus-volara-diario-la-ruta-bogota-ciudad-de-mexico\/","twitter_card":"summary_large_image","twitter_title":"Viva Aerobus volar\u00e1 diario la ruta Bogot\u00e1-Ciudad de M\u00e9xico - Nitu - Noticias de la Industria Turistica","twitter_description":"El director general de Viva Aerobus, Juan Carlos Zuazua, revel\u00f3 que a partir del 15 de septiembre la ruta Bogot\u00e1-Ciudad de M\u00e9xico contar\u00e1 con un vuelo diario. La ruta inici\u00f3 operaciones el 21 de agosto con dos frecuencias semanales, mi\u00e9rcoles y viernes, con precios exclusivos por lanzamiento que inician desde los USD $18 d\u00f3lares en [&hellip;]","twitter_image":"https:\/\/nitu.mx\/wp-content\/uploads\/2021\/09\/Viva-Aerobus-Colombia.jpg","twitter_creator":"@NITUmx","twitter_site":"@Arturo_Medina_G","twitter_misc":{"Escrito por":"Redacci\u00f3n","Tiempo de lectura":"4 minutos"},"schema":{"@context":"https:\/\/schema.org","@graph":[{"@type":"Article","@id":"https:\/\/nitu.mx\/index.php\/2021\/09\/02\/viva-aerobus-volara-diario-la-ruta-bogota-ciudad-de-mexico\/#article","isPartOf":{"@id":"https:\/\/nitu.mx\/index.php\/2021\/09\/02\/viva-aerobus-volara-diario-la-ruta-bogota-ciudad-de-mexico\/"},"author":{"name":"Redacci\u00f3n","@id":"https:\/\/nitu.mx\/#\/schema\/person\/4a28fe9bd65924f7c90623773daf1b0b"},"headline":"Viva Aerobus volar\u00e1 diario la ruta Bogot\u00e1-Ciudad de M\u00e9xico","datePublished":"2021-09-02T22:58:29+00:00","dateModified":"2021-09-02T22:58:29+00:00","mainEntityOfPage":{"@id":"https:\/\/nitu.mx\/index.php\/2021\/09\/02\/viva-aerobus-volara-diario-la-ruta-bogota-ciudad-de-mexico\/"},"wordCount":848,"commentCount":0,"publisher":{"@id":"https:\/\/nitu.mx\/#\/schema\/person\/ae7a53426417292d3dd07b45a33e01bc"},"image":{"@id":"https:\/\/nitu.mx\/index.php\/2021\/09\/02\/viva-aerobus-volara-diario-la-ruta-bogota-ciudad-de-mexico\/#primaryimage"},"thumbnailUrl":"https:\/\/nitu.mx\/wp-content\/uploads\/2021\/09\/Viva-Aerobus-Colombia.jpg","keywords":["Bogot\u00e1","Colombia","Juan Carlos Zuazua","ProColombia","Viva Aerobus"],"articleSection":["Aerol\u00edneas"],"inLanguage":"es-MX","potentialAction":[{"@type":"CommentAction","name":"Comment","target":["https:\/\/nitu.mx\/index.php\/2021\/09\/02\/viva-aerobus-volara-diario-la-ruta-bogota-ciudad-de-mexico\/#respond"]}]},{"@type":"WebPage","@id":"https:\/\/nitu.mx\/index.php\/2021\/09\/02\/viva-aerobus-volara-diario-la-ruta-bogota-ciudad-de-mexico\/","url":"https:\/\/nitu.mx\/index.php\/2021\/09\/02\/viva-aerobus-volara-diario-la-ruta-bogota-ciudad-de-mexico\/","name":"Viva Aerobus volar\u00e1 diario la ruta Bogot\u00e1-Ciudad de M\u00e9xico - Nitu - Noticias de la Industria Turistica","isPartOf":{"@id":"https:\/\/nitu.mx\/#website"},"primaryImageOfPage":{"@id":"https:\/\/nitu.mx\/index.php\/2021\/09\/02\/viva-aerobus-volara-diario-la-ruta-bogota-ciudad-de-mexico\/#primaryimage"},"image":{"@id":"https:\/\/nitu.mx\/index.php\/2021\/09\/02\/viva-aerobus-volara-diario-la-ruta-bogota-ciudad-de-mexico\/#primaryimage"},"thumbnailUrl":"https:\/\/nitu.mx\/wp-content\/uploads\/2021\/09\/Viva-Aerobus-Colombia.jpg","datePublished":"2021-09-02T22:58:29+00:00","dateModified":"2021-09-02T22:58:29+00:00","breadcrumb":{"@id":"https:\/\/nitu.mx\/index.php\/2021\/09\/02\/viva-aerobus-volara-diario-la-ruta-bogota-ciudad-de-mexico\/#breadcrumb"},"inLanguage":"es-MX","potentialAction":[{"@type":"ReadAction","target":["https:\/\/nitu.mx\/index.php\/2021\/09\/02\/viva-aerobus-volara-diario-la-ruta-bogota-ciudad-de-mexico\/"]}]},{"@type":"ImageObject","inLanguage":"es-MX","@id":"https:\/\/nitu.mx\/index.php\/2021\/09\/02\/viva-aerobus-volara-diario-la-ruta-bogota-ciudad-de-mexico\/#primaryimage","url":"https:\/\/nitu.mx\/wp-content\/uploads\/2021\/09\/Viva-Aerobus-Colombia.jpg","contentUrl":"https:\/\/nitu.mx\/wp-content\/uploads\/2021\/09\/Viva-Aerobus-Colombia.jpg","width":1200,"height":675,"caption":"Viva Aerobus"},{"@type":"BreadcrumbList","@id":"https:\/\/nitu.mx\/index.php\/2021\/09\/02\/viva-aerobus-volara-diario-la-ruta-bogota-ciudad-de-mexico\/#breadcrumb","itemListElement":[{"@type":"ListItem","position":1,"name":"Inicio","item":"https:\/\/nitu.mx\/"},{"@type":"ListItem","position":2,"name":"Viva Aerobus volar\u00e1 diario la ruta Bogot\u00e1-Ciudad de M\u00e9xico"}]},{"@type":"WebSite","@id":"https:\/\/nitu.mx\/#website","url":"https:\/\/nitu.mx\/","name":"Nitu - Noticias de la Industria Turistica","description":"Noticias de la Industria Turistica","publisher":{"@id":"https:\/\/nitu.mx\/#\/schema\/person\/ae7a53426417292d3dd07b45a33e01bc"},"alternateName":"Noticias de la Industria Turistica","potentialAction":[{"@type":"SearchAction","target":{"@type":"EntryPoint","urlTemplate":"https:\/\/nitu.mx\/?s={search_term_string}"},"query-input":"required name=search_term_string"}],"inLanguage":"es-MX"},{"@type":["Person","Organization"],"@id":"https:\/\/nitu.mx\/#\/schema\/person\/ae7a53426417292d3dd07b45a33e01bc","name":"Arturo Medina","image":{"@type":"ImageObject","inLanguage":"es-MX","@id":"https:\/\/nitu.mx\/#\/schema\/person\/image\/","url":"https:\/\/nitu.mx\/wp-content\/uploads\/2024\/04\/4A315622-1904-4D5C-B022-878CDC840E04-90x90-1.jpeg","contentUrl":"https:\/\/nitu.mx\/wp-content\/uploads\/2024\/04\/4A315622-1904-4D5C-B022-878CDC840E04-90x90-1.jpeg","width":90,"height":90,"caption":"Arturo Medina"},"logo":{"@id":"https:\/\/nitu.mx\/#\/schema\/person\/image\/"},"description":"Director NITU.mx, Egresado de la Escuela de Periodismo Carlos Septi\u00e9n Garc\u00eda. Periodista y analista especializado en turismo desde hace 35 a\u00f1os, radicado en Canc\u00fan Q.Roo. arturo@nitu.mx","sameAs":["https:\/\/nitu.mx","https:\/\/www.facebook.com\/NITUmx\/","medinacancun","https:\/\/twitter.com\/@Arturo_Medina_G"]},{"@type":"Person","@id":"https:\/\/nitu.mx\/#\/schema\/person\/4a28fe9bd65924f7c90623773daf1b0b","name":"Redacci\u00f3n","image":{"@type":"ImageObject","inLanguage":"es-MX","@id":"https:\/\/nitu.mx\/#\/schema\/person\/image\/","url":"https:\/\/secure.gravatar.com\/avatar\/5dd011c8ccfc5cd7e4c81e42252aab38?s=96&d=mm&r=g","contentUrl":"https:\/\/secure.gravatar.com\/avatar\/5dd011c8ccfc5cd7e4c81e42252aab38?s=96&d=mm&r=g","caption":"Redacci\u00f3n"},"url":"https:\/\/nitu.mx\/index.php\/author\/redaccion\/"}]}},"views":497,"_links":{"self":[{"href":"https:\/\/nitu.mx\/index.php\/wp-json\/wp\/v2\/posts\/55025"}],"collection":[{"href":"https:\/\/nitu.mx\/index.php\/wp-json\/wp\/v2\/posts"}],"about":[{"href":"https:\/\/nitu.mx\/index.php\/wp-json\/wp\/v2\/types\/post"}],"author":[{"embeddable":true,"href":"https:\/\/nitu.mx\/index.php\/wp-json\/wp\/v2\/users\/17"}],"replies":[{"embeddable":true,"href":"https:\/\/nitu.mx\/index.php\/wp-json\/wp\/v2\/comments?post=55025"}],"version-history":[{"count":1,"href":"https:\/\/nitu.mx\/index.php\/wp-json\/wp\/v2\/posts\/55025\/revisions"}],"predecessor-version":[{"id":55026,"href":"https:\/\/nitu.mx\/index.php\/wp-json\/wp\/v2\/posts\/55025\/revisions\/55026"}],"wp:featuredmedia":[{"embeddable":true,"href":"https:\/\/nitu.mx\/index.php\/wp-json\/wp\/v2\/media\/55027"}],"wp:attachment":[{"href":"https:\/\/nitu.mx\/index.php\/wp-json\/wp\/v2\/media?parent=55025"}],"wp:term":[{"taxonomy":"category","embeddable":true,"href":"https:\/\/nitu.mx\/index.php\/wp-json\/wp\/v2\/categories?post=55025"},{"taxonomy":"post_tag","embeddable":true,"href":"https:\/\/nitu.mx\/index.php\/wp-json\/wp\/v2\/tags?post=55025"}],"curies":[{"name":"wp","href":"https:\/\/api.w.org\/{rel}","templated":true}]}}