{"id":55013,"date":"2021-09-02T00:37:04","date_gmt":"2021-09-02T05:37:04","guid":{"rendered":"https:\/\/www.dev.nitu.mx\/?p=55013"},"modified":"2021-09-02T00:38:18","modified_gmt":"2021-09-02T05:38:18","slug":"decide-wamos-suspender-operaciones-al-caribe-en-octubre-y-noviembre","status":"publish","type":"post","link":"https:\/\/nitu.mx\/index.php\/2021\/09\/02\/decide-wamos-suspender-operaciones-al-caribe-en-octubre-y-noviembre\/","title":{"rendered":"Decide Wamos suspender operaciones al Caribe en octubre y noviembre"},"content":{"rendered":"<p>La aerol\u00ednea\u00a0Wamos Air\u00a0suspender\u00e1\u00a0de manera temporal\u00a0en octubre y noviembre sus\u00a0vuelos al Caribe\u00a0y los volver\u00e1 a retomar en diciembre, los destinos afectados ser\u00e1n Canc\u00fan, Rep\u00fablica Dominicana y Cuba.<\/p>\n<p>De acuerdo con la pagina www.hosteltur.com Desde Wamos aclaran que durante esos dos meses de\u00a0suspensi\u00f3n de sus vuelos regulares y de turoperaci\u00f3n\u00a0se centrar\u00e1 en\u00a0transporte de mercanc\u00edas\u00a0y\u00a0repatriaciones.<\/p>\n<p>Seg\u00fan figura en su web de reservas, la aerol\u00ednea de Wamos Group ofrece en la actualidad vuelos regulares desde el aeropuerto de Madrid a\u00a0Punta Cana\u00a0(Rep\u00fablica Dominicana) todos los lunes y s\u00e1bados y a\u00a0Canc\u00fan\u00a0(M\u00e9xico) todos los viernes y domingos. Tambi\u00e9n ofrece conexiones a\u00a0Varadero\u00a0(Cuba) en paquetes tur\u00edsticos de 9 d\u00edas.<\/p>\n<p>Wamos ha sido por muchos a\u00f1o una de las aerol\u00edneas con m\u00e1s constancia en traer pasajeros a Canc\u00fan desde Espa\u00f1a, in embargo en pandemia y en los mas bajos meses de operaci\u00f3n han decidido este pausa.<\/p>\n<p>&nbsp;<\/p>\n<p>&nbsp;<\/p>\n","protected":false},"excerpt":{"rendered":"<p>La aerol\u00ednea\u00a0Wamos Air\u00a0suspender\u00e1\u00a0de manera temporal\u00a0en octubre y noviembre sus\u00a0vuelos al Caribe\u00a0y los volver\u00e1 a retomar en diciembre, los destinos afectados ser\u00e1n Canc\u00fan, Rep\u00fablica Dominicana y Cuba. De acuerdo con la pagina www.hosteltur.com Desde Wamos aclaran que durante esos dos meses de\u00a0suspensi\u00f3n de sus vuelos regulares y de turoperaci\u00f3n\u00a0se centrar\u00e1 en\u00a0transporte de mercanc\u00edas\u00a0y\u00a0repatriaciones. Seg\u00fan figura en [&hellip;]<\/p>\n","protected":false},"author":17,"featured_media":55014,"comment_status":"open","ping_status":"open","sticky":false,"template":"","format":"standard","meta":{"footnotes":""},"categories":[29],"tags":[43,16339],"yoast_head":"<!-- This site is optimized with the Yoast SEO plugin v22.2 - https:\/\/yoast.com\/wordpress\/plugins\/seo\/ -->\n<title>Decide Wamos suspender operaciones al Caribe en octubre y noviembre - Nitu - Noticias de la Industria Turistica<\/title>\n<meta name=\"robots\" content=\"index, follow, max-snippet:-1, max-image-preview:large, max-video-preview:-1\" \/>\n<link rel=\"canonical\" href=\"https:\/\/nitu.mx\/index.php\/2021\/09\/02\/decide-wamos-suspender-operaciones-al-caribe-en-octubre-y-noviembre\/\" \/>\n<meta name=\"twitter:card\" content=\"summary_large_image\" \/>\n<meta name=\"twitter:title\" content=\"Decide Wamos suspender operaciones al Caribe en octubre y noviembre - Nitu - Noticias de la Industria Turistica\" \/>\n<meta name=\"twitter:description\" content=\"La aerol\u00ednea\u00a0Wamos Air\u00a0suspender\u00e1\u00a0de manera temporal\u00a0en octubre y noviembre sus\u00a0vuelos al Caribe\u00a0y los volver\u00e1 a retomar en diciembre, los destinos afectados ser\u00e1n Canc\u00fan, Rep\u00fablica Dominicana y Cuba. De acuerdo con la pagina www.hosteltur.com Desde Wamos aclaran que durante esos dos meses de\u00a0suspensi\u00f3n de sus vuelos regulares y de turoperaci\u00f3n\u00a0se centrar\u00e1 en\u00a0transporte de mercanc\u00edas\u00a0y\u00a0repatriaciones. Seg\u00fan figura en [&hellip;]\" \/>\n<meta name=\"twitter:image\" content=\"https:\/\/nitu.mx\/wp-content\/uploads\/2021\/09\/images.jpg\" \/>\n<meta name=\"twitter:creator\" content=\"@NITUmx\" \/>\n<meta name=\"twitter:site\" content=\"@Arturo_Medina_G\" \/>\n<meta name=\"twitter:label1\" content=\"Escrito por\" \/>\n\t<meta name=\"twitter:data1\" content=\"Redacci\u00f3n\" \/>\n\t<meta name=\"twitter:label2\" content=\"Tiempo de lectura\" \/>\n\t<meta name=\"twitter:data2\" content=\"1 minuto\" \/>\n<script type=\"application\/ld+json\" class=\"yoast-schema-graph\">{\"@context\":\"https:\/\/schema.org\",\"@graph\":[{\"@type\":\"Article\",\"@id\":\"https:\/\/nitu.mx\/index.php\/2021\/09\/02\/decide-wamos-suspender-operaciones-al-caribe-en-octubre-y-noviembre\/#article\",\"isPartOf\":{\"@id\":\"https:\/\/nitu.mx\/index.php\/2021\/09\/02\/decide-wamos-suspender-operaciones-al-caribe-en-octubre-y-noviembre\/\"},\"author\":{\"name\":\"Redacci\u00f3n\",\"@id\":\"https:\/\/nitu.mx\/#\/schema\/person\/4a28fe9bd65924f7c90623773daf1b0b\"},\"headline\":\"Decide Wamos suspender operaciones al Caribe en octubre y noviembre\",\"datePublished\":\"2021-09-02T05:37:04+00:00\",\"dateModified\":\"2021-09-02T05:38:18+00:00\",\"mainEntityOfPage\":{\"@id\":\"https:\/\/nitu.mx\/index.php\/2021\/09\/02\/decide-wamos-suspender-operaciones-al-caribe-en-octubre-y-noviembre\/\"},\"wordCount\":188,\"commentCount\":0,\"publisher\":{\"@id\":\"https:\/\/nitu.mx\/#\/schema\/person\/ae7a53426417292d3dd07b45a33e01bc\"},\"image\":{\"@id\":\"https:\/\/nitu.mx\/index.php\/2021\/09\/02\/decide-wamos-suspender-operaciones-al-caribe-en-octubre-y-noviembre\/#primaryimage\"},\"thumbnailUrl\":\"https:\/\/nitu.mx\/wp-content\/uploads\/2021\/09\/images.jpg\",\"keywords\":[\"Canc\u00fan\",\"Wamos\"],\"articleSection\":[\"Aerol\u00edneas\"],\"inLanguage\":\"es-MX\",\"potentialAction\":[{\"@type\":\"CommentAction\",\"name\":\"Comment\",\"target\":[\"https:\/\/nitu.mx\/index.php\/2021\/09\/02\/decide-wamos-suspender-operaciones-al-caribe-en-octubre-y-noviembre\/#respond\"]}]},{\"@type\":\"WebPage\",\"@id\":\"https:\/\/nitu.mx\/index.php\/2021\/09\/02\/decide-wamos-suspender-operaciones-al-caribe-en-octubre-y-noviembre\/\",\"url\":\"https:\/\/nitu.mx\/index.php\/2021\/09\/02\/decide-wamos-suspender-operaciones-al-caribe-en-octubre-y-noviembre\/\",\"name\":\"Decide Wamos suspender operaciones al Caribe en octubre y noviembre - Nitu - Noticias de la Industria Turistica\",\"isPartOf\":{\"@id\":\"https:\/\/nitu.mx\/#website\"},\"primaryImageOfPage\":{\"@id\":\"https:\/\/nitu.mx\/index.php\/2021\/09\/02\/decide-wamos-suspender-operaciones-al-caribe-en-octubre-y-noviembre\/#primaryimage\"},\"image\":{\"@id\":\"https:\/\/nitu.mx\/index.php\/2021\/09\/02\/decide-wamos-suspender-operaciones-al-caribe-en-octubre-y-noviembre\/#primaryimage\"},\"thumbnailUrl\":\"https:\/\/nitu.mx\/wp-content\/uploads\/2021\/09\/images.jpg\",\"datePublished\":\"2021-09-02T05:37:04+00:00\",\"dateModified\":\"2021-09-02T05:38:18+00:00\",\"breadcrumb\":{\"@id\":\"https:\/\/nitu.mx\/index.php\/2021\/09\/02\/decide-wamos-suspender-operaciones-al-caribe-en-octubre-y-noviembre\/#breadcrumb\"},\"inLanguage\":\"es-MX\",\"potentialAction\":[{\"@type\":\"ReadAction\",\"target\":[\"https:\/\/nitu.mx\/index.php\/2021\/09\/02\/decide-wamos-suspender-operaciones-al-caribe-en-octubre-y-noviembre\/\"]}]},{\"@type\":\"ImageObject\",\"inLanguage\":\"es-MX\",\"@id\":\"https:\/\/nitu.mx\/index.php\/2021\/09\/02\/decide-wamos-suspender-operaciones-al-caribe-en-octubre-y-noviembre\/#primaryimage\",\"url\":\"https:\/\/nitu.mx\/wp-content\/uploads\/2021\/09\/images.jpg\",\"contentUrl\":\"https:\/\/nitu.mx\/wp-content\/uploads\/2021\/09\/images.jpg\",\"width\":327,\"height\":154},{\"@type\":\"BreadcrumbList\",\"@id\":\"https:\/\/nitu.mx\/index.php\/2021\/09\/02\/decide-wamos-suspender-operaciones-al-caribe-en-octubre-y-noviembre\/#breadcrumb\",\"itemListElement\":[{\"@type\":\"ListItem\",\"position\":1,\"name\":\"Inicio\",\"item\":\"https:\/\/nitu.mx\/\"},{\"@type\":\"ListItem\",\"position\":2,\"name\":\"Decide Wamos suspender operaciones al Caribe en octubre y noviembre\"}]},{\"@type\":\"WebSite\",\"@id\":\"https:\/\/nitu.mx\/#website\",\"url\":\"https:\/\/nitu.mx\/\",\"name\":\"Nitu - Noticias de la Industria Turistica\",\"description\":\"Noticias de la Industria Turistica\",\"publisher\":{\"@id\":\"https:\/\/nitu.mx\/#\/schema\/person\/ae7a53426417292d3dd07b45a33e01bc\"},\"alternateName\":\"Noticias de la Industria Turistica\",\"potentialAction\":[{\"@type\":\"SearchAction\",\"target\":{\"@type\":\"EntryPoint\",\"urlTemplate\":\"https:\/\/nitu.mx\/?s={search_term_string}\"},\"query-input\":\"required name=search_term_string\"}],\"inLanguage\":\"es-MX\"},{\"@type\":[\"Person\",\"Organization\"],\"@id\":\"https:\/\/nitu.mx\/#\/schema\/person\/ae7a53426417292d3dd07b45a33e01bc\",\"name\":\"Arturo Medina\",\"image\":{\"@type\":\"ImageObject\",\"inLanguage\":\"es-MX\",\"@id\":\"https:\/\/nitu.mx\/#\/schema\/person\/image\/\",\"url\":\"https:\/\/nitu.mx\/wp-content\/uploads\/2024\/04\/4A315622-1904-4D5C-B022-878CDC840E04-90x90-1.jpeg\",\"contentUrl\":\"https:\/\/nitu.mx\/wp-content\/uploads\/2024\/04\/4A315622-1904-4D5C-B022-878CDC840E04-90x90-1.jpeg\",\"width\":90,\"height\":90,\"caption\":\"Arturo Medina\"},\"logo\":{\"@id\":\"https:\/\/nitu.mx\/#\/schema\/person\/image\/\"},\"description\":\"Director NITU.mx, Egresado de la Escuela de Periodismo Carlos Septi\u00e9n Garc\u00eda. Periodista y analista especializado en turismo desde hace 35 a\u00f1os, radicado en Canc\u00fan Q.Roo. arturo@nitu.mx\",\"sameAs\":[\"https:\/\/nitu.mx\",\"https:\/\/www.facebook.com\/NITUmx\/\",\"medinacancun\",\"https:\/\/twitter.com\/@Arturo_Medina_G\"]},{\"@type\":\"Person\",\"@id\":\"https:\/\/nitu.mx\/#\/schema\/person\/4a28fe9bd65924f7c90623773daf1b0b\",\"name\":\"Redacci\u00f3n\",\"image\":{\"@type\":\"ImageObject\",\"inLanguage\":\"es-MX\",\"@id\":\"https:\/\/nitu.mx\/#\/schema\/person\/image\/\",\"url\":\"https:\/\/secure.gravatar.com\/avatar\/5dd011c8ccfc5cd7e4c81e42252aab38?s=96&d=mm&r=g\",\"contentUrl\":\"https:\/\/secure.gravatar.com\/avatar\/5dd011c8ccfc5cd7e4c81e42252aab38?s=96&d=mm&r=g\",\"caption\":\"Redacci\u00f3n\"},\"url\":\"https:\/\/nitu.mx\/index.php\/author\/redaccion\/\"}]}<\/script>\n<!-- \/ Yoast SEO plugin. -->","yoast_head_json":{"title":"Decide Wamos suspender operaciones al Caribe en octubre y noviembre - Nitu - Noticias de la Industria Turistica","robots":{"index":"index","follow":"follow","max-snippet":"max-snippet:-1","max-image-preview":"max-image-preview:large","max-video-preview":"max-video-preview:-1"},"canonical":"https:\/\/nitu.mx\/index.php\/2021\/09\/02\/decide-wamos-suspender-operaciones-al-caribe-en-octubre-y-noviembre\/","twitter_card":"summary_large_image","twitter_title":"Decide Wamos suspender operaciones al Caribe en octubre y noviembre - Nitu - Noticias de la Industria Turistica","twitter_description":"La aerol\u00ednea\u00a0Wamos Air\u00a0suspender\u00e1\u00a0de manera temporal\u00a0en octubre y noviembre sus\u00a0vuelos al Caribe\u00a0y los volver\u00e1 a retomar en diciembre, los destinos afectados ser\u00e1n Canc\u00fan, Rep\u00fablica Dominicana y Cuba. De acuerdo con la pagina www.hosteltur.com Desde Wamos aclaran que durante esos dos meses de\u00a0suspensi\u00f3n de sus vuelos regulares y de turoperaci\u00f3n\u00a0se centrar\u00e1 en\u00a0transporte de mercanc\u00edas\u00a0y\u00a0repatriaciones. Seg\u00fan figura en [&hellip;]","twitter_image":"https:\/\/nitu.mx\/wp-content\/uploads\/2021\/09\/images.jpg","twitter_creator":"@NITUmx","twitter_site":"@Arturo_Medina_G","twitter_misc":{"Escrito por":"Redacci\u00f3n","Tiempo de lectura":"1 minuto"},"schema":{"@context":"https:\/\/schema.org","@graph":[{"@type":"Article","@id":"https:\/\/nitu.mx\/index.php\/2021\/09\/02\/decide-wamos-suspender-operaciones-al-caribe-en-octubre-y-noviembre\/#article","isPartOf":{"@id":"https:\/\/nitu.mx\/index.php\/2021\/09\/02\/decide-wamos-suspender-operaciones-al-caribe-en-octubre-y-noviembre\/"},"author":{"name":"Redacci\u00f3n","@id":"https:\/\/nitu.mx\/#\/schema\/person\/4a28fe9bd65924f7c90623773daf1b0b"},"headline":"Decide Wamos suspender operaciones al Caribe en octubre y noviembre","datePublished":"2021-09-02T05:37:04+00:00","dateModified":"2021-09-02T05:38:18+00:00","mainEntityOfPage":{"@id":"https:\/\/nitu.mx\/index.php\/2021\/09\/02\/decide-wamos-suspender-operaciones-al-caribe-en-octubre-y-noviembre\/"},"wordCount":188,"commentCount":0,"publisher":{"@id":"https:\/\/nitu.mx\/#\/schema\/person\/ae7a53426417292d3dd07b45a33e01bc"},"image":{"@id":"https:\/\/nitu.mx\/index.php\/2021\/09\/02\/decide-wamos-suspender-operaciones-al-caribe-en-octubre-y-noviembre\/#primaryimage"},"thumbnailUrl":"https:\/\/nitu.mx\/wp-content\/uploads\/2021\/09\/images.jpg","keywords":["Canc\u00fan","Wamos"],"articleSection":["Aerol\u00edneas"],"inLanguage":"es-MX","potentialAction":[{"@type":"CommentAction","name":"Comment","target":["https:\/\/nitu.mx\/index.php\/2021\/09\/02\/decide-wamos-suspender-operaciones-al-caribe-en-octubre-y-noviembre\/#respond"]}]},{"@type":"WebPage","@id":"https:\/\/nitu.mx\/index.php\/2021\/09\/02\/decide-wamos-suspender-operaciones-al-caribe-en-octubre-y-noviembre\/","url":"https:\/\/nitu.mx\/index.php\/2021\/09\/02\/decide-wamos-suspender-operaciones-al-caribe-en-octubre-y-noviembre\/","name":"Decide Wamos suspender operaciones al Caribe en octubre y noviembre - Nitu - Noticias de la Industria Turistica","isPartOf":{"@id":"https:\/\/nitu.mx\/#website"},"primaryImageOfPage":{"@id":"https:\/\/nitu.mx\/index.php\/2021\/09\/02\/decide-wamos-suspender-operaciones-al-caribe-en-octubre-y-noviembre\/#primaryimage"},"image":{"@id":"https:\/\/nitu.mx\/index.php\/2021\/09\/02\/decide-wamos-suspender-operaciones-al-caribe-en-octubre-y-noviembre\/#primaryimage"},"thumbnailUrl":"https:\/\/nitu.mx\/wp-content\/uploads\/2021\/09\/images.jpg","datePublished":"2021-09-02T05:37:04+00:00","dateModified":"2021-09-02T05:38:18+00:00","breadcrumb":{"@id":"https:\/\/nitu.mx\/index.php\/2021\/09\/02\/decide-wamos-suspender-operaciones-al-caribe-en-octubre-y-noviembre\/#breadcrumb"},"inLanguage":"es-MX","potentialAction":[{"@type":"ReadAction","target":["https:\/\/nitu.mx\/index.php\/2021\/09\/02\/decide-wamos-suspender-operaciones-al-caribe-en-octubre-y-noviembre\/"]}]},{"@type":"ImageObject","inLanguage":"es-MX","@id":"https:\/\/nitu.mx\/index.php\/2021\/09\/02\/decide-wamos-suspender-operaciones-al-caribe-en-octubre-y-noviembre\/#primaryimage","url":"https:\/\/nitu.mx\/wp-content\/uploads\/2021\/09\/images.jpg","contentUrl":"https:\/\/nitu.mx\/wp-content\/uploads\/2021\/09\/images.jpg","width":327,"height":154},{"@type":"BreadcrumbList","@id":"https:\/\/nitu.mx\/index.php\/2021\/09\/02\/decide-wamos-suspender-operaciones-al-caribe-en-octubre-y-noviembre\/#breadcrumb","itemListElement":[{"@type":"ListItem","position":1,"name":"Inicio","item":"https:\/\/nitu.mx\/"},{"@type":"ListItem","position":2,"name":"Decide Wamos suspender operaciones al Caribe en octubre y noviembre"}]},{"@type":"WebSite","@id":"https:\/\/nitu.mx\/#website","url":"https:\/\/nitu.mx\/","name":"Nitu - Noticias de la Industria Turistica","description":"Noticias de la Industria Turistica","publisher":{"@id":"https:\/\/nitu.mx\/#\/schema\/person\/ae7a53426417292d3dd07b45a33e01bc"},"alternateName":"Noticias de la Industria Turistica","potentialAction":[{"@type":"SearchAction","target":{"@type":"EntryPoint","urlTemplate":"https:\/\/nitu.mx\/?s={search_term_string}"},"query-input":"required name=search_term_string"}],"inLanguage":"es-MX"},{"@type":["Person","Organization"],"@id":"https:\/\/nitu.mx\/#\/schema\/person\/ae7a53426417292d3dd07b45a33e01bc","name":"Arturo Medina","image":{"@type":"ImageObject","inLanguage":"es-MX","@id":"https:\/\/nitu.mx\/#\/schema\/person\/image\/","url":"https:\/\/nitu.mx\/wp-content\/uploads\/2024\/04\/4A315622-1904-4D5C-B022-878CDC840E04-90x90-1.jpeg","contentUrl":"https:\/\/nitu.mx\/wp-content\/uploads\/2024\/04\/4A315622-1904-4D5C-B022-878CDC840E04-90x90-1.jpeg","width":90,"height":90,"caption":"Arturo Medina"},"logo":{"@id":"https:\/\/nitu.mx\/#\/schema\/person\/image\/"},"description":"Director NITU.mx, Egresado de la Escuela de Periodismo Carlos Septi\u00e9n Garc\u00eda. Periodista y analista especializado en turismo desde hace 35 a\u00f1os, radicado en Canc\u00fan Q.Roo. arturo@nitu.mx","sameAs":["https:\/\/nitu.mx","https:\/\/www.facebook.com\/NITUmx\/","medinacancun","https:\/\/twitter.com\/@Arturo_Medina_G"]},{"@type":"Person","@id":"https:\/\/nitu.mx\/#\/schema\/person\/4a28fe9bd65924f7c90623773daf1b0b","name":"Redacci\u00f3n","image":{"@type":"ImageObject","inLanguage":"es-MX","@id":"https:\/\/nitu.mx\/#\/schema\/person\/image\/","url":"https:\/\/secure.gravatar.com\/avatar\/5dd011c8ccfc5cd7e4c81e42252aab38?s=96&d=mm&r=g","contentUrl":"https:\/\/secure.gravatar.com\/avatar\/5dd011c8ccfc5cd7e4c81e42252aab38?s=96&d=mm&r=g","caption":"Redacci\u00f3n"},"url":"https:\/\/nitu.mx\/index.php\/author\/redaccion\/"}]}},"views":220,"_links":{"self":[{"href":"https:\/\/nitu.mx\/index.php\/wp-json\/wp\/v2\/posts\/55013"}],"collection":[{"href":"https:\/\/nitu.mx\/index.php\/wp-json\/wp\/v2\/posts"}],"about":[{"href":"https:\/\/nitu.mx\/index.php\/wp-json\/wp\/v2\/types\/post"}],"author":[{"embeddable":true,"href":"https:\/\/nitu.mx\/index.php\/wp-json\/wp\/v2\/users\/17"}],"replies":[{"embeddable":true,"href":"https:\/\/nitu.mx\/index.php\/wp-json\/wp\/v2\/comments?post=55013"}],"version-history":[{"count":1,"href":"https:\/\/nitu.mx\/index.php\/wp-json\/wp\/v2\/posts\/55013\/revisions"}],"predecessor-version":[{"id":55015,"href":"https:\/\/nitu.mx\/index.php\/wp-json\/wp\/v2\/posts\/55013\/revisions\/55015"}],"wp:featuredmedia":[{"embeddable":true,"href":"https:\/\/nitu.mx\/index.php\/wp-json\/wp\/v2\/media\/55014"}],"wp:attachment":[{"href":"https:\/\/nitu.mx\/index.php\/wp-json\/wp\/v2\/media?parent=55013"}],"wp:term":[{"taxonomy":"category","embeddable":true,"href":"https:\/\/nitu.mx\/index.php\/wp-json\/wp\/v2\/categories?post=55013"},{"taxonomy":"post_tag","embeddable":true,"href":"https:\/\/nitu.mx\/index.php\/wp-json\/wp\/v2\/tags?post=55013"}],"curies":[{"name":"wp","href":"https:\/\/api.w.org\/{rel}","templated":true}]}}