{"id":54918,"date":"2021-08-29T09:58:21","date_gmt":"2021-08-29T14:58:21","guid":{"rendered":"https:\/\/www.dev.nitu.mx\/?p=54918"},"modified":"2021-08-29T23:30:00","modified_gmt":"2021-08-30T04:30:00","slug":"air-canada-hace-obligatoria-la-vacunacion-para-sus-empleados","status":"publish","type":"post","link":"https:\/\/nitu.mx\/index.php\/2021\/08\/29\/air-canada-hace-obligatoria-la-vacunacion-para-sus-empleados\/","title":{"rendered":"Air Canada hace obligatoria la vacunaci\u00f3n para sus empleados"},"content":{"rendered":"<p>Para fortalecer los protocolos de seguridad para sus colaboradores y clientes, Air Canada anunci\u00f3 que los empleados deber\u00e1n tener la vacunaci\u00f3n completa contra Covid-19 de forma obligatoria.<\/p>\n<p>A partir del 30 de octubre, los trabajadores de la aerol\u00ednea deber\u00e1n notificar su estado de vacunaci\u00f3n, y se pretende que este requisito sea condici\u00f3n de empleo para cualquier persona contratada por la compa\u00f1\u00eda.<\/p>\n<p>La medida llega a unos d\u00edas de que se abran nuevamente las fronteras hacia el pa\u00eds norteamericano, lo que a su vez se traducir\u00e1 en el incremento de viajeros de Canad\u00e1 a M\u00e9xico, y as\u00ed recuperar uno de los principales mercados tur\u00edsticos.<\/p>\n<p>Al solicitar que los colaboradores est\u00e9n vacunados, Air Canada no ofrecer\u00e1 pruebas como alternativa.<\/p>\n<p>La compa\u00f1\u00eda aclar\u00f3 que acomodar\u00e1 a los empleados que por diversas razones no puedan recibir la vacuna, sin embargo, el no estar completamente inmunizados para el 30 de octubre puede traer consecuencias para el colaborador.<\/p>\n<p>Air Canada expuso que las medidas pueden ser extender una licencia sin goce de sueldo o incluso el despido, a excepci\u00f3n de los que clasifiquen para ser acomodados.<\/p>\n<p>La pol\u00edtica de la l\u00ednea a\u00e9rea va acorde con el anuncio del gobierno de Canad\u00e1 que exige que los trabajadores del sector a\u00e9reo, ferroviario y mar\u00edtimo regulados por el gobierno federal se vacunen antes de que finalice octubre de 2021.<\/p>\n<p>La compa\u00f1\u00eda a\u00e9rea reiter\u00f3 el compromiso de con el desarrollo y la aplicaci\u00f3n continua de nuevas medidas y procesos de seguridad a medida que est\u00e1n disponibles y que son eficaces y convenientes para los clientes.<\/p>\n<p>Air Canada fue de las primeras aerol\u00edneas en requerir la revisi\u00f3n de la temperatura de los pasajeros antes del abordaje, pol\u00edticas de uso obligatorio de mascarillas y el uso de pruebas.<\/p>\n<p>Las medidas adoptadas favorecen el reinicio seguro de la industria del transporte a\u00e9reo que, adem\u00e1s de permitir a los canadienses viajar libremente, es tambi\u00e9n un motor esencial de la actividad econ\u00f3mica en Canad\u00e1.\u00a0<a title=\"Air Canada ampliar\u00e1 conectividad hacia Canc\u00fan y CDMX\" href=\"https:\/\/www.dev.nitu.mx\/index.php\/2021\/07\/29\/air-canada-ampliara-conectividad-hacia-cancun-y-cdmx\/\" rel=\"bookmark\">(Air Canada ampliar\u00e1 conectividad hacia Canc\u00fan y CDMX<\/a>).<\/p>\n","protected":false},"excerpt":{"rendered":"<p>Para fortalecer los protocolos de seguridad para sus colaboradores y clientes, Air Canada anunci\u00f3 que los empleados deber\u00e1n tener la vacunaci\u00f3n completa contra Covid-19 de forma obligatoria. A partir del 30 de octubre, los trabajadores de la aerol\u00ednea deber\u00e1n notificar su estado de vacunaci\u00f3n, y se pretende que este requisito sea condici\u00f3n de empleo para [&hellip;]<\/p>\n","protected":false},"author":18,"featured_media":49241,"comment_status":"open","ping_status":"open","sticky":false,"template":"","format":"standard","meta":{"footnotes":""},"categories":[29],"tags":[1700,1031,7755,21746],"yoast_head":"<!-- This site is optimized with the Yoast SEO plugin v22.2 - https:\/\/yoast.com\/wordpress\/plugins\/seo\/ -->\n<title>Air Canada hace obligatoria la vacunaci\u00f3n para sus empleados - Nitu - Noticias de la Industria Turistica<\/title>\n<meta name=\"robots\" content=\"index, follow, max-snippet:-1, max-image-preview:large, max-video-preview:-1\" \/>\n<link rel=\"canonical\" href=\"https:\/\/nitu.mx\/index.php\/2021\/08\/29\/air-canada-hace-obligatoria-la-vacunacion-para-sus-empleados\/\" \/>\n<meta name=\"twitter:card\" content=\"summary_large_image\" \/>\n<meta name=\"twitter:title\" content=\"Air Canada hace obligatoria la vacunaci\u00f3n para sus empleados - Nitu - Noticias de la Industria Turistica\" \/>\n<meta name=\"twitter:description\" content=\"Para fortalecer los protocolos de seguridad para sus colaboradores y clientes, Air Canada anunci\u00f3 que los empleados deber\u00e1n tener la vacunaci\u00f3n completa contra Covid-19 de forma obligatoria. A partir del 30 de octubre, los trabajadores de la aerol\u00ednea deber\u00e1n notificar su estado de vacunaci\u00f3n, y se pretende que este requisito sea condici\u00f3n de empleo para [&hellip;]\" \/>\n<meta name=\"twitter:image\" content=\"https:\/\/nitu.mx\/wp-content\/uploads\/2020\/12\/Air-Canada-cargo.jpg\" \/>\n<meta name=\"twitter:creator\" content=\"@NITUmx\" \/>\n<meta name=\"twitter:site\" content=\"@Arturo_Medina_G\" \/>\n<meta name=\"twitter:label1\" content=\"Escrito por\" \/>\n\t<meta name=\"twitter:data1\" content=\"Guadalupe Sixto\" \/>\n\t<meta name=\"twitter:label2\" content=\"Tiempo de lectura\" \/>\n\t<meta name=\"twitter:data2\" content=\"2 minutos\" \/>\n<script type=\"application\/ld+json\" class=\"yoast-schema-graph\">{\"@context\":\"https:\/\/schema.org\",\"@graph\":[{\"@type\":\"Article\",\"@id\":\"https:\/\/nitu.mx\/index.php\/2021\/08\/29\/air-canada-hace-obligatoria-la-vacunacion-para-sus-empleados\/#article\",\"isPartOf\":{\"@id\":\"https:\/\/nitu.mx\/index.php\/2021\/08\/29\/air-canada-hace-obligatoria-la-vacunacion-para-sus-empleados\/\"},\"author\":{\"name\":\"Guadalupe Sixto\",\"@id\":\"https:\/\/nitu.mx\/#\/schema\/person\/3df3082b5e46037e3f13614d28ee0b77\"},\"headline\":\"Air Canada hace obligatoria la vacunaci\u00f3n para sus empleados\",\"datePublished\":\"2021-08-29T14:58:21+00:00\",\"dateModified\":\"2021-08-30T04:30:00+00:00\",\"mainEntityOfPage\":{\"@id\":\"https:\/\/nitu.mx\/index.php\/2021\/08\/29\/air-canada-hace-obligatoria-la-vacunacion-para-sus-empleados\/\"},\"wordCount\":365,\"commentCount\":0,\"publisher\":{\"@id\":\"https:\/\/nitu.mx\/#\/schema\/person\/ae7a53426417292d3dd07b45a33e01bc\"},\"image\":{\"@id\":\"https:\/\/nitu.mx\/index.php\/2021\/08\/29\/air-canada-hace-obligatoria-la-vacunacion-para-sus-empleados\/#primaryimage\"},\"thumbnailUrl\":\"https:\/\/nitu.mx\/wp-content\/uploads\/2020\/12\/Air-Canada-cargo.jpg\",\"keywords\":[\"Air Canada\",\"Canad\u00e1\",\"empleados\",\"Vacunaci\u00f3n\"],\"articleSection\":[\"Aerol\u00edneas\"],\"inLanguage\":\"es-MX\",\"potentialAction\":[{\"@type\":\"CommentAction\",\"name\":\"Comment\",\"target\":[\"https:\/\/nitu.mx\/index.php\/2021\/08\/29\/air-canada-hace-obligatoria-la-vacunacion-para-sus-empleados\/#respond\"]}]},{\"@type\":\"WebPage\",\"@id\":\"https:\/\/nitu.mx\/index.php\/2021\/08\/29\/air-canada-hace-obligatoria-la-vacunacion-para-sus-empleados\/\",\"url\":\"https:\/\/nitu.mx\/index.php\/2021\/08\/29\/air-canada-hace-obligatoria-la-vacunacion-para-sus-empleados\/\",\"name\":\"Air Canada hace obligatoria la vacunaci\u00f3n para sus empleados - Nitu - Noticias de la Industria Turistica\",\"isPartOf\":{\"@id\":\"https:\/\/nitu.mx\/#website\"},\"primaryImageOfPage\":{\"@id\":\"https:\/\/nitu.mx\/index.php\/2021\/08\/29\/air-canada-hace-obligatoria-la-vacunacion-para-sus-empleados\/#primaryimage\"},\"image\":{\"@id\":\"https:\/\/nitu.mx\/index.php\/2021\/08\/29\/air-canada-hace-obligatoria-la-vacunacion-para-sus-empleados\/#primaryimage\"},\"thumbnailUrl\":\"https:\/\/nitu.mx\/wp-content\/uploads\/2020\/12\/Air-Canada-cargo.jpg\",\"datePublished\":\"2021-08-29T14:58:21+00:00\",\"dateModified\":\"2021-08-30T04:30:00+00:00\",\"breadcrumb\":{\"@id\":\"https:\/\/nitu.mx\/index.php\/2021\/08\/29\/air-canada-hace-obligatoria-la-vacunacion-para-sus-empleados\/#breadcrumb\"},\"inLanguage\":\"es-MX\",\"potentialAction\":[{\"@type\":\"ReadAction\",\"target\":[\"https:\/\/nitu.mx\/index.php\/2021\/08\/29\/air-canada-hace-obligatoria-la-vacunacion-para-sus-empleados\/\"]}]},{\"@type\":\"ImageObject\",\"inLanguage\":\"es-MX\",\"@id\":\"https:\/\/nitu.mx\/index.php\/2021\/08\/29\/air-canada-hace-obligatoria-la-vacunacion-para-sus-empleados\/#primaryimage\",\"url\":\"https:\/\/nitu.mx\/wp-content\/uploads\/2020\/12\/Air-Canada-cargo.jpg\",\"contentUrl\":\"https:\/\/nitu.mx\/wp-content\/uploads\/2020\/12\/Air-Canada-cargo.jpg\",\"width\":1200,\"height\":675,\"caption\":\"Air Canada\"},{\"@type\":\"BreadcrumbList\",\"@id\":\"https:\/\/nitu.mx\/index.php\/2021\/08\/29\/air-canada-hace-obligatoria-la-vacunacion-para-sus-empleados\/#breadcrumb\",\"itemListElement\":[{\"@type\":\"ListItem\",\"position\":1,\"name\":\"Inicio\",\"item\":\"https:\/\/nitu.mx\/\"},{\"@type\":\"ListItem\",\"position\":2,\"name\":\"Air Canada hace obligatoria la vacunaci\u00f3n para sus empleados\"}]},{\"@type\":\"WebSite\",\"@id\":\"https:\/\/nitu.mx\/#website\",\"url\":\"https:\/\/nitu.mx\/\",\"name\":\"Nitu - Noticias de la Industria Turistica\",\"description\":\"Noticias de la Industria Turistica\",\"publisher\":{\"@id\":\"https:\/\/nitu.mx\/#\/schema\/person\/ae7a53426417292d3dd07b45a33e01bc\"},\"alternateName\":\"Noticias de la Industria Turistica\",\"potentialAction\":[{\"@type\":\"SearchAction\",\"target\":{\"@type\":\"EntryPoint\",\"urlTemplate\":\"https:\/\/nitu.mx\/?s={search_term_string}\"},\"query-input\":\"required name=search_term_string\"}],\"inLanguage\":\"es-MX\"},{\"@type\":[\"Person\",\"Organization\"],\"@id\":\"https:\/\/nitu.mx\/#\/schema\/person\/ae7a53426417292d3dd07b45a33e01bc\",\"name\":\"Arturo Medina\",\"image\":{\"@type\":\"ImageObject\",\"inLanguage\":\"es-MX\",\"@id\":\"https:\/\/nitu.mx\/#\/schema\/person\/image\/\",\"url\":\"https:\/\/nitu.mx\/wp-content\/uploads\/2024\/04\/4A315622-1904-4D5C-B022-878CDC840E04-90x90-1.jpeg\",\"contentUrl\":\"https:\/\/nitu.mx\/wp-content\/uploads\/2024\/04\/4A315622-1904-4D5C-B022-878CDC840E04-90x90-1.jpeg\",\"width\":90,\"height\":90,\"caption\":\"Arturo Medina\"},\"logo\":{\"@id\":\"https:\/\/nitu.mx\/#\/schema\/person\/image\/\"},\"description\":\"Director NITU.mx, Egresado de la Escuela de Periodismo Carlos Septi\u00e9n Garc\u00eda. Periodista y analista especializado en turismo desde hace 35 a\u00f1os, radicado en Canc\u00fan Q.Roo. arturo@nitu.mx\",\"sameAs\":[\"https:\/\/nitu.mx\",\"https:\/\/www.facebook.com\/NITUmx\/\",\"medinacancun\",\"https:\/\/twitter.com\/@Arturo_Medina_G\"]},{\"@type\":\"Person\",\"@id\":\"https:\/\/nitu.mx\/#\/schema\/person\/3df3082b5e46037e3f13614d28ee0b77\",\"name\":\"Guadalupe Sixto\",\"image\":{\"@type\":\"ImageObject\",\"inLanguage\":\"es-MX\",\"@id\":\"https:\/\/nitu.mx\/#\/schema\/person\/image\/\",\"url\":\"https:\/\/secure.gravatar.com\/avatar\/13914e1b0e1919e91f9539de4dc584c4?s=96&d=mm&r=g\",\"contentUrl\":\"https:\/\/secure.gravatar.com\/avatar\/13914e1b0e1919e91f9539de4dc584c4?s=96&d=mm&r=g\",\"caption\":\"Guadalupe Sixto\"},\"url\":\"https:\/\/nitu.mx\/index.php\/author\/gsixto\/\"}]}<\/script>\n<!-- \/ Yoast SEO plugin. -->","yoast_head_json":{"title":"Air Canada hace obligatoria la vacunaci\u00f3n para sus empleados - Nitu - Noticias de la Industria Turistica","robots":{"index":"index","follow":"follow","max-snippet":"max-snippet:-1","max-image-preview":"max-image-preview:large","max-video-preview":"max-video-preview:-1"},"canonical":"https:\/\/nitu.mx\/index.php\/2021\/08\/29\/air-canada-hace-obligatoria-la-vacunacion-para-sus-empleados\/","twitter_card":"summary_large_image","twitter_title":"Air Canada hace obligatoria la vacunaci\u00f3n para sus empleados - Nitu - Noticias de la Industria Turistica","twitter_description":"Para fortalecer los protocolos de seguridad para sus colaboradores y clientes, Air Canada anunci\u00f3 que los empleados deber\u00e1n tener la vacunaci\u00f3n completa contra Covid-19 de forma obligatoria. A partir del 30 de octubre, los trabajadores de la aerol\u00ednea deber\u00e1n notificar su estado de vacunaci\u00f3n, y se pretende que este requisito sea condici\u00f3n de empleo para [&hellip;]","twitter_image":"https:\/\/nitu.mx\/wp-content\/uploads\/2020\/12\/Air-Canada-cargo.jpg","twitter_creator":"@NITUmx","twitter_site":"@Arturo_Medina_G","twitter_misc":{"Escrito por":"Guadalupe Sixto","Tiempo de lectura":"2 minutos"},"schema":{"@context":"https:\/\/schema.org","@graph":[{"@type":"Article","@id":"https:\/\/nitu.mx\/index.php\/2021\/08\/29\/air-canada-hace-obligatoria-la-vacunacion-para-sus-empleados\/#article","isPartOf":{"@id":"https:\/\/nitu.mx\/index.php\/2021\/08\/29\/air-canada-hace-obligatoria-la-vacunacion-para-sus-empleados\/"},"author":{"name":"Guadalupe Sixto","@id":"https:\/\/nitu.mx\/#\/schema\/person\/3df3082b5e46037e3f13614d28ee0b77"},"headline":"Air Canada hace obligatoria la vacunaci\u00f3n para sus empleados","datePublished":"2021-08-29T14:58:21+00:00","dateModified":"2021-08-30T04:30:00+00:00","mainEntityOfPage":{"@id":"https:\/\/nitu.mx\/index.php\/2021\/08\/29\/air-canada-hace-obligatoria-la-vacunacion-para-sus-empleados\/"},"wordCount":365,"commentCount":0,"publisher":{"@id":"https:\/\/nitu.mx\/#\/schema\/person\/ae7a53426417292d3dd07b45a33e01bc"},"image":{"@id":"https:\/\/nitu.mx\/index.php\/2021\/08\/29\/air-canada-hace-obligatoria-la-vacunacion-para-sus-empleados\/#primaryimage"},"thumbnailUrl":"https:\/\/nitu.mx\/wp-content\/uploads\/2020\/12\/Air-Canada-cargo.jpg","keywords":["Air Canada","Canad\u00e1","empleados","Vacunaci\u00f3n"],"articleSection":["Aerol\u00edneas"],"inLanguage":"es-MX","potentialAction":[{"@type":"CommentAction","name":"Comment","target":["https:\/\/nitu.mx\/index.php\/2021\/08\/29\/air-canada-hace-obligatoria-la-vacunacion-para-sus-empleados\/#respond"]}]},{"@type":"WebPage","@id":"https:\/\/nitu.mx\/index.php\/2021\/08\/29\/air-canada-hace-obligatoria-la-vacunacion-para-sus-empleados\/","url":"https:\/\/nitu.mx\/index.php\/2021\/08\/29\/air-canada-hace-obligatoria-la-vacunacion-para-sus-empleados\/","name":"Air Canada hace obligatoria la vacunaci\u00f3n para sus empleados - Nitu - Noticias de la Industria Turistica","isPartOf":{"@id":"https:\/\/nitu.mx\/#website"},"primaryImageOfPage":{"@id":"https:\/\/nitu.mx\/index.php\/2021\/08\/29\/air-canada-hace-obligatoria-la-vacunacion-para-sus-empleados\/#primaryimage"},"image":{"@id":"https:\/\/nitu.mx\/index.php\/2021\/08\/29\/air-canada-hace-obligatoria-la-vacunacion-para-sus-empleados\/#primaryimage"},"thumbnailUrl":"https:\/\/nitu.mx\/wp-content\/uploads\/2020\/12\/Air-Canada-cargo.jpg","datePublished":"2021-08-29T14:58:21+00:00","dateModified":"2021-08-30T04:30:00+00:00","breadcrumb":{"@id":"https:\/\/nitu.mx\/index.php\/2021\/08\/29\/air-canada-hace-obligatoria-la-vacunacion-para-sus-empleados\/#breadcrumb"},"inLanguage":"es-MX","potentialAction":[{"@type":"ReadAction","target":["https:\/\/nitu.mx\/index.php\/2021\/08\/29\/air-canada-hace-obligatoria-la-vacunacion-para-sus-empleados\/"]}]},{"@type":"ImageObject","inLanguage":"es-MX","@id":"https:\/\/nitu.mx\/index.php\/2021\/08\/29\/air-canada-hace-obligatoria-la-vacunacion-para-sus-empleados\/#primaryimage","url":"https:\/\/nitu.mx\/wp-content\/uploads\/2020\/12\/Air-Canada-cargo.jpg","contentUrl":"https:\/\/nitu.mx\/wp-content\/uploads\/2020\/12\/Air-Canada-cargo.jpg","width":1200,"height":675,"caption":"Air Canada"},{"@type":"BreadcrumbList","@id":"https:\/\/nitu.mx\/index.php\/2021\/08\/29\/air-canada-hace-obligatoria-la-vacunacion-para-sus-empleados\/#breadcrumb","itemListElement":[{"@type":"ListItem","position":1,"name":"Inicio","item":"https:\/\/nitu.mx\/"},{"@type":"ListItem","position":2,"name":"Air Canada hace obligatoria la vacunaci\u00f3n para sus empleados"}]},{"@type":"WebSite","@id":"https:\/\/nitu.mx\/#website","url":"https:\/\/nitu.mx\/","name":"Nitu - Noticias de la Industria Turistica","description":"Noticias de la Industria Turistica","publisher":{"@id":"https:\/\/nitu.mx\/#\/schema\/person\/ae7a53426417292d3dd07b45a33e01bc"},"alternateName":"Noticias de la Industria Turistica","potentialAction":[{"@type":"SearchAction","target":{"@type":"EntryPoint","urlTemplate":"https:\/\/nitu.mx\/?s={search_term_string}"},"query-input":"required name=search_term_string"}],"inLanguage":"es-MX"},{"@type":["Person","Organization"],"@id":"https:\/\/nitu.mx\/#\/schema\/person\/ae7a53426417292d3dd07b45a33e01bc","name":"Arturo Medina","image":{"@type":"ImageObject","inLanguage":"es-MX","@id":"https:\/\/nitu.mx\/#\/schema\/person\/image\/","url":"https:\/\/nitu.mx\/wp-content\/uploads\/2024\/04\/4A315622-1904-4D5C-B022-878CDC840E04-90x90-1.jpeg","contentUrl":"https:\/\/nitu.mx\/wp-content\/uploads\/2024\/04\/4A315622-1904-4D5C-B022-878CDC840E04-90x90-1.jpeg","width":90,"height":90,"caption":"Arturo Medina"},"logo":{"@id":"https:\/\/nitu.mx\/#\/schema\/person\/image\/"},"description":"Director NITU.mx, Egresado de la Escuela de Periodismo Carlos Septi\u00e9n Garc\u00eda. Periodista y analista especializado en turismo desde hace 35 a\u00f1os, radicado en Canc\u00fan Q.Roo. arturo@nitu.mx","sameAs":["https:\/\/nitu.mx","https:\/\/www.facebook.com\/NITUmx\/","medinacancun","https:\/\/twitter.com\/@Arturo_Medina_G"]},{"@type":"Person","@id":"https:\/\/nitu.mx\/#\/schema\/person\/3df3082b5e46037e3f13614d28ee0b77","name":"Guadalupe Sixto","image":{"@type":"ImageObject","inLanguage":"es-MX","@id":"https:\/\/nitu.mx\/#\/schema\/person\/image\/","url":"https:\/\/secure.gravatar.com\/avatar\/13914e1b0e1919e91f9539de4dc584c4?s=96&d=mm&r=g","contentUrl":"https:\/\/secure.gravatar.com\/avatar\/13914e1b0e1919e91f9539de4dc584c4?s=96&d=mm&r=g","caption":"Guadalupe Sixto"},"url":"https:\/\/nitu.mx\/index.php\/author\/gsixto\/"}]}},"views":271,"_links":{"self":[{"href":"https:\/\/nitu.mx\/index.php\/wp-json\/wp\/v2\/posts\/54918"}],"collection":[{"href":"https:\/\/nitu.mx\/index.php\/wp-json\/wp\/v2\/posts"}],"about":[{"href":"https:\/\/nitu.mx\/index.php\/wp-json\/wp\/v2\/types\/post"}],"author":[{"embeddable":true,"href":"https:\/\/nitu.mx\/index.php\/wp-json\/wp\/v2\/users\/18"}],"replies":[{"embeddable":true,"href":"https:\/\/nitu.mx\/index.php\/wp-json\/wp\/v2\/comments?post=54918"}],"version-history":[{"count":2,"href":"https:\/\/nitu.mx\/index.php\/wp-json\/wp\/v2\/posts\/54918\/revisions"}],"predecessor-version":[{"id":54920,"href":"https:\/\/nitu.mx\/index.php\/wp-json\/wp\/v2\/posts\/54918\/revisions\/54920"}],"wp:featuredmedia":[{"embeddable":true,"href":"https:\/\/nitu.mx\/index.php\/wp-json\/wp\/v2\/media\/49241"}],"wp:attachment":[{"href":"https:\/\/nitu.mx\/index.php\/wp-json\/wp\/v2\/media?parent=54918"}],"wp:term":[{"taxonomy":"category","embeddable":true,"href":"https:\/\/nitu.mx\/index.php\/wp-json\/wp\/v2\/categories?post=54918"},{"taxonomy":"post_tag","embeddable":true,"href":"https:\/\/nitu.mx\/index.php\/wp-json\/wp\/v2\/tags?post=54918"}],"curies":[{"name":"wp","href":"https:\/\/api.w.org\/{rel}","templated":true}]}}