{"id":54886,"date":"2021-08-26T19:05:47","date_gmt":"2021-08-27T00:05:47","guid":{"rendered":"https:\/\/www.dev.nitu.mx\/?p=54886"},"modified":"2021-08-27T00:12:53","modified_gmt":"2021-08-27T05:12:53","slug":"volaris-fue-certificada-como-aerolinea-bandera-de-el-salvador","status":"publish","type":"post","link":"https:\/\/nitu.mx\/index.php\/2021\/08\/26\/volaris-fue-certificada-como-aerolinea-bandera-de-el-salvador\/","title":{"rendered":"Volaris fue certificada como aerol\u00ednea bandera de El Salvador"},"content":{"rendered":"<p>La filial Volaris El Salvador finaliz\u00f3 el proceso de certificaci\u00f3n por parte de la Autoridad de Aviaci\u00f3n Civil (ACC) del pa\u00eds centroamericano, por lo que ya operar\u00e1 como aerol\u00ednea bandera de esa naci\u00f3n.<\/p>\n<p>De esta manera, Volaris El Salvador es la segunda aerol\u00ednea en operar con bandera salvadore\u00f1a y ser\u00e1 la primera de bajo costo.<\/p>\n<p>Bajo su nueva filial, la l\u00ednea a\u00e9rea que dirige Enrique Beltranena iniciar\u00e1 operaciones con la ruta San Salvador-Ciudad de M\u00e9xico a partir del 15 de septiembre, y la de San Salvador-Canc\u00fan desde el 15 de octubre de 2021.<\/p>\n<p>Tambi\u00e9n comenzar\u00e1 a operar la ruta San Salvador-San Pedro Sula, como parte de su compromiso de democratizar los cielos centroamericanos, pues replicar\u00e1 ah\u00ed su modelo de bajo costo.<\/p>\n<p>\u201cEn Volaris continuamos nuestros planes de expansi\u00f3n derivados de la recuperaci\u00f3n que hemos tenido. Este certificado de operaci\u00f3n nos ayuda a consolidar nuestro plan de crecimiento en Centroam\u00e9rica, al fortalecer la conectividad a\u00e9rea regional para que cada d\u00eda m\u00e1s gente pueda visitar amigos y familiares o seguir desarrollando negocios que incentiven la reactivaci\u00f3n econ\u00f3mica a bajo costo\u201d, se\u00f1al\u00f3 Beltranena.<\/p>\n<p>El Salvador cuenta con una poblaci\u00f3n de casi seis millones y medio de personas, y tiene casi dos millones de residentes en los Estados Unidos, lo que representa gran potencial de viajeros que se ver\u00e1n beneficiados con las tarifas bajas de su nueva aerol\u00ednea nacional.<\/p>\n<p>Antes de la pandemia, el sector de la aviaci\u00f3n contribu\u00eda con 116 mil empleos, y seg\u00fan datos de la Corporaci\u00f3n Salvadore\u00f1a de Turismo (Corsatur), en 2019 la aportaci\u00f3n del turismo a la econom\u00eda salvadore\u00f1a represent\u00f3 6.5 por ciento del PIB.<\/p>\n<p>Como en todo el mundo, la pandemia tambi\u00e9n impact\u00f3 en el turismo y econom\u00eda de El Salvador con un decrecimiento de 61 por ciento de visitantes internacionales durante los primeros seis meses de la crisis sanitaria.<\/p>\n<p>La operaci\u00f3n de Volaris en ese pa\u00eds permitir\u00e1 originar vuelos desde El Salvador a cualquier destino de la red en M\u00e9xico, Costa Rica, Guatemala y Estados Unidos, donde ha transportado casi dos millones de pasajeros desde 2015.<\/p>\n<p>Volaris El Salvador se enfocar\u00e1 en los pasajeros que visitan a amigos y familiares, viajeros de negocio preocupados por el costo del viaje y turistas de placer.\u00a0<a title=\"Volaris supera pandemia con 2.3 millones de pasajeros en julio\" href=\"https:\/\/www.dev.nitu.mx\/index.php\/2021\/08\/03\/volaris-supera-pandemia-con-2-3-millones-de-pasajeros-en-julio\/\" rel=\"bookmark\">(Volaris supera pandemia con 2.3 millones de pasajeros en julio<\/a>).<\/p>\n","protected":false},"excerpt":{"rendered":"<p>La filial Volaris El Salvador finaliz\u00f3 el proceso de certificaci\u00f3n por parte de la Autoridad de Aviaci\u00f3n Civil (ACC) del pa\u00eds centroamericano, por lo que ya operar\u00e1 como aerol\u00ednea bandera de esa naci\u00f3n. De esta manera, Volaris El Salvador es la segunda aerol\u00ednea en operar con bandera salvadore\u00f1a y ser\u00e1 la primera de bajo costo. [&hellip;]<\/p>\n","protected":false},"author":18,"featured_media":45972,"comment_status":"open","ping_status":"open","sticky":false,"template":"","format":"standard","meta":{"footnotes":""},"categories":[29],"tags":[43,587,1996,435,131],"yoast_head":"<!-- This site is optimized with the Yoast SEO plugin v22.2 - https:\/\/yoast.com\/wordpress\/plugins\/seo\/ -->\n<title>Volaris fue certificada como aerol\u00ednea bandera de El Salvador - Nitu - Noticias de la Industria Turistica<\/title>\n<meta name=\"robots\" content=\"index, follow, max-snippet:-1, max-image-preview:large, max-video-preview:-1\" \/>\n<link rel=\"canonical\" href=\"https:\/\/nitu.mx\/index.php\/2021\/08\/26\/volaris-fue-certificada-como-aerolinea-bandera-de-el-salvador\/\" \/>\n<meta name=\"twitter:card\" content=\"summary_large_image\" \/>\n<meta name=\"twitter:title\" content=\"Volaris fue certificada como aerol\u00ednea bandera de El Salvador - Nitu - Noticias de la Industria Turistica\" \/>\n<meta name=\"twitter:description\" content=\"La filial Volaris El Salvador finaliz\u00f3 el proceso de certificaci\u00f3n por parte de la Autoridad de Aviaci\u00f3n Civil (ACC) del pa\u00eds centroamericano, por lo que ya operar\u00e1 como aerol\u00ednea bandera de esa naci\u00f3n. De esta manera, Volaris El Salvador es la segunda aerol\u00ednea en operar con bandera salvadore\u00f1a y ser\u00e1 la primera de bajo costo. [&hellip;]\" \/>\n<meta name=\"twitter:image\" content=\"https:\/\/nitu.mx\/wp-content\/uploads\/2020\/09\/Volaris-Cozumel.jpg\" \/>\n<meta name=\"twitter:creator\" content=\"@NITUmx\" \/>\n<meta name=\"twitter:site\" content=\"@Arturo_Medina_G\" \/>\n<meta name=\"twitter:label1\" content=\"Escrito por\" \/>\n\t<meta name=\"twitter:data1\" content=\"Guadalupe Sixto\" \/>\n\t<meta name=\"twitter:label2\" content=\"Tiempo de lectura\" \/>\n\t<meta name=\"twitter:data2\" content=\"2 minutos\" \/>\n<script type=\"application\/ld+json\" class=\"yoast-schema-graph\">{\"@context\":\"https:\/\/schema.org\",\"@graph\":[{\"@type\":\"Article\",\"@id\":\"https:\/\/nitu.mx\/index.php\/2021\/08\/26\/volaris-fue-certificada-como-aerolinea-bandera-de-el-salvador\/#article\",\"isPartOf\":{\"@id\":\"https:\/\/nitu.mx\/index.php\/2021\/08\/26\/volaris-fue-certificada-como-aerolinea-bandera-de-el-salvador\/\"},\"author\":{\"name\":\"Guadalupe Sixto\",\"@id\":\"https:\/\/nitu.mx\/#\/schema\/person\/3df3082b5e46037e3f13614d28ee0b77\"},\"headline\":\"Volaris fue certificada como aerol\u00ednea bandera de El Salvador\",\"datePublished\":\"2021-08-27T00:05:47+00:00\",\"dateModified\":\"2021-08-27T05:12:53+00:00\",\"mainEntityOfPage\":{\"@id\":\"https:\/\/nitu.mx\/index.php\/2021\/08\/26\/volaris-fue-certificada-como-aerolinea-bandera-de-el-salvador\/\"},\"wordCount\":414,\"commentCount\":0,\"publisher\":{\"@id\":\"https:\/\/nitu.mx\/#\/schema\/person\/ae7a53426417292d3dd07b45a33e01bc\"},\"image\":{\"@id\":\"https:\/\/nitu.mx\/index.php\/2021\/08\/26\/volaris-fue-certificada-como-aerolinea-bandera-de-el-salvador\/#primaryimage\"},\"thumbnailUrl\":\"https:\/\/nitu.mx\/wp-content\/uploads\/2020\/09\/Volaris-Cozumel.jpg\",\"keywords\":[\"Canc\u00fan\",\"CDMX\",\"El Salvador\",\"Enrique Beltranena\",\"Volaris\"],\"articleSection\":[\"Aerol\u00edneas\"],\"inLanguage\":\"es-MX\",\"potentialAction\":[{\"@type\":\"CommentAction\",\"name\":\"Comment\",\"target\":[\"https:\/\/nitu.mx\/index.php\/2021\/08\/26\/volaris-fue-certificada-como-aerolinea-bandera-de-el-salvador\/#respond\"]}]},{\"@type\":\"WebPage\",\"@id\":\"https:\/\/nitu.mx\/index.php\/2021\/08\/26\/volaris-fue-certificada-como-aerolinea-bandera-de-el-salvador\/\",\"url\":\"https:\/\/nitu.mx\/index.php\/2021\/08\/26\/volaris-fue-certificada-como-aerolinea-bandera-de-el-salvador\/\",\"name\":\"Volaris fue certificada como aerol\u00ednea bandera de El Salvador - Nitu - Noticias de la Industria Turistica\",\"isPartOf\":{\"@id\":\"https:\/\/nitu.mx\/#website\"},\"primaryImageOfPage\":{\"@id\":\"https:\/\/nitu.mx\/index.php\/2021\/08\/26\/volaris-fue-certificada-como-aerolinea-bandera-de-el-salvador\/#primaryimage\"},\"image\":{\"@id\":\"https:\/\/nitu.mx\/index.php\/2021\/08\/26\/volaris-fue-certificada-como-aerolinea-bandera-de-el-salvador\/#primaryimage\"},\"thumbnailUrl\":\"https:\/\/nitu.mx\/wp-content\/uploads\/2020\/09\/Volaris-Cozumel.jpg\",\"datePublished\":\"2021-08-27T00:05:47+00:00\",\"dateModified\":\"2021-08-27T05:12:53+00:00\",\"breadcrumb\":{\"@id\":\"https:\/\/nitu.mx\/index.php\/2021\/08\/26\/volaris-fue-certificada-como-aerolinea-bandera-de-el-salvador\/#breadcrumb\"},\"inLanguage\":\"es-MX\",\"potentialAction\":[{\"@type\":\"ReadAction\",\"target\":[\"https:\/\/nitu.mx\/index.php\/2021\/08\/26\/volaris-fue-certificada-como-aerolinea-bandera-de-el-salvador\/\"]}]},{\"@type\":\"ImageObject\",\"inLanguage\":\"es-MX\",\"@id\":\"https:\/\/nitu.mx\/index.php\/2021\/08\/26\/volaris-fue-certificada-como-aerolinea-bandera-de-el-salvador\/#primaryimage\",\"url\":\"https:\/\/nitu.mx\/wp-content\/uploads\/2020\/09\/Volaris-Cozumel.jpg\",\"contentUrl\":\"https:\/\/nitu.mx\/wp-content\/uploads\/2020\/09\/Volaris-Cozumel.jpg\",\"width\":1200,\"height\":675,\"caption\":\"Volaris\"},{\"@type\":\"BreadcrumbList\",\"@id\":\"https:\/\/nitu.mx\/index.php\/2021\/08\/26\/volaris-fue-certificada-como-aerolinea-bandera-de-el-salvador\/#breadcrumb\",\"itemListElement\":[{\"@type\":\"ListItem\",\"position\":1,\"name\":\"Inicio\",\"item\":\"https:\/\/nitu.mx\/\"},{\"@type\":\"ListItem\",\"position\":2,\"name\":\"Volaris fue certificada como aerol\u00ednea bandera de El Salvador\"}]},{\"@type\":\"WebSite\",\"@id\":\"https:\/\/nitu.mx\/#website\",\"url\":\"https:\/\/nitu.mx\/\",\"name\":\"Nitu - Noticias de la Industria Turistica\",\"description\":\"Noticias de la Industria Turistica\",\"publisher\":{\"@id\":\"https:\/\/nitu.mx\/#\/schema\/person\/ae7a53426417292d3dd07b45a33e01bc\"},\"alternateName\":\"Noticias de la Industria Turistica\",\"potentialAction\":[{\"@type\":\"SearchAction\",\"target\":{\"@type\":\"EntryPoint\",\"urlTemplate\":\"https:\/\/nitu.mx\/?s={search_term_string}\"},\"query-input\":\"required name=search_term_string\"}],\"inLanguage\":\"es-MX\"},{\"@type\":[\"Person\",\"Organization\"],\"@id\":\"https:\/\/nitu.mx\/#\/schema\/person\/ae7a53426417292d3dd07b45a33e01bc\",\"name\":\"Arturo Medina\",\"image\":{\"@type\":\"ImageObject\",\"inLanguage\":\"es-MX\",\"@id\":\"https:\/\/nitu.mx\/#\/schema\/person\/image\/\",\"url\":\"https:\/\/nitu.mx\/wp-content\/uploads\/2024\/04\/4A315622-1904-4D5C-B022-878CDC840E04-90x90-1.jpeg\",\"contentUrl\":\"https:\/\/nitu.mx\/wp-content\/uploads\/2024\/04\/4A315622-1904-4D5C-B022-878CDC840E04-90x90-1.jpeg\",\"width\":90,\"height\":90,\"caption\":\"Arturo Medina\"},\"logo\":{\"@id\":\"https:\/\/nitu.mx\/#\/schema\/person\/image\/\"},\"description\":\"Director NITU.mx, Egresado de la Escuela de Periodismo Carlos Septi\u00e9n Garc\u00eda. Periodista y analista especializado en turismo desde hace 35 a\u00f1os, radicado en Canc\u00fan Q.Roo. arturo@nitu.mx\",\"sameAs\":[\"https:\/\/nitu.mx\",\"https:\/\/www.facebook.com\/NITUmx\/\",\"medinacancun\",\"https:\/\/twitter.com\/@Arturo_Medina_G\"]},{\"@type\":\"Person\",\"@id\":\"https:\/\/nitu.mx\/#\/schema\/person\/3df3082b5e46037e3f13614d28ee0b77\",\"name\":\"Guadalupe Sixto\",\"image\":{\"@type\":\"ImageObject\",\"inLanguage\":\"es-MX\",\"@id\":\"https:\/\/nitu.mx\/#\/schema\/person\/image\/\",\"url\":\"https:\/\/secure.gravatar.com\/avatar\/13914e1b0e1919e91f9539de4dc584c4?s=96&d=mm&r=g\",\"contentUrl\":\"https:\/\/secure.gravatar.com\/avatar\/13914e1b0e1919e91f9539de4dc584c4?s=96&d=mm&r=g\",\"caption\":\"Guadalupe Sixto\"},\"url\":\"https:\/\/nitu.mx\/index.php\/author\/gsixto\/\"}]}<\/script>\n<!-- \/ Yoast SEO plugin. -->","yoast_head_json":{"title":"Volaris fue certificada como aerol\u00ednea bandera de El Salvador - Nitu - Noticias de la Industria Turistica","robots":{"index":"index","follow":"follow","max-snippet":"max-snippet:-1","max-image-preview":"max-image-preview:large","max-video-preview":"max-video-preview:-1"},"canonical":"https:\/\/nitu.mx\/index.php\/2021\/08\/26\/volaris-fue-certificada-como-aerolinea-bandera-de-el-salvador\/","twitter_card":"summary_large_image","twitter_title":"Volaris fue certificada como aerol\u00ednea bandera de El Salvador - Nitu - Noticias de la Industria Turistica","twitter_description":"La filial Volaris El Salvador finaliz\u00f3 el proceso de certificaci\u00f3n por parte de la Autoridad de Aviaci\u00f3n Civil (ACC) del pa\u00eds centroamericano, por lo que ya operar\u00e1 como aerol\u00ednea bandera de esa naci\u00f3n. De esta manera, Volaris El Salvador es la segunda aerol\u00ednea en operar con bandera salvadore\u00f1a y ser\u00e1 la primera de bajo costo. [&hellip;]","twitter_image":"https:\/\/nitu.mx\/wp-content\/uploads\/2020\/09\/Volaris-Cozumel.jpg","twitter_creator":"@NITUmx","twitter_site":"@Arturo_Medina_G","twitter_misc":{"Escrito por":"Guadalupe Sixto","Tiempo de lectura":"2 minutos"},"schema":{"@context":"https:\/\/schema.org","@graph":[{"@type":"Article","@id":"https:\/\/nitu.mx\/index.php\/2021\/08\/26\/volaris-fue-certificada-como-aerolinea-bandera-de-el-salvador\/#article","isPartOf":{"@id":"https:\/\/nitu.mx\/index.php\/2021\/08\/26\/volaris-fue-certificada-como-aerolinea-bandera-de-el-salvador\/"},"author":{"name":"Guadalupe Sixto","@id":"https:\/\/nitu.mx\/#\/schema\/person\/3df3082b5e46037e3f13614d28ee0b77"},"headline":"Volaris fue certificada como aerol\u00ednea bandera de El Salvador","datePublished":"2021-08-27T00:05:47+00:00","dateModified":"2021-08-27T05:12:53+00:00","mainEntityOfPage":{"@id":"https:\/\/nitu.mx\/index.php\/2021\/08\/26\/volaris-fue-certificada-como-aerolinea-bandera-de-el-salvador\/"},"wordCount":414,"commentCount":0,"publisher":{"@id":"https:\/\/nitu.mx\/#\/schema\/person\/ae7a53426417292d3dd07b45a33e01bc"},"image":{"@id":"https:\/\/nitu.mx\/index.php\/2021\/08\/26\/volaris-fue-certificada-como-aerolinea-bandera-de-el-salvador\/#primaryimage"},"thumbnailUrl":"https:\/\/nitu.mx\/wp-content\/uploads\/2020\/09\/Volaris-Cozumel.jpg","keywords":["Canc\u00fan","CDMX","El Salvador","Enrique Beltranena","Volaris"],"articleSection":["Aerol\u00edneas"],"inLanguage":"es-MX","potentialAction":[{"@type":"CommentAction","name":"Comment","target":["https:\/\/nitu.mx\/index.php\/2021\/08\/26\/volaris-fue-certificada-como-aerolinea-bandera-de-el-salvador\/#respond"]}]},{"@type":"WebPage","@id":"https:\/\/nitu.mx\/index.php\/2021\/08\/26\/volaris-fue-certificada-como-aerolinea-bandera-de-el-salvador\/","url":"https:\/\/nitu.mx\/index.php\/2021\/08\/26\/volaris-fue-certificada-como-aerolinea-bandera-de-el-salvador\/","name":"Volaris fue certificada como aerol\u00ednea bandera de El Salvador - Nitu - Noticias de la Industria Turistica","isPartOf":{"@id":"https:\/\/nitu.mx\/#website"},"primaryImageOfPage":{"@id":"https:\/\/nitu.mx\/index.php\/2021\/08\/26\/volaris-fue-certificada-como-aerolinea-bandera-de-el-salvador\/#primaryimage"},"image":{"@id":"https:\/\/nitu.mx\/index.php\/2021\/08\/26\/volaris-fue-certificada-como-aerolinea-bandera-de-el-salvador\/#primaryimage"},"thumbnailUrl":"https:\/\/nitu.mx\/wp-content\/uploads\/2020\/09\/Volaris-Cozumel.jpg","datePublished":"2021-08-27T00:05:47+00:00","dateModified":"2021-08-27T05:12:53+00:00","breadcrumb":{"@id":"https:\/\/nitu.mx\/index.php\/2021\/08\/26\/volaris-fue-certificada-como-aerolinea-bandera-de-el-salvador\/#breadcrumb"},"inLanguage":"es-MX","potentialAction":[{"@type":"ReadAction","target":["https:\/\/nitu.mx\/index.php\/2021\/08\/26\/volaris-fue-certificada-como-aerolinea-bandera-de-el-salvador\/"]}]},{"@type":"ImageObject","inLanguage":"es-MX","@id":"https:\/\/nitu.mx\/index.php\/2021\/08\/26\/volaris-fue-certificada-como-aerolinea-bandera-de-el-salvador\/#primaryimage","url":"https:\/\/nitu.mx\/wp-content\/uploads\/2020\/09\/Volaris-Cozumel.jpg","contentUrl":"https:\/\/nitu.mx\/wp-content\/uploads\/2020\/09\/Volaris-Cozumel.jpg","width":1200,"height":675,"caption":"Volaris"},{"@type":"BreadcrumbList","@id":"https:\/\/nitu.mx\/index.php\/2021\/08\/26\/volaris-fue-certificada-como-aerolinea-bandera-de-el-salvador\/#breadcrumb","itemListElement":[{"@type":"ListItem","position":1,"name":"Inicio","item":"https:\/\/nitu.mx\/"},{"@type":"ListItem","position":2,"name":"Volaris fue certificada como aerol\u00ednea bandera de El Salvador"}]},{"@type":"WebSite","@id":"https:\/\/nitu.mx\/#website","url":"https:\/\/nitu.mx\/","name":"Nitu - Noticias de la Industria Turistica","description":"Noticias de la Industria Turistica","publisher":{"@id":"https:\/\/nitu.mx\/#\/schema\/person\/ae7a53426417292d3dd07b45a33e01bc"},"alternateName":"Noticias de la Industria Turistica","potentialAction":[{"@type":"SearchAction","target":{"@type":"EntryPoint","urlTemplate":"https:\/\/nitu.mx\/?s={search_term_string}"},"query-input":"required name=search_term_string"}],"inLanguage":"es-MX"},{"@type":["Person","Organization"],"@id":"https:\/\/nitu.mx\/#\/schema\/person\/ae7a53426417292d3dd07b45a33e01bc","name":"Arturo Medina","image":{"@type":"ImageObject","inLanguage":"es-MX","@id":"https:\/\/nitu.mx\/#\/schema\/person\/image\/","url":"https:\/\/nitu.mx\/wp-content\/uploads\/2024\/04\/4A315622-1904-4D5C-B022-878CDC840E04-90x90-1.jpeg","contentUrl":"https:\/\/nitu.mx\/wp-content\/uploads\/2024\/04\/4A315622-1904-4D5C-B022-878CDC840E04-90x90-1.jpeg","width":90,"height":90,"caption":"Arturo Medina"},"logo":{"@id":"https:\/\/nitu.mx\/#\/schema\/person\/image\/"},"description":"Director NITU.mx, Egresado de la Escuela de Periodismo Carlos Septi\u00e9n Garc\u00eda. Periodista y analista especializado en turismo desde hace 35 a\u00f1os, radicado en Canc\u00fan Q.Roo. arturo@nitu.mx","sameAs":["https:\/\/nitu.mx","https:\/\/www.facebook.com\/NITUmx\/","medinacancun","https:\/\/twitter.com\/@Arturo_Medina_G"]},{"@type":"Person","@id":"https:\/\/nitu.mx\/#\/schema\/person\/3df3082b5e46037e3f13614d28ee0b77","name":"Guadalupe Sixto","image":{"@type":"ImageObject","inLanguage":"es-MX","@id":"https:\/\/nitu.mx\/#\/schema\/person\/image\/","url":"https:\/\/secure.gravatar.com\/avatar\/13914e1b0e1919e91f9539de4dc584c4?s=96&d=mm&r=g","contentUrl":"https:\/\/secure.gravatar.com\/avatar\/13914e1b0e1919e91f9539de4dc584c4?s=96&d=mm&r=g","caption":"Guadalupe Sixto"},"url":"https:\/\/nitu.mx\/index.php\/author\/gsixto\/"}]}},"views":978,"_links":{"self":[{"href":"https:\/\/nitu.mx\/index.php\/wp-json\/wp\/v2\/posts\/54886"}],"collection":[{"href":"https:\/\/nitu.mx\/index.php\/wp-json\/wp\/v2\/posts"}],"about":[{"href":"https:\/\/nitu.mx\/index.php\/wp-json\/wp\/v2\/types\/post"}],"author":[{"embeddable":true,"href":"https:\/\/nitu.mx\/index.php\/wp-json\/wp\/v2\/users\/18"}],"replies":[{"embeddable":true,"href":"https:\/\/nitu.mx\/index.php\/wp-json\/wp\/v2\/comments?post=54886"}],"version-history":[{"count":3,"href":"https:\/\/nitu.mx\/index.php\/wp-json\/wp\/v2\/posts\/54886\/revisions"}],"predecessor-version":[{"id":54893,"href":"https:\/\/nitu.mx\/index.php\/wp-json\/wp\/v2\/posts\/54886\/revisions\/54893"}],"wp:featuredmedia":[{"embeddable":true,"href":"https:\/\/nitu.mx\/index.php\/wp-json\/wp\/v2\/media\/45972"}],"wp:attachment":[{"href":"https:\/\/nitu.mx\/index.php\/wp-json\/wp\/v2\/media?parent=54886"}],"wp:term":[{"taxonomy":"category","embeddable":true,"href":"https:\/\/nitu.mx\/index.php\/wp-json\/wp\/v2\/categories?post=54886"},{"taxonomy":"post_tag","embeddable":true,"href":"https:\/\/nitu.mx\/index.php\/wp-json\/wp\/v2\/tags?post=54886"}],"curies":[{"name":"wp","href":"https:\/\/api.w.org\/{rel}","templated":true}]}}