{"id":54860,"date":"2021-08-26T00:00:52","date_gmt":"2021-08-26T05:00:52","guid":{"rendered":"https:\/\/www.dev.nitu.mx\/?p=54860"},"modified":"2021-08-26T00:26:13","modified_gmt":"2021-08-26T05:26:13","slug":"coparmex-riviera-maya-prepara-plan-de-movilidad-para-tulum","status":"publish","type":"post","link":"https:\/\/nitu.mx\/index.php\/2021\/08\/26\/coparmex-riviera-maya-prepara-plan-de-movilidad-para-tulum\/","title":{"rendered":"Coparmex Riviera Maya prepara plan de movilidad para Tulum"},"content":{"rendered":"<p>Coparmex ya trabaja en el plan de movilidad Tulum Avanza, proyecto que se suma a otros programas que ha impulsado este organismo, dio a conocer la directora en la Riviera Maya, Estefan\u00eda Hern\u00e1ndez.<\/p>\n<p>La entrevistada dio a conocer que son cuatro ejes de trabajo: seguridad, infraestructura, transparencia y nuevas inversiones.<\/p>\n<p>Explic\u00f3 que el objetivo es conformar mesas de trabajo, fortalecer el grupo empresarial y coadyuvar a materializar la agenda de Tulum.<\/p>\n<p>Precis\u00f3 que han impulsado diversos programas como &#8220;Negocio Seguro&#8221;, &#8220;Plan Integral Vial&#8221; y el empoderamiento de las mujeres que forman parte del organigrama &#8220;Tulum Avanza&#8221;.<\/p>\n<p>A\u00f1adi\u00f3 que buscan que el sector empresarial de Tulum se siga posicionando y puedan traer mejores inversiones para el crecimiento de todas las actividades productivas.<\/p>\n<p>Adelant\u00f3 que la siguiente semana se reunir\u00e1n con el presidente electo, Marciano Dzul Caamal, a quien le entregar\u00e1n el plan de trabajo y pliego petitorio de normativas.<\/p>\n<p>Abund\u00f3 que buscan lograr una sinergia de trabajo con las autoridades que tomar\u00e1n el cargo a partir del mes de octubre. (La Jornada Maya).<\/p>\n","protected":false},"excerpt":{"rendered":"<p>Coparmex ya trabaja en el plan de movilidad Tulum Avanza, proyecto que se suma a otros programas que ha impulsado este organismo, dio a conocer la directora en la Riviera Maya, Estefan\u00eda Hern\u00e1ndez. La entrevistada dio a conocer que son cuatro ejes de trabajo: seguridad, infraestructura, transparencia y nuevas inversiones. Explic\u00f3 que el objetivo es [&hellip;]<\/p>\n","protected":false},"author":17,"featured_media":24597,"comment_status":"open","ping_status":"open","sticky":false,"template":"","format":"standard","meta":{"footnotes":""},"categories":[18475,5],"tags":[22714,6494,260,2762,390],"yoast_head":"<!-- This site is optimized with the Yoast SEO plugin v22.2 - https:\/\/yoast.com\/wordpress\/plugins\/seo\/ -->\n<title>Coparmex Riviera Maya prepara plan de movilidad para Tulum - Nitu - Noticias de la Industria Turistica<\/title>\n<meta name=\"robots\" content=\"index, follow, max-snippet:-1, max-image-preview:large, max-video-preview:-1\" \/>\n<link rel=\"canonical\" href=\"https:\/\/nitu.mx\/index.php\/2021\/08\/26\/coparmex-riviera-maya-prepara-plan-de-movilidad-para-tulum\/\" \/>\n<meta name=\"twitter:card\" content=\"summary_large_image\" \/>\n<meta name=\"twitter:title\" content=\"Coparmex Riviera Maya prepara plan de movilidad para Tulum - Nitu - Noticias de la Industria Turistica\" \/>\n<meta name=\"twitter:description\" content=\"Coparmex ya trabaja en el plan de movilidad Tulum Avanza, proyecto que se suma a otros programas que ha impulsado este organismo, dio a conocer la directora en la Riviera Maya, Estefan\u00eda Hern\u00e1ndez. La entrevistada dio a conocer que son cuatro ejes de trabajo: seguridad, infraestructura, transparencia y nuevas inversiones. Explic\u00f3 que el objetivo es [&hellip;]\" \/>\n<meta name=\"twitter:image\" content=\"https:\/\/nitu.mx\/wp-content\/uploads\/2018\/09\/Tulum.jpg\" \/>\n<meta name=\"twitter:creator\" content=\"@NITUmx\" \/>\n<meta name=\"twitter:site\" content=\"@Arturo_Medina_G\" \/>\n<meta name=\"twitter:label1\" content=\"Escrito por\" \/>\n\t<meta name=\"twitter:data1\" content=\"Redacci\u00f3n\" \/>\n\t<meta name=\"twitter:label2\" content=\"Tiempo de lectura\" \/>\n\t<meta name=\"twitter:data2\" content=\"1 minuto\" \/>\n<script type=\"application\/ld+json\" class=\"yoast-schema-graph\">{\"@context\":\"https:\/\/schema.org\",\"@graph\":[{\"@type\":\"Article\",\"@id\":\"https:\/\/nitu.mx\/index.php\/2021\/08\/26\/coparmex-riviera-maya-prepara-plan-de-movilidad-para-tulum\/#article\",\"isPartOf\":{\"@id\":\"https:\/\/nitu.mx\/index.php\/2021\/08\/26\/coparmex-riviera-maya-prepara-plan-de-movilidad-para-tulum\/\"},\"author\":{\"name\":\"Redacci\u00f3n\",\"@id\":\"https:\/\/nitu.mx\/#\/schema\/person\/4a28fe9bd65924f7c90623773daf1b0b\"},\"headline\":\"Coparmex Riviera Maya prepara plan de movilidad para Tulum\",\"datePublished\":\"2021-08-26T05:00:52+00:00\",\"dateModified\":\"2021-08-26T05:26:13+00:00\",\"mainEntityOfPage\":{\"@id\":\"https:\/\/nitu.mx\/index.php\/2021\/08\/26\/coparmex-riviera-maya-prepara-plan-de-movilidad-para-tulum\/\"},\"wordCount\":187,\"commentCount\":0,\"publisher\":{\"@id\":\"https:\/\/nitu.mx\/#\/schema\/person\/ae7a53426417292d3dd07b45a33e01bc\"},\"image\":{\"@id\":\"https:\/\/nitu.mx\/index.php\/2021\/08\/26\/coparmex-riviera-maya-prepara-plan-de-movilidad-para-tulum\/#primaryimage\"},\"thumbnailUrl\":\"https:\/\/nitu.mx\/wp-content\/uploads\/2018\/09\/Tulum.jpg\",\"keywords\":[\"Coparmex Riviera Maya\",\"infraestructura\",\"Quintana Roo\",\"seguridad\",\"Tulum\"],\"articleSection\":[\"Caribe Mexicano\",\"Destinos\"],\"inLanguage\":\"es-MX\",\"potentialAction\":[{\"@type\":\"CommentAction\",\"name\":\"Comment\",\"target\":[\"https:\/\/nitu.mx\/index.php\/2021\/08\/26\/coparmex-riviera-maya-prepara-plan-de-movilidad-para-tulum\/#respond\"]}]},{\"@type\":\"WebPage\",\"@id\":\"https:\/\/nitu.mx\/index.php\/2021\/08\/26\/coparmex-riviera-maya-prepara-plan-de-movilidad-para-tulum\/\",\"url\":\"https:\/\/nitu.mx\/index.php\/2021\/08\/26\/coparmex-riviera-maya-prepara-plan-de-movilidad-para-tulum\/\",\"name\":\"Coparmex Riviera Maya prepara plan de movilidad para Tulum - Nitu - Noticias de la Industria Turistica\",\"isPartOf\":{\"@id\":\"https:\/\/nitu.mx\/#website\"},\"primaryImageOfPage\":{\"@id\":\"https:\/\/nitu.mx\/index.php\/2021\/08\/26\/coparmex-riviera-maya-prepara-plan-de-movilidad-para-tulum\/#primaryimage\"},\"image\":{\"@id\":\"https:\/\/nitu.mx\/index.php\/2021\/08\/26\/coparmex-riviera-maya-prepara-plan-de-movilidad-para-tulum\/#primaryimage\"},\"thumbnailUrl\":\"https:\/\/nitu.mx\/wp-content\/uploads\/2018\/09\/Tulum.jpg\",\"datePublished\":\"2021-08-26T05:00:52+00:00\",\"dateModified\":\"2021-08-26T05:26:13+00:00\",\"breadcrumb\":{\"@id\":\"https:\/\/nitu.mx\/index.php\/2021\/08\/26\/coparmex-riviera-maya-prepara-plan-de-movilidad-para-tulum\/#breadcrumb\"},\"inLanguage\":\"es-MX\",\"potentialAction\":[{\"@type\":\"ReadAction\",\"target\":[\"https:\/\/nitu.mx\/index.php\/2021\/08\/26\/coparmex-riviera-maya-prepara-plan-de-movilidad-para-tulum\/\"]}]},{\"@type\":\"ImageObject\",\"inLanguage\":\"es-MX\",\"@id\":\"https:\/\/nitu.mx\/index.php\/2021\/08\/26\/coparmex-riviera-maya-prepara-plan-de-movilidad-para-tulum\/#primaryimage\",\"url\":\"https:\/\/nitu.mx\/wp-content\/uploads\/2018\/09\/Tulum.jpg\",\"contentUrl\":\"https:\/\/nitu.mx\/wp-content\/uploads\/2018\/09\/Tulum.jpg\",\"width\":850,\"height\":480,\"caption\":\"Tulum\"},{\"@type\":\"BreadcrumbList\",\"@id\":\"https:\/\/nitu.mx\/index.php\/2021\/08\/26\/coparmex-riviera-maya-prepara-plan-de-movilidad-para-tulum\/#breadcrumb\",\"itemListElement\":[{\"@type\":\"ListItem\",\"position\":1,\"name\":\"Inicio\",\"item\":\"https:\/\/nitu.mx\/\"},{\"@type\":\"ListItem\",\"position\":2,\"name\":\"Coparmex Riviera Maya prepara plan de movilidad para Tulum\"}]},{\"@type\":\"WebSite\",\"@id\":\"https:\/\/nitu.mx\/#website\",\"url\":\"https:\/\/nitu.mx\/\",\"name\":\"Nitu - Noticias de la Industria Turistica\",\"description\":\"Noticias de la Industria Turistica\",\"publisher\":{\"@id\":\"https:\/\/nitu.mx\/#\/schema\/person\/ae7a53426417292d3dd07b45a33e01bc\"},\"alternateName\":\"Noticias de la Industria Turistica\",\"potentialAction\":[{\"@type\":\"SearchAction\",\"target\":{\"@type\":\"EntryPoint\",\"urlTemplate\":\"https:\/\/nitu.mx\/?s={search_term_string}\"},\"query-input\":\"required name=search_term_string\"}],\"inLanguage\":\"es-MX\"},{\"@type\":[\"Person\",\"Organization\"],\"@id\":\"https:\/\/nitu.mx\/#\/schema\/person\/ae7a53426417292d3dd07b45a33e01bc\",\"name\":\"Arturo Medina\",\"image\":{\"@type\":\"ImageObject\",\"inLanguage\":\"es-MX\",\"@id\":\"https:\/\/nitu.mx\/#\/schema\/person\/image\/\",\"url\":\"https:\/\/nitu.mx\/wp-content\/uploads\/2024\/04\/4A315622-1904-4D5C-B022-878CDC840E04-90x90-1.jpeg\",\"contentUrl\":\"https:\/\/nitu.mx\/wp-content\/uploads\/2024\/04\/4A315622-1904-4D5C-B022-878CDC840E04-90x90-1.jpeg\",\"width\":90,\"height\":90,\"caption\":\"Arturo Medina\"},\"logo\":{\"@id\":\"https:\/\/nitu.mx\/#\/schema\/person\/image\/\"},\"description\":\"Director NITU.mx, Egresado de la Escuela de Periodismo Carlos Septi\u00e9n Garc\u00eda. Periodista y analista especializado en turismo desde hace 35 a\u00f1os, radicado en Canc\u00fan Q.Roo. arturo@nitu.mx\",\"sameAs\":[\"https:\/\/nitu.mx\",\"https:\/\/www.facebook.com\/NITUmx\/\",\"medinacancun\",\"https:\/\/twitter.com\/@Arturo_Medina_G\"]},{\"@type\":\"Person\",\"@id\":\"https:\/\/nitu.mx\/#\/schema\/person\/4a28fe9bd65924f7c90623773daf1b0b\",\"name\":\"Redacci\u00f3n\",\"image\":{\"@type\":\"ImageObject\",\"inLanguage\":\"es-MX\",\"@id\":\"https:\/\/nitu.mx\/#\/schema\/person\/image\/\",\"url\":\"https:\/\/secure.gravatar.com\/avatar\/5dd011c8ccfc5cd7e4c81e42252aab38?s=96&d=mm&r=g\",\"contentUrl\":\"https:\/\/secure.gravatar.com\/avatar\/5dd011c8ccfc5cd7e4c81e42252aab38?s=96&d=mm&r=g\",\"caption\":\"Redacci\u00f3n\"},\"url\":\"https:\/\/nitu.mx\/index.php\/author\/redaccion\/\"}]}<\/script>\n<!-- \/ Yoast SEO plugin. -->","yoast_head_json":{"title":"Coparmex Riviera Maya prepara plan de movilidad para Tulum - Nitu - Noticias de la Industria Turistica","robots":{"index":"index","follow":"follow","max-snippet":"max-snippet:-1","max-image-preview":"max-image-preview:large","max-video-preview":"max-video-preview:-1"},"canonical":"https:\/\/nitu.mx\/index.php\/2021\/08\/26\/coparmex-riviera-maya-prepara-plan-de-movilidad-para-tulum\/","twitter_card":"summary_large_image","twitter_title":"Coparmex Riviera Maya prepara plan de movilidad para Tulum - Nitu - Noticias de la Industria Turistica","twitter_description":"Coparmex ya trabaja en el plan de movilidad Tulum Avanza, proyecto que se suma a otros programas que ha impulsado este organismo, dio a conocer la directora en la Riviera Maya, Estefan\u00eda Hern\u00e1ndez. La entrevistada dio a conocer que son cuatro ejes de trabajo: seguridad, infraestructura, transparencia y nuevas inversiones. Explic\u00f3 que el objetivo es [&hellip;]","twitter_image":"https:\/\/nitu.mx\/wp-content\/uploads\/2018\/09\/Tulum.jpg","twitter_creator":"@NITUmx","twitter_site":"@Arturo_Medina_G","twitter_misc":{"Escrito por":"Redacci\u00f3n","Tiempo de lectura":"1 minuto"},"schema":{"@context":"https:\/\/schema.org","@graph":[{"@type":"Article","@id":"https:\/\/nitu.mx\/index.php\/2021\/08\/26\/coparmex-riviera-maya-prepara-plan-de-movilidad-para-tulum\/#article","isPartOf":{"@id":"https:\/\/nitu.mx\/index.php\/2021\/08\/26\/coparmex-riviera-maya-prepara-plan-de-movilidad-para-tulum\/"},"author":{"name":"Redacci\u00f3n","@id":"https:\/\/nitu.mx\/#\/schema\/person\/4a28fe9bd65924f7c90623773daf1b0b"},"headline":"Coparmex Riviera Maya prepara plan de movilidad para Tulum","datePublished":"2021-08-26T05:00:52+00:00","dateModified":"2021-08-26T05:26:13+00:00","mainEntityOfPage":{"@id":"https:\/\/nitu.mx\/index.php\/2021\/08\/26\/coparmex-riviera-maya-prepara-plan-de-movilidad-para-tulum\/"},"wordCount":187,"commentCount":0,"publisher":{"@id":"https:\/\/nitu.mx\/#\/schema\/person\/ae7a53426417292d3dd07b45a33e01bc"},"image":{"@id":"https:\/\/nitu.mx\/index.php\/2021\/08\/26\/coparmex-riviera-maya-prepara-plan-de-movilidad-para-tulum\/#primaryimage"},"thumbnailUrl":"https:\/\/nitu.mx\/wp-content\/uploads\/2018\/09\/Tulum.jpg","keywords":["Coparmex Riviera Maya","infraestructura","Quintana Roo","seguridad","Tulum"],"articleSection":["Caribe Mexicano","Destinos"],"inLanguage":"es-MX","potentialAction":[{"@type":"CommentAction","name":"Comment","target":["https:\/\/nitu.mx\/index.php\/2021\/08\/26\/coparmex-riviera-maya-prepara-plan-de-movilidad-para-tulum\/#respond"]}]},{"@type":"WebPage","@id":"https:\/\/nitu.mx\/index.php\/2021\/08\/26\/coparmex-riviera-maya-prepara-plan-de-movilidad-para-tulum\/","url":"https:\/\/nitu.mx\/index.php\/2021\/08\/26\/coparmex-riviera-maya-prepara-plan-de-movilidad-para-tulum\/","name":"Coparmex Riviera Maya prepara plan de movilidad para Tulum - Nitu - Noticias de la Industria Turistica","isPartOf":{"@id":"https:\/\/nitu.mx\/#website"},"primaryImageOfPage":{"@id":"https:\/\/nitu.mx\/index.php\/2021\/08\/26\/coparmex-riviera-maya-prepara-plan-de-movilidad-para-tulum\/#primaryimage"},"image":{"@id":"https:\/\/nitu.mx\/index.php\/2021\/08\/26\/coparmex-riviera-maya-prepara-plan-de-movilidad-para-tulum\/#primaryimage"},"thumbnailUrl":"https:\/\/nitu.mx\/wp-content\/uploads\/2018\/09\/Tulum.jpg","datePublished":"2021-08-26T05:00:52+00:00","dateModified":"2021-08-26T05:26:13+00:00","breadcrumb":{"@id":"https:\/\/nitu.mx\/index.php\/2021\/08\/26\/coparmex-riviera-maya-prepara-plan-de-movilidad-para-tulum\/#breadcrumb"},"inLanguage":"es-MX","potentialAction":[{"@type":"ReadAction","target":["https:\/\/nitu.mx\/index.php\/2021\/08\/26\/coparmex-riviera-maya-prepara-plan-de-movilidad-para-tulum\/"]}]},{"@type":"ImageObject","inLanguage":"es-MX","@id":"https:\/\/nitu.mx\/index.php\/2021\/08\/26\/coparmex-riviera-maya-prepara-plan-de-movilidad-para-tulum\/#primaryimage","url":"https:\/\/nitu.mx\/wp-content\/uploads\/2018\/09\/Tulum.jpg","contentUrl":"https:\/\/nitu.mx\/wp-content\/uploads\/2018\/09\/Tulum.jpg","width":850,"height":480,"caption":"Tulum"},{"@type":"BreadcrumbList","@id":"https:\/\/nitu.mx\/index.php\/2021\/08\/26\/coparmex-riviera-maya-prepara-plan-de-movilidad-para-tulum\/#breadcrumb","itemListElement":[{"@type":"ListItem","position":1,"name":"Inicio","item":"https:\/\/nitu.mx\/"},{"@type":"ListItem","position":2,"name":"Coparmex Riviera Maya prepara plan de movilidad para Tulum"}]},{"@type":"WebSite","@id":"https:\/\/nitu.mx\/#website","url":"https:\/\/nitu.mx\/","name":"Nitu - Noticias de la Industria Turistica","description":"Noticias de la Industria Turistica","publisher":{"@id":"https:\/\/nitu.mx\/#\/schema\/person\/ae7a53426417292d3dd07b45a33e01bc"},"alternateName":"Noticias de la Industria Turistica","potentialAction":[{"@type":"SearchAction","target":{"@type":"EntryPoint","urlTemplate":"https:\/\/nitu.mx\/?s={search_term_string}"},"query-input":"required name=search_term_string"}],"inLanguage":"es-MX"},{"@type":["Person","Organization"],"@id":"https:\/\/nitu.mx\/#\/schema\/person\/ae7a53426417292d3dd07b45a33e01bc","name":"Arturo Medina","image":{"@type":"ImageObject","inLanguage":"es-MX","@id":"https:\/\/nitu.mx\/#\/schema\/person\/image\/","url":"https:\/\/nitu.mx\/wp-content\/uploads\/2024\/04\/4A315622-1904-4D5C-B022-878CDC840E04-90x90-1.jpeg","contentUrl":"https:\/\/nitu.mx\/wp-content\/uploads\/2024\/04\/4A315622-1904-4D5C-B022-878CDC840E04-90x90-1.jpeg","width":90,"height":90,"caption":"Arturo Medina"},"logo":{"@id":"https:\/\/nitu.mx\/#\/schema\/person\/image\/"},"description":"Director NITU.mx, Egresado de la Escuela de Periodismo Carlos Septi\u00e9n Garc\u00eda. Periodista y analista especializado en turismo desde hace 35 a\u00f1os, radicado en Canc\u00fan Q.Roo. arturo@nitu.mx","sameAs":["https:\/\/nitu.mx","https:\/\/www.facebook.com\/NITUmx\/","medinacancun","https:\/\/twitter.com\/@Arturo_Medina_G"]},{"@type":"Person","@id":"https:\/\/nitu.mx\/#\/schema\/person\/4a28fe9bd65924f7c90623773daf1b0b","name":"Redacci\u00f3n","image":{"@type":"ImageObject","inLanguage":"es-MX","@id":"https:\/\/nitu.mx\/#\/schema\/person\/image\/","url":"https:\/\/secure.gravatar.com\/avatar\/5dd011c8ccfc5cd7e4c81e42252aab38?s=96&d=mm&r=g","contentUrl":"https:\/\/secure.gravatar.com\/avatar\/5dd011c8ccfc5cd7e4c81e42252aab38?s=96&d=mm&r=g","caption":"Redacci\u00f3n"},"url":"https:\/\/nitu.mx\/index.php\/author\/redaccion\/"}]}},"views":622,"_links":{"self":[{"href":"https:\/\/nitu.mx\/index.php\/wp-json\/wp\/v2\/posts\/54860"}],"collection":[{"href":"https:\/\/nitu.mx\/index.php\/wp-json\/wp\/v2\/posts"}],"about":[{"href":"https:\/\/nitu.mx\/index.php\/wp-json\/wp\/v2\/types\/post"}],"author":[{"embeddable":true,"href":"https:\/\/nitu.mx\/index.php\/wp-json\/wp\/v2\/users\/17"}],"replies":[{"embeddable":true,"href":"https:\/\/nitu.mx\/index.php\/wp-json\/wp\/v2\/comments?post=54860"}],"version-history":[{"count":3,"href":"https:\/\/nitu.mx\/index.php\/wp-json\/wp\/v2\/posts\/54860\/revisions"}],"predecessor-version":[{"id":54878,"href":"https:\/\/nitu.mx\/index.php\/wp-json\/wp\/v2\/posts\/54860\/revisions\/54878"}],"wp:featuredmedia":[{"embeddable":true,"href":"https:\/\/nitu.mx\/index.php\/wp-json\/wp\/v2\/media\/24597"}],"wp:attachment":[{"href":"https:\/\/nitu.mx\/index.php\/wp-json\/wp\/v2\/media?parent=54860"}],"wp:term":[{"taxonomy":"category","embeddable":true,"href":"https:\/\/nitu.mx\/index.php\/wp-json\/wp\/v2\/categories?post=54860"},{"taxonomy":"post_tag","embeddable":true,"href":"https:\/\/nitu.mx\/index.php\/wp-json\/wp\/v2\/tags?post=54860"}],"curies":[{"name":"wp","href":"https:\/\/api.w.org\/{rel}","templated":true}]}}