{"id":54849,"date":"2021-08-25T14:20:05","date_gmt":"2021-08-25T19:20:05","guid":{"rendered":"https:\/\/www.dev.nitu.mx\/?p=54849"},"modified":"2021-08-25T14:20:05","modified_gmt":"2021-08-25T19:20:05","slug":"fonatur-anuncia-cambios-en-la-ruta-del-tren-maya","status":"publish","type":"post","link":"https:\/\/nitu.mx\/index.php\/2021\/08\/25\/fonatur-anuncia-cambios-en-la-ruta-del-tren-maya\/","title":{"rendered":"Fonatur anuncia cambios en la ruta del Tren Maya"},"content":{"rendered":"<p>El Fondo Nacional de Fomento al Turismo (Fonatur) anunci\u00f3 la modificaci\u00f3n de la ruta del Tren Maya en el tramo que corre por San Francisco de Campeche.<\/p>\n<p>El titular de la dependencia, Rogelio Jim\u00e9nez Pons, inform\u00f3 que las v\u00edas ya no ingresar\u00e1n al centro de la ciudad, y la estaci\u00f3n se construir\u00e1 en las afueras de la mancha urbana.<\/p>\n<p>Jim\u00e9nez Pons se\u00f1al\u00f3 que la decisi\u00f3n se tom\u00f3 a partir de un an\u00e1lisis de costos y tiempo que tomar\u00eda el proceso de relocalizaci\u00f3n, por lo que el nuevo trazo de la ruta del Tren Maya permitir\u00e1 ahorros econ\u00f3micos y de tiempo.<\/p>\n<p>El director de Fonatur detall\u00f3 que las v\u00edas se construir\u00e1n de forma paralela al perif\u00e9rico Pablo Garc\u00eda y Montilla, ubicando la estaci\u00f3n cerca del aeropuerto. Adem\u00e1s se contempla la construcci\u00f3n de paraderos cercanos a la ciudad de San Francisco de Campeche.<\/p>\n<p>\u201cHemos tomado la decisi\u00f3n por una cuesti\u00f3n pr\u00e1ctica, de irnos por la periferia. Campeche es una ciudad relativamente peque\u00f1a, entonces la estaci\u00f3n que se est\u00e1 poniendo es por la periferia a la altura del aeropuerto. La ubicaci\u00f3n de la nueva v\u00eda hacia el centro tiene una distancia de alrededor de siete minutos, entonces no es un problema de conectividad\u201d, se\u00f1al\u00f3 Jim\u00e9nez Pons<\/p>\n<p>Agreg\u00f3 que con este cambio de ruta tambi\u00e9n surge la necesidad de establecer un sistema de transporte anexo que permita a la poblaci\u00f3n, trabajadores y turistas poder viajar con facilidad entre el centro y la nueva estaci\u00f3n.\u00a0<a title=\"Fonatur negocia certeza legal para terrenos de v\u00eda alterna por Tren Maya\" href=\"https:\/\/www.dev.nitu.mx\/index.php\/2021\/07\/30\/fonatur-negocia-certeza-legal-para-terrenos-de-via-alterna-por-tren-maya\/\" rel=\"bookmark\">(Fonatur negocia certeza legal para terrenos de v\u00eda alterna por Tren Maya<\/a>).<\/p>\n","protected":false},"excerpt":{"rendered":"<p>El Fondo Nacional de Fomento al Turismo (Fonatur) anunci\u00f3 la modificaci\u00f3n de la ruta del Tren Maya en el tramo que corre por San Francisco de Campeche. El titular de la dependencia, Rogelio Jim\u00e9nez Pons, inform\u00f3 que las v\u00edas ya no ingresar\u00e1n al centro de la ciudad, y la estaci\u00f3n se construir\u00e1 en las afueras [&hellip;]<\/p>\n","protected":false},"author":18,"featured_media":54852,"comment_status":"open","ping_status":"open","sticky":false,"template":"","format":"standard","meta":{"footnotes":""},"categories":[5],"tags":[400,889,11421,11427],"yoast_head":"<!-- This site is optimized with the Yoast SEO plugin v22.2 - https:\/\/yoast.com\/wordpress\/plugins\/seo\/ -->\n<title>Fonatur anuncia cambios en la ruta del Tren Maya - Nitu - Noticias de la Industria Turistica<\/title>\n<meta name=\"robots\" content=\"index, follow, max-snippet:-1, max-image-preview:large, max-video-preview:-1\" \/>\n<link rel=\"canonical\" href=\"https:\/\/nitu.mx\/index.php\/2021\/08\/25\/fonatur-anuncia-cambios-en-la-ruta-del-tren-maya\/\" \/>\n<meta name=\"twitter:card\" content=\"summary_large_image\" \/>\n<meta name=\"twitter:title\" content=\"Fonatur anuncia cambios en la ruta del Tren Maya - Nitu - Noticias de la Industria Turistica\" \/>\n<meta name=\"twitter:description\" content=\"El Fondo Nacional de Fomento al Turismo (Fonatur) anunci\u00f3 la modificaci\u00f3n de la ruta del Tren Maya en el tramo que corre por San Francisco de Campeche. El titular de la dependencia, Rogelio Jim\u00e9nez Pons, inform\u00f3 que las v\u00edas ya no ingresar\u00e1n al centro de la ciudad, y la estaci\u00f3n se construir\u00e1 en las afueras [&hellip;]\" \/>\n<meta name=\"twitter:image\" content=\"https:\/\/nitu.mx\/wp-content\/uploads\/2021\/08\/Tren-Maya-cambio-de-ruta.jpeg\" \/>\n<meta name=\"twitter:creator\" content=\"@NITUmx\" \/>\n<meta name=\"twitter:site\" content=\"@Arturo_Medina_G\" \/>\n<meta name=\"twitter:label1\" content=\"Escrito por\" \/>\n\t<meta name=\"twitter:data1\" content=\"Guadalupe Sixto\" \/>\n\t<meta name=\"twitter:label2\" content=\"Tiempo de lectura\" \/>\n\t<meta name=\"twitter:data2\" content=\"1 minuto\" \/>\n<script type=\"application\/ld+json\" class=\"yoast-schema-graph\">{\"@context\":\"https:\/\/schema.org\",\"@graph\":[{\"@type\":\"Article\",\"@id\":\"https:\/\/nitu.mx\/index.php\/2021\/08\/25\/fonatur-anuncia-cambios-en-la-ruta-del-tren-maya\/#article\",\"isPartOf\":{\"@id\":\"https:\/\/nitu.mx\/index.php\/2021\/08\/25\/fonatur-anuncia-cambios-en-la-ruta-del-tren-maya\/\"},\"author\":{\"name\":\"Guadalupe Sixto\",\"@id\":\"https:\/\/nitu.mx\/#\/schema\/person\/3df3082b5e46037e3f13614d28ee0b77\"},\"headline\":\"Fonatur anuncia cambios en la ruta del Tren Maya\",\"datePublished\":\"2021-08-25T19:20:05+00:00\",\"dateModified\":\"2021-08-25T19:20:05+00:00\",\"mainEntityOfPage\":{\"@id\":\"https:\/\/nitu.mx\/index.php\/2021\/08\/25\/fonatur-anuncia-cambios-en-la-ruta-del-tren-maya\/\"},\"wordCount\":293,\"commentCount\":0,\"publisher\":{\"@id\":\"https:\/\/nitu.mx\/#\/schema\/person\/ae7a53426417292d3dd07b45a33e01bc\"},\"image\":{\"@id\":\"https:\/\/nitu.mx\/index.php\/2021\/08\/25\/fonatur-anuncia-cambios-en-la-ruta-del-tren-maya\/#primaryimage\"},\"thumbnailUrl\":\"https:\/\/nitu.mx\/wp-content\/uploads\/2021\/08\/Tren-Maya-cambio-de-ruta.jpeg\",\"keywords\":[\"Campeche\",\"Fonatur\",\"Rogelio Jim\u00e9nez Pons\",\"Tren Maya\"],\"articleSection\":[\"Destinos\"],\"inLanguage\":\"es-MX\",\"potentialAction\":[{\"@type\":\"CommentAction\",\"name\":\"Comment\",\"target\":[\"https:\/\/nitu.mx\/index.php\/2021\/08\/25\/fonatur-anuncia-cambios-en-la-ruta-del-tren-maya\/#respond\"]}]},{\"@type\":\"WebPage\",\"@id\":\"https:\/\/nitu.mx\/index.php\/2021\/08\/25\/fonatur-anuncia-cambios-en-la-ruta-del-tren-maya\/\",\"url\":\"https:\/\/nitu.mx\/index.php\/2021\/08\/25\/fonatur-anuncia-cambios-en-la-ruta-del-tren-maya\/\",\"name\":\"Fonatur anuncia cambios en la ruta del Tren Maya - Nitu - Noticias de la Industria Turistica\",\"isPartOf\":{\"@id\":\"https:\/\/nitu.mx\/#website\"},\"primaryImageOfPage\":{\"@id\":\"https:\/\/nitu.mx\/index.php\/2021\/08\/25\/fonatur-anuncia-cambios-en-la-ruta-del-tren-maya\/#primaryimage\"},\"image\":{\"@id\":\"https:\/\/nitu.mx\/index.php\/2021\/08\/25\/fonatur-anuncia-cambios-en-la-ruta-del-tren-maya\/#primaryimage\"},\"thumbnailUrl\":\"https:\/\/nitu.mx\/wp-content\/uploads\/2021\/08\/Tren-Maya-cambio-de-ruta.jpeg\",\"datePublished\":\"2021-08-25T19:20:05+00:00\",\"dateModified\":\"2021-08-25T19:20:05+00:00\",\"breadcrumb\":{\"@id\":\"https:\/\/nitu.mx\/index.php\/2021\/08\/25\/fonatur-anuncia-cambios-en-la-ruta-del-tren-maya\/#breadcrumb\"},\"inLanguage\":\"es-MX\",\"potentialAction\":[{\"@type\":\"ReadAction\",\"target\":[\"https:\/\/nitu.mx\/index.php\/2021\/08\/25\/fonatur-anuncia-cambios-en-la-ruta-del-tren-maya\/\"]}]},{\"@type\":\"ImageObject\",\"inLanguage\":\"es-MX\",\"@id\":\"https:\/\/nitu.mx\/index.php\/2021\/08\/25\/fonatur-anuncia-cambios-en-la-ruta-del-tren-maya\/#primaryimage\",\"url\":\"https:\/\/nitu.mx\/wp-content\/uploads\/2021\/08\/Tren-Maya-cambio-de-ruta.jpeg\",\"contentUrl\":\"https:\/\/nitu.mx\/wp-content\/uploads\/2021\/08\/Tren-Maya-cambio-de-ruta.jpeg\",\"width\":1200,\"height\":675,\"caption\":\"Tren Maya\"},{\"@type\":\"BreadcrumbList\",\"@id\":\"https:\/\/nitu.mx\/index.php\/2021\/08\/25\/fonatur-anuncia-cambios-en-la-ruta-del-tren-maya\/#breadcrumb\",\"itemListElement\":[{\"@type\":\"ListItem\",\"position\":1,\"name\":\"Inicio\",\"item\":\"https:\/\/nitu.mx\/\"},{\"@type\":\"ListItem\",\"position\":2,\"name\":\"Fonatur anuncia cambios en la ruta del Tren Maya\"}]},{\"@type\":\"WebSite\",\"@id\":\"https:\/\/nitu.mx\/#website\",\"url\":\"https:\/\/nitu.mx\/\",\"name\":\"Nitu - Noticias de la Industria Turistica\",\"description\":\"Noticias de la Industria Turistica\",\"publisher\":{\"@id\":\"https:\/\/nitu.mx\/#\/schema\/person\/ae7a53426417292d3dd07b45a33e01bc\"},\"alternateName\":\"Noticias de la Industria Turistica\",\"potentialAction\":[{\"@type\":\"SearchAction\",\"target\":{\"@type\":\"EntryPoint\",\"urlTemplate\":\"https:\/\/nitu.mx\/?s={search_term_string}\"},\"query-input\":\"required name=search_term_string\"}],\"inLanguage\":\"es-MX\"},{\"@type\":[\"Person\",\"Organization\"],\"@id\":\"https:\/\/nitu.mx\/#\/schema\/person\/ae7a53426417292d3dd07b45a33e01bc\",\"name\":\"Arturo Medina\",\"image\":{\"@type\":\"ImageObject\",\"inLanguage\":\"es-MX\",\"@id\":\"https:\/\/nitu.mx\/#\/schema\/person\/image\/\",\"url\":\"https:\/\/nitu.mx\/wp-content\/uploads\/2024\/04\/4A315622-1904-4D5C-B022-878CDC840E04-90x90-1.jpeg\",\"contentUrl\":\"https:\/\/nitu.mx\/wp-content\/uploads\/2024\/04\/4A315622-1904-4D5C-B022-878CDC840E04-90x90-1.jpeg\",\"width\":90,\"height\":90,\"caption\":\"Arturo Medina\"},\"logo\":{\"@id\":\"https:\/\/nitu.mx\/#\/schema\/person\/image\/\"},\"description\":\"Director NITU.mx, Egresado de la Escuela de Periodismo Carlos Septi\u00e9n Garc\u00eda. Periodista y analista especializado en turismo desde hace 35 a\u00f1os, radicado en Canc\u00fan Q.Roo. arturo@nitu.mx\",\"sameAs\":[\"https:\/\/nitu.mx\",\"https:\/\/www.facebook.com\/NITUmx\/\",\"medinacancun\",\"https:\/\/twitter.com\/@Arturo_Medina_G\"]},{\"@type\":\"Person\",\"@id\":\"https:\/\/nitu.mx\/#\/schema\/person\/3df3082b5e46037e3f13614d28ee0b77\",\"name\":\"Guadalupe Sixto\",\"image\":{\"@type\":\"ImageObject\",\"inLanguage\":\"es-MX\",\"@id\":\"https:\/\/nitu.mx\/#\/schema\/person\/image\/\",\"url\":\"https:\/\/secure.gravatar.com\/avatar\/13914e1b0e1919e91f9539de4dc584c4?s=96&d=mm&r=g\",\"contentUrl\":\"https:\/\/secure.gravatar.com\/avatar\/13914e1b0e1919e91f9539de4dc584c4?s=96&d=mm&r=g\",\"caption\":\"Guadalupe Sixto\"},\"url\":\"https:\/\/nitu.mx\/index.php\/author\/gsixto\/\"}]}<\/script>\n<!-- \/ Yoast SEO plugin. -->","yoast_head_json":{"title":"Fonatur anuncia cambios en la ruta del Tren Maya - Nitu - Noticias de la Industria Turistica","robots":{"index":"index","follow":"follow","max-snippet":"max-snippet:-1","max-image-preview":"max-image-preview:large","max-video-preview":"max-video-preview:-1"},"canonical":"https:\/\/nitu.mx\/index.php\/2021\/08\/25\/fonatur-anuncia-cambios-en-la-ruta-del-tren-maya\/","twitter_card":"summary_large_image","twitter_title":"Fonatur anuncia cambios en la ruta del Tren Maya - Nitu - Noticias de la Industria Turistica","twitter_description":"El Fondo Nacional de Fomento al Turismo (Fonatur) anunci\u00f3 la modificaci\u00f3n de la ruta del Tren Maya en el tramo que corre por San Francisco de Campeche. El titular de la dependencia, Rogelio Jim\u00e9nez Pons, inform\u00f3 que las v\u00edas ya no ingresar\u00e1n al centro de la ciudad, y la estaci\u00f3n se construir\u00e1 en las afueras [&hellip;]","twitter_image":"https:\/\/nitu.mx\/wp-content\/uploads\/2021\/08\/Tren-Maya-cambio-de-ruta.jpeg","twitter_creator":"@NITUmx","twitter_site":"@Arturo_Medina_G","twitter_misc":{"Escrito por":"Guadalupe Sixto","Tiempo de lectura":"1 minuto"},"schema":{"@context":"https:\/\/schema.org","@graph":[{"@type":"Article","@id":"https:\/\/nitu.mx\/index.php\/2021\/08\/25\/fonatur-anuncia-cambios-en-la-ruta-del-tren-maya\/#article","isPartOf":{"@id":"https:\/\/nitu.mx\/index.php\/2021\/08\/25\/fonatur-anuncia-cambios-en-la-ruta-del-tren-maya\/"},"author":{"name":"Guadalupe Sixto","@id":"https:\/\/nitu.mx\/#\/schema\/person\/3df3082b5e46037e3f13614d28ee0b77"},"headline":"Fonatur anuncia cambios en la ruta del Tren Maya","datePublished":"2021-08-25T19:20:05+00:00","dateModified":"2021-08-25T19:20:05+00:00","mainEntityOfPage":{"@id":"https:\/\/nitu.mx\/index.php\/2021\/08\/25\/fonatur-anuncia-cambios-en-la-ruta-del-tren-maya\/"},"wordCount":293,"commentCount":0,"publisher":{"@id":"https:\/\/nitu.mx\/#\/schema\/person\/ae7a53426417292d3dd07b45a33e01bc"},"image":{"@id":"https:\/\/nitu.mx\/index.php\/2021\/08\/25\/fonatur-anuncia-cambios-en-la-ruta-del-tren-maya\/#primaryimage"},"thumbnailUrl":"https:\/\/nitu.mx\/wp-content\/uploads\/2021\/08\/Tren-Maya-cambio-de-ruta.jpeg","keywords":["Campeche","Fonatur","Rogelio Jim\u00e9nez Pons","Tren Maya"],"articleSection":["Destinos"],"inLanguage":"es-MX","potentialAction":[{"@type":"CommentAction","name":"Comment","target":["https:\/\/nitu.mx\/index.php\/2021\/08\/25\/fonatur-anuncia-cambios-en-la-ruta-del-tren-maya\/#respond"]}]},{"@type":"WebPage","@id":"https:\/\/nitu.mx\/index.php\/2021\/08\/25\/fonatur-anuncia-cambios-en-la-ruta-del-tren-maya\/","url":"https:\/\/nitu.mx\/index.php\/2021\/08\/25\/fonatur-anuncia-cambios-en-la-ruta-del-tren-maya\/","name":"Fonatur anuncia cambios en la ruta del Tren Maya - Nitu - Noticias de la Industria Turistica","isPartOf":{"@id":"https:\/\/nitu.mx\/#website"},"primaryImageOfPage":{"@id":"https:\/\/nitu.mx\/index.php\/2021\/08\/25\/fonatur-anuncia-cambios-en-la-ruta-del-tren-maya\/#primaryimage"},"image":{"@id":"https:\/\/nitu.mx\/index.php\/2021\/08\/25\/fonatur-anuncia-cambios-en-la-ruta-del-tren-maya\/#primaryimage"},"thumbnailUrl":"https:\/\/nitu.mx\/wp-content\/uploads\/2021\/08\/Tren-Maya-cambio-de-ruta.jpeg","datePublished":"2021-08-25T19:20:05+00:00","dateModified":"2021-08-25T19:20:05+00:00","breadcrumb":{"@id":"https:\/\/nitu.mx\/index.php\/2021\/08\/25\/fonatur-anuncia-cambios-en-la-ruta-del-tren-maya\/#breadcrumb"},"inLanguage":"es-MX","potentialAction":[{"@type":"ReadAction","target":["https:\/\/nitu.mx\/index.php\/2021\/08\/25\/fonatur-anuncia-cambios-en-la-ruta-del-tren-maya\/"]}]},{"@type":"ImageObject","inLanguage":"es-MX","@id":"https:\/\/nitu.mx\/index.php\/2021\/08\/25\/fonatur-anuncia-cambios-en-la-ruta-del-tren-maya\/#primaryimage","url":"https:\/\/nitu.mx\/wp-content\/uploads\/2021\/08\/Tren-Maya-cambio-de-ruta.jpeg","contentUrl":"https:\/\/nitu.mx\/wp-content\/uploads\/2021\/08\/Tren-Maya-cambio-de-ruta.jpeg","width":1200,"height":675,"caption":"Tren Maya"},{"@type":"BreadcrumbList","@id":"https:\/\/nitu.mx\/index.php\/2021\/08\/25\/fonatur-anuncia-cambios-en-la-ruta-del-tren-maya\/#breadcrumb","itemListElement":[{"@type":"ListItem","position":1,"name":"Inicio","item":"https:\/\/nitu.mx\/"},{"@type":"ListItem","position":2,"name":"Fonatur anuncia cambios en la ruta del Tren Maya"}]},{"@type":"WebSite","@id":"https:\/\/nitu.mx\/#website","url":"https:\/\/nitu.mx\/","name":"Nitu - Noticias de la Industria Turistica","description":"Noticias de la Industria Turistica","publisher":{"@id":"https:\/\/nitu.mx\/#\/schema\/person\/ae7a53426417292d3dd07b45a33e01bc"},"alternateName":"Noticias de la Industria Turistica","potentialAction":[{"@type":"SearchAction","target":{"@type":"EntryPoint","urlTemplate":"https:\/\/nitu.mx\/?s={search_term_string}"},"query-input":"required name=search_term_string"}],"inLanguage":"es-MX"},{"@type":["Person","Organization"],"@id":"https:\/\/nitu.mx\/#\/schema\/person\/ae7a53426417292d3dd07b45a33e01bc","name":"Arturo Medina","image":{"@type":"ImageObject","inLanguage":"es-MX","@id":"https:\/\/nitu.mx\/#\/schema\/person\/image\/","url":"https:\/\/nitu.mx\/wp-content\/uploads\/2024\/04\/4A315622-1904-4D5C-B022-878CDC840E04-90x90-1.jpeg","contentUrl":"https:\/\/nitu.mx\/wp-content\/uploads\/2024\/04\/4A315622-1904-4D5C-B022-878CDC840E04-90x90-1.jpeg","width":90,"height":90,"caption":"Arturo Medina"},"logo":{"@id":"https:\/\/nitu.mx\/#\/schema\/person\/image\/"},"description":"Director NITU.mx, Egresado de la Escuela de Periodismo Carlos Septi\u00e9n Garc\u00eda. Periodista y analista especializado en turismo desde hace 35 a\u00f1os, radicado en Canc\u00fan Q.Roo. arturo@nitu.mx","sameAs":["https:\/\/nitu.mx","https:\/\/www.facebook.com\/NITUmx\/","medinacancun","https:\/\/twitter.com\/@Arturo_Medina_G"]},{"@type":"Person","@id":"https:\/\/nitu.mx\/#\/schema\/person\/3df3082b5e46037e3f13614d28ee0b77","name":"Guadalupe Sixto","image":{"@type":"ImageObject","inLanguage":"es-MX","@id":"https:\/\/nitu.mx\/#\/schema\/person\/image\/","url":"https:\/\/secure.gravatar.com\/avatar\/13914e1b0e1919e91f9539de4dc584c4?s=96&d=mm&r=g","contentUrl":"https:\/\/secure.gravatar.com\/avatar\/13914e1b0e1919e91f9539de4dc584c4?s=96&d=mm&r=g","caption":"Guadalupe Sixto"},"url":"https:\/\/nitu.mx\/index.php\/author\/gsixto\/"}]}},"views":315,"_links":{"self":[{"href":"https:\/\/nitu.mx\/index.php\/wp-json\/wp\/v2\/posts\/54849"}],"collection":[{"href":"https:\/\/nitu.mx\/index.php\/wp-json\/wp\/v2\/posts"}],"about":[{"href":"https:\/\/nitu.mx\/index.php\/wp-json\/wp\/v2\/types\/post"}],"author":[{"embeddable":true,"href":"https:\/\/nitu.mx\/index.php\/wp-json\/wp\/v2\/users\/18"}],"replies":[{"embeddable":true,"href":"https:\/\/nitu.mx\/index.php\/wp-json\/wp\/v2\/comments?post=54849"}],"version-history":[{"count":3,"href":"https:\/\/nitu.mx\/index.php\/wp-json\/wp\/v2\/posts\/54849\/revisions"}],"predecessor-version":[{"id":54853,"href":"https:\/\/nitu.mx\/index.php\/wp-json\/wp\/v2\/posts\/54849\/revisions\/54853"}],"wp:featuredmedia":[{"embeddable":true,"href":"https:\/\/nitu.mx\/index.php\/wp-json\/wp\/v2\/media\/54852"}],"wp:attachment":[{"href":"https:\/\/nitu.mx\/index.php\/wp-json\/wp\/v2\/media?parent=54849"}],"wp:term":[{"taxonomy":"category","embeddable":true,"href":"https:\/\/nitu.mx\/index.php\/wp-json\/wp\/v2\/categories?post=54849"},{"taxonomy":"post_tag","embeddable":true,"href":"https:\/\/nitu.mx\/index.php\/wp-json\/wp\/v2\/tags?post=54849"}],"curies":[{"name":"wp","href":"https:\/\/api.w.org\/{rel}","templated":true}]}}