{"id":54834,"date":"2021-08-25T00:01:16","date_gmt":"2021-08-25T05:01:16","guid":{"rendered":"https:\/\/www.dev.nitu.mx\/?p=54834"},"modified":"2021-08-25T00:08:17","modified_gmt":"2021-08-25T05:08:17","slug":"inauguran-escuela-de-aviacion-en-la-riviera-maya","status":"publish","type":"post","link":"https:\/\/nitu.mx\/index.php\/2021\/08\/25\/inauguran-escuela-de-aviacion-en-la-riviera-maya\/","title":{"rendered":"Inauguran escuela de aviaci\u00f3n en la Riviera Maya"},"content":{"rendered":"<p>El centro de formaci\u00f3n Sach Aviaci\u00f3n de Chihuahua, se instal\u00f3 en la Riviera Maya, ofertando cuatro de sus carreras con permiso de la Secretar\u00eda de Transporte por parte de la Agencia federal de aviaci\u00f3n civil, con facultad de formar, capacitar T\u00e9cnicos aeron\u00e1utico, proporcionando dichos programas educativos.<\/p>\n<p>En la ceremonia de inauguraci\u00f3n se resalt\u00f3 la inversi\u00f3n realizada en la zona y la oportunidad para los estudiantes, ya que se cuentan con dos simuladores con un valor de 10 millones de d\u00f3lares cada uno, para contar con las horas de vuelo demandadas para ser piloto privado y comercial.<\/p>\n<p>El capit\u00e1n Mart\u00edn Flores Olivera, Director de Operaciones M\u00e9xico de Alliance Aviation, refiri\u00f3 que se adquirir\u00e1n cuatro simuladores de vuelo m\u00e1s de los diferentes tipos de aviones para cubrir las necesidades de las aerol\u00edneas.<\/p>\n<p>Otro de los puntos que desea destacar la escuela, es que estos simuladores se instalaron en la zona para ser una opci\u00f3n para quienes quieran capacitarse en M\u00e9xico a precios competitivos por lo que esperan recibir estudiantes de todo el pa\u00eds, as\u00ed como del extranjero incluyendo pa\u00edses asi\u00e1ticos.<\/p>\n<p>Las carreras que oferta la escuela son: Oficial de operaciones con capacidad RTAR; Sobrecargo de aviaci\u00f3n; Piloto privado y comercial de ala fija y T\u00e9cnico en mantenimiento I y II.<\/p>\n<p>Sach Aviaci\u00f3n, tiene como objetivo generar programas de estudio competitivos en la industria aeron\u00e1utica, busca posicionarse entre las mejores instituciones educativas del pa\u00eds, con el objetivo de que sus estudiantes tengan la preparaci\u00f3n eficiente frente a la competencia global; \u201cformando mejores pilotos, t\u00e9cnicos y oficiales de operaciones afrontar el mercado laboral y profesional\u201d, resaltaron.<\/p>\n<p>Para julio de 2020, la empresa formaliz\u00f3 un equipo de 18 instructores calificados para impartir teor\u00eda aeron\u00e1utica y cinco instructores de vuelo de la Agencia Federal de Aviaci\u00f3n Civil. (AFAC), as\u00ed como su personal administrativo para apoyar a los estudiantes con todo lo relacionado a los tr\u00e1mites de licencias, ex\u00e1menes m\u00e9dicos y revalidaciones.<\/p>\n<p>Actualmente Sach Aviaci\u00f3n incentiva que una vez egresado del curso, sus alumnos puedan efectuar vuelos. Adem\u00e1s de que, afirm\u00f3, oferta planes de pago adaptados a la econom\u00eda de los estudiantes.<br \/>\n<img decoding=\"async\" loading=\"lazy\" class=\"size-medium wp-image-54839 aligncenter\" src=\"https:\/\/www.dev.nitu.mx\/wp-content\/uploads\/2021\/08\/SIMULADOR3-300x200.jpg\" alt=\"\" width=\"300\" height=\"200\" srcset=\"https:\/\/nitu.mx\/wp-content\/uploads\/2021\/08\/SIMULADOR3-300x200.jpg 300w, https:\/\/nitu.mx\/wp-content\/uploads\/2021\/08\/SIMULADOR3-768x512.jpg 768w, https:\/\/nitu.mx\/wp-content\/uploads\/2021\/08\/SIMULADOR3-1024x683.jpg 1024w\" sizes=\"(max-width: 300px) 100vw, 300px\" \/><br \/>\n<img decoding=\"async\" loading=\"lazy\" class=\"size-medium wp-image-54836 aligncenter\" src=\"https:\/\/www.dev.nitu.mx\/wp-content\/uploads\/2021\/08\/SACH-300x200.jpg\" alt=\"\" width=\"300\" height=\"200\" srcset=\"https:\/\/nitu.mx\/wp-content\/uploads\/2021\/08\/SACH-300x200.jpg 300w, https:\/\/nitu.mx\/wp-content\/uploads\/2021\/08\/SACH-768x512.jpg 768w, https:\/\/nitu.mx\/wp-content\/uploads\/2021\/08\/SACH.jpg 1024w\" sizes=\"(max-width: 300px) 100vw, 300px\" \/><\/p>\n","protected":false},"excerpt":{"rendered":"<p>El centro de formaci\u00f3n Sach Aviaci\u00f3n de Chihuahua, se instal\u00f3 en la Riviera Maya, ofertando cuatro de sus carreras con permiso de la Secretar\u00eda de Transporte por parte de la Agencia federal de aviaci\u00f3n civil, con facultad de formar, capacitar T\u00e9cnicos aeron\u00e1utico, proporcionando dichos programas educativos. En la ceremonia de inauguraci\u00f3n se resalt\u00f3 la inversi\u00f3n [&hellip;]<\/p>\n","protected":false},"author":3,"featured_media":54838,"comment_status":"open","ping_status":"open","sticky":false,"template":"","format":"standard","meta":{"footnotes":""},"categories":[29,18475],"tags":[22713,22712,80,22711],"yoast_head":"<!-- This site is optimized with the Yoast SEO plugin v22.2 - https:\/\/yoast.com\/wordpress\/plugins\/seo\/ -->\n<title>Inauguran escuela de aviaci\u00f3n en la Riviera Maya - Nitu - Noticias de la Industria Turistica<\/title>\n<meta name=\"robots\" content=\"index, follow, max-snippet:-1, max-image-preview:large, max-video-preview:-1\" \/>\n<link rel=\"canonical\" href=\"https:\/\/nitu.mx\/index.php\/2021\/08\/25\/inauguran-escuela-de-aviacion-en-la-riviera-maya\/\" \/>\n<meta name=\"twitter:card\" content=\"summary_large_image\" \/>\n<meta name=\"twitter:title\" content=\"Inauguran escuela de aviaci\u00f3n en la Riviera Maya - Nitu - Noticias de la Industria Turistica\" \/>\n<meta name=\"twitter:description\" content=\"El centro de formaci\u00f3n Sach Aviaci\u00f3n de Chihuahua, se instal\u00f3 en la Riviera Maya, ofertando cuatro de sus carreras con permiso de la Secretar\u00eda de Transporte por parte de la Agencia federal de aviaci\u00f3n civil, con facultad de formar, capacitar T\u00e9cnicos aeron\u00e1utico, proporcionando dichos programas educativos. En la ceremonia de inauguraci\u00f3n se resalt\u00f3 la inversi\u00f3n [&hellip;]\" \/>\n<meta name=\"twitter:image\" content=\"https:\/\/nitu.mx\/wp-content\/uploads\/2021\/08\/simulador2.jpg\" \/>\n<meta name=\"twitter:creator\" content=\"@NITUmx\" \/>\n<meta name=\"twitter:site\" content=\"@Arturo_Medina_G\" \/>\n<meta name=\"twitter:label1\" content=\"Escrito por\" \/>\n\t<meta name=\"twitter:data1\" content=\"Alejandra Moncisbays\" \/>\n\t<meta name=\"twitter:label2\" content=\"Tiempo de lectura\" \/>\n\t<meta name=\"twitter:data2\" content=\"2 minutos\" \/>\n<script type=\"application\/ld+json\" class=\"yoast-schema-graph\">{\"@context\":\"https:\/\/schema.org\",\"@graph\":[{\"@type\":\"Article\",\"@id\":\"https:\/\/nitu.mx\/index.php\/2021\/08\/25\/inauguran-escuela-de-aviacion-en-la-riviera-maya\/#article\",\"isPartOf\":{\"@id\":\"https:\/\/nitu.mx\/index.php\/2021\/08\/25\/inauguran-escuela-de-aviacion-en-la-riviera-maya\/\"},\"author\":{\"name\":\"Alejandra Moncisbays\",\"@id\":\"https:\/\/nitu.mx\/#\/schema\/person\/2ecd887b19dfd3382d1f14fc5acf24a8\"},\"headline\":\"Inauguran escuela de aviaci\u00f3n en la Riviera Maya\",\"datePublished\":\"2021-08-25T05:01:16+00:00\",\"dateModified\":\"2021-08-25T05:08:17+00:00\",\"mainEntityOfPage\":{\"@id\":\"https:\/\/nitu.mx\/index.php\/2021\/08\/25\/inauguran-escuela-de-aviacion-en-la-riviera-maya\/\"},\"wordCount\":387,\"commentCount\":0,\"publisher\":{\"@id\":\"https:\/\/nitu.mx\/#\/schema\/person\/ae7a53426417292d3dd07b45a33e01bc\"},\"image\":{\"@id\":\"https:\/\/nitu.mx\/index.php\/2021\/08\/25\/inauguran-escuela-de-aviacion-en-la-riviera-maya\/#primaryimage\"},\"thumbnailUrl\":\"https:\/\/nitu.mx\/wp-content\/uploads\/2021\/08\/simulador2.jpg\",\"keywords\":[\"Alliance Aviation\",\"capit\u00e1n Mart\u00edn Flores Olivera\",\"Riviera Maya\",\"Sach Aviaci\u00f3n Chihuahua\"],\"articleSection\":[\"Aerol\u00edneas\",\"Caribe Mexicano\"],\"inLanguage\":\"es-MX\",\"potentialAction\":[{\"@type\":\"CommentAction\",\"name\":\"Comment\",\"target\":[\"https:\/\/nitu.mx\/index.php\/2021\/08\/25\/inauguran-escuela-de-aviacion-en-la-riviera-maya\/#respond\"]}]},{\"@type\":\"WebPage\",\"@id\":\"https:\/\/nitu.mx\/index.php\/2021\/08\/25\/inauguran-escuela-de-aviacion-en-la-riviera-maya\/\",\"url\":\"https:\/\/nitu.mx\/index.php\/2021\/08\/25\/inauguran-escuela-de-aviacion-en-la-riviera-maya\/\",\"name\":\"Inauguran escuela de aviaci\u00f3n en la Riviera Maya - Nitu - Noticias de la Industria Turistica\",\"isPartOf\":{\"@id\":\"https:\/\/nitu.mx\/#website\"},\"primaryImageOfPage\":{\"@id\":\"https:\/\/nitu.mx\/index.php\/2021\/08\/25\/inauguran-escuela-de-aviacion-en-la-riviera-maya\/#primaryimage\"},\"image\":{\"@id\":\"https:\/\/nitu.mx\/index.php\/2021\/08\/25\/inauguran-escuela-de-aviacion-en-la-riviera-maya\/#primaryimage\"},\"thumbnailUrl\":\"https:\/\/nitu.mx\/wp-content\/uploads\/2021\/08\/simulador2.jpg\",\"datePublished\":\"2021-08-25T05:01:16+00:00\",\"dateModified\":\"2021-08-25T05:08:17+00:00\",\"breadcrumb\":{\"@id\":\"https:\/\/nitu.mx\/index.php\/2021\/08\/25\/inauguran-escuela-de-aviacion-en-la-riviera-maya\/#breadcrumb\"},\"inLanguage\":\"es-MX\",\"potentialAction\":[{\"@type\":\"ReadAction\",\"target\":[\"https:\/\/nitu.mx\/index.php\/2021\/08\/25\/inauguran-escuela-de-aviacion-en-la-riviera-maya\/\"]}]},{\"@type\":\"ImageObject\",\"inLanguage\":\"es-MX\",\"@id\":\"https:\/\/nitu.mx\/index.php\/2021\/08\/25\/inauguran-escuela-de-aviacion-en-la-riviera-maya\/#primaryimage\",\"url\":\"https:\/\/nitu.mx\/wp-content\/uploads\/2021\/08\/simulador2.jpg\",\"contentUrl\":\"https:\/\/nitu.mx\/wp-content\/uploads\/2021\/08\/simulador2.jpg\",\"width\":6240,\"height\":4160},{\"@type\":\"BreadcrumbList\",\"@id\":\"https:\/\/nitu.mx\/index.php\/2021\/08\/25\/inauguran-escuela-de-aviacion-en-la-riviera-maya\/#breadcrumb\",\"itemListElement\":[{\"@type\":\"ListItem\",\"position\":1,\"name\":\"Inicio\",\"item\":\"https:\/\/nitu.mx\/\"},{\"@type\":\"ListItem\",\"position\":2,\"name\":\"Inauguran escuela de aviaci\u00f3n en la Riviera Maya\"}]},{\"@type\":\"WebSite\",\"@id\":\"https:\/\/nitu.mx\/#website\",\"url\":\"https:\/\/nitu.mx\/\",\"name\":\"Nitu - Noticias de la Industria Turistica\",\"description\":\"Noticias de la Industria Turistica\",\"publisher\":{\"@id\":\"https:\/\/nitu.mx\/#\/schema\/person\/ae7a53426417292d3dd07b45a33e01bc\"},\"alternateName\":\"Noticias de la Industria Turistica\",\"potentialAction\":[{\"@type\":\"SearchAction\",\"target\":{\"@type\":\"EntryPoint\",\"urlTemplate\":\"https:\/\/nitu.mx\/?s={search_term_string}\"},\"query-input\":\"required name=search_term_string\"}],\"inLanguage\":\"es-MX\"},{\"@type\":[\"Person\",\"Organization\"],\"@id\":\"https:\/\/nitu.mx\/#\/schema\/person\/ae7a53426417292d3dd07b45a33e01bc\",\"name\":\"Arturo Medina\",\"image\":{\"@type\":\"ImageObject\",\"inLanguage\":\"es-MX\",\"@id\":\"https:\/\/nitu.mx\/#\/schema\/person\/image\/\",\"url\":\"https:\/\/nitu.mx\/wp-content\/uploads\/2024\/04\/4A315622-1904-4D5C-B022-878CDC840E04-90x90-1.jpeg\",\"contentUrl\":\"https:\/\/nitu.mx\/wp-content\/uploads\/2024\/04\/4A315622-1904-4D5C-B022-878CDC840E04-90x90-1.jpeg\",\"width\":90,\"height\":90,\"caption\":\"Arturo Medina\"},\"logo\":{\"@id\":\"https:\/\/nitu.mx\/#\/schema\/person\/image\/\"},\"description\":\"Director NITU.mx, Egresado de la Escuela de Periodismo Carlos Septi\u00e9n Garc\u00eda. Periodista y analista especializado en turismo desde hace 35 a\u00f1os, radicado en Canc\u00fan Q.Roo. arturo@nitu.mx\",\"sameAs\":[\"https:\/\/nitu.mx\",\"https:\/\/www.facebook.com\/NITUmx\/\",\"medinacancun\",\"https:\/\/twitter.com\/@Arturo_Medina_G\"]},{\"@type\":\"Person\",\"@id\":\"https:\/\/nitu.mx\/#\/schema\/person\/2ecd887b19dfd3382d1f14fc5acf24a8\",\"name\":\"Alejandra Moncisbays\",\"image\":{\"@type\":\"ImageObject\",\"inLanguage\":\"es-MX\",\"@id\":\"https:\/\/nitu.mx\/#\/schema\/person\/image\/\",\"url\":\"https:\/\/secure.gravatar.com\/avatar\/e74f7af0be172b7804dacfd0bfbef787?s=96&d=mm&r=g\",\"contentUrl\":\"https:\/\/secure.gravatar.com\/avatar\/e74f7af0be172b7804dacfd0bfbef787?s=96&d=mm&r=g\",\"caption\":\"Alejandra Moncisbays\"},\"description\":\"Curs\u00e9 la carrera de Periodismo y Comunicaci\u00f3n en la Facultad de Estudios Profesionales Acatl\u00e1n. Vivo en Canc\u00fan desde hace 24 a\u00f1os. Fui reportera de La Tarde de Canc\u00fan, y Novedades de Quintana Roo, colabor\u00e9 en TVCUN, edit\u00e9 Cancun\u00edssimo y colabor\u00e9 en las revistas Latitud21, entre otras, con principal enfoque en los sectores empresarial y tur\u00edstico. Desde hace varios a\u00f1os soy Agente de Seguros con c\u00e9dula de la Comisi\u00f3n Nacional de Seguros y Fianzas. Actualmente, me desarrollo en los \u00e1mbitos del periodismo y el sector asegurador.\",\"sameAs\":[\"https:\/\/nitu.mx\"],\"url\":\"https:\/\/nitu.mx\/index.php\/author\/alejandra\/\"}]}<\/script>\n<!-- \/ Yoast SEO plugin. -->","yoast_head_json":{"title":"Inauguran escuela de aviaci\u00f3n en la Riviera Maya - Nitu - Noticias de la Industria Turistica","robots":{"index":"index","follow":"follow","max-snippet":"max-snippet:-1","max-image-preview":"max-image-preview:large","max-video-preview":"max-video-preview:-1"},"canonical":"https:\/\/nitu.mx\/index.php\/2021\/08\/25\/inauguran-escuela-de-aviacion-en-la-riviera-maya\/","twitter_card":"summary_large_image","twitter_title":"Inauguran escuela de aviaci\u00f3n en la Riviera Maya - Nitu - Noticias de la Industria Turistica","twitter_description":"El centro de formaci\u00f3n Sach Aviaci\u00f3n de Chihuahua, se instal\u00f3 en la Riviera Maya, ofertando cuatro de sus carreras con permiso de la Secretar\u00eda de Transporte por parte de la Agencia federal de aviaci\u00f3n civil, con facultad de formar, capacitar T\u00e9cnicos aeron\u00e1utico, proporcionando dichos programas educativos. En la ceremonia de inauguraci\u00f3n se resalt\u00f3 la inversi\u00f3n [&hellip;]","twitter_image":"https:\/\/nitu.mx\/wp-content\/uploads\/2021\/08\/simulador2.jpg","twitter_creator":"@NITUmx","twitter_site":"@Arturo_Medina_G","twitter_misc":{"Escrito por":"Alejandra Moncisbays","Tiempo de lectura":"2 minutos"},"schema":{"@context":"https:\/\/schema.org","@graph":[{"@type":"Article","@id":"https:\/\/nitu.mx\/index.php\/2021\/08\/25\/inauguran-escuela-de-aviacion-en-la-riviera-maya\/#article","isPartOf":{"@id":"https:\/\/nitu.mx\/index.php\/2021\/08\/25\/inauguran-escuela-de-aviacion-en-la-riviera-maya\/"},"author":{"name":"Alejandra Moncisbays","@id":"https:\/\/nitu.mx\/#\/schema\/person\/2ecd887b19dfd3382d1f14fc5acf24a8"},"headline":"Inauguran escuela de aviaci\u00f3n en la Riviera Maya","datePublished":"2021-08-25T05:01:16+00:00","dateModified":"2021-08-25T05:08:17+00:00","mainEntityOfPage":{"@id":"https:\/\/nitu.mx\/index.php\/2021\/08\/25\/inauguran-escuela-de-aviacion-en-la-riviera-maya\/"},"wordCount":387,"commentCount":0,"publisher":{"@id":"https:\/\/nitu.mx\/#\/schema\/person\/ae7a53426417292d3dd07b45a33e01bc"},"image":{"@id":"https:\/\/nitu.mx\/index.php\/2021\/08\/25\/inauguran-escuela-de-aviacion-en-la-riviera-maya\/#primaryimage"},"thumbnailUrl":"https:\/\/nitu.mx\/wp-content\/uploads\/2021\/08\/simulador2.jpg","keywords":["Alliance Aviation","capit\u00e1n Mart\u00edn Flores Olivera","Riviera Maya","Sach Aviaci\u00f3n Chihuahua"],"articleSection":["Aerol\u00edneas","Caribe Mexicano"],"inLanguage":"es-MX","potentialAction":[{"@type":"CommentAction","name":"Comment","target":["https:\/\/nitu.mx\/index.php\/2021\/08\/25\/inauguran-escuela-de-aviacion-en-la-riviera-maya\/#respond"]}]},{"@type":"WebPage","@id":"https:\/\/nitu.mx\/index.php\/2021\/08\/25\/inauguran-escuela-de-aviacion-en-la-riviera-maya\/","url":"https:\/\/nitu.mx\/index.php\/2021\/08\/25\/inauguran-escuela-de-aviacion-en-la-riviera-maya\/","name":"Inauguran escuela de aviaci\u00f3n en la Riviera Maya - Nitu - Noticias de la Industria Turistica","isPartOf":{"@id":"https:\/\/nitu.mx\/#website"},"primaryImageOfPage":{"@id":"https:\/\/nitu.mx\/index.php\/2021\/08\/25\/inauguran-escuela-de-aviacion-en-la-riviera-maya\/#primaryimage"},"image":{"@id":"https:\/\/nitu.mx\/index.php\/2021\/08\/25\/inauguran-escuela-de-aviacion-en-la-riviera-maya\/#primaryimage"},"thumbnailUrl":"https:\/\/nitu.mx\/wp-content\/uploads\/2021\/08\/simulador2.jpg","datePublished":"2021-08-25T05:01:16+00:00","dateModified":"2021-08-25T05:08:17+00:00","breadcrumb":{"@id":"https:\/\/nitu.mx\/index.php\/2021\/08\/25\/inauguran-escuela-de-aviacion-en-la-riviera-maya\/#breadcrumb"},"inLanguage":"es-MX","potentialAction":[{"@type":"ReadAction","target":["https:\/\/nitu.mx\/index.php\/2021\/08\/25\/inauguran-escuela-de-aviacion-en-la-riviera-maya\/"]}]},{"@type":"ImageObject","inLanguage":"es-MX","@id":"https:\/\/nitu.mx\/index.php\/2021\/08\/25\/inauguran-escuela-de-aviacion-en-la-riviera-maya\/#primaryimage","url":"https:\/\/nitu.mx\/wp-content\/uploads\/2021\/08\/simulador2.jpg","contentUrl":"https:\/\/nitu.mx\/wp-content\/uploads\/2021\/08\/simulador2.jpg","width":6240,"height":4160},{"@type":"BreadcrumbList","@id":"https:\/\/nitu.mx\/index.php\/2021\/08\/25\/inauguran-escuela-de-aviacion-en-la-riviera-maya\/#breadcrumb","itemListElement":[{"@type":"ListItem","position":1,"name":"Inicio","item":"https:\/\/nitu.mx\/"},{"@type":"ListItem","position":2,"name":"Inauguran escuela de aviaci\u00f3n en la Riviera Maya"}]},{"@type":"WebSite","@id":"https:\/\/nitu.mx\/#website","url":"https:\/\/nitu.mx\/","name":"Nitu - Noticias de la Industria Turistica","description":"Noticias de la Industria Turistica","publisher":{"@id":"https:\/\/nitu.mx\/#\/schema\/person\/ae7a53426417292d3dd07b45a33e01bc"},"alternateName":"Noticias de la Industria Turistica","potentialAction":[{"@type":"SearchAction","target":{"@type":"EntryPoint","urlTemplate":"https:\/\/nitu.mx\/?s={search_term_string}"},"query-input":"required name=search_term_string"}],"inLanguage":"es-MX"},{"@type":["Person","Organization"],"@id":"https:\/\/nitu.mx\/#\/schema\/person\/ae7a53426417292d3dd07b45a33e01bc","name":"Arturo Medina","image":{"@type":"ImageObject","inLanguage":"es-MX","@id":"https:\/\/nitu.mx\/#\/schema\/person\/image\/","url":"https:\/\/nitu.mx\/wp-content\/uploads\/2024\/04\/4A315622-1904-4D5C-B022-878CDC840E04-90x90-1.jpeg","contentUrl":"https:\/\/nitu.mx\/wp-content\/uploads\/2024\/04\/4A315622-1904-4D5C-B022-878CDC840E04-90x90-1.jpeg","width":90,"height":90,"caption":"Arturo Medina"},"logo":{"@id":"https:\/\/nitu.mx\/#\/schema\/person\/image\/"},"description":"Director NITU.mx, Egresado de la Escuela de Periodismo Carlos Septi\u00e9n Garc\u00eda. Periodista y analista especializado en turismo desde hace 35 a\u00f1os, radicado en Canc\u00fan Q.Roo. arturo@nitu.mx","sameAs":["https:\/\/nitu.mx","https:\/\/www.facebook.com\/NITUmx\/","medinacancun","https:\/\/twitter.com\/@Arturo_Medina_G"]},{"@type":"Person","@id":"https:\/\/nitu.mx\/#\/schema\/person\/2ecd887b19dfd3382d1f14fc5acf24a8","name":"Alejandra Moncisbays","image":{"@type":"ImageObject","inLanguage":"es-MX","@id":"https:\/\/nitu.mx\/#\/schema\/person\/image\/","url":"https:\/\/secure.gravatar.com\/avatar\/e74f7af0be172b7804dacfd0bfbef787?s=96&d=mm&r=g","contentUrl":"https:\/\/secure.gravatar.com\/avatar\/e74f7af0be172b7804dacfd0bfbef787?s=96&d=mm&r=g","caption":"Alejandra Moncisbays"},"description":"Curs\u00e9 la carrera de Periodismo y Comunicaci\u00f3n en la Facultad de Estudios Profesionales Acatl\u00e1n. Vivo en Canc\u00fan desde hace 24 a\u00f1os. Fui reportera de La Tarde de Canc\u00fan, y Novedades de Quintana Roo, colabor\u00e9 en TVCUN, edit\u00e9 Cancun\u00edssimo y colabor\u00e9 en las revistas Latitud21, entre otras, con principal enfoque en los sectores empresarial y tur\u00edstico. Desde hace varios a\u00f1os soy Agente de Seguros con c\u00e9dula de la Comisi\u00f3n Nacional de Seguros y Fianzas. Actualmente, me desarrollo en los \u00e1mbitos del periodismo y el sector asegurador.","sameAs":["https:\/\/nitu.mx"],"url":"https:\/\/nitu.mx\/index.php\/author\/alejandra\/"}]}},"views":1168,"_links":{"self":[{"href":"https:\/\/nitu.mx\/index.php\/wp-json\/wp\/v2\/posts\/54834"}],"collection":[{"href":"https:\/\/nitu.mx\/index.php\/wp-json\/wp\/v2\/posts"}],"about":[{"href":"https:\/\/nitu.mx\/index.php\/wp-json\/wp\/v2\/types\/post"}],"author":[{"embeddable":true,"href":"https:\/\/nitu.mx\/index.php\/wp-json\/wp\/v2\/users\/3"}],"replies":[{"embeddable":true,"href":"https:\/\/nitu.mx\/index.php\/wp-json\/wp\/v2\/comments?post=54834"}],"version-history":[{"count":3,"href":"https:\/\/nitu.mx\/index.php\/wp-json\/wp\/v2\/posts\/54834\/revisions"}],"predecessor-version":[{"id":54843,"href":"https:\/\/nitu.mx\/index.php\/wp-json\/wp\/v2\/posts\/54834\/revisions\/54843"}],"wp:featuredmedia":[{"embeddable":true,"href":"https:\/\/nitu.mx\/index.php\/wp-json\/wp\/v2\/media\/54838"}],"wp:attachment":[{"href":"https:\/\/nitu.mx\/index.php\/wp-json\/wp\/v2\/media?parent=54834"}],"wp:term":[{"taxonomy":"category","embeddable":true,"href":"https:\/\/nitu.mx\/index.php\/wp-json\/wp\/v2\/categories?post=54834"},{"taxonomy":"post_tag","embeddable":true,"href":"https:\/\/nitu.mx\/index.php\/wp-json\/wp\/v2\/tags?post=54834"}],"curies":[{"name":"wp","href":"https:\/\/api.w.org\/{rel}","templated":true}]}}