{"id":54601,"date":"2021-08-16T11:48:25","date_gmt":"2021-08-16T16:48:25","guid":{"rendered":"https:\/\/www.dev.nitu.mx\/?p=54601"},"modified":"2021-08-16T11:49:13","modified_gmt":"2021-08-16T16:49:13","slug":"aeromexico-anuncia-ruta-directa-cancun-a-sao-paulo","status":"publish","type":"post","link":"https:\/\/nitu.mx\/index.php\/2021\/08\/16\/aeromexico-anuncia-ruta-directa-cancun-a-sao-paulo\/","title":{"rendered":"Aerom\u00e9xico anuncia ruta directa Canc\u00fan a Sao Paulo"},"content":{"rendered":"<p>Aerom\u00e9xico anunci\u00f3 que operar\u00e1 una ruta directa entre Canc\u00fan y Sao Paulo, Brasil durante la temporada invernal, del 15 de diciembre de 2021 al 17 de abril de 2022.<\/p>\n<p>La ruta ser\u00e1 operada en aviones Boeing 787 Dreamliner con tres frecuencias semanales. Con esta ruta, Aerom\u00e9xico incrementa 43 por ciento su oferta de asientos al mes entre M\u00e9xico y Brasil.<\/p>\n<p>El gobernador de Quintana Roo, Carlos Joaqu\u00edn Gonz\u00e1lez, coment\u00f3 que \u201cpara el Caribe Mexicano este vuelo representa el aumento no s\u00f3lo de la conectividad a\u00e9rea internacional, sino tambi\u00e9n del crecimiento de uno de nuestros mercados estrat\u00e9gicos: Brasil\u201d.<\/p>\n<p>El mandatario estatal a\u00f1adi\u00f3 que \u201cLa llegada de esta ruta permitir\u00e1 acortar distancia con Am\u00e9rica del Sur, fortaleciendo la reactivaci\u00f3n tur\u00edstica en la que hemos trabajado de manera gradual y ordenada\u201d.<\/p>\n<p>Por su parte, Giancarlo Mulinelli, vicepresidente senior de Ventas Globales de Aerom\u00e9xico, destac\u00f3 que \u201cCanc\u00fan es uno de los destinos de playa m\u00e1s importantes de M\u00e9xico y con mayor afluencia tur\u00edstica. Nos enorgullece anunciar un vuelo directo entre este destino y Sao Paulo, Brasil ofreciendo a nuestros clientes m\u00e1s y mejores opciones de conectividad\u201d.<\/p>\n<p>\u201cEstamos seguros de que este nuevo vuelo ser\u00e1 un motor de intercambio econ\u00f3mico y tur\u00edstico entre ambos pa\u00edses\u201d, agreg\u00f3 Mulinelli.<\/p>\n<p>En tanto, el CEO del Grupo Aeroportuario del Sureste, Adolfo Castro Rivas, apunt\u00f3: \u201cEn ASUR estamos de pl\u00e1cemes ante el inicio de la ruta S\u00e3o Paulo-Canc\u00fan. Es una ruta que hemos buscado concretar desde hace tiempo de la mano de Aerom\u00e9xico\u201d.<\/p>\n<p>\u201cSin duda ser\u00e1 un \u00e9xito unir una ciudad cosmopolita y un destino de clase mundial con el producto a\u00e9reo id\u00f3neo, Aerom\u00e9xico. \u00a1Enhorabuena!\u201d, afirm\u00f3 Castro.<\/p>\n<p>La ruta internacional Canc\u00fan a Sao Paulo, se suma a las dos que anunci\u00f3 Aerom\u00e9xico la semana pasada desde Guadalajara y Monterrey hacia Madrid.\u00a0<a title=\"Aerom\u00e9xico anuncia ruta internacional desde Monterrey a Madrid\" href=\"https:\/\/www.dev.nitu.mx\/index.php\/2021\/08\/11\/aeromexico-anuncia-ruta-internacional-desde-monterrey-a-madrid\/\" rel=\"bookmark\">(Aerom\u00e9xico anuncia ruta internacional desde Monterrey a Madrid<\/a>)<\/p>\n","protected":false},"excerpt":{"rendered":"<p>Aerom\u00e9xico anunci\u00f3 que operar\u00e1 una ruta directa entre Canc\u00fan y Sao Paulo, Brasil durante la temporada invernal, del 15 de diciembre de 2021 al 17 de abril de 2022. La ruta ser\u00e1 operada en aviones Boeing 787 Dreamliner con tres frecuencias semanales. Con esta ruta, Aerom\u00e9xico incrementa 43 por ciento su oferta de asientos al [&hellip;]<\/p>\n","protected":false},"author":18,"featured_media":46863,"comment_status":"open","ping_status":"open","sticky":false,"template":"","format":"standard","meta":{"footnotes":""},"categories":[29],"tags":[30,43,261,4049,365],"yoast_head":"<!-- This site is optimized with the Yoast SEO plugin v22.2 - https:\/\/yoast.com\/wordpress\/plugins\/seo\/ -->\n<title>Aerom\u00e9xico anuncia ruta directa Canc\u00fan a Sao Paulo - Nitu - Noticias de la Industria Turistica<\/title>\n<meta name=\"robots\" content=\"index, follow, max-snippet:-1, max-image-preview:large, max-video-preview:-1\" \/>\n<link rel=\"canonical\" href=\"https:\/\/nitu.mx\/index.php\/2021\/08\/16\/aeromexico-anuncia-ruta-directa-cancun-a-sao-paulo\/\" \/>\n<meta name=\"twitter:card\" content=\"summary_large_image\" \/>\n<meta name=\"twitter:title\" content=\"Aerom\u00e9xico anuncia ruta directa Canc\u00fan a Sao Paulo - Nitu - Noticias de la Industria Turistica\" \/>\n<meta name=\"twitter:description\" content=\"Aerom\u00e9xico anunci\u00f3 que operar\u00e1 una ruta directa entre Canc\u00fan y Sao Paulo, Brasil durante la temporada invernal, del 15 de diciembre de 2021 al 17 de abril de 2022. La ruta ser\u00e1 operada en aviones Boeing 787 Dreamliner con tres frecuencias semanales. Con esta ruta, Aerom\u00e9xico incrementa 43 por ciento su oferta de asientos al [&hellip;]\" \/>\n<meta name=\"twitter:image\" content=\"https:\/\/nitu.mx\/wp-content\/uploads\/2020\/10\/Aeromexico-Cancun-Tijuana.jpg\" \/>\n<meta name=\"twitter:creator\" content=\"@NITUmx\" \/>\n<meta name=\"twitter:site\" content=\"@Arturo_Medina_G\" \/>\n<meta name=\"twitter:label1\" content=\"Escrito por\" \/>\n\t<meta name=\"twitter:data1\" content=\"Guadalupe Sixto\" \/>\n\t<meta name=\"twitter:label2\" content=\"Tiempo de lectura\" \/>\n\t<meta name=\"twitter:data2\" content=\"2 minutos\" \/>\n<script type=\"application\/ld+json\" class=\"yoast-schema-graph\">{\"@context\":\"https:\/\/schema.org\",\"@graph\":[{\"@type\":\"Article\",\"@id\":\"https:\/\/nitu.mx\/index.php\/2021\/08\/16\/aeromexico-anuncia-ruta-directa-cancun-a-sao-paulo\/#article\",\"isPartOf\":{\"@id\":\"https:\/\/nitu.mx\/index.php\/2021\/08\/16\/aeromexico-anuncia-ruta-directa-cancun-a-sao-paulo\/\"},\"author\":{\"name\":\"Guadalupe Sixto\",\"@id\":\"https:\/\/nitu.mx\/#\/schema\/person\/3df3082b5e46037e3f13614d28ee0b77\"},\"headline\":\"Aerom\u00e9xico anuncia ruta directa Canc\u00fan a Sao Paulo\",\"datePublished\":\"2021-08-16T16:48:25+00:00\",\"dateModified\":\"2021-08-16T16:49:13+00:00\",\"mainEntityOfPage\":{\"@id\":\"https:\/\/nitu.mx\/index.php\/2021\/08\/16\/aeromexico-anuncia-ruta-directa-cancun-a-sao-paulo\/\"},\"wordCount\":336,\"commentCount\":0,\"publisher\":{\"@id\":\"https:\/\/nitu.mx\/#\/schema\/person\/ae7a53426417292d3dd07b45a33e01bc\"},\"image\":{\"@id\":\"https:\/\/nitu.mx\/index.php\/2021\/08\/16\/aeromexico-anuncia-ruta-directa-cancun-a-sao-paulo\/#primaryimage\"},\"thumbnailUrl\":\"https:\/\/nitu.mx\/wp-content\/uploads\/2020\/10\/Aeromexico-Cancun-Tijuana.jpg\",\"keywords\":[\"Aerom\u00e9xico\",\"Canc\u00fan\",\"Carlos Joaqu\u00edn Gonz\u00e1lez\",\"Giancarlo Mulinelli\",\"Sao Paulo\"],\"articleSection\":[\"Aerol\u00edneas\"],\"inLanguage\":\"es-MX\",\"potentialAction\":[{\"@type\":\"CommentAction\",\"name\":\"Comment\",\"target\":[\"https:\/\/nitu.mx\/index.php\/2021\/08\/16\/aeromexico-anuncia-ruta-directa-cancun-a-sao-paulo\/#respond\"]}]},{\"@type\":\"WebPage\",\"@id\":\"https:\/\/nitu.mx\/index.php\/2021\/08\/16\/aeromexico-anuncia-ruta-directa-cancun-a-sao-paulo\/\",\"url\":\"https:\/\/nitu.mx\/index.php\/2021\/08\/16\/aeromexico-anuncia-ruta-directa-cancun-a-sao-paulo\/\",\"name\":\"Aerom\u00e9xico anuncia ruta directa Canc\u00fan a Sao Paulo - Nitu - Noticias de la Industria Turistica\",\"isPartOf\":{\"@id\":\"https:\/\/nitu.mx\/#website\"},\"primaryImageOfPage\":{\"@id\":\"https:\/\/nitu.mx\/index.php\/2021\/08\/16\/aeromexico-anuncia-ruta-directa-cancun-a-sao-paulo\/#primaryimage\"},\"image\":{\"@id\":\"https:\/\/nitu.mx\/index.php\/2021\/08\/16\/aeromexico-anuncia-ruta-directa-cancun-a-sao-paulo\/#primaryimage\"},\"thumbnailUrl\":\"https:\/\/nitu.mx\/wp-content\/uploads\/2020\/10\/Aeromexico-Cancun-Tijuana.jpg\",\"datePublished\":\"2021-08-16T16:48:25+00:00\",\"dateModified\":\"2021-08-16T16:49:13+00:00\",\"breadcrumb\":{\"@id\":\"https:\/\/nitu.mx\/index.php\/2021\/08\/16\/aeromexico-anuncia-ruta-directa-cancun-a-sao-paulo\/#breadcrumb\"},\"inLanguage\":\"es-MX\",\"potentialAction\":[{\"@type\":\"ReadAction\",\"target\":[\"https:\/\/nitu.mx\/index.php\/2021\/08\/16\/aeromexico-anuncia-ruta-directa-cancun-a-sao-paulo\/\"]}]},{\"@type\":\"ImageObject\",\"inLanguage\":\"es-MX\",\"@id\":\"https:\/\/nitu.mx\/index.php\/2021\/08\/16\/aeromexico-anuncia-ruta-directa-cancun-a-sao-paulo\/#primaryimage\",\"url\":\"https:\/\/nitu.mx\/wp-content\/uploads\/2020\/10\/Aeromexico-Cancun-Tijuana.jpg\",\"contentUrl\":\"https:\/\/nitu.mx\/wp-content\/uploads\/2020\/10\/Aeromexico-Cancun-Tijuana.jpg\",\"width\":1200,\"height\":675,\"caption\":\"Aerom\u00e9xico\"},{\"@type\":\"BreadcrumbList\",\"@id\":\"https:\/\/nitu.mx\/index.php\/2021\/08\/16\/aeromexico-anuncia-ruta-directa-cancun-a-sao-paulo\/#breadcrumb\",\"itemListElement\":[{\"@type\":\"ListItem\",\"position\":1,\"name\":\"Inicio\",\"item\":\"https:\/\/nitu.mx\/\"},{\"@type\":\"ListItem\",\"position\":2,\"name\":\"Aerom\u00e9xico anuncia ruta directa Canc\u00fan a Sao Paulo\"}]},{\"@type\":\"WebSite\",\"@id\":\"https:\/\/nitu.mx\/#website\",\"url\":\"https:\/\/nitu.mx\/\",\"name\":\"Nitu - Noticias de la Industria Turistica\",\"description\":\"Noticias de la Industria Turistica\",\"publisher\":{\"@id\":\"https:\/\/nitu.mx\/#\/schema\/person\/ae7a53426417292d3dd07b45a33e01bc\"},\"alternateName\":\"Noticias de la Industria Turistica\",\"potentialAction\":[{\"@type\":\"SearchAction\",\"target\":{\"@type\":\"EntryPoint\",\"urlTemplate\":\"https:\/\/nitu.mx\/?s={search_term_string}\"},\"query-input\":\"required name=search_term_string\"}],\"inLanguage\":\"es-MX\"},{\"@type\":[\"Person\",\"Organization\"],\"@id\":\"https:\/\/nitu.mx\/#\/schema\/person\/ae7a53426417292d3dd07b45a33e01bc\",\"name\":\"Arturo Medina\",\"image\":{\"@type\":\"ImageObject\",\"inLanguage\":\"es-MX\",\"@id\":\"https:\/\/nitu.mx\/#\/schema\/person\/image\/\",\"url\":\"https:\/\/nitu.mx\/wp-content\/uploads\/2024\/04\/4A315622-1904-4D5C-B022-878CDC840E04-90x90-1.jpeg\",\"contentUrl\":\"https:\/\/nitu.mx\/wp-content\/uploads\/2024\/04\/4A315622-1904-4D5C-B022-878CDC840E04-90x90-1.jpeg\",\"width\":90,\"height\":90,\"caption\":\"Arturo Medina\"},\"logo\":{\"@id\":\"https:\/\/nitu.mx\/#\/schema\/person\/image\/\"},\"description\":\"Director NITU.mx, Egresado de la Escuela de Periodismo Carlos Septi\u00e9n Garc\u00eda. Periodista y analista especializado en turismo desde hace 35 a\u00f1os, radicado en Canc\u00fan Q.Roo. arturo@nitu.mx\",\"sameAs\":[\"https:\/\/nitu.mx\",\"https:\/\/www.facebook.com\/NITUmx\/\",\"medinacancun\",\"https:\/\/twitter.com\/@Arturo_Medina_G\"]},{\"@type\":\"Person\",\"@id\":\"https:\/\/nitu.mx\/#\/schema\/person\/3df3082b5e46037e3f13614d28ee0b77\",\"name\":\"Guadalupe Sixto\",\"image\":{\"@type\":\"ImageObject\",\"inLanguage\":\"es-MX\",\"@id\":\"https:\/\/nitu.mx\/#\/schema\/person\/image\/\",\"url\":\"https:\/\/secure.gravatar.com\/avatar\/13914e1b0e1919e91f9539de4dc584c4?s=96&d=mm&r=g\",\"contentUrl\":\"https:\/\/secure.gravatar.com\/avatar\/13914e1b0e1919e91f9539de4dc584c4?s=96&d=mm&r=g\",\"caption\":\"Guadalupe Sixto\"},\"url\":\"https:\/\/nitu.mx\/index.php\/author\/gsixto\/\"}]}<\/script>\n<!-- \/ Yoast SEO plugin. -->","yoast_head_json":{"title":"Aerom\u00e9xico anuncia ruta directa Canc\u00fan a Sao Paulo - Nitu - Noticias de la Industria Turistica","robots":{"index":"index","follow":"follow","max-snippet":"max-snippet:-1","max-image-preview":"max-image-preview:large","max-video-preview":"max-video-preview:-1"},"canonical":"https:\/\/nitu.mx\/index.php\/2021\/08\/16\/aeromexico-anuncia-ruta-directa-cancun-a-sao-paulo\/","twitter_card":"summary_large_image","twitter_title":"Aerom\u00e9xico anuncia ruta directa Canc\u00fan a Sao Paulo - Nitu - Noticias de la Industria Turistica","twitter_description":"Aerom\u00e9xico anunci\u00f3 que operar\u00e1 una ruta directa entre Canc\u00fan y Sao Paulo, Brasil durante la temporada invernal, del 15 de diciembre de 2021 al 17 de abril de 2022. La ruta ser\u00e1 operada en aviones Boeing 787 Dreamliner con tres frecuencias semanales. Con esta ruta, Aerom\u00e9xico incrementa 43 por ciento su oferta de asientos al [&hellip;]","twitter_image":"https:\/\/nitu.mx\/wp-content\/uploads\/2020\/10\/Aeromexico-Cancun-Tijuana.jpg","twitter_creator":"@NITUmx","twitter_site":"@Arturo_Medina_G","twitter_misc":{"Escrito por":"Guadalupe Sixto","Tiempo de lectura":"2 minutos"},"schema":{"@context":"https:\/\/schema.org","@graph":[{"@type":"Article","@id":"https:\/\/nitu.mx\/index.php\/2021\/08\/16\/aeromexico-anuncia-ruta-directa-cancun-a-sao-paulo\/#article","isPartOf":{"@id":"https:\/\/nitu.mx\/index.php\/2021\/08\/16\/aeromexico-anuncia-ruta-directa-cancun-a-sao-paulo\/"},"author":{"name":"Guadalupe Sixto","@id":"https:\/\/nitu.mx\/#\/schema\/person\/3df3082b5e46037e3f13614d28ee0b77"},"headline":"Aerom\u00e9xico anuncia ruta directa Canc\u00fan a Sao Paulo","datePublished":"2021-08-16T16:48:25+00:00","dateModified":"2021-08-16T16:49:13+00:00","mainEntityOfPage":{"@id":"https:\/\/nitu.mx\/index.php\/2021\/08\/16\/aeromexico-anuncia-ruta-directa-cancun-a-sao-paulo\/"},"wordCount":336,"commentCount":0,"publisher":{"@id":"https:\/\/nitu.mx\/#\/schema\/person\/ae7a53426417292d3dd07b45a33e01bc"},"image":{"@id":"https:\/\/nitu.mx\/index.php\/2021\/08\/16\/aeromexico-anuncia-ruta-directa-cancun-a-sao-paulo\/#primaryimage"},"thumbnailUrl":"https:\/\/nitu.mx\/wp-content\/uploads\/2020\/10\/Aeromexico-Cancun-Tijuana.jpg","keywords":["Aerom\u00e9xico","Canc\u00fan","Carlos Joaqu\u00edn Gonz\u00e1lez","Giancarlo Mulinelli","Sao Paulo"],"articleSection":["Aerol\u00edneas"],"inLanguage":"es-MX","potentialAction":[{"@type":"CommentAction","name":"Comment","target":["https:\/\/nitu.mx\/index.php\/2021\/08\/16\/aeromexico-anuncia-ruta-directa-cancun-a-sao-paulo\/#respond"]}]},{"@type":"WebPage","@id":"https:\/\/nitu.mx\/index.php\/2021\/08\/16\/aeromexico-anuncia-ruta-directa-cancun-a-sao-paulo\/","url":"https:\/\/nitu.mx\/index.php\/2021\/08\/16\/aeromexico-anuncia-ruta-directa-cancun-a-sao-paulo\/","name":"Aerom\u00e9xico anuncia ruta directa Canc\u00fan a Sao Paulo - Nitu - Noticias de la Industria Turistica","isPartOf":{"@id":"https:\/\/nitu.mx\/#website"},"primaryImageOfPage":{"@id":"https:\/\/nitu.mx\/index.php\/2021\/08\/16\/aeromexico-anuncia-ruta-directa-cancun-a-sao-paulo\/#primaryimage"},"image":{"@id":"https:\/\/nitu.mx\/index.php\/2021\/08\/16\/aeromexico-anuncia-ruta-directa-cancun-a-sao-paulo\/#primaryimage"},"thumbnailUrl":"https:\/\/nitu.mx\/wp-content\/uploads\/2020\/10\/Aeromexico-Cancun-Tijuana.jpg","datePublished":"2021-08-16T16:48:25+00:00","dateModified":"2021-08-16T16:49:13+00:00","breadcrumb":{"@id":"https:\/\/nitu.mx\/index.php\/2021\/08\/16\/aeromexico-anuncia-ruta-directa-cancun-a-sao-paulo\/#breadcrumb"},"inLanguage":"es-MX","potentialAction":[{"@type":"ReadAction","target":["https:\/\/nitu.mx\/index.php\/2021\/08\/16\/aeromexico-anuncia-ruta-directa-cancun-a-sao-paulo\/"]}]},{"@type":"ImageObject","inLanguage":"es-MX","@id":"https:\/\/nitu.mx\/index.php\/2021\/08\/16\/aeromexico-anuncia-ruta-directa-cancun-a-sao-paulo\/#primaryimage","url":"https:\/\/nitu.mx\/wp-content\/uploads\/2020\/10\/Aeromexico-Cancun-Tijuana.jpg","contentUrl":"https:\/\/nitu.mx\/wp-content\/uploads\/2020\/10\/Aeromexico-Cancun-Tijuana.jpg","width":1200,"height":675,"caption":"Aerom\u00e9xico"},{"@type":"BreadcrumbList","@id":"https:\/\/nitu.mx\/index.php\/2021\/08\/16\/aeromexico-anuncia-ruta-directa-cancun-a-sao-paulo\/#breadcrumb","itemListElement":[{"@type":"ListItem","position":1,"name":"Inicio","item":"https:\/\/nitu.mx\/"},{"@type":"ListItem","position":2,"name":"Aerom\u00e9xico anuncia ruta directa Canc\u00fan a Sao Paulo"}]},{"@type":"WebSite","@id":"https:\/\/nitu.mx\/#website","url":"https:\/\/nitu.mx\/","name":"Nitu - Noticias de la Industria Turistica","description":"Noticias de la Industria Turistica","publisher":{"@id":"https:\/\/nitu.mx\/#\/schema\/person\/ae7a53426417292d3dd07b45a33e01bc"},"alternateName":"Noticias de la Industria Turistica","potentialAction":[{"@type":"SearchAction","target":{"@type":"EntryPoint","urlTemplate":"https:\/\/nitu.mx\/?s={search_term_string}"},"query-input":"required name=search_term_string"}],"inLanguage":"es-MX"},{"@type":["Person","Organization"],"@id":"https:\/\/nitu.mx\/#\/schema\/person\/ae7a53426417292d3dd07b45a33e01bc","name":"Arturo Medina","image":{"@type":"ImageObject","inLanguage":"es-MX","@id":"https:\/\/nitu.mx\/#\/schema\/person\/image\/","url":"https:\/\/nitu.mx\/wp-content\/uploads\/2024\/04\/4A315622-1904-4D5C-B022-878CDC840E04-90x90-1.jpeg","contentUrl":"https:\/\/nitu.mx\/wp-content\/uploads\/2024\/04\/4A315622-1904-4D5C-B022-878CDC840E04-90x90-1.jpeg","width":90,"height":90,"caption":"Arturo Medina"},"logo":{"@id":"https:\/\/nitu.mx\/#\/schema\/person\/image\/"},"description":"Director NITU.mx, Egresado de la Escuela de Periodismo Carlos Septi\u00e9n Garc\u00eda. Periodista y analista especializado en turismo desde hace 35 a\u00f1os, radicado en Canc\u00fan Q.Roo. arturo@nitu.mx","sameAs":["https:\/\/nitu.mx","https:\/\/www.facebook.com\/NITUmx\/","medinacancun","https:\/\/twitter.com\/@Arturo_Medina_G"]},{"@type":"Person","@id":"https:\/\/nitu.mx\/#\/schema\/person\/3df3082b5e46037e3f13614d28ee0b77","name":"Guadalupe Sixto","image":{"@type":"ImageObject","inLanguage":"es-MX","@id":"https:\/\/nitu.mx\/#\/schema\/person\/image\/","url":"https:\/\/secure.gravatar.com\/avatar\/13914e1b0e1919e91f9539de4dc584c4?s=96&d=mm&r=g","contentUrl":"https:\/\/secure.gravatar.com\/avatar\/13914e1b0e1919e91f9539de4dc584c4?s=96&d=mm&r=g","caption":"Guadalupe Sixto"},"url":"https:\/\/nitu.mx\/index.php\/author\/gsixto\/"}]}},"views":582,"_links":{"self":[{"href":"https:\/\/nitu.mx\/index.php\/wp-json\/wp\/v2\/posts\/54601"}],"collection":[{"href":"https:\/\/nitu.mx\/index.php\/wp-json\/wp\/v2\/posts"}],"about":[{"href":"https:\/\/nitu.mx\/index.php\/wp-json\/wp\/v2\/types\/post"}],"author":[{"embeddable":true,"href":"https:\/\/nitu.mx\/index.php\/wp-json\/wp\/v2\/users\/18"}],"replies":[{"embeddable":true,"href":"https:\/\/nitu.mx\/index.php\/wp-json\/wp\/v2\/comments?post=54601"}],"version-history":[{"count":4,"href":"https:\/\/nitu.mx\/index.php\/wp-json\/wp\/v2\/posts\/54601\/revisions"}],"predecessor-version":[{"id":54605,"href":"https:\/\/nitu.mx\/index.php\/wp-json\/wp\/v2\/posts\/54601\/revisions\/54605"}],"wp:featuredmedia":[{"embeddable":true,"href":"https:\/\/nitu.mx\/index.php\/wp-json\/wp\/v2\/media\/46863"}],"wp:attachment":[{"href":"https:\/\/nitu.mx\/index.php\/wp-json\/wp\/v2\/media?parent=54601"}],"wp:term":[{"taxonomy":"category","embeddable":true,"href":"https:\/\/nitu.mx\/index.php\/wp-json\/wp\/v2\/categories?post=54601"},{"taxonomy":"post_tag","embeddable":true,"href":"https:\/\/nitu.mx\/index.php\/wp-json\/wp\/v2\/tags?post=54601"}],"curies":[{"name":"wp","href":"https:\/\/api.w.org\/{rel}","templated":true}]}}